{"id":10334,"date":"2022-09-09T23:13:00","date_gmt":"2022-09-10T04:13:00","guid":{"rendered":"https:\/\/transformarqroo.com\/?p=10334"},"modified":"2022-09-11T23:18:46","modified_gmt":"2022-09-12T04:18:46","slug":"asiste-mara-lezama-a-vi-informe-de-gobierno-del-estado","status":"publish","type":"post","link":"https:\/\/transformarqroo.com\/index.php\/2022\/09\/09\/asiste-mara-lezama-a-vi-informe-de-gobierno-del-estado\/","title":{"rendered":"ASISTE MARA LEZAMA A VI INFORME DE GOBIERNO DEL ESTADO"},"content":{"rendered":"\t\t<div data-elementor-type=\"wp-post\" data-elementor-id=\"10334\" class=\"elementor elementor-10334\" data-elementor-post-type=\"post\">\n\t\t\t\t\t\t<section class=\"elementor-section elementor-top-section elementor-element elementor-element-29457f09 elementor-section-boxed elementor-section-height-default elementor-section-height-default\" data-id=\"29457f09\" data-element_type=\"section\">\n\t\t\t\t\t\t<div class=\"elementor-container elementor-column-gap-default\">\n\t\t\t\t\t<div class=\"elementor-column elementor-col-100 elementor-top-column elementor-element elementor-element-55bda627\" data-id=\"55bda627\" data-element_type=\"column\">\n\t\t\t<div class=\"elementor-widget-wrap elementor-element-populated\">\n\t\t\t\t\t\t<div class=\"elementor-element elementor-element-283c0c18 elementor-widget elementor-widget-premium-addon-banner\" data-id=\"283c0c18\" data-element_type=\"widget\" data-widget_type=\"premium-addon-banner.default\">\n\t\t\t\t<div class=\"elementor-widget-container\">\n\t\t\t\t\t<div class=\"premium-banner-ib premium-banner-min-height premium-banner-animation7 none\">\r\n\t\t\t\t\t\t\t<div class=\"premium-banner-border\">\r\n\t\t\t\t\t<div class=\"premium-banner-br premium-banner-bleft premium-banner-brlr\"><\/div>\r\n\t\t\t\t\t<div class=\"premium-banner-br premium-banner-bright premium-banner-brlr\"><\/div>\r\n\t\t\t\t\t<div class=\"premium-banner-br premium-banner-btop premium-banner-brtb\"><\/div>\r\n\t\t\t\t\t<div class=\"premium-banner-br premium-banner-bottom premium-banner-brtb\"><\/div>\r\n\t\t\t\t<\/div>\r\n\t\t\t\t\t\t\t\t\t\t\t\t\t\t\t<img fetchpriority=\"high\" decoding=\"async\" width=\"1024\" height=\"683\" src=\"https:\/\/transformarqroo.com\/wp-content\/uploads\/2022\/09\/BJ-09_09_22-F1-M2.jpg\" class=\"attachment-full size-full wp-image-10336\" alt=\"\" srcset=\"https:\/\/transformarqroo.com\/wp-content\/uploads\/2022\/09\/BJ-09_09_22-F1-M2.jpg 1024w, https:\/\/transformarqroo.com\/wp-content\/uploads\/2022\/09\/BJ-09_09_22-F1-M2-300x200.jpg 300w, https:\/\/transformarqroo.com\/wp-content\/uploads\/2022\/09\/BJ-09_09_22-F1-M2-768x512.jpg 768w\" sizes=\"(max-width: 1024px) 100vw, 1024px\" \/>\t\t\t\t\t\t\t\t\t\t<div class=\"premium-banner-ib-desc\">\r\n\t\t\t\t\t\t\t\t\t<div class=\"premium-banner-desc-centered\">\r\n\t\t\t\t\t\t\t\t\t<h3 class=\"premium-banner-ib-title premium_banner_title\"><\/h3>\t\t\t\t\t\t\t\t\t\t\t\t\t<\/div>\r\n\t\t\t\t\t\t\t<\/div>\r\n\t\t\t\t\t<\/div>\r\n\t\t\t\t\t\t<\/div>\n\t\t\t\t<\/div>\n\t\t\t\t\t<\/div>\n\t\t<\/div>\n\t\t\t\t\t<\/div>\n\t\t<\/section>\n\t\t\t\t<section class=\"elementor-section elementor-top-section elementor-element elementor-element-2a4fd831 elementor-section-boxed elementor-section-height-default elementor-section-height-default\" data-id=\"2a4fd831\" data-element_type=\"section\">\n\t\t\t\t\t\t<div class=\"elementor-container elementor-column-gap-default\">\n\t\t\t\t\t<div class=\"elementor-column elementor-col-100 elementor-top-column elementor-element elementor-element-10920f1c\" data-id=\"10920f1c\" data-element_type=\"column\">\n\t\t\t<div class=\"elementor-widget-wrap elementor-element-populated\">\n\t\t\t\t\t\t<div class=\"elementor-element elementor-element-43aa972c elementor-widget elementor-widget-text-editor\" data-id=\"43aa972c\" data-element_type=\"widget\" data-widget_type=\"text-editor.default\">\n\t\t\t\t<div class=\"elementor-widget-container\">\n\t\t\t\t\t\t\t<p><span style=\"font-weight: 400;\">Chetumal, Quintana Roo a 09 de septiembre de 2022.- La gobernadora electa de Quintana Roo, Mara Lezama afirm\u00f3 que solo trabajando de la mano todas y todos, Quintana Roo podr\u00e1 avanzar hacia un desarrollo m\u00e1s pr\u00f3spero, igualitario y en paz.\u00a0<\/span><\/p><p>\u00a0<\/p><p><span style=\"font-weight: 400;\">Al asistir al VI y \u00faltimo informe de gobierno del jefe del ejecutivo estatal, Carlos Joaqu\u00edn Gonz\u00e1lez, destac\u00f3 la transici\u00f3n que se vive en la entrega de la administraci\u00f3n p\u00fablica estatal en un marco de respeto, trabajo y di\u00e1logo.\u00a0<\/span><\/p><p>\u00a0<\/p><p><span style=\"font-weight: 400;\">\u201cSiempre trabajando de la mano avanzamos a favor de las y los ciudadanos\u201d dijo en entrevista al concluir la sesi\u00f3n solemne de la XVII Legislatura con motivo de la entrega de la glosa que guarda el estado de la administraci\u00f3n estatal que concluye.<\/span><\/p><p><span style=\"font-weight: 400;\">\u00a0<\/span><\/p><p><span style=\"font-weight: 400;\">Mara Lezama afirm\u00f3 que en su gobierno mantendr\u00e1 su pol\u00edtica de trabajo 24\/7, siempre abierta a los debates y a escuchar a las y los quintanarroenses desde todos los espacios y foros.<\/span><\/p><p>\u00a0<\/p><p><span style=\"font-weight: 400;\">Creo en el di\u00e1logo, sobre todo en momentos tan complicados, como una pandemia y ahora los efectos de una postpandemia; por eso, vamos a trabajar fuertemente para acortar las brechas de desigualdad, para poner en el centro de las decisiones a los seres humanos, para abrir m\u00e1s espacios a las mujeres con las qu\u00e9 hay una deuda social, \u201chace a\u00f1os era impensable que una mujer gobernara\u201d puntualiz\u00f3.<\/span><\/p><p>\u00a0<\/p><p><span style=\"font-weight: 400;\">Por su parte el gobernador, Carlos Joaqu\u00edn, al rendir su mensaje desde la m\u00e1xima tribuna legislativa, dese\u00f3 el mayor de los \u00e9xitos a la gobernadora electa, Mara Lezama.<\/span><\/p><p>\u00a0<\/p><p><span style=\"font-weight: 400;\">\u201cA mi sucesora, la gobernadora electa Mara Lezama con quien en el marco de la m\u00e1s amplia democracia y de civilidad republicana, hemos estado trabajando de la mano con el objetivo de generar una transici\u00f3n m\u00e1s eficiente, y transparente. Le deseo el mayor de los \u00e9xitos en su gesti\u00f3n, porque se d\u00e9 su capacidad y amor a Quintana Roo\u201d expuso.<\/span><\/p><p>\u00a0<\/p><p><span style=\"font-weight: 400;\">Posterior a la entrega del VI informe al legislativo, acompa\u00f1\u00f3 al gobernador, Carlos Joaqu\u00edn al Centro de Convenciones de Chetumal donde emiti\u00f3 un mensaje a los quintanarroenses.<\/span><\/p><p>\u00a0<\/p><p><span style=\"font-weight: 400;\">A este evento asistieron, legisladores federales, diputados locales, gobernadores y exgobernadores, empresarios y representantes de otros sectores sociales.<\/span><\/p>\t\t\t\t\t\t<\/div>\n\t\t\t\t<\/div>\n\t\t\t\t\t<\/div>\n\t\t<\/div>\n\t\t\t\t\t<\/div>\n\t\t<\/section>\n\t\t\t\t<section class=\"elementor-section elementor-top-section elementor-element elementor-element-1ce560dd elementor-section-boxed elementor-section-height-default elementor-section-height-default\" data-id=\"1ce560dd\" data-element_type=\"section\">\n\t\t\t\t\t\t<div class=\"elementor-container elementor-column-gap-default\">\n\t\t\t\t\t<div class=\"elementor-column elementor-col-100 elementor-top-column elementor-element elementor-element-77db9caa\" data-id=\"77db9caa\" data-element_type=\"column\">\n\t\t\t<div class=\"elementor-widget-wrap elementor-element-populated\">\n\t\t\t\t\t\t<div class=\"elementor-element elementor-element-6effd623 elementor-widget elementor-widget-gallery\" data-id=\"6effd623\" data-element_type=\"widget\" data-settings=\"{&quot;gallery_layout&quot;:&quot;justified&quot;,&quot;lazyload&quot;:&quot;yes&quot;,&quot;ideal_row_height&quot;:{&quot;unit&quot;:&quot;px&quot;,&quot;size&quot;:200,&quot;sizes&quot;:[]},&quot;ideal_row_height_tablet&quot;:{&quot;unit&quot;:&quot;px&quot;,&quot;size&quot;:150,&quot;sizes&quot;:[]},&quot;ideal_row_height_mobile&quot;:{&quot;unit&quot;:&quot;px&quot;,&quot;size&quot;:150,&quot;sizes&quot;:[]},&quot;gap&quot;:{&quot;unit&quot;:&quot;px&quot;,&quot;size&quot;:10,&quot;sizes&quot;:[]},&quot;gap_tablet&quot;:{&quot;unit&quot;:&quot;px&quot;,&quot;size&quot;:10,&quot;sizes&quot;:[]},&quot;gap_mobile&quot;:{&quot;unit&quot;:&quot;px&quot;,&quot;size&quot;:10,&quot;sizes&quot;:[]},&quot;link_to&quot;:&quot;file&quot;,&quot;overlay_background&quot;:&quot;yes&quot;,&quot;content_hover_animation&quot;:&quot;fade-in&quot;}\" data-widget_type=\"gallery.default\">\n\t\t\t\t<div class=\"elementor-widget-container\">\n\t\t\t\t\t<div class=\"elementor-gallery__container\">\n\t\t\t\t\t\t\t<a class=\"e-gallery-item elementor-gallery-item elementor-animated-content\" href=\"https:\/\/transformarqroo.com\/wp-content\/uploads\/2022\/09\/BJ-09_09_22-F1-M1.jpg\" data-elementor-open-lightbox=\"yes\" data-elementor-lightbox-slideshow=\"6effd623\" data-elementor-lightbox-title=\"BJ 09_09_22 F1 (M)(1)\" data-e-action-hash=\"#elementor-action%3Aaction%3Dlightbox%26settings%3DeyJpZCI6MTAzMzUsInVybCI6Imh0dHBzOlwvXC90cmFuc2Zvcm1hcnFyb28uY29tXC93cC1jb250ZW50XC91cGxvYWRzXC8yMDIyXC8wOVwvQkotMDlfMDlfMjItRjEtTTEuanBnIiwic2xpZGVzaG93IjoiNmVmZmQ2MjMifQ%3D%3D\">\n\t\t\t\t\t<div class=\"e-gallery-image elementor-gallery-item__image\" data-thumbnail=\"https:\/\/transformarqroo.com\/wp-content\/uploads\/2022\/09\/BJ-09_09_22-F1-M1.jpg\" data-width=\"1280\" data-height=\"811\" aria-label=\"\" role=\"img\" ><\/div>\n\t\t\t\t\t\t\t\t\t\t\t<div class=\"elementor-gallery-item__overlay\"><\/div>\n\t\t\t\t\t\t\t\t\t\t\t\t\t\t<\/a>\n\t\t\t\t\t\t\t<a class=\"e-gallery-item elementor-gallery-item elementor-animated-content\" href=\"https:\/\/transformarqroo.com\/wp-content\/uploads\/2022\/09\/BJ-09_09_22-F1-M2.jpg\" data-elementor-open-lightbox=\"yes\" data-elementor-lightbox-slideshow=\"6effd623\" data-elementor-lightbox-title=\"BJ 09_09_22 F1 (M)(2)\" data-e-action-hash=\"#elementor-action%3Aaction%3Dlightbox%26settings%3DeyJpZCI6MTAzMzYsInVybCI6Imh0dHBzOlwvXC90cmFuc2Zvcm1hcnFyb28uY29tXC93cC1jb250ZW50XC91cGxvYWRzXC8yMDIyXC8wOVwvQkotMDlfMDlfMjItRjEtTTIuanBnIiwic2xpZGVzaG93IjoiNmVmZmQ2MjMifQ%3D%3D\">\n\t\t\t\t\t<div class=\"e-gallery-image elementor-gallery-item__image\" data-thumbnail=\"https:\/\/transformarqroo.com\/wp-content\/uploads\/2022\/09\/BJ-09_09_22-F1-M2.jpg\" data-width=\"1024\" data-height=\"683\" aria-label=\"\" role=\"img\" ><\/div>\n\t\t\t\t\t\t\t\t\t\t\t<div class=\"elementor-gallery-item__overlay\"><\/div>\n\t\t\t\t\t\t\t\t\t\t\t\t\t\t<\/a>\n\t\t\t\t\t\t\t<a class=\"e-gallery-item elementor-gallery-item elementor-animated-content\" href=\"https:\/\/transformarqroo.com\/wp-content\/uploads\/2022\/09\/BJ-09_09_22-F1-M.jpg\" data-elementor-open-lightbox=\"yes\" data-elementor-lightbox-slideshow=\"6effd623\" data-elementor-lightbox-title=\"BJ 09_09_22 F1 (M)\" data-e-action-hash=\"#elementor-action%3Aaction%3Dlightbox%26settings%3DeyJpZCI6MTAzMzcsInVybCI6Imh0dHBzOlwvXC90cmFuc2Zvcm1hcnFyb28uY29tXC93cC1jb250ZW50XC91cGxvYWRzXC8yMDIyXC8wOVwvQkotMDlfMDlfMjItRjEtTS5qcGciLCJzbGlkZXNob3ciOiI2ZWZmZDYyMyJ9\">\n\t\t\t\t\t<div class=\"e-gallery-image elementor-gallery-item__image\" data-thumbnail=\"https:\/\/transformarqroo.com\/wp-content\/uploads\/2022\/09\/BJ-09_09_22-F1-M.jpg\" data-width=\"1280\" data-height=\"853\" aria-label=\"\" role=\"img\" ><\/div>\n\t\t\t\t\t\t\t\t\t\t\t<div class=\"elementor-gallery-item__overlay\"><\/div>\n\t\t\t\t\t\t\t\t\t\t\t\t\t\t<\/a>\n\t\t\t\t\t<\/div>\n\t\t\t<\/div>\n\t\t\t\t<\/div>\n\t\t\t\t\t<\/div>\n\t\t<\/div>\n\t\t\t\t\t<\/div>\n\t\t<\/section>\n\t\t\t\t<\/div>\n\t\t","protected":false},"excerpt":{"rendered":"<p>Chetumal, Quintana Roo a 09 de septiembre de 2022.- La gobernadora electa de Quintana Roo, Mara Lezama afirm\u00f3 que solo trabajando de la mano todas y todos, Quintana Roo podr\u00e1 avanzar hacia un desarrollo m\u00e1s pr\u00f3spero, igualitario y en paz.\u00a0 \u00a0 Al asistir al VI y \u00faltimo informe de gobierno del jefe del ejecutivo estatal, [&hellip;]<\/p>\n","protected":false},"author":1,"featured_media":10336,"comment_status":"closed","ping_status":"closed","sticky":false,"template":"","format":"standard","meta":{"_FSMCFIC_featured_image_caption":"","_FSMCFIC_featured_image_nocaption":"","_FSMCFIC_featured_image_hide":"1","footnotes":""},"categories":[32,28],"tags":[39,12],"class_list":["post-10334","post","type-post","status-publish","format-standard","has-post-thumbnail","hentry","category-municipios","category-othon-pompeyo-blanco","tag-carlos-joaquin-gonzalez","tag-mara-lezama"],"aioseo_notices":[],"_links":{"self":[{"href":"https:\/\/transformarqroo.com\/index.php\/wp-json\/wp\/v2\/posts\/10334","targetHints":{"allow":["GET"]}}],"collection":[{"href":"https:\/\/transformarqroo.com\/index.php\/wp-json\/wp\/v2\/posts"}],"about":[{"href":"https:\/\/transformarqroo.com\/index.php\/wp-json\/wp\/v2\/types\/post"}],"author":[{"embeddable":true,"href":"https:\/\/transformarqroo.com\/index.php\/wp-json\/wp\/v2\/users\/1"}],"replies":[{"embeddable":true,"href":"https:\/\/transformarqroo.com\/index.php\/wp-json\/wp\/v2\/comments?post=10334"}],"version-history":[{"count":4,"href":"https:\/\/transformarqroo.com\/index.php\/wp-json\/wp\/v2\/posts\/10334\/revisions"}],"predecessor-version":[{"id":10341,"href":"https:\/\/transformarqroo.com\/index.php\/wp-json\/wp\/v2\/posts\/10334\/revisions\/10341"}],"wp:featuredmedia":[{"embeddable":true,"href":"https:\/\/transformarqroo.com\/index.php\/wp-json\/wp\/v2\/media\/10336"}],"wp:attachment":[{"href":"https:\/\/transformarqroo.com\/index.php\/wp-json\/wp\/v2\/media?parent=10334"}],"wp:term":[{"taxonomy":"category","embeddable":true,"href":"https:\/\/transformarqroo.com\/index.php\/wp-json\/wp\/v2\/categories?post=10334"},{"taxonomy":"post_tag","embeddable":true,"href":"https:\/\/transformarqroo.com\/index.php\/wp-json\/wp\/v2\/tags?post=10334"}],"curies":[{"name":"wp","href":"https:\/\/api.w.org\/{rel}","templated":true}]}}