{"id":10694,"date":"2022-09-16T14:55:00","date_gmt":"2022-09-16T19:55:00","guid":{"rendered":"https:\/\/transformarqroo.com\/?p=10694"},"modified":"2022-09-19T14:59:02","modified_gmt":"2022-09-19T19:59:02","slug":"lili-campos-refuerza-valores-patrios-con-desfile-conmemorativo","status":"publish","type":"post","link":"https:\/\/transformarqroo.com\/index.php\/2022\/09\/16\/lili-campos-refuerza-valores-patrios-con-desfile-conmemorativo\/","title":{"rendered":"LILI CAMPOS REFUERZA VALORES PATRIOS CON DESFILE CONMEMORATIVO"},"content":{"rendered":"\t\t<div data-elementor-type=\"wp-post\" data-elementor-id=\"10694\" class=\"elementor elementor-10694\" data-elementor-post-type=\"post\">\n\t\t\t\t\t\t<section class=\"elementor-section elementor-top-section elementor-element elementor-element-101f3e2 elementor-section-boxed elementor-section-height-default elementor-section-height-default\" data-id=\"101f3e2\" data-element_type=\"section\">\n\t\t\t\t\t\t<div class=\"elementor-container elementor-column-gap-default\">\n\t\t\t\t\t<div class=\"elementor-column elementor-col-100 elementor-top-column elementor-element elementor-element-32d812df\" data-id=\"32d812df\" data-element_type=\"column\">\n\t\t\t<div class=\"elementor-widget-wrap elementor-element-populated\">\n\t\t\t\t\t\t<div class=\"elementor-element elementor-element-58536d5f elementor-widget elementor-widget-premium-addon-banner\" data-id=\"58536d5f\" data-element_type=\"widget\" data-widget_type=\"premium-addon-banner.default\">\n\t\t\t\t<div class=\"elementor-widget-container\">\n\t\t\t\t\t<div class=\"premium-banner-ib premium-banner-min-height premium-banner-animation7 none\">\r\n\t\t\t\t\t\t\t<div class=\"premium-banner-border\">\r\n\t\t\t\t\t<div class=\"premium-banner-br premium-banner-bleft premium-banner-brlr\"><\/div>\r\n\t\t\t\t\t<div class=\"premium-banner-br premium-banner-bright premium-banner-brlr\"><\/div>\r\n\t\t\t\t\t<div class=\"premium-banner-br premium-banner-btop premium-banner-brtb\"><\/div>\r\n\t\t\t\t\t<div class=\"premium-banner-br premium-banner-bottom premium-banner-brtb\"><\/div>\r\n\t\t\t\t<\/div>\r\n\t\t\t\t\t\t\t\t\t\t\t\t\t\t\t<img fetchpriority=\"high\" decoding=\"async\" width=\"1280\" height=\"853\" src=\"https:\/\/transformarqroo.com\/wp-content\/uploads\/2022\/09\/Solidaridad-16_09_22-F15.jpg\" class=\"attachment-full size-full wp-image-10700\" alt=\"\" srcset=\"https:\/\/transformarqroo.com\/wp-content\/uploads\/2022\/09\/Solidaridad-16_09_22-F15.jpg 1280w, https:\/\/transformarqroo.com\/wp-content\/uploads\/2022\/09\/Solidaridad-16_09_22-F15-300x200.jpg 300w, https:\/\/transformarqroo.com\/wp-content\/uploads\/2022\/09\/Solidaridad-16_09_22-F15-1024x682.jpg 1024w, https:\/\/transformarqroo.com\/wp-content\/uploads\/2022\/09\/Solidaridad-16_09_22-F15-768x512.jpg 768w\" sizes=\"(max-width: 1280px) 100vw, 1280px\" \/>\t\t\t\t\t\t\t\t\t\t<div class=\"premium-banner-ib-desc\">\r\n\t\t\t\t\t\t\t\t\t<div class=\"premium-banner-desc-centered\">\r\n\t\t\t\t\t\t\t\t\t<h3 class=\"premium-banner-ib-title premium_banner_title\"><\/h3>\t\t\t\t\t\t\t\t\t\t\t\t\t<\/div>\r\n\t\t\t\t\t\t\t<\/div>\r\n\t\t\t\t\t<\/div>\r\n\t\t\t\t\t\t<\/div>\n\t\t\t\t<\/div>\n\t\t\t\t\t<\/div>\n\t\t<\/div>\n\t\t\t\t\t<\/div>\n\t\t<\/section>\n\t\t\t\t<section class=\"elementor-section elementor-top-section elementor-element elementor-element-38fb27aa elementor-section-boxed elementor-section-height-default elementor-section-height-default\" data-id=\"38fb27aa\" data-element_type=\"section\" data-settings=\"{&quot;background_background&quot;:&quot;classic&quot;}\">\n\t\t\t\t\t\t<div class=\"elementor-container elementor-column-gap-default\">\n\t\t\t\t\t<div class=\"elementor-column elementor-col-100 elementor-top-column elementor-element elementor-element-644b9eb7\" data-id=\"644b9eb7\" data-element_type=\"column\">\n\t\t\t<div class=\"elementor-widget-wrap elementor-element-populated\">\n\t\t\t\t\t\t<div class=\"elementor-element elementor-element-4adb3c18 premium-title-icon-row premium-title-color elementor-widget elementor-widget-premium-addon-title\" data-id=\"4adb3c18\" data-element_type=\"widget\" data-widget_type=\"premium-addon-title.default\">\n\t\t\t\t<div class=\"elementor-widget-container\">\n\t\t\t\r\n\t\t<div class=\"premium-title-container style2\">\r\n\t\t\t<h5 class=\"premium-title-header premium-title-style2\">\r\n\t\t\t\t\r\n\t\t\t\t\t\t\t\t\t\t\t\t\t\t\t<div class=\"premium-title-icon premium-lottie-animation\" data-lottie-url=\"https:\/\/assets8.lottiefiles.com\/packages\/lf20_pcfclxy8.json\" data-lottie-loop=\"true\" data-lottie-reverse=\"\"><\/div>\r\n\t\t\t\t\t\t\t\t\t\r\n\t\t\t\t\t\t\t\t\t\t\t\t<span class=\"premium-title-text\" >\r\n\t\t\t\t\tAcompa\u00f1ada de familias y visitantes solidarenses, la presidenta municipal presencia el paso de los contigentes.\t\t\t\t<\/span>\r\n\t\t\t\t\t\r\n\t\t\t\t\t\t\t\t\t\t\t<\/h5>\r\n\t\t<\/div>\r\n\r\n\t\t\t\t<\/div>\n\t\t\t\t<\/div>\n\t\t\t\t\t<\/div>\n\t\t<\/div>\n\t\t\t\t\t<\/div>\n\t\t<\/section>\n\t\t\t\t<section class=\"elementor-section elementor-top-section elementor-element elementor-element-5eb38b90 elementor-section-boxed elementor-section-height-default elementor-section-height-default\" data-id=\"5eb38b90\" data-element_type=\"section\">\n\t\t\t\t\t\t<div class=\"elementor-container elementor-column-gap-default\">\n\t\t\t\t\t<div class=\"elementor-column elementor-col-100 elementor-top-column elementor-element elementor-element-6245cde7\" data-id=\"6245cde7\" data-element_type=\"column\">\n\t\t\t<div class=\"elementor-widget-wrap elementor-element-populated\">\n\t\t\t\t\t\t<div class=\"elementor-element elementor-element-276bbf0e elementor-widget elementor-widget-text-editor\" data-id=\"276bbf0e\" data-element_type=\"widget\" data-widget_type=\"text-editor.default\">\n\t\t\t\t<div class=\"elementor-widget-container\">\n\t\t\t\t\t\t\t<p><span style=\"font-weight: 400;\">Playa del Carmen, Solidaridad, 16 de septiembre de 2022.- Con el desfile c\u00edvico militar, presenciado por la presidenta Lili Campos, continuaron las celebraciones de las Fiestas Patrias 2022. Autoridades municipales, militares y cientos de solidarenses acompa\u00f1aron a la edil durante este desfile por el CCXII Aniversario de la Independencia de M\u00e9xico.<\/span><\/p><p>\u00a0<\/p><p><span style=\"font-weight: 400;\">Lili Campos resalt\u00f3 \u201cque sentir amor a la patria es saber que amas a tu familia, que sientes el orgullo de ser mexicano, que est\u00e1s solidario con la gente, que amas a tu pueblo\u201d. Destac\u00f3 que en Solidaridad la gente ama a su patria.<\/span><\/p><p>\u00a0<\/p><p><span style=\"font-weight: 400;\">Por su parte, el secretario de Seguridad P\u00fablica Municipal, Ra\u00fal Tassinari, inform\u00f3 que desfilaron un total de dos mil 623 personas, entre ellos, 288 polic\u00edas y 75 veh\u00edculos de la Secretar\u00eda de Seguridad P\u00fablica y Tr\u00e1nsito Municipal. De parte de la Secretar\u00eda de la Defensa Nacional: 35 elementos y cinco camionetas. Por parte de las instituciones educativas 24 contingentes entre primarias, secundarias, bachillerato y universidades.\u00a0<\/span><\/p><p>\u00a0<\/p><p><span style=\"font-weight: 400;\">Tambi\u00e9n participaron asociaciones, agrupaciones, colaboradores del Sindicato \u00danico del Trabajo al Servicio del Ayuntamiento de Solidaridad, elementos del Heroico Cuerpo de Bomberos y de distintas direcciones del Ayuntamiento de Solidaridad.<\/span><\/p><p>\u00a0<\/p><p><span style=\"font-weight: 400;\">En el evento estuvieron presentes el Coronel de Infanter\u00eda D.E.M. Samuel Javier Carre\u00f1o, comandante del 64\u00b0 Batall\u00f3n Infanter\u00eda; Comisario General Alberto Rom\u00e1n Gonz\u00e1lez Fern\u00e1ndez, Coordinador Estatal en Quintana Roo de la Guardia Nacional; Inspector Jefe Rodolfo Reyes Galindo, Coordinador Regional de la Guardia Nacional Solidaridad; I.G. Jos\u00e9 Hern\u00e1ndez Dami\u00e1n Mart\u00ednez, titular de la Coordinaci\u00f3n del Batall\u00f3n de Seguridad en Carretera e Instalaciones Quintana Roo; Ing. Naval Daniel Antonio Mass Michel, Capit\u00e1n de Puerto de Playa del Carmen; Contraalmirante C.G. D.E.M. Enrique Arturo Ponce de Le\u00f3n Castro, Sector Naval Cozumel, Marina &#8211; Armada de M\u00e9xico; Mar\u00eda Jos\u00e9 Osorio, diputada local y autoridades municipales locales.<\/span><\/p>\t\t\t\t\t\t<\/div>\n\t\t\t\t<\/div>\n\t\t\t\t\t<\/div>\n\t\t<\/div>\n\t\t\t\t\t<\/div>\n\t\t<\/section>\n\t\t\t\t<section class=\"elementor-section elementor-top-section elementor-element elementor-element-4e07bd81 elementor-section-boxed elementor-section-height-default elementor-section-height-default\" data-id=\"4e07bd81\" data-element_type=\"section\">\n\t\t\t\t\t\t<div class=\"elementor-container elementor-column-gap-default\">\n\t\t\t\t\t<div class=\"elementor-column elementor-col-100 elementor-top-column elementor-element elementor-element-1d7df5bf\" data-id=\"1d7df5bf\" data-element_type=\"column\">\n\t\t\t<div class=\"elementor-widget-wrap elementor-element-populated\">\n\t\t\t\t\t\t<div class=\"elementor-element elementor-element-6e2ea152 elementor-widget elementor-widget-gallery\" data-id=\"6e2ea152\" data-element_type=\"widget\" data-settings=\"{&quot;gallery_layout&quot;:&quot;justified&quot;,&quot;lazyload&quot;:&quot;yes&quot;,&quot;ideal_row_height&quot;:{&quot;unit&quot;:&quot;px&quot;,&quot;size&quot;:200,&quot;sizes&quot;:[]},&quot;ideal_row_height_tablet&quot;:{&quot;unit&quot;:&quot;px&quot;,&quot;size&quot;:150,&quot;sizes&quot;:[]},&quot;ideal_row_height_mobile&quot;:{&quot;unit&quot;:&quot;px&quot;,&quot;size&quot;:150,&quot;sizes&quot;:[]},&quot;gap&quot;:{&quot;unit&quot;:&quot;px&quot;,&quot;size&quot;:10,&quot;sizes&quot;:[]},&quot;gap_tablet&quot;:{&quot;unit&quot;:&quot;px&quot;,&quot;size&quot;:10,&quot;sizes&quot;:[]},&quot;gap_mobile&quot;:{&quot;unit&quot;:&quot;px&quot;,&quot;size&quot;:10,&quot;sizes&quot;:[]},&quot;link_to&quot;:&quot;file&quot;,&quot;overlay_background&quot;:&quot;yes&quot;,&quot;content_hover_animation&quot;:&quot;fade-in&quot;}\" data-widget_type=\"gallery.default\">\n\t\t\t\t<div class=\"elementor-widget-container\">\n\t\t\t\t\t<div class=\"elementor-gallery__container\">\n\t\t\t\t\t\t\t<a class=\"e-gallery-item elementor-gallery-item elementor-animated-content\" href=\"https:\/\/transformarqroo.com\/wp-content\/uploads\/2022\/09\/Solidaridad-16_09_22-F1.jpg\" data-elementor-open-lightbox=\"yes\" data-elementor-lightbox-slideshow=\"6e2ea152\" data-elementor-lightbox-title=\"Solidaridad 16_09_22 F1\" data-e-action-hash=\"#elementor-action%3Aaction%3Dlightbox%26settings%3DeyJpZCI6MTA2OTUsInVybCI6Imh0dHBzOlwvXC90cmFuc2Zvcm1hcnFyb28uY29tXC93cC1jb250ZW50XC91cGxvYWRzXC8yMDIyXC8wOVwvU29saWRhcmlkYWQtMTZfMDlfMjItRjEuanBnIiwic2xpZGVzaG93IjoiNmUyZWExNTIifQ%3D%3D\">\n\t\t\t\t\t<div class=\"e-gallery-image elementor-gallery-item__image\" data-thumbnail=\"https:\/\/transformarqroo.com\/wp-content\/uploads\/2022\/09\/Solidaridad-16_09_22-F1.jpg\" data-width=\"1280\" data-height=\"853\" aria-label=\"\" role=\"img\" ><\/div>\n\t\t\t\t\t\t\t\t\t\t\t<div class=\"elementor-gallery-item__overlay\"><\/div>\n\t\t\t\t\t\t\t\t\t\t\t\t\t\t<\/a>\n\t\t\t\t\t\t\t<a class=\"e-gallery-item elementor-gallery-item elementor-animated-content\" href=\"https:\/\/transformarqroo.com\/wp-content\/uploads\/2022\/09\/Solidaridad-16_09_22-F11.jpg\" data-elementor-open-lightbox=\"yes\" data-elementor-lightbox-slideshow=\"6e2ea152\" data-elementor-lightbox-title=\"Solidaridad 16_09_22 F1(1)\" data-e-action-hash=\"#elementor-action%3Aaction%3Dlightbox%26settings%3DeyJpZCI6MTA2OTYsInVybCI6Imh0dHBzOlwvXC90cmFuc2Zvcm1hcnFyb28uY29tXC93cC1jb250ZW50XC91cGxvYWRzXC8yMDIyXC8wOVwvU29saWRhcmlkYWQtMTZfMDlfMjItRjExLmpwZyIsInNsaWRlc2hvdyI6IjZlMmVhMTUyIn0%3D\">\n\t\t\t\t\t<div class=\"e-gallery-image elementor-gallery-item__image\" data-thumbnail=\"https:\/\/transformarqroo.com\/wp-content\/uploads\/2022\/09\/Solidaridad-16_09_22-F11.jpg\" data-width=\"1280\" data-height=\"631\" aria-label=\"\" role=\"img\" ><\/div>\n\t\t\t\t\t\t\t\t\t\t\t<div class=\"elementor-gallery-item__overlay\"><\/div>\n\t\t\t\t\t\t\t\t\t\t\t\t\t\t<\/a>\n\t\t\t\t\t\t\t<a class=\"e-gallery-item elementor-gallery-item elementor-animated-content\" href=\"https:\/\/transformarqroo.com\/wp-content\/uploads\/2022\/09\/Solidaridad-16_09_22-F12.jpg\" data-elementor-open-lightbox=\"yes\" data-elementor-lightbox-slideshow=\"6e2ea152\" data-elementor-lightbox-title=\"Solidaridad 16_09_22 F1(2)\" data-e-action-hash=\"#elementor-action%3Aaction%3Dlightbox%26settings%3DeyJpZCI6MTA2OTcsInVybCI6Imh0dHBzOlwvXC90cmFuc2Zvcm1hcnFyb28uY29tXC93cC1jb250ZW50XC91cGxvYWRzXC8yMDIyXC8wOVwvU29saWRhcmlkYWQtMTZfMDlfMjItRjEyLmpwZyIsInNsaWRlc2hvdyI6IjZlMmVhMTUyIn0%3D\">\n\t\t\t\t\t<div class=\"e-gallery-image elementor-gallery-item__image\" data-thumbnail=\"https:\/\/transformarqroo.com\/wp-content\/uploads\/2022\/09\/Solidaridad-16_09_22-F12.jpg\" data-width=\"1280\" data-height=\"910\" aria-label=\"\" role=\"img\" ><\/div>\n\t\t\t\t\t\t\t\t\t\t\t<div class=\"elementor-gallery-item__overlay\"><\/div>\n\t\t\t\t\t\t\t\t\t\t\t\t\t\t<\/a>\n\t\t\t\t\t\t\t<a class=\"e-gallery-item elementor-gallery-item elementor-animated-content\" href=\"https:\/\/transformarqroo.com\/wp-content\/uploads\/2022\/09\/Solidaridad-16_09_22-F13.jpg\" data-elementor-open-lightbox=\"yes\" data-elementor-lightbox-slideshow=\"6e2ea152\" data-elementor-lightbox-title=\"Solidaridad 16_09_22 F1(3)\" data-e-action-hash=\"#elementor-action%3Aaction%3Dlightbox%26settings%3DeyJpZCI6MTA2OTgsInVybCI6Imh0dHBzOlwvXC90cmFuc2Zvcm1hcnFyb28uY29tXC93cC1jb250ZW50XC91cGxvYWRzXC8yMDIyXC8wOVwvU29saWRhcmlkYWQtMTZfMDlfMjItRjEzLmpwZyIsInNsaWRlc2hvdyI6IjZlMmVhMTUyIn0%3D\">\n\t\t\t\t\t<div class=\"e-gallery-image elementor-gallery-item__image\" data-thumbnail=\"https:\/\/transformarqroo.com\/wp-content\/uploads\/2022\/09\/Solidaridad-16_09_22-F13.jpg\" data-width=\"1280\" data-height=\"863\" aria-label=\"\" role=\"img\" ><\/div>\n\t\t\t\t\t\t\t\t\t\t\t<div class=\"elementor-gallery-item__overlay\"><\/div>\n\t\t\t\t\t\t\t\t\t\t\t\t\t\t<\/a>\n\t\t\t\t\t\t\t<a class=\"e-gallery-item elementor-gallery-item elementor-animated-content\" href=\"https:\/\/transformarqroo.com\/wp-content\/uploads\/2022\/09\/Solidaridad-16_09_22-F14.jpg\" data-elementor-open-lightbox=\"yes\" data-elementor-lightbox-slideshow=\"6e2ea152\" data-elementor-lightbox-title=\"Solidaridad 16_09_22 F1(4)\" data-e-action-hash=\"#elementor-action%3Aaction%3Dlightbox%26settings%3DeyJpZCI6MTA2OTksInVybCI6Imh0dHBzOlwvXC90cmFuc2Zvcm1hcnFyb28uY29tXC93cC1jb250ZW50XC91cGxvYWRzXC8yMDIyXC8wOVwvU29saWRhcmlkYWQtMTZfMDlfMjItRjE0LmpwZyIsInNsaWRlc2hvdyI6IjZlMmVhMTUyIn0%3D\">\n\t\t\t\t\t<div class=\"e-gallery-image elementor-gallery-item__image\" data-thumbnail=\"https:\/\/transformarqroo.com\/wp-content\/uploads\/2022\/09\/Solidaridad-16_09_22-F14.jpg\" data-width=\"1280\" data-height=\"903\" aria-label=\"\" role=\"img\" ><\/div>\n\t\t\t\t\t\t\t\t\t\t\t<div class=\"elementor-gallery-item__overlay\"><\/div>\n\t\t\t\t\t\t\t\t\t\t\t\t\t\t<\/a>\n\t\t\t\t\t\t\t<a class=\"e-gallery-item elementor-gallery-item elementor-animated-content\" href=\"https:\/\/transformarqroo.com\/wp-content\/uploads\/2022\/09\/Solidaridad-16_09_22-F15.jpg\" data-elementor-open-lightbox=\"yes\" data-elementor-lightbox-slideshow=\"6e2ea152\" data-elementor-lightbox-title=\"Solidaridad 16_09_22 F1(5)\" data-e-action-hash=\"#elementor-action%3Aaction%3Dlightbox%26settings%3DeyJpZCI6MTA3MDAsInVybCI6Imh0dHBzOlwvXC90cmFuc2Zvcm1hcnFyb28uY29tXC93cC1jb250ZW50XC91cGxvYWRzXC8yMDIyXC8wOVwvU29saWRhcmlkYWQtMTZfMDlfMjItRjE1LmpwZyIsInNsaWRlc2hvdyI6IjZlMmVhMTUyIn0%3D\">\n\t\t\t\t\t<div class=\"e-gallery-image elementor-gallery-item__image\" data-thumbnail=\"https:\/\/transformarqroo.com\/wp-content\/uploads\/2022\/09\/Solidaridad-16_09_22-F15.jpg\" data-width=\"1280\" data-height=\"853\" aria-label=\"\" role=\"img\" ><\/div>\n\t\t\t\t\t\t\t\t\t\t\t<div class=\"elementor-gallery-item__overlay\"><\/div>\n\t\t\t\t\t\t\t\t\t\t\t\t\t\t<\/a>\n\t\t\t\t\t<\/div>\n\t\t\t<\/div>\n\t\t\t\t<\/div>\n\t\t\t\t\t<\/div>\n\t\t<\/div>\n\t\t\t\t\t<\/div>\n\t\t<\/section>\n\t\t\t\t<\/div>\n\t\t","protected":false},"excerpt":{"rendered":"<p>Acompa\u00f1ada de familias y visitantes solidarenses, la presidenta municipal presencia el paso de los contigentes.<\/p>\n","protected":false},"author":1,"featured_media":10700,"comment_status":"closed","ping_status":"closed","sticky":false,"template":"","format":"standard","meta":{"_FSMCFIC_featured_image_caption":"","_FSMCFIC_featured_image_nocaption":"","_FSMCFIC_featured_image_hide":"1","footnotes":""},"categories":[32,30],"tags":[36],"class_list":["post-10694","post","type-post","status-publish","format-standard","has-post-thumbnail","hentry","category-municipios","category-solidaridad","tag-lili-campos-miranda"],"aioseo_notices":[],"_links":{"self":[{"href":"https:\/\/transformarqroo.com\/index.php\/wp-json\/wp\/v2\/posts\/10694","targetHints":{"allow":["GET"]}}],"collection":[{"href":"https:\/\/transformarqroo.com\/index.php\/wp-json\/wp\/v2\/posts"}],"about":[{"href":"https:\/\/transformarqroo.com\/index.php\/wp-json\/wp\/v2\/types\/post"}],"author":[{"embeddable":true,"href":"https:\/\/transformarqroo.com\/index.php\/wp-json\/wp\/v2\/users\/1"}],"replies":[{"embeddable":true,"href":"https:\/\/transformarqroo.com\/index.php\/wp-json\/wp\/v2\/comments?post=10694"}],"version-history":[{"count":4,"href":"https:\/\/transformarqroo.com\/index.php\/wp-json\/wp\/v2\/posts\/10694\/revisions"}],"predecessor-version":[{"id":10704,"href":"https:\/\/transformarqroo.com\/index.php\/wp-json\/wp\/v2\/posts\/10694\/revisions\/10704"}],"wp:featuredmedia":[{"embeddable":true,"href":"https:\/\/transformarqroo.com\/index.php\/wp-json\/wp\/v2\/media\/10700"}],"wp:attachment":[{"href":"https:\/\/transformarqroo.com\/index.php\/wp-json\/wp\/v2\/media?parent=10694"}],"wp:term":[{"taxonomy":"category","embeddable":true,"href":"https:\/\/transformarqroo.com\/index.php\/wp-json\/wp\/v2\/categories?post=10694"},{"taxonomy":"post_tag","embeddable":true,"href":"https:\/\/transformarqroo.com\/index.php\/wp-json\/wp\/v2\/tags?post=10694"}],"curies":[{"name":"wp","href":"https:\/\/api.w.org\/{rel}","templated":true}]}}