{"id":10930,"date":"2022-09-19T12:45:00","date_gmt":"2022-09-19T17:45:00","guid":{"rendered":"https:\/\/transformarqroo.com\/?p=10930"},"modified":"2022-09-23T12:49:10","modified_gmt":"2022-09-23T17:49:10","slug":"gobierno-de-lili-campos-logra-legitimidad-para-el-dif-solidaridad","status":"publish","type":"post","link":"https:\/\/transformarqroo.com\/index.php\/2022\/09\/19\/gobierno-de-lili-campos-logra-legitimidad-para-el-dif-solidaridad\/","title":{"rendered":"GOBIERNO DE LILI CAMPOS LOGRA LEGITIMIDAD PARA EL DIF SOLIDARIDAD"},"content":{"rendered":"\t\t<div data-elementor-type=\"wp-post\" data-elementor-id=\"10930\" class=\"elementor elementor-10930\" data-elementor-post-type=\"post\">\n\t\t\t\t\t\t<section class=\"elementor-section elementor-top-section elementor-element elementor-element-1560137c elementor-section-boxed elementor-section-height-default elementor-section-height-default\" data-id=\"1560137c\" data-element_type=\"section\">\n\t\t\t\t\t\t<div class=\"elementor-container elementor-column-gap-default\">\n\t\t\t\t\t<div class=\"elementor-column elementor-col-100 elementor-top-column elementor-element elementor-element-7367708\" data-id=\"7367708\" data-element_type=\"column\">\n\t\t\t<div class=\"elementor-widget-wrap elementor-element-populated\">\n\t\t\t\t\t\t<div class=\"elementor-element elementor-element-2fa59d3e elementor-widget elementor-widget-premium-addon-banner\" data-id=\"2fa59d3e\" data-element_type=\"widget\" data-widget_type=\"premium-addon-banner.default\">\n\t\t\t\t<div class=\"elementor-widget-container\">\n\t\t\t\t\t<div class=\"premium-banner-ib premium-banner-min-height premium-banner-animation7 none\">\r\n\t\t\t\t\t\t\t<div class=\"premium-banner-border\">\r\n\t\t\t\t\t<div class=\"premium-banner-br premium-banner-bleft premium-banner-brlr\"><\/div>\r\n\t\t\t\t\t<div class=\"premium-banner-br premium-banner-bright premium-banner-brlr\"><\/div>\r\n\t\t\t\t\t<div class=\"premium-banner-br premium-banner-btop premium-banner-brtb\"><\/div>\r\n\t\t\t\t\t<div class=\"premium-banner-br premium-banner-bottom premium-banner-brtb\"><\/div>\r\n\t\t\t\t<\/div>\r\n\t\t\t\t\t\t\t\t\t\t\t\t\t\t\t<img fetchpriority=\"high\" decoding=\"async\" width=\"1086\" height=\"724\" src=\"https:\/\/transformarqroo.com\/wp-content\/uploads\/2022\/09\/Solidaridad-19_09_22-F1.jpg\" class=\"attachment-full size-full wp-image-10934\" alt=\"\" srcset=\"https:\/\/transformarqroo.com\/wp-content\/uploads\/2022\/09\/Solidaridad-19_09_22-F1.jpg 1086w, https:\/\/transformarqroo.com\/wp-content\/uploads\/2022\/09\/Solidaridad-19_09_22-F1-300x200.jpg 300w, https:\/\/transformarqroo.com\/wp-content\/uploads\/2022\/09\/Solidaridad-19_09_22-F1-1024x683.jpg 1024w, https:\/\/transformarqroo.com\/wp-content\/uploads\/2022\/09\/Solidaridad-19_09_22-F1-768x512.jpg 768w\" sizes=\"(max-width: 1086px) 100vw, 1086px\" \/>\t\t\t\t\t\t\t\t\t\t<div class=\"premium-banner-ib-desc\">\r\n\t\t\t\t\t\t\t\t\t<div class=\"premium-banner-desc-centered\">\r\n\t\t\t\t\t\t\t\t\t<h3 class=\"premium-banner-ib-title premium_banner_title\"><\/h3>\t\t\t\t\t\t\t\t\t\t\t\t\t<\/div>\r\n\t\t\t\t\t\t\t<\/div>\r\n\t\t\t\t\t<\/div>\r\n\t\t\t\t\t\t<\/div>\n\t\t\t\t<\/div>\n\t\t\t\t\t<\/div>\n\t\t<\/div>\n\t\t\t\t\t<\/div>\n\t\t<\/section>\n\t\t\t\t<section class=\"elementor-section elementor-top-section elementor-element elementor-element-74bffbfd elementor-section-boxed elementor-section-height-default elementor-section-height-default\" data-id=\"74bffbfd\" data-element_type=\"section\" data-settings=\"{&quot;background_background&quot;:&quot;classic&quot;}\">\n\t\t\t\t\t\t<div class=\"elementor-container elementor-column-gap-default\">\n\t\t\t\t\t<div class=\"elementor-column elementor-col-100 elementor-top-column elementor-element elementor-element-d37cedb\" data-id=\"d37cedb\" data-element_type=\"column\">\n\t\t\t<div class=\"elementor-widget-wrap elementor-element-populated\">\n\t\t\t\t\t\t<div class=\"elementor-element elementor-element-1f32bf71 premium-title-icon-row premium-title-color elementor-widget elementor-widget-premium-addon-title\" data-id=\"1f32bf71\" data-element_type=\"widget\" data-widget_type=\"premium-addon-title.default\">\n\t\t\t\t<div class=\"elementor-widget-container\">\n\t\t\t\r\n\t\t<div class=\"premium-title-container style2\">\r\n\t\t\t<h5 class=\"premium-title-header premium-title-style2\">\r\n\t\t\t\t\r\n\t\t\t\t\t\t\t\t\t\t\t\t\t\t\t<div class=\"premium-title-icon premium-lottie-animation\" data-lottie-url=\"https:\/\/assets8.lottiefiles.com\/packages\/lf20_pcfclxy8.json\" data-lottie-loop=\"true\" data-lottie-reverse=\"\"><\/div>\r\n\t\t\t\t\t\t\t\t\t\r\n\t\t\t\t\t\t\t\t\t\t\t\t<span class=\"premium-title-text\" >\r\n\t\t\t\t\tEl gobierno del estado, a trav\u00e9s de la Agepro, da certeza jur\u00eddica a la posesi\u00f3n del predio ubicado en la Avenida 8 norte y Avenida 30.\t\t\t\t<\/span>\r\n\t\t\t\t\t\r\n\t\t\t\t\t\t\t\t\t\t\t<\/h5>\r\n\t\t<\/div>\r\n\r\n\t\t\t\t<\/div>\n\t\t\t\t<\/div>\n\t\t\t\t\t<\/div>\n\t\t<\/div>\n\t\t\t\t\t<\/div>\n\t\t<\/section>\n\t\t\t\t<section class=\"elementor-section elementor-top-section elementor-element elementor-element-35b6763e elementor-section-boxed elementor-section-height-default elementor-section-height-default\" data-id=\"35b6763e\" data-element_type=\"section\">\n\t\t\t\t\t\t<div class=\"elementor-container elementor-column-gap-default\">\n\t\t\t\t\t<div class=\"elementor-column elementor-col-100 elementor-top-column elementor-element elementor-element-2ae7266d\" data-id=\"2ae7266d\" data-element_type=\"column\">\n\t\t\t<div class=\"elementor-widget-wrap elementor-element-populated\">\n\t\t\t\t\t\t<div class=\"elementor-element elementor-element-63bec588 elementor-widget elementor-widget-text-editor\" data-id=\"63bec588\" data-element_type=\"widget\" data-widget_type=\"text-editor.default\">\n\t\t\t\t<div class=\"elementor-widget-container\">\n\t\t\t\t\t\t\t<p><span style=\"font-weight: 400;\">Playa del Carmen, Solidaridad, 19 de septiembre de 2022.- La presidenta municipal Lili Campos recibi\u00f3 hoy el t\u00edtulo de propiedad del predio que ocupa el DIF Solidaridad. El documento fue entregado por el titular de la Agencia de Proyectos Estrat\u00e9gicos de Quintana Roo (Agepro), Jos\u00e9 Alberto Alonso Ovando.<\/span><\/p><p>\u00a0<\/p><p><span style=\"font-weight: 400;\">La presidenta Lili Campos agradeci\u00f3 al gobernador Carlos Joaqu\u00edn su inter\u00e9s, porque que Solidaridad contin\u00fae trabajando a favor de los m\u00e1s necesitados. \u201cHoy se hizo realidad el sue\u00f1o de la familia DIF en Solidaridad. Aqu\u00ed est\u00e1 el t\u00edtulo de propiedad. Gracias al equipo que trabaj\u00f3 para que esto fuera posible, a regidores, al \u00e1rea jur\u00eddica, a Rosita presidenta del DIF, que desde abril ven\u00edan trabajando en esto\u201d, expres\u00f3 la presidenta.<\/span><\/p><p>\u00a0<\/p><p><span style=\"font-weight: 400;\">Por su parte la presidenta honoraria del DIF Solidaridad, Rosita Escobedo Campos, dijo que hoy todos quienes trabajan en este organismo celebran la buena noticia de que el predio que ocupa ya sea oficialmente suyo. \u00abCreo que es una buena nueva para todos nosotros, estamos presenciando un momento hist\u00f3rico que va a beneficiar a cada uno de nosotros y a las familias solidarenses\u201d, extern\u00f3.<\/span><\/p><p>\u00a0<\/p><p><span style=\"font-weight: 400;\">Con el t\u00edtulo de propiedad el gobierno municipal, que desde el 2004 se encontraba en tr\u00e1mite, ya cuenta con la certeza jur\u00eddica del predio. Gracias a la agilizaci\u00f3n de tr\u00e1mites y gestiones, ahora se podr\u00e1 invertir a favor de las familias solidaridenses, brindando m\u00e1s espacios de calidad para todos. El predio se encuentra en cruzamiento de la Av. 8 norte y Av. 30.<\/span><\/p>\t\t\t\t\t\t<\/div>\n\t\t\t\t<\/div>\n\t\t\t\t\t<\/div>\n\t\t<\/div>\n\t\t\t\t\t<\/div>\n\t\t<\/section>\n\t\t\t\t<section class=\"elementor-section elementor-top-section elementor-element elementor-element-5491b5bf elementor-section-boxed elementor-section-height-default elementor-section-height-default\" data-id=\"5491b5bf\" data-element_type=\"section\">\n\t\t\t\t\t\t<div class=\"elementor-container elementor-column-gap-default\">\n\t\t\t\t\t<div class=\"elementor-column elementor-col-100 elementor-top-column elementor-element elementor-element-774ef561\" data-id=\"774ef561\" data-element_type=\"column\">\n\t\t\t<div class=\"elementor-widget-wrap elementor-element-populated\">\n\t\t\t\t\t\t<div class=\"elementor-element elementor-element-709c0060 elementor-widget elementor-widget-gallery\" data-id=\"709c0060\" data-element_type=\"widget\" data-settings=\"{&quot;gallery_layout&quot;:&quot;justified&quot;,&quot;lazyload&quot;:&quot;yes&quot;,&quot;ideal_row_height&quot;:{&quot;unit&quot;:&quot;px&quot;,&quot;size&quot;:200,&quot;sizes&quot;:[]},&quot;ideal_row_height_tablet&quot;:{&quot;unit&quot;:&quot;px&quot;,&quot;size&quot;:150,&quot;sizes&quot;:[]},&quot;ideal_row_height_mobile&quot;:{&quot;unit&quot;:&quot;px&quot;,&quot;size&quot;:150,&quot;sizes&quot;:[]},&quot;gap&quot;:{&quot;unit&quot;:&quot;px&quot;,&quot;size&quot;:10,&quot;sizes&quot;:[]},&quot;gap_tablet&quot;:{&quot;unit&quot;:&quot;px&quot;,&quot;size&quot;:10,&quot;sizes&quot;:[]},&quot;gap_mobile&quot;:{&quot;unit&quot;:&quot;px&quot;,&quot;size&quot;:10,&quot;sizes&quot;:[]},&quot;link_to&quot;:&quot;file&quot;,&quot;overlay_background&quot;:&quot;yes&quot;,&quot;content_hover_animation&quot;:&quot;fade-in&quot;}\" data-widget_type=\"gallery.default\">\n\t\t\t\t<div class=\"elementor-widget-container\">\n\t\t\t\t\t<div class=\"elementor-gallery__container\">\n\t\t\t\t\t\t\t<a class=\"e-gallery-item elementor-gallery-item elementor-animated-content\" href=\"https:\/\/transformarqroo.com\/wp-content\/uploads\/2022\/09\/Solidaridad-19_09_22-F11.jpg\" data-elementor-open-lightbox=\"yes\" data-elementor-lightbox-slideshow=\"709c0060\" data-elementor-lightbox-title=\"Solidaridad 19_09_22 F1(1)\" data-e-action-hash=\"#elementor-action%3Aaction%3Dlightbox%26settings%3DeyJpZCI6MTA5MzEsInVybCI6Imh0dHBzOlwvXC90cmFuc2Zvcm1hcnFyb28uY29tXC93cC1jb250ZW50XC91cGxvYWRzXC8yMDIyXC8wOVwvU29saWRhcmlkYWQtMTlfMDlfMjItRjExLmpwZyIsInNsaWRlc2hvdyI6IjcwOWMwMDYwIn0%3D\">\n\t\t\t\t\t<div class=\"e-gallery-image elementor-gallery-item__image\" data-thumbnail=\"https:\/\/transformarqroo.com\/wp-content\/uploads\/2022\/09\/Solidaridad-19_09_22-F11.jpg\" data-width=\"1086\" data-height=\"724\" aria-label=\"\" role=\"img\" ><\/div>\n\t\t\t\t\t\t\t\t\t\t\t<div class=\"elementor-gallery-item__overlay\"><\/div>\n\t\t\t\t\t\t\t\t\t\t\t\t\t\t<\/a>\n\t\t\t\t\t\t\t<a class=\"e-gallery-item elementor-gallery-item elementor-animated-content\" href=\"https:\/\/transformarqroo.com\/wp-content\/uploads\/2022\/09\/Solidaridad-19_09_22-F12.jpg\" data-elementor-open-lightbox=\"yes\" data-elementor-lightbox-slideshow=\"709c0060\" data-elementor-lightbox-title=\"Solidaridad 19_09_22 F1(2)\" data-e-action-hash=\"#elementor-action%3Aaction%3Dlightbox%26settings%3DeyJpZCI6MTA5MzIsInVybCI6Imh0dHBzOlwvXC90cmFuc2Zvcm1hcnFyb28uY29tXC93cC1jb250ZW50XC91cGxvYWRzXC8yMDIyXC8wOVwvU29saWRhcmlkYWQtMTlfMDlfMjItRjEyLmpwZyIsInNsaWRlc2hvdyI6IjcwOWMwMDYwIn0%3D\">\n\t\t\t\t\t<div class=\"e-gallery-image elementor-gallery-item__image\" data-thumbnail=\"https:\/\/transformarqroo.com\/wp-content\/uploads\/2022\/09\/Solidaridad-19_09_22-F12.jpg\" data-width=\"1086\" data-height=\"724\" aria-label=\"\" role=\"img\" ><\/div>\n\t\t\t\t\t\t\t\t\t\t\t<div class=\"elementor-gallery-item__overlay\"><\/div>\n\t\t\t\t\t\t\t\t\t\t\t\t\t\t<\/a>\n\t\t\t\t\t\t\t<a class=\"e-gallery-item elementor-gallery-item elementor-animated-content\" href=\"https:\/\/transformarqroo.com\/wp-content\/uploads\/2022\/09\/Solidaridad-19_09_22-F13.jpg\" data-elementor-open-lightbox=\"yes\" data-elementor-lightbox-slideshow=\"709c0060\" data-elementor-lightbox-title=\"Solidaridad 19_09_22 F1(3)\" data-e-action-hash=\"#elementor-action%3Aaction%3Dlightbox%26settings%3DeyJpZCI6MTA5MzMsInVybCI6Imh0dHBzOlwvXC90cmFuc2Zvcm1hcnFyb28uY29tXC93cC1jb250ZW50XC91cGxvYWRzXC8yMDIyXC8wOVwvU29saWRhcmlkYWQtMTlfMDlfMjItRjEzLmpwZyIsInNsaWRlc2hvdyI6IjcwOWMwMDYwIn0%3D\">\n\t\t\t\t\t<div class=\"e-gallery-image elementor-gallery-item__image\" data-thumbnail=\"https:\/\/transformarqroo.com\/wp-content\/uploads\/2022\/09\/Solidaridad-19_09_22-F13.jpg\" data-width=\"1086\" data-height=\"724\" aria-label=\"\" role=\"img\" ><\/div>\n\t\t\t\t\t\t\t\t\t\t\t<div class=\"elementor-gallery-item__overlay\"><\/div>\n\t\t\t\t\t\t\t\t\t\t\t\t\t\t<\/a>\n\t\t\t\t\t\t\t<a class=\"e-gallery-item elementor-gallery-item elementor-animated-content\" href=\"https:\/\/transformarqroo.com\/wp-content\/uploads\/2022\/09\/Solidaridad-19_09_22-F1.jpg\" data-elementor-open-lightbox=\"yes\" data-elementor-lightbox-slideshow=\"709c0060\" data-elementor-lightbox-title=\"Solidaridad 19_09_22 F1\" data-e-action-hash=\"#elementor-action%3Aaction%3Dlightbox%26settings%3DeyJpZCI6MTA5MzQsInVybCI6Imh0dHBzOlwvXC90cmFuc2Zvcm1hcnFyb28uY29tXC93cC1jb250ZW50XC91cGxvYWRzXC8yMDIyXC8wOVwvU29saWRhcmlkYWQtMTlfMDlfMjItRjEuanBnIiwic2xpZGVzaG93IjoiNzA5YzAwNjAifQ%3D%3D\">\n\t\t\t\t\t<div class=\"e-gallery-image elementor-gallery-item__image\" data-thumbnail=\"https:\/\/transformarqroo.com\/wp-content\/uploads\/2022\/09\/Solidaridad-19_09_22-F1.jpg\" data-width=\"1086\" data-height=\"724\" aria-label=\"\" role=\"img\" ><\/div>\n\t\t\t\t\t\t\t\t\t\t\t<div class=\"elementor-gallery-item__overlay\"><\/div>\n\t\t\t\t\t\t\t\t\t\t\t\t\t\t<\/a>\n\t\t\t\t\t<\/div>\n\t\t\t<\/div>\n\t\t\t\t<\/div>\n\t\t\t\t\t<\/div>\n\t\t<\/div>\n\t\t\t\t\t<\/div>\n\t\t<\/section>\n\t\t\t\t<\/div>\n\t\t","protected":false},"excerpt":{"rendered":"<p>El gobierno del estado, a trav\u00e9s de la Agepro, da certeza jur\u00eddica a la posesi\u00f3n del predio ubicado en la Avenida 8 norte y Avenida 30.<\/p>\n","protected":false},"author":1,"featured_media":10934,"comment_status":"closed","ping_status":"closed","sticky":false,"template":"","format":"standard","meta":{"_FSMCFIC_featured_image_caption":"","_FSMCFIC_featured_image_nocaption":"","_FSMCFIC_featured_image_hide":"1","footnotes":""},"categories":[32,30],"tags":[36],"class_list":["post-10930","post","type-post","status-publish","format-standard","has-post-thumbnail","hentry","category-municipios","category-solidaridad","tag-lili-campos-miranda"],"aioseo_notices":[],"_links":{"self":[{"href":"https:\/\/transformarqroo.com\/index.php\/wp-json\/wp\/v2\/posts\/10930","targetHints":{"allow":["GET"]}}],"collection":[{"href":"https:\/\/transformarqroo.com\/index.php\/wp-json\/wp\/v2\/posts"}],"about":[{"href":"https:\/\/transformarqroo.com\/index.php\/wp-json\/wp\/v2\/types\/post"}],"author":[{"embeddable":true,"href":"https:\/\/transformarqroo.com\/index.php\/wp-json\/wp\/v2\/users\/1"}],"replies":[{"embeddable":true,"href":"https:\/\/transformarqroo.com\/index.php\/wp-json\/wp\/v2\/comments?post=10930"}],"version-history":[{"count":4,"href":"https:\/\/transformarqroo.com\/index.php\/wp-json\/wp\/v2\/posts\/10930\/revisions"}],"predecessor-version":[{"id":10938,"href":"https:\/\/transformarqroo.com\/index.php\/wp-json\/wp\/v2\/posts\/10930\/revisions\/10938"}],"wp:featuredmedia":[{"embeddable":true,"href":"https:\/\/transformarqroo.com\/index.php\/wp-json\/wp\/v2\/media\/10934"}],"wp:attachment":[{"href":"https:\/\/transformarqroo.com\/index.php\/wp-json\/wp\/v2\/media?parent=10930"}],"wp:term":[{"taxonomy":"category","embeddable":true,"href":"https:\/\/transformarqroo.com\/index.php\/wp-json\/wp\/v2\/categories?post=10930"},{"taxonomy":"post_tag","embeddable":true,"href":"https:\/\/transformarqroo.com\/index.php\/wp-json\/wp\/v2\/tags?post=10930"}],"curies":[{"name":"wp","href":"https:\/\/api.w.org\/{rel}","templated":true}]}}