{"id":11083,"date":"2022-09-25T10:10:00","date_gmt":"2022-09-25T15:10:00","guid":{"rendered":"https:\/\/transformarqroo.com\/?p=11083"},"modified":"2022-09-26T10:59:40","modified_gmt":"2022-09-26T15:59:40","slug":"preside-mara-lezama-toma-de-protesta-del-consejo-estatal-de-proteccion-civil","status":"publish","type":"post","link":"https:\/\/transformarqroo.com\/index.php\/2022\/09\/25\/preside-mara-lezama-toma-de-protesta-del-consejo-estatal-de-proteccion-civil\/","title":{"rendered":"PRESIDE MARA LEZAMA TOMA DE PROTESTA DEL CONSEJO ESTATAL DE PROTECCI\u00d3N CIVIL"},"content":{"rendered":"\t\t<div data-elementor-type=\"wp-post\" data-elementor-id=\"11083\" class=\"elementor elementor-11083\" data-elementor-post-type=\"post\">\n\t\t\t\t\t\t<section class=\"elementor-section elementor-top-section elementor-element elementor-element-3ea2adab elementor-section-boxed elementor-section-height-default elementor-section-height-default\" data-id=\"3ea2adab\" data-element_type=\"section\">\n\t\t\t\t\t\t<div class=\"elementor-container elementor-column-gap-default\">\n\t\t\t\t\t<div class=\"elementor-column elementor-col-100 elementor-top-column elementor-element elementor-element-2a8f26ec\" data-id=\"2a8f26ec\" data-element_type=\"column\">\n\t\t\t<div class=\"elementor-widget-wrap elementor-element-populated\">\n\t\t\t\t\t\t<div class=\"elementor-element elementor-element-2f1f26 elementor-widget elementor-widget-premium-addon-banner\" data-id=\"2f1f26\" data-element_type=\"widget\" data-widget_type=\"premium-addon-banner.default\">\n\t\t\t\t<div class=\"elementor-widget-container\">\n\t\t\t\t\t<div class=\"premium-banner-ib premium-banner-min-height premium-banner-animation7 none\">\r\n\t\t\t\t\t\t\t<div class=\"premium-banner-border\">\r\n\t\t\t\t\t<div class=\"premium-banner-br premium-banner-bleft premium-banner-brlr\"><\/div>\r\n\t\t\t\t\t<div class=\"premium-banner-br premium-banner-bright premium-banner-brlr\"><\/div>\r\n\t\t\t\t\t<div class=\"premium-banner-br premium-banner-btop premium-banner-brtb\"><\/div>\r\n\t\t\t\t\t<div class=\"premium-banner-br premium-banner-bottom premium-banner-brtb\"><\/div>\r\n\t\t\t\t<\/div>\r\n\t\t\t\t\t\t\t\t\t\t\t\t\t\t\t<img fetchpriority=\"high\" decoding=\"async\" width=\"1560\" height=\"999\" src=\"https:\/\/transformarqroo.com\/wp-content\/uploads\/2022\/09\/BJ-25_09_22-F2-M1.jpg\" class=\"attachment-full size-full wp-image-11064\" alt=\"\" srcset=\"https:\/\/transformarqroo.com\/wp-content\/uploads\/2022\/09\/BJ-25_09_22-F2-M1.jpg 1560w, https:\/\/transformarqroo.com\/wp-content\/uploads\/2022\/09\/BJ-25_09_22-F2-M1-300x192.jpg 300w, https:\/\/transformarqroo.com\/wp-content\/uploads\/2022\/09\/BJ-25_09_22-F2-M1-1024x656.jpg 1024w, https:\/\/transformarqroo.com\/wp-content\/uploads\/2022\/09\/BJ-25_09_22-F2-M1-768x492.jpg 768w, https:\/\/transformarqroo.com\/wp-content\/uploads\/2022\/09\/BJ-25_09_22-F2-M1-1536x984.jpg 1536w\" sizes=\"(max-width: 1560px) 100vw, 1560px\" \/>\t\t\t\t\t\t\t\t\t\t<div class=\"premium-banner-ib-desc\">\r\n\t\t\t\t\t\t\t\t\t<div class=\"premium-banner-desc-centered\">\r\n\t\t\t\t\t\t\t\t\t<h3 class=\"premium-banner-ib-title premium_banner_title\"><\/h3>\t\t\t\t\t\t\t\t\t\t\t\t\t<\/div>\r\n\t\t\t\t\t\t\t<\/div>\r\n\t\t\t\t\t<\/div>\r\n\t\t\t\t\t\t<\/div>\n\t\t\t\t<\/div>\n\t\t\t\t\t<\/div>\n\t\t<\/div>\n\t\t\t\t\t<\/div>\n\t\t<\/section>\n\t\t\t\t<section class=\"elementor-section elementor-top-section elementor-element elementor-element-80e414b elementor-section-boxed elementor-section-height-default elementor-section-height-default\" data-id=\"80e414b\" data-element_type=\"section\" data-settings=\"{&quot;background_background&quot;:&quot;classic&quot;}\">\n\t\t\t\t\t\t<div class=\"elementor-container elementor-column-gap-default\">\n\t\t\t\t\t<div class=\"elementor-column elementor-col-100 elementor-top-column elementor-element elementor-element-3a9a3965\" data-id=\"3a9a3965\" data-element_type=\"column\">\n\t\t\t<div class=\"elementor-widget-wrap elementor-element-populated\">\n\t\t\t\t\t\t<div class=\"elementor-element elementor-element-9770f08 premium-title-icon-row premium-title-color elementor-widget elementor-widget-premium-addon-title\" data-id=\"9770f08\" data-element_type=\"widget\" data-widget_type=\"premium-addon-title.default\">\n\t\t\t\t<div class=\"elementor-widget-container\">\n\t\t\t\r\n\t\t<div class=\"premium-title-container style2\">\r\n\t\t\t<h5 class=\"premium-title-header premium-title-style2\">\r\n\t\t\t\t\r\n\t\t\t\t\t\t\t\t\t\t\t\t\t\t\t<div class=\"premium-title-icon premium-lottie-animation\" data-lottie-url=\"https:\/\/assets8.lottiefiles.com\/packages\/lf20_pcfclxy8.json\" data-lottie-loop=\"true\" data-lottie-reverse=\"\"><\/div>\r\n\t\t\t\t\t\t\t\t\t\r\n\t\t\t\t\t\t\t\t\t\t\t\t<span class=\"premium-title-text\" >\r\n\t\t\t\t\t* A unos minutos de asumir el cargo instruy\u00f3 se tomen las medidas necesarias para prever todos los escenarios posibles ante la presencia del fen\u00f3meno hidrometeorol\u00f3gico Ian en el Mar Caribe.\t\t\t\t<\/span>\r\n\t\t\t\t\t\r\n\t\t\t\t\t\t\t\t\t\t\t<\/h5>\r\n\t\t<\/div>\r\n\r\n\t\t\t\t<\/div>\n\t\t\t\t<\/div>\n\t\t\t\t\t<\/div>\n\t\t<\/div>\n\t\t\t\t\t<\/div>\n\t\t<\/section>\n\t\t\t\t<section class=\"elementor-section elementor-top-section elementor-element elementor-element-179eb7c7 elementor-section-boxed elementor-section-height-default elementor-section-height-default\" data-id=\"179eb7c7\" data-element_type=\"section\">\n\t\t\t\t\t\t<div class=\"elementor-container elementor-column-gap-default\">\n\t\t\t\t\t<div class=\"elementor-column elementor-col-100 elementor-top-column elementor-element elementor-element-7907d173\" data-id=\"7907d173\" data-element_type=\"column\">\n\t\t\t<div class=\"elementor-widget-wrap elementor-element-populated\">\n\t\t\t\t\t\t<div class=\"elementor-element elementor-element-14443e7a elementor-widget elementor-widget-text-editor\" data-id=\"14443e7a\" data-element_type=\"widget\" data-widget_type=\"text-editor.default\">\n\t\t\t\t<div class=\"elementor-widget-container\">\n\t\t\t\t\t\t\t<p><span style=\"font-weight: 400;\">Chetumal, a 25 de Septiembre de 2022.- La gobernadora de estado, Mara Lezama tom\u00f3 protesta al Consejo Estatal de Protecci\u00f3n Civil para el periodo 2022 \u2013 2027 e instal\u00f3 el Comit\u00e9 Transitorio para la Atenci\u00f3n y Seguimiento del fen\u00f3meno perturbador \u201cIan\u201d, que podr\u00eda originar fuertes lluvias en las pr\u00f3ximas horas en gran parte del estado.<\/span><\/p><p>\u00a0<\/p><p><span style=\"font-weight: 400;\">En su calidad de Presidenta del Consejo Estatal de Protecci\u00f3n Civil , instruy\u00f3 al comit\u00e9, a los presidentes municipales y a los tres poderes del estado en caso de ser necesario, a implementar todos los esfuerzos y acciones institucionales para la mitigaci\u00f3n, prevenci\u00f3n, coordinaci\u00f3n y comunicaci\u00f3n, as\u00ed como de hacerse de los instrumentos necesarios para dar atenci\u00f3n a la ciudadan\u00eda.<\/span><\/p><p>\u00a0<\/p><p><span style=\"font-weight: 400;\">La Gobernadora, destac\u00f3 que en Quintana Roo se tiene una amplia cultura de prevenci\u00f3n en caso de estos fen\u00f3menos naturales, asimismo, hizo un llamado a la poblaci\u00f3n a mantenerse informados por los canales oficiales.\u00a0<\/span><\/p><p>\u00a0<\/p><p><span style=\"font-weight: 400;\">De acuerdo al reporte presentado, se encuentran listos 926 refugios a lo largo y ancho de la geograf\u00eda estatal a disposici\u00f3n de la poblaci\u00f3n.<\/span><\/p>\t\t\t\t\t\t<\/div>\n\t\t\t\t<\/div>\n\t\t\t\t\t<\/div>\n\t\t<\/div>\n\t\t\t\t\t<\/div>\n\t\t<\/section>\n\t\t\t\t<section class=\"elementor-section elementor-top-section elementor-element elementor-element-72865a8f elementor-section-boxed elementor-section-height-default elementor-section-height-default\" data-id=\"72865a8f\" data-element_type=\"section\">\n\t\t\t\t\t\t<div class=\"elementor-container elementor-column-gap-default\">\n\t\t\t\t\t<div class=\"elementor-column elementor-col-100 elementor-top-column elementor-element elementor-element-46a263b4\" data-id=\"46a263b4\" data-element_type=\"column\">\n\t\t\t<div class=\"elementor-widget-wrap elementor-element-populated\">\n\t\t\t\t\t\t<div class=\"elementor-element elementor-element-1399396a elementor-widget elementor-widget-gallery\" data-id=\"1399396a\" data-element_type=\"widget\" data-settings=\"{&quot;gallery_layout&quot;:&quot;justified&quot;,&quot;lazyload&quot;:&quot;yes&quot;,&quot;ideal_row_height&quot;:{&quot;unit&quot;:&quot;px&quot;,&quot;size&quot;:200,&quot;sizes&quot;:[]},&quot;ideal_row_height_tablet&quot;:{&quot;unit&quot;:&quot;px&quot;,&quot;size&quot;:150,&quot;sizes&quot;:[]},&quot;ideal_row_height_mobile&quot;:{&quot;unit&quot;:&quot;px&quot;,&quot;size&quot;:150,&quot;sizes&quot;:[]},&quot;gap&quot;:{&quot;unit&quot;:&quot;px&quot;,&quot;size&quot;:10,&quot;sizes&quot;:[]},&quot;gap_tablet&quot;:{&quot;unit&quot;:&quot;px&quot;,&quot;size&quot;:10,&quot;sizes&quot;:[]},&quot;gap_mobile&quot;:{&quot;unit&quot;:&quot;px&quot;,&quot;size&quot;:10,&quot;sizes&quot;:[]},&quot;link_to&quot;:&quot;file&quot;,&quot;overlay_background&quot;:&quot;yes&quot;,&quot;content_hover_animation&quot;:&quot;fade-in&quot;}\" data-widget_type=\"gallery.default\">\n\t\t\t\t<div class=\"elementor-widget-container\">\n\t\t\t\t\t<div class=\"elementor-gallery__container\">\n\t\t\t\t\t\t\t<a class=\"e-gallery-item elementor-gallery-item elementor-animated-content\" href=\"https:\/\/transformarqroo.com\/wp-content\/uploads\/2022\/09\/BJ-25_09_22-F2-M.jpg\" data-elementor-open-lightbox=\"yes\" data-elementor-lightbox-slideshow=\"1399396a\" data-elementor-lightbox-title=\"BJ 25_09_22 F2 (M)\" data-e-action-hash=\"#elementor-action%3Aaction%3Dlightbox%26settings%3DeyJpZCI6MTEwNjUsInVybCI6Imh0dHBzOlwvXC90cmFuc2Zvcm1hcnFyb28uY29tXC93cC1jb250ZW50XC91cGxvYWRzXC8yMDIyXC8wOVwvQkotMjVfMDlfMjItRjItTS5qcGciLCJzbGlkZXNob3ciOiIxMzk5Mzk2YSJ9\">\n\t\t\t\t\t<div class=\"e-gallery-image elementor-gallery-item__image\" data-thumbnail=\"https:\/\/transformarqroo.com\/wp-content\/uploads\/2022\/09\/BJ-25_09_22-F2-M.jpg\" data-width=\"1412\" data-height=\"978\" aria-label=\"\" role=\"img\" ><\/div>\n\t\t\t\t\t\t\t\t\t\t\t<div class=\"elementor-gallery-item__overlay\"><\/div>\n\t\t\t\t\t\t\t\t\t\t\t\t\t\t<\/a>\n\t\t\t\t\t\t\t<a class=\"e-gallery-item elementor-gallery-item elementor-animated-content\" href=\"https:\/\/transformarqroo.com\/wp-content\/uploads\/2022\/09\/BJ-25_09_22-F2-M1.jpg\" data-elementor-open-lightbox=\"yes\" data-elementor-lightbox-slideshow=\"1399396a\" data-elementor-lightbox-title=\"BJ 25_09_22 F2 (M)(1)\" data-e-action-hash=\"#elementor-action%3Aaction%3Dlightbox%26settings%3DeyJpZCI6MTEwNjQsInVybCI6Imh0dHBzOlwvXC90cmFuc2Zvcm1hcnFyb28uY29tXC93cC1jb250ZW50XC91cGxvYWRzXC8yMDIyXC8wOVwvQkotMjVfMDlfMjItRjItTTEuanBnIiwic2xpZGVzaG93IjoiMTM5OTM5NmEifQ%3D%3D\">\n\t\t\t\t\t<div class=\"e-gallery-image elementor-gallery-item__image\" data-thumbnail=\"https:\/\/transformarqroo.com\/wp-content\/uploads\/2022\/09\/BJ-25_09_22-F2-M1.jpg\" data-width=\"1560\" data-height=\"999\" aria-label=\"\" role=\"img\" ><\/div>\n\t\t\t\t\t\t\t\t\t\t\t<div class=\"elementor-gallery-item__overlay\"><\/div>\n\t\t\t\t\t\t\t\t\t\t\t\t\t\t<\/a>\n\t\t\t\t\t<\/div>\n\t\t\t<\/div>\n\t\t\t\t<\/div>\n\t\t\t\t\t<\/div>\n\t\t<\/div>\n\t\t\t\t\t<\/div>\n\t\t<\/section>\n\t\t\t\t<\/div>\n\t\t","protected":false},"excerpt":{"rendered":"<p>* A unos minutos de asumir el cargo instruy\u00f3 se tomen las medidas necesarias para prever todos los escenarios posibles ante la presencia del fen\u00f3meno hidrometeorol\u00f3gico Ian en el Mar Caribe. Chetumal, a 25 de Septiembre de 2022.- La gobernadora de estado, Mara Lezama tom\u00f3 protesta al Consejo Estatal de Protecci\u00f3n Civil para el periodo [&hellip;]<\/p>\n","protected":false},"author":1,"featured_media":11064,"comment_status":"closed","ping_status":"closed","sticky":false,"template":"","format":"standard","meta":{"_FSMCFIC_featured_image_caption":"","_FSMCFIC_featured_image_nocaption":"","_FSMCFIC_featured_image_hide":"1","footnotes":""},"categories":[32,28],"tags":[12],"class_list":["post-11083","post","type-post","status-publish","format-standard","has-post-thumbnail","hentry","category-municipios","category-othon-pompeyo-blanco","tag-mara-lezama"],"aioseo_notices":[],"_links":{"self":[{"href":"https:\/\/transformarqroo.com\/index.php\/wp-json\/wp\/v2\/posts\/11083","targetHints":{"allow":["GET"]}}],"collection":[{"href":"https:\/\/transformarqroo.com\/index.php\/wp-json\/wp\/v2\/posts"}],"about":[{"href":"https:\/\/transformarqroo.com\/index.php\/wp-json\/wp\/v2\/types\/post"}],"author":[{"embeddable":true,"href":"https:\/\/transformarqroo.com\/index.php\/wp-json\/wp\/v2\/users\/1"}],"replies":[{"embeddable":true,"href":"https:\/\/transformarqroo.com\/index.php\/wp-json\/wp\/v2\/comments?post=11083"}],"version-history":[{"count":4,"href":"https:\/\/transformarqroo.com\/index.php\/wp-json\/wp\/v2\/posts\/11083\/revisions"}],"predecessor-version":[{"id":11087,"href":"https:\/\/transformarqroo.com\/index.php\/wp-json\/wp\/v2\/posts\/11083\/revisions\/11087"}],"wp:featuredmedia":[{"embeddable":true,"href":"https:\/\/transformarqroo.com\/index.php\/wp-json\/wp\/v2\/media\/11064"}],"wp:attachment":[{"href":"https:\/\/transformarqroo.com\/index.php\/wp-json\/wp\/v2\/media?parent=11083"}],"wp:term":[{"taxonomy":"category","embeddable":true,"href":"https:\/\/transformarqroo.com\/index.php\/wp-json\/wp\/v2\/categories?post=11083"},{"taxonomy":"post_tag","embeddable":true,"href":"https:\/\/transformarqroo.com\/index.php\/wp-json\/wp\/v2\/tags?post=11083"}],"curies":[{"name":"wp","href":"https:\/\/api.w.org\/{rel}","templated":true}]}}