{"id":11203,"date":"2022-09-26T08:57:00","date_gmt":"2022-09-26T13:57:00","guid":{"rendered":"https:\/\/transformarqroo.com\/?p=11203"},"modified":"2022-09-28T09:01:41","modified_gmt":"2022-09-28T14:01:41","slug":"trabajemos-juntos-porque-cancun-nos-une-presidenta-municipal-ana-patricia-peralta-de-la-pena","status":"publish","type":"post","link":"https:\/\/transformarqroo.com\/index.php\/2022\/09\/26\/trabajemos-juntos-porque-cancun-nos-une-presidenta-municipal-ana-patricia-peralta-de-la-pena\/","title":{"rendered":"TRABAJEMOS JUNTOS PORQUE CANC\u00daN NOS UNE: PRESIDENTA MUNICIPAL, ANA PATRICIA PERALTA DE LA PE\u00d1A"},"content":{"rendered":"\t\t<div data-elementor-type=\"wp-post\" data-elementor-id=\"11203\" class=\"elementor elementor-11203\" data-elementor-post-type=\"post\">\n\t\t\t\t\t\t<section class=\"elementor-section elementor-top-section elementor-element elementor-element-6afe9fec elementor-section-boxed elementor-section-height-default elementor-section-height-default\" data-id=\"6afe9fec\" data-element_type=\"section\">\n\t\t\t\t\t\t<div class=\"elementor-container elementor-column-gap-default\">\n\t\t\t\t\t<div class=\"elementor-column elementor-col-100 elementor-top-column elementor-element elementor-element-7ba0d049\" data-id=\"7ba0d049\" data-element_type=\"column\">\n\t\t\t<div class=\"elementor-widget-wrap elementor-element-populated\">\n\t\t\t\t\t\t<div class=\"elementor-element elementor-element-6d04ad32 elementor-widget elementor-widget-premium-addon-banner\" data-id=\"6d04ad32\" data-element_type=\"widget\" data-widget_type=\"premium-addon-banner.default\">\n\t\t\t\t<div class=\"elementor-widget-container\">\n\t\t\t\t\t<div class=\"premium-banner-ib premium-banner-min-height premium-banner-animation7 none\">\r\n\t\t\t\t\t\t\t<div class=\"premium-banner-border\">\r\n\t\t\t\t\t<div class=\"premium-banner-br premium-banner-bleft premium-banner-brlr\"><\/div>\r\n\t\t\t\t\t<div class=\"premium-banner-br premium-banner-bright premium-banner-brlr\"><\/div>\r\n\t\t\t\t\t<div class=\"premium-banner-br premium-banner-btop premium-banner-brtb\"><\/div>\r\n\t\t\t\t\t<div class=\"premium-banner-br premium-banner-bottom premium-banner-brtb\"><\/div>\r\n\t\t\t\t<\/div>\r\n\t\t\t\t\t\t\t\t\t\t\t\t\t\t\t<img fetchpriority=\"high\" decoding=\"async\" width=\"1280\" height=\"853\" src=\"https:\/\/transformarqroo.com\/wp-content\/uploads\/2022\/09\/BJ-26_09_222.jpg\" class=\"attachment-full size-full wp-image-11205\" alt=\"\" srcset=\"https:\/\/transformarqroo.com\/wp-content\/uploads\/2022\/09\/BJ-26_09_222.jpg 1280w, https:\/\/transformarqroo.com\/wp-content\/uploads\/2022\/09\/BJ-26_09_222-300x200.jpg 300w, https:\/\/transformarqroo.com\/wp-content\/uploads\/2022\/09\/BJ-26_09_222-1024x682.jpg 1024w, https:\/\/transformarqroo.com\/wp-content\/uploads\/2022\/09\/BJ-26_09_222-768x512.jpg 768w\" sizes=\"(max-width: 1280px) 100vw, 1280px\" \/>\t\t\t\t\t\t\t\t\t\t<div class=\"premium-banner-ib-desc\">\r\n\t\t\t\t\t\t\t\t\t<div class=\"premium-banner-desc-centered\">\r\n\t\t\t\t\t\t\t\t\t<h3 class=\"premium-banner-ib-title premium_banner_title\"><\/h3>\t\t\t\t\t\t\t\t\t\t\t\t\t<\/div>\r\n\t\t\t\t\t\t\t<\/div>\r\n\t\t\t\t\t<\/div>\r\n\t\t\t\t\t\t<\/div>\n\t\t\t\t<\/div>\n\t\t\t\t\t<\/div>\n\t\t<\/div>\n\t\t\t\t\t<\/div>\n\t\t<\/section>\n\t\t\t\t<section class=\"elementor-section elementor-top-section elementor-element elementor-element-6c91e67 elementor-section-boxed elementor-section-height-default elementor-section-height-default\" data-id=\"6c91e67\" data-element_type=\"section\">\n\t\t\t\t\t\t<div class=\"elementor-container elementor-column-gap-default\">\n\t\t\t\t\t<div class=\"elementor-column elementor-col-100 elementor-top-column elementor-element elementor-element-75001c59\" data-id=\"75001c59\" data-element_type=\"column\">\n\t\t\t<div class=\"elementor-widget-wrap elementor-element-populated\">\n\t\t\t\t\t\t<div class=\"elementor-element elementor-element-4e36d7ea elementor-widget elementor-widget-text-editor\" data-id=\"4e36d7ea\" data-element_type=\"widget\" data-widget_type=\"text-editor.default\">\n\t\t\t\t<div class=\"elementor-widget-container\">\n\t\t\t\t\t\t\t<p><span style=\"font-weight: 400;\">Canc\u00fan, Q.R., a 26 de septiembre de 2022.- \u201cSintamos Canc\u00fan como nuestro hogar y como nuestra responsabilidad. Seamos cancunenses porque nuestro coraz\u00f3n as\u00ed nos lo dice. Canc\u00fan nos une, y eso es lo que tenemos todos en com\u00fan\u201d, afirm\u00f3 la Presidenta Municipal, Ana Patricia Peralta de la Pe\u00f1a, con un entusiasta mensaje de fortalecimiento de la identidad cancunense que une a todas y todos, al rendir protesta de ley al frente del H. Ayuntamiento Constitucional de Benito Ju\u00e1rez 2021-2024.<\/span><\/p><p><span style=\"font-weight: 400;\">\u00a0<\/span><\/p><p><span style=\"font-weight: 400;\">Con la presencia de la Gobernadora de Quintana Roo, Mara Lezama, quien tom\u00f3 protesta a la nueva Presidenta Municipal en su primer acto en Benito Ju\u00e1rez; as\u00ed como del presidente de la Junta de Gobierno y Coordinaci\u00f3n Pol\u00edtica de la XVII Legislatura, Ren\u00e1n S\u00e1nchez Tajonar y la magistrada Adriana C\u00e1rdenas Aguilar, en representaci\u00f3n del Tribunal Superior de Justicia y del Consejo de la Judicatura del Estado, se llev\u00f3 a cabo la ceremonia p\u00fablica de Toma de Protesta en el recinto oficial \u201c20 de abril\u201d, en el Palacio Municipal.<\/span><\/p><p><span style=\"font-weight: 400;\">\u00a0<\/span><\/p><p><span style=\"font-weight: 400;\">La Presidenta Municipal, Ana Patricia Peralta de la Pe\u00f1a, puntualiz\u00f3 que privilegiar\u00e1 la coordinaci\u00f3n entre el Municipio, el Gobierno Estatal y el Gobierno de M\u00e9xico, para darle a Canc\u00fan y su gente lo que se merecen: \u201cUn gobierno transparente que cuida a cada una de las y los benitojuarenses, velando por el bien de todos, siempre con el objetivo de ofrecer una calidad de vida digna y una ciudad de primer nivel\u201d.<\/span><\/p><p><span style=\"font-weight: 400;\">\u00a0<\/span><\/p><p><span style=\"font-weight: 400;\">Destac\u00f3 que en esta nueva etapa, continuar\u00e1 bajo los compromisos de la Cuarta Transformaci\u00f3n heredados de sus antecesoras y del Presidente Andr\u00e9s Manuel L\u00f3pez Obrador. \u201cCanc\u00fan podr\u00e1 estar seguro del avance y desarrollo en beneficio de las y los benitojuarenses, con la visi\u00f3n de igualdad social que tanto se merece la ciudadan\u00eda\u201d, dijo.<\/span><\/p><p><span style=\"font-weight: 400;\">\u00a0<\/span><\/p><p><span style=\"font-weight: 400;\">\u201cHoy no cambiamos de gobierno, sino continuamos una nueva etapa de la administraci\u00f3n, el gobierno municipal 2021-2024 y del gobierno que desde el 2018 sembr\u00f3 en Benito Ju\u00e1rez la semilla de la Cuarta Transformaci\u00f3n. Transformaci\u00f3n que ya lleg\u00f3 a todo nuestro estado, con la primera mujer gobernadora constitucional de nuestra historia, nuestra Gobernadora, Mara Lezama\u201d, expres\u00f3.<\/span><\/p><p><span style=\"font-weight: 400;\">\u00a0<\/span><\/p><p><span style=\"font-weight: 400;\">Con la presencia de personalidades de la pol\u00edtica, empresarios, sociedad, medios de comunicaci\u00f3n, familiares y amigos, quienes fueron testigos de su nueva encomienda, la Presidenta Municipal, Ana Patricia Peralta de la Pe\u00f1a, asumi\u00f3 el compromiso de luchar por eliminar las brechas de desigualdad que a\u00fan perduran en la sociedad.<\/span><\/p><p><span style=\"font-weight: 400;\">\u00a0<\/span><\/p><p><span style=\"font-weight: 400;\">\u201cEstoy profundamente orgullosa de ser cancunense, tengo la entereza y la pasi\u00f3n para enfrentar los desaf\u00edos de nuestra ciudad. Tengo la humildad para escuchar y para construir en equipo. Creo en la lealtad y en el valor de la palabra\u201d, subray\u00f3.<\/span><\/p><p><span style=\"font-weight: 400;\">\u00a0<\/span><\/p><p><span style=\"font-weight: 400;\">Adem\u00e1s, asegur\u00f3 que durante su gesti\u00f3n se proporcionar\u00e1n igualdad de oportunidades a todos los sectores de la sociedad, con especial atenci\u00f3n a los sectores m\u00e1s vulnerables, con quienes se saldar\u00e1 una deuda social y se trabajar\u00e1 de manera cercana, con un gobierno abierto que escucha a su gente.<\/span><\/p><p><span style=\"font-weight: 400;\">\u00a0<\/span><\/p><p><span style=\"font-weight: 400;\">\u201cNo vine a prometer. Vine a comprometerme con las mujeres, con los j\u00f3venes, con los adultos mayores, con las personas con discapacidad, con la comunidad de la diversidad sexual, con las ni\u00f1as y los ni\u00f1os, y con todos los seres humanos que llegan a esta ciudad\u201d, enfatiz\u00f3.<\/span><\/p><p><span style=\"font-weight: 400;\">\u00a0<\/span><\/p><p><span style=\"font-weight: 400;\">Asimismo, hizo un llamado a la comunidad a recuperar la identidad cancunense, a reforzar la cooperaci\u00f3n comunitaria, la convivencia familiar, el tejido social y el respeto mutuo, para consolidar una ciudad igualitaria en la que la ciudadan\u00eda sea pieza clave para confirmarle al mundo lo maravilloso que es Canc\u00fan, tanto en su belleza natural, como en la calidad y calidez que caracteriza a los cancunenses.<\/span><\/p><p>\u00a0<\/p><p><span style=\"font-weight: 400;\">La Presidenta Municipal replic\u00f3 la invitaci\u00f3n a todos los sectores, empresarios, hoteleros, prestadores de servicios, servidores p\u00fablicos, acad\u00e9micos, representantes de las distintas c\u00e1maras y a la sociedad en general; a sumarse junto con ella en una sola meta: \u201clograr la mejor versi\u00f3n de nuestra ciudad\u201d.<\/span><\/p><p><span style=\"font-weight: 400;\">\u00a0<\/span><\/p><p><span style=\"font-weight: 400;\">A\u00f1adi\u00f3 que como Presidenta Municipal se redoblar\u00e1n esfuerzos encaminados a la recuperaci\u00f3n de espacios p\u00fablicos en donde las ni\u00f1as, ni\u00f1os y adolescentes puedan crecer y desarrollarse de manera segura; y con un municipio que respete los derechos de las mujeres, en el cual erradicar la violencia de g\u00e9nero sea una tarea de todos los d\u00edas.<\/span><\/p><p><span style=\"font-weight: 400;\">\u00a0<\/span><\/p><p><span style=\"font-weight: 400;\">La Primera Autoridad Municipal reiter\u00f3 su trayectoria y experiencia como representante de las y los ciudadanos, fungiendo en anteriores a\u00f1os como regidora de Benito Ju\u00e1rez, diputada local y diputada federal, puestos que respaldan su liderazgo ahora al frente de la administraci\u00f3n municipal.<\/span><\/p><p><span style=\"font-weight: 400;\">\u00a0<\/span><\/p><p><span style=\"font-weight: 400;\">Con ello, reafirm\u00f3 que desde el gobierno municipal otra de sus prioridades ser\u00e1 trabajar en consolidar el liderazgo de la marca Canc\u00fan, el cual portar\u00e1 con responsabilidad y gran amor, amor a la tierra y a su gente, quienes compartir\u00e1n en los pr\u00f3ximos dos a\u00f1os acciones y programas que marcar\u00e1n la historia de una ciudad en constante crecimiento.<\/span><\/p><p>\u00a0<\/p><p><span style=\"font-weight: 400;\">\u201cHoy estoy preparada para esta gran responsabilidad al encabezar una de las ciudades con mayor crecimiento poblacional del pa\u00eds en las \u00faltimas d\u00e9cadas, con una infraestructura de servicios tur\u00edsticos de primer nivel, con uno de los aeropuertos m\u00e1s importantes de M\u00e9xico y Am\u00e9rica Latina, con un nombre que es reconocido en todo el mundo\u201d, expres\u00f3.<\/span><\/p><p>\u00a0<\/p><p><span style=\"font-weight: 400;\">Coment\u00f3 que de la mano con la sociedad civil, empresarios y gobierno, avanzar\u00e1n durante los pr\u00f3ximos dos a\u00f1os, como un mismo equipo, unido y con los mismos ideales de progreso y prosperidad para todas y todos, en forma corresponsable.\u00a0<\/span><\/p><p>\u00a0<\/p><p><span style=\"font-weight: 400;\">\u201cJuntas y juntos, las y los cancunenses seguimos construyendo este gran proyecto transformador, para ti y para todos, lo que nos une es lo que somos. Canc\u00fan nos une\u201d, finaliz\u00f3 en su mensaje.<\/span><\/p><p>\u00a0<\/p><p><span style=\"font-weight: 400;\">La gobernadora Mara Lezama, a poco m\u00e1s de 24 horas de tomar el cargo, refrend\u00f3 su total apoyo a la presidenta municipal, Ana Patricia Peralta de la Pe\u00f1a, as\u00ed como a seguir con un di\u00e1logo democr\u00e1tico y una gesti\u00f3n estatal respetuosa de la divisi\u00f3n de poderes para consolidar una nueva pol\u00edtica de igualdad de g\u00e9nero.\u00a0<\/span><\/p><p>\u00a0<\/p><p><span style=\"font-weight: 400;\">\u201cTe reitero Ana Paty mi compromiso de trabajar de la mano contigo, con ustedes, en aras del bien com\u00fan y de ser totalmente respetuosa de la autonom\u00eda municipal. Con este gran equipo y gran Cabildo, tomados de la mano, estoy segura que Benito Ju\u00e1rez est\u00e1 en buenas manos\u201d, afirm\u00f3.\u00a0\u00a0<\/span><\/p>\t\t\t\t\t\t<\/div>\n\t\t\t\t<\/div>\n\t\t\t\t\t<\/div>\n\t\t<\/div>\n\t\t\t\t\t<\/div>\n\t\t<\/section>\n\t\t\t\t<section class=\"elementor-section elementor-top-section elementor-element elementor-element-12058552 elementor-section-boxed elementor-section-height-default elementor-section-height-default\" data-id=\"12058552\" data-element_type=\"section\">\n\t\t\t\t\t\t<div class=\"elementor-container elementor-column-gap-default\">\n\t\t\t\t\t<div class=\"elementor-column elementor-col-100 elementor-top-column elementor-element elementor-element-7968b23d\" data-id=\"7968b23d\" data-element_type=\"column\">\n\t\t\t<div class=\"elementor-widget-wrap elementor-element-populated\">\n\t\t\t\t\t\t<div class=\"elementor-element elementor-element-7a4f7869 elementor-widget elementor-widget-gallery\" data-id=\"7a4f7869\" data-element_type=\"widget\" data-settings=\"{&quot;gallery_layout&quot;:&quot;justified&quot;,&quot;lazyload&quot;:&quot;yes&quot;,&quot;ideal_row_height&quot;:{&quot;unit&quot;:&quot;px&quot;,&quot;size&quot;:200,&quot;sizes&quot;:[]},&quot;ideal_row_height_tablet&quot;:{&quot;unit&quot;:&quot;px&quot;,&quot;size&quot;:150,&quot;sizes&quot;:[]},&quot;ideal_row_height_mobile&quot;:{&quot;unit&quot;:&quot;px&quot;,&quot;size&quot;:150,&quot;sizes&quot;:[]},&quot;gap&quot;:{&quot;unit&quot;:&quot;px&quot;,&quot;size&quot;:10,&quot;sizes&quot;:[]},&quot;gap_tablet&quot;:{&quot;unit&quot;:&quot;px&quot;,&quot;size&quot;:10,&quot;sizes&quot;:[]},&quot;gap_mobile&quot;:{&quot;unit&quot;:&quot;px&quot;,&quot;size&quot;:10,&quot;sizes&quot;:[]},&quot;link_to&quot;:&quot;file&quot;,&quot;overlay_background&quot;:&quot;yes&quot;,&quot;content_hover_animation&quot;:&quot;fade-in&quot;}\" data-widget_type=\"gallery.default\">\n\t\t\t\t<div class=\"elementor-widget-container\">\n\t\t\t\t\t<div class=\"elementor-gallery__container\">\n\t\t\t\t\t\t\t<a class=\"e-gallery-item elementor-gallery-item elementor-animated-content\" href=\"https:\/\/transformarqroo.com\/wp-content\/uploads\/2022\/09\/BJ-26_09_221.jpg\" data-elementor-open-lightbox=\"yes\" data-elementor-lightbox-slideshow=\"7a4f7869\" data-elementor-lightbox-title=\"BJ 26_09_22(1)\" data-e-action-hash=\"#elementor-action%3Aaction%3Dlightbox%26settings%3DeyJpZCI6MTEyMDQsInVybCI6Imh0dHBzOlwvXC90cmFuc2Zvcm1hcnFyb28uY29tXC93cC1jb250ZW50XC91cGxvYWRzXC8yMDIyXC8wOVwvQkotMjZfMDlfMjIxLmpwZyIsInNsaWRlc2hvdyI6IjdhNGY3ODY5In0%3D\">\n\t\t\t\t\t<div class=\"e-gallery-image elementor-gallery-item__image\" data-thumbnail=\"https:\/\/transformarqroo.com\/wp-content\/uploads\/2022\/09\/BJ-26_09_221.jpg\" data-width=\"1280\" data-height=\"853\" aria-label=\"\" role=\"img\" ><\/div>\n\t\t\t\t\t\t\t\t\t\t\t<div class=\"elementor-gallery-item__overlay\"><\/div>\n\t\t\t\t\t\t\t\t\t\t\t\t\t\t<\/a>\n\t\t\t\t\t\t\t<a class=\"e-gallery-item elementor-gallery-item elementor-animated-content\" href=\"https:\/\/transformarqroo.com\/wp-content\/uploads\/2022\/09\/BJ-26_09_222.jpg\" data-elementor-open-lightbox=\"yes\" data-elementor-lightbox-slideshow=\"7a4f7869\" data-elementor-lightbox-title=\"BJ 26_09_22(2)\" data-e-action-hash=\"#elementor-action%3Aaction%3Dlightbox%26settings%3DeyJpZCI6MTEyMDUsInVybCI6Imh0dHBzOlwvXC90cmFuc2Zvcm1hcnFyb28uY29tXC93cC1jb250ZW50XC91cGxvYWRzXC8yMDIyXC8wOVwvQkotMjZfMDlfMjIyLmpwZyIsInNsaWRlc2hvdyI6IjdhNGY3ODY5In0%3D\">\n\t\t\t\t\t<div class=\"e-gallery-image elementor-gallery-item__image\" data-thumbnail=\"https:\/\/transformarqroo.com\/wp-content\/uploads\/2022\/09\/BJ-26_09_222.jpg\" data-width=\"1280\" data-height=\"853\" aria-label=\"\" role=\"img\" ><\/div>\n\t\t\t\t\t\t\t\t\t\t\t<div class=\"elementor-gallery-item__overlay\"><\/div>\n\t\t\t\t\t\t\t\t\t\t\t\t\t\t<\/a>\n\t\t\t\t\t\t\t<a class=\"e-gallery-item elementor-gallery-item elementor-animated-content\" href=\"https:\/\/transformarqroo.com\/wp-content\/uploads\/2022\/09\/BJ-26_09_223.jpg\" data-elementor-open-lightbox=\"yes\" data-elementor-lightbox-slideshow=\"7a4f7869\" data-elementor-lightbox-title=\"BJ 26_09_22(3)\" data-e-action-hash=\"#elementor-action%3Aaction%3Dlightbox%26settings%3DeyJpZCI6MTEyMDYsInVybCI6Imh0dHBzOlwvXC90cmFuc2Zvcm1hcnFyb28uY29tXC93cC1jb250ZW50XC91cGxvYWRzXC8yMDIyXC8wOVwvQkotMjZfMDlfMjIzLmpwZyIsInNsaWRlc2hvdyI6IjdhNGY3ODY5In0%3D\">\n\t\t\t\t\t<div class=\"e-gallery-image elementor-gallery-item__image\" data-thumbnail=\"https:\/\/transformarqroo.com\/wp-content\/uploads\/2022\/09\/BJ-26_09_223.jpg\" data-width=\"1280\" data-height=\"853\" aria-label=\"\" role=\"img\" ><\/div>\n\t\t\t\t\t\t\t\t\t\t\t<div class=\"elementor-gallery-item__overlay\"><\/div>\n\t\t\t\t\t\t\t\t\t\t\t\t\t\t<\/a>\n\t\t\t\t\t\t\t<a class=\"e-gallery-item elementor-gallery-item elementor-animated-content\" href=\"https:\/\/transformarqroo.com\/wp-content\/uploads\/2022\/09\/BJ-26_09_224.jpg\" data-elementor-open-lightbox=\"yes\" data-elementor-lightbox-slideshow=\"7a4f7869\" data-elementor-lightbox-title=\"BJ 26_09_22(4)\" data-e-action-hash=\"#elementor-action%3Aaction%3Dlightbox%26settings%3DeyJpZCI6MTEyMDcsInVybCI6Imh0dHBzOlwvXC90cmFuc2Zvcm1hcnFyb28uY29tXC93cC1jb250ZW50XC91cGxvYWRzXC8yMDIyXC8wOVwvQkotMjZfMDlfMjI0LmpwZyIsInNsaWRlc2hvdyI6IjdhNGY3ODY5In0%3D\">\n\t\t\t\t\t<div class=\"e-gallery-image elementor-gallery-item__image\" data-thumbnail=\"https:\/\/transformarqroo.com\/wp-content\/uploads\/2022\/09\/BJ-26_09_224.jpg\" data-width=\"1280\" data-height=\"853\" aria-label=\"\" role=\"img\" ><\/div>\n\t\t\t\t\t\t\t\t\t\t\t<div class=\"elementor-gallery-item__overlay\"><\/div>\n\t\t\t\t\t\t\t\t\t\t\t\t\t\t<\/a>\n\t\t\t\t\t\t\t<a class=\"e-gallery-item elementor-gallery-item elementor-animated-content\" href=\"https:\/\/transformarqroo.com\/wp-content\/uploads\/2022\/09\/BJ-26_09_225.jpg\" data-elementor-open-lightbox=\"yes\" data-elementor-lightbox-slideshow=\"7a4f7869\" data-elementor-lightbox-title=\"BJ 26_09_22(5)\" data-e-action-hash=\"#elementor-action%3Aaction%3Dlightbox%26settings%3DeyJpZCI6MTEyMDgsInVybCI6Imh0dHBzOlwvXC90cmFuc2Zvcm1hcnFyb28uY29tXC93cC1jb250ZW50XC91cGxvYWRzXC8yMDIyXC8wOVwvQkotMjZfMDlfMjI1LmpwZyIsInNsaWRlc2hvdyI6IjdhNGY3ODY5In0%3D\">\n\t\t\t\t\t<div class=\"e-gallery-image elementor-gallery-item__image\" data-thumbnail=\"https:\/\/transformarqroo.com\/wp-content\/uploads\/2022\/09\/BJ-26_09_225.jpg\" data-width=\"1280\" data-height=\"853\" aria-label=\"\" role=\"img\" ><\/div>\n\t\t\t\t\t\t\t\t\t\t\t<div class=\"elementor-gallery-item__overlay\"><\/div>\n\t\t\t\t\t\t\t\t\t\t\t\t\t\t<\/a>\n\t\t\t\t\t\t\t<a class=\"e-gallery-item elementor-gallery-item elementor-animated-content\" href=\"https:\/\/transformarqroo.com\/wp-content\/uploads\/2022\/09\/BJ-26_09_226.jpg\" data-elementor-open-lightbox=\"yes\" data-elementor-lightbox-slideshow=\"7a4f7869\" data-elementor-lightbox-title=\"BJ 26_09_22(6)\" data-e-action-hash=\"#elementor-action%3Aaction%3Dlightbox%26settings%3DeyJpZCI6MTEyMDksInVybCI6Imh0dHBzOlwvXC90cmFuc2Zvcm1hcnFyb28uY29tXC93cC1jb250ZW50XC91cGxvYWRzXC8yMDIyXC8wOVwvQkotMjZfMDlfMjI2LmpwZyIsInNsaWRlc2hvdyI6IjdhNGY3ODY5In0%3D\">\n\t\t\t\t\t<div class=\"e-gallery-image elementor-gallery-item__image\" data-thumbnail=\"https:\/\/transformarqroo.com\/wp-content\/uploads\/2022\/09\/BJ-26_09_226.jpg\" data-width=\"1280\" data-height=\"853\" aria-label=\"\" role=\"img\" ><\/div>\n\t\t\t\t\t\t\t\t\t\t\t<div class=\"elementor-gallery-item__overlay\"><\/div>\n\t\t\t\t\t\t\t\t\t\t\t\t\t\t<\/a>\n\t\t\t\t\t\t\t<a class=\"e-gallery-item elementor-gallery-item elementor-animated-content\" href=\"https:\/\/transformarqroo.com\/wp-content\/uploads\/2022\/09\/BJ-26_09_22.jpg\" data-elementor-open-lightbox=\"yes\" data-elementor-lightbox-slideshow=\"7a4f7869\" data-elementor-lightbox-title=\"BJ 26_09_22\" data-e-action-hash=\"#elementor-action%3Aaction%3Dlightbox%26settings%3DeyJpZCI6MTEyMTAsInVybCI6Imh0dHBzOlwvXC90cmFuc2Zvcm1hcnFyb28uY29tXC93cC1jb250ZW50XC91cGxvYWRzXC8yMDIyXC8wOVwvQkotMjZfMDlfMjIuanBnIiwic2xpZGVzaG93IjoiN2E0Zjc4NjkifQ%3D%3D\">\n\t\t\t\t\t<div class=\"e-gallery-image elementor-gallery-item__image\" data-thumbnail=\"https:\/\/transformarqroo.com\/wp-content\/uploads\/2022\/09\/BJ-26_09_22.jpg\" data-width=\"1280\" data-height=\"853\" aria-label=\"\" role=\"img\" ><\/div>\n\t\t\t\t\t\t\t\t\t\t\t<div class=\"elementor-gallery-item__overlay\"><\/div>\n\t\t\t\t\t\t\t\t\t\t\t\t\t\t<\/a>\n\t\t\t\t\t<\/div>\n\t\t\t<\/div>\n\t\t\t\t<\/div>\n\t\t\t\t\t<\/div>\n\t\t<\/div>\n\t\t\t\t\t<\/div>\n\t\t<\/section>\n\t\t\t\t<\/div>\n\t\t","protected":false},"excerpt":{"rendered":"<p>Canc\u00fan, Q.R., a 26 de septiembre de 2022.- \u201cSintamos Canc\u00fan como nuestro hogar y como nuestra responsabilidad. Seamos cancunenses porque nuestro coraz\u00f3n as\u00ed nos lo dice. Canc\u00fan nos une, y eso es lo que tenemos todos en com\u00fan\u201d, afirm\u00f3 la Presidenta Municipal, Ana Patricia Peralta de la Pe\u00f1a, con un entusiasta mensaje de fortalecimiento de [&hellip;]<\/p>\n","protected":false},"author":1,"featured_media":11205,"comment_status":"closed","ping_status":"closed","sticky":false,"template":"","format":"standard","meta":{"_FSMCFIC_featured_image_caption":"","_FSMCFIC_featured_image_nocaption":"","_FSMCFIC_featured_image_hide":"1","footnotes":""},"categories":[32,21],"tags":[63,12],"class_list":["post-11203","post","type-post","status-publish","format-standard","has-post-thumbnail","hentry","category-municipios","category-benito-juarez","tag-ana-patricia-peralta","tag-mara-lezama"],"aioseo_notices":[],"_links":{"self":[{"href":"https:\/\/transformarqroo.com\/index.php\/wp-json\/wp\/v2\/posts\/11203","targetHints":{"allow":["GET"]}}],"collection":[{"href":"https:\/\/transformarqroo.com\/index.php\/wp-json\/wp\/v2\/posts"}],"about":[{"href":"https:\/\/transformarqroo.com\/index.php\/wp-json\/wp\/v2\/types\/post"}],"author":[{"embeddable":true,"href":"https:\/\/transformarqroo.com\/index.php\/wp-json\/wp\/v2\/users\/1"}],"replies":[{"embeddable":true,"href":"https:\/\/transformarqroo.com\/index.php\/wp-json\/wp\/v2\/comments?post=11203"}],"version-history":[{"count":4,"href":"https:\/\/transformarqroo.com\/index.php\/wp-json\/wp\/v2\/posts\/11203\/revisions"}],"predecessor-version":[{"id":11214,"href":"https:\/\/transformarqroo.com\/index.php\/wp-json\/wp\/v2\/posts\/11203\/revisions\/11214"}],"wp:featuredmedia":[{"embeddable":true,"href":"https:\/\/transformarqroo.com\/index.php\/wp-json\/wp\/v2\/media\/11205"}],"wp:attachment":[{"href":"https:\/\/transformarqroo.com\/index.php\/wp-json\/wp\/v2\/media?parent=11203"}],"wp:term":[{"taxonomy":"category","embeddable":true,"href":"https:\/\/transformarqroo.com\/index.php\/wp-json\/wp\/v2\/categories?post=11203"},{"taxonomy":"post_tag","embeddable":true,"href":"https:\/\/transformarqroo.com\/index.php\/wp-json\/wp\/v2\/tags?post=11203"}],"curies":[{"name":"wp","href":"https:\/\/api.w.org\/{rel}","templated":true}]}}