{"id":11215,"date":"2022-09-27T09:02:00","date_gmt":"2022-09-27T14:02:00","guid":{"rendered":"https:\/\/transformarqroo.com\/?p=11215"},"modified":"2022-09-28T09:09:09","modified_gmt":"2022-09-28T14:09:09","slug":"asume-ana-patricia-peralta-mando-de-seguridad-publica-en-bj","status":"publish","type":"post","link":"https:\/\/transformarqroo.com\/index.php\/2022\/09\/27\/asume-ana-patricia-peralta-mando-de-seguridad-publica-en-bj\/","title":{"rendered":"ASUME ANA PATRICIA PERALTA MANDO DE SEGURIDAD P\u00daBLICA EN BJ"},"content":{"rendered":"\t\t<div data-elementor-type=\"wp-post\" data-elementor-id=\"11215\" class=\"elementor elementor-11215\" data-elementor-post-type=\"post\">\n\t\t\t\t\t\t<section class=\"elementor-section elementor-top-section elementor-element elementor-element-2a886492 elementor-section-boxed elementor-section-height-default elementor-section-height-default\" data-id=\"2a886492\" data-element_type=\"section\">\n\t\t\t\t\t\t<div class=\"elementor-container elementor-column-gap-default\">\n\t\t\t\t\t<div class=\"elementor-column elementor-col-100 elementor-top-column elementor-element elementor-element-6eee700b\" data-id=\"6eee700b\" data-element_type=\"column\">\n\t\t\t<div class=\"elementor-widget-wrap elementor-element-populated\">\n\t\t\t\t\t\t<div class=\"elementor-element elementor-element-76361f16 elementor-widget elementor-widget-premium-addon-banner\" data-id=\"76361f16\" data-element_type=\"widget\" data-widget_type=\"premium-addon-banner.default\">\n\t\t\t\t<div class=\"elementor-widget-container\">\n\t\t\t\t\t<div class=\"premium-banner-ib premium-banner-min-height premium-banner-animation7 none\">\r\n\t\t\t\t\t\t\t<div class=\"premium-banner-border\">\r\n\t\t\t\t\t<div class=\"premium-banner-br premium-banner-bleft premium-banner-brlr\"><\/div>\r\n\t\t\t\t\t<div class=\"premium-banner-br premium-banner-bright premium-banner-brlr\"><\/div>\r\n\t\t\t\t\t<div class=\"premium-banner-br premium-banner-btop premium-banner-brtb\"><\/div>\r\n\t\t\t\t\t<div class=\"premium-banner-br premium-banner-bottom premium-banner-brtb\"><\/div>\r\n\t\t\t\t<\/div>\r\n\t\t\t\t\t\t\t\t\t\t\t\t\t\t\t<img fetchpriority=\"high\" decoding=\"async\" width=\"1024\" height=\"676\" src=\"https:\/\/transformarqroo.com\/wp-content\/uploads\/2022\/09\/BJ-27_09_225.jpg\" class=\"attachment-full size-full wp-image-11220\" alt=\"\" srcset=\"https:\/\/transformarqroo.com\/wp-content\/uploads\/2022\/09\/BJ-27_09_225.jpg 1024w, https:\/\/transformarqroo.com\/wp-content\/uploads\/2022\/09\/BJ-27_09_225-300x198.jpg 300w, https:\/\/transformarqroo.com\/wp-content\/uploads\/2022\/09\/BJ-27_09_225-768x507.jpg 768w\" sizes=\"(max-width: 1024px) 100vw, 1024px\" \/>\t\t\t\t\t\t\t\t\t\t<div class=\"premium-banner-ib-desc\">\r\n\t\t\t\t\t\t\t\t\t<div class=\"premium-banner-desc-centered\">\r\n\t\t\t\t\t\t\t\t\t<h3 class=\"premium-banner-ib-title premium_banner_title\"><\/h3>\t\t\t\t\t\t\t\t\t\t\t\t\t<\/div>\r\n\t\t\t\t\t\t\t<\/div>\r\n\t\t\t\t\t<\/div>\r\n\t\t\t\t\t\t<\/div>\n\t\t\t\t<\/div>\n\t\t\t\t\t<\/div>\n\t\t<\/div>\n\t\t\t\t\t<\/div>\n\t\t<\/section>\n\t\t\t\t<section class=\"elementor-section elementor-top-section elementor-element elementor-element-7c2937dd elementor-section-boxed elementor-section-height-default elementor-section-height-default\" data-id=\"7c2937dd\" data-element_type=\"section\">\n\t\t\t\t\t\t<div class=\"elementor-container elementor-column-gap-default\">\n\t\t\t\t\t<div class=\"elementor-column elementor-col-100 elementor-top-column elementor-element elementor-element-1b93490d\" data-id=\"1b93490d\" data-element_type=\"column\">\n\t\t\t<div class=\"elementor-widget-wrap elementor-element-populated\">\n\t\t\t\t\t\t<div class=\"elementor-element elementor-element-2cf07fc1 elementor-widget elementor-widget-text-editor\" data-id=\"2cf07fc1\" data-element_type=\"widget\" data-widget_type=\"text-editor.default\">\n\t\t\t\t<div class=\"elementor-widget-container\">\n\t\t\t\t\t\t\t<p><span style=\"font-weight: 400;\">Canc\u00fan, Q.R., a 27 de septiembre de 2022.- En las primeras horas al frente de la administraci\u00f3n 2021-2024 y como primer acto oficial, la presidenta municipal Ana Patricia Peralta de la Pe\u00f1a, asumi\u00f3 el mando de la Secretar\u00eda Municipal de Seguridad P\u00fablica y Tr\u00e1nsito, instituci\u00f3n fundamental que garantiza la seguridad interior y sobre todo coadyuva en la construcci\u00f3n de la paz en Benito Ju\u00e1rez.<\/span><\/p><p><span style=\"font-weight: 400;\">\u00a0<\/span><\/p><p><span style=\"font-weight: 400;\">\u201cComo Presidenta Municipal, adquiero esta responsabilidad como uno de los compromisos m\u00e1s importantes de mi trayectoria profesional: velar por la integridad de las y los habitantes de Canc\u00fan, como si fuera la de mi propia familia, porque cada familia benitojuarense es la m\u00eda\u201d, afirm\u00f3 durante el pase de lista.<\/span><\/p><p><span style=\"font-weight: 400;\">\u00a0<\/span><\/p><p><span style=\"font-weight: 400;\">Acompa\u00f1ada por diferentes servidores p\u00fablicos y directivos de la dependencia, la Presidenta Municipal exhort\u00f3 a los elementos a seguir desempe\u00f1ando sus funciones con honestidad, honradez y vocaci\u00f3n as\u00ed como a ser gestores de la paz de Benito Ju\u00e1rez para atender a los cancunenses y seguir avanzando en la reconstrucci\u00f3n del tejido social.<\/span><\/p><p><span style=\"font-weight: 400;\">\u00a0<\/span><\/p><p><span style=\"font-weight: 400;\">\u201cAntes que a nada ni a nadie, nuestra lealtad est\u00e1 con la gente. En segundo lugar, debemos poner \u00e9nfasis en el modelo de la polic\u00eda de proximidad, con una comunicaci\u00f3n cercana a la sociedad, estrechar la interacci\u00f3n con ella, ayudarle a la gente, ser atentos, escucharlos, hacerlos sentir que estamos para servirlos y protegerlos\u201d, dijo.<\/span><\/p><p><span style=\"font-weight: 400;\">\u00a0<\/span><\/p><p><span style=\"font-weight: 400;\">La Presidenta Municipal\u00a0 resalt\u00f3 que a trav\u00e9s de la corresponsabilidad, se buscar\u00e1 que la seguridad se construya de manera colectiva, respaldando un nuevo esquema de justicia c\u00edvica, para que la corporaci\u00f3n deje de ser vista como un cuerpo represivo, sino un facilitador de la vida social, gracias al fortalecimiento de la dependencia y la coordinaci\u00f3n con la Guardia Nacional y las fiscal\u00edas generales para la prevenci\u00f3n del delito.<\/span><\/p><p><span style=\"font-weight: 400;\">\u00a0<\/span><\/p><p><span style=\"font-weight: 400;\">De igual forma, subray\u00f3 la importancia de continuar como gesti\u00f3n de gobierno fortaleciendo la capacitaci\u00f3n continua de los cuerpos policiacos y de emergencia en Canc\u00fan, as\u00ed como dot\u00e1ndolos de herramientas para el desempe\u00f1o de sus funciones, para alcanzar mejores resultados en este rubro que forma parte del eje Canc\u00fan por la Paz, del Plan Municipal de Desarrollo 2021-2022.\u00a0\u00a0<\/span><\/p><p><span style=\"font-weight: 400;\">\u00a0<\/span><\/p><p><span style=\"font-weight: 400;\">Por \u00faltimo, la Presidenta Municipal realiz\u00f3 un recorrido por las instalaciones de la Secretar\u00eda Municipal de Seguridad P\u00fablica y Tr\u00e1nsito, junto con su titular Rub\u00e9n Oyarvide Pedrero; el diputado presidente de la Comisi\u00f3n de Seguridad P\u00fablica de la XVII Legislatura del Congreso del Estado, Issac Janix Alan\u00eds; el s\u00edndico municipal, Pablo Guti\u00e9rrez Fern\u00e1ndez; as\u00ed como dem\u00e1s regidores asistentes.<\/span><\/p>\t\t\t\t\t\t<\/div>\n\t\t\t\t<\/div>\n\t\t\t\t\t<\/div>\n\t\t<\/div>\n\t\t\t\t\t<\/div>\n\t\t<\/section>\n\t\t\t\t<section class=\"elementor-section elementor-top-section elementor-element elementor-element-49f50ebc elementor-section-boxed elementor-section-height-default elementor-section-height-default\" data-id=\"49f50ebc\" data-element_type=\"section\">\n\t\t\t\t\t\t<div class=\"elementor-container elementor-column-gap-default\">\n\t\t\t\t\t<div class=\"elementor-column elementor-col-100 elementor-top-column elementor-element elementor-element-55586e6e\" data-id=\"55586e6e\" data-element_type=\"column\">\n\t\t\t<div class=\"elementor-widget-wrap elementor-element-populated\">\n\t\t\t\t\t\t<div class=\"elementor-element elementor-element-5096fd5d elementor-widget elementor-widget-gallery\" data-id=\"5096fd5d\" data-element_type=\"widget\" data-settings=\"{&quot;gallery_layout&quot;:&quot;justified&quot;,&quot;lazyload&quot;:&quot;yes&quot;,&quot;ideal_row_height&quot;:{&quot;unit&quot;:&quot;px&quot;,&quot;size&quot;:200,&quot;sizes&quot;:[]},&quot;ideal_row_height_tablet&quot;:{&quot;unit&quot;:&quot;px&quot;,&quot;size&quot;:150,&quot;sizes&quot;:[]},&quot;ideal_row_height_mobile&quot;:{&quot;unit&quot;:&quot;px&quot;,&quot;size&quot;:150,&quot;sizes&quot;:[]},&quot;gap&quot;:{&quot;unit&quot;:&quot;px&quot;,&quot;size&quot;:10,&quot;sizes&quot;:[]},&quot;gap_tablet&quot;:{&quot;unit&quot;:&quot;px&quot;,&quot;size&quot;:10,&quot;sizes&quot;:[]},&quot;gap_mobile&quot;:{&quot;unit&quot;:&quot;px&quot;,&quot;size&quot;:10,&quot;sizes&quot;:[]},&quot;link_to&quot;:&quot;file&quot;,&quot;overlay_background&quot;:&quot;yes&quot;,&quot;content_hover_animation&quot;:&quot;fade-in&quot;}\" data-widget_type=\"gallery.default\">\n\t\t\t\t<div class=\"elementor-widget-container\">\n\t\t\t\t\t<div class=\"elementor-gallery__container\">\n\t\t\t\t\t\t\t<a class=\"e-gallery-item elementor-gallery-item elementor-animated-content\" href=\"https:\/\/transformarqroo.com\/wp-content\/uploads\/2022\/09\/BJ-27_09_221.jpg\" data-elementor-open-lightbox=\"yes\" data-elementor-lightbox-slideshow=\"5096fd5d\" data-elementor-lightbox-title=\"BJ 27_09_22(1)\" data-e-action-hash=\"#elementor-action%3Aaction%3Dlightbox%26settings%3DeyJpZCI6MTEyMTYsInVybCI6Imh0dHBzOlwvXC90cmFuc2Zvcm1hcnFyb28uY29tXC93cC1jb250ZW50XC91cGxvYWRzXC8yMDIyXC8wOVwvQkotMjdfMDlfMjIxLmpwZyIsInNsaWRlc2hvdyI6IjUwOTZmZDVkIn0%3D\">\n\t\t\t\t\t<div class=\"e-gallery-image elementor-gallery-item__image\" data-thumbnail=\"https:\/\/transformarqroo.com\/wp-content\/uploads\/2022\/09\/BJ-27_09_221.jpg\" data-width=\"1024\" data-height=\"682\" aria-label=\"\" role=\"img\" ><\/div>\n\t\t\t\t\t\t\t\t\t\t\t<div class=\"elementor-gallery-item__overlay\"><\/div>\n\t\t\t\t\t\t\t\t\t\t\t\t\t\t<\/a>\n\t\t\t\t\t\t\t<a class=\"e-gallery-item elementor-gallery-item elementor-animated-content\" href=\"https:\/\/transformarqroo.com\/wp-content\/uploads\/2022\/09\/BJ-27_09_222.jpg\" data-elementor-open-lightbox=\"yes\" data-elementor-lightbox-slideshow=\"5096fd5d\" data-elementor-lightbox-title=\"BJ 27_09_22(2)\" data-e-action-hash=\"#elementor-action%3Aaction%3Dlightbox%26settings%3DeyJpZCI6MTEyMTcsInVybCI6Imh0dHBzOlwvXC90cmFuc2Zvcm1hcnFyb28uY29tXC93cC1jb250ZW50XC91cGxvYWRzXC8yMDIyXC8wOVwvQkotMjdfMDlfMjIyLmpwZyIsInNsaWRlc2hvdyI6IjUwOTZmZDVkIn0%3D\">\n\t\t\t\t\t<div class=\"e-gallery-image elementor-gallery-item__image\" data-thumbnail=\"https:\/\/transformarqroo.com\/wp-content\/uploads\/2022\/09\/BJ-27_09_222.jpg\" data-width=\"1024\" data-height=\"683\" aria-label=\"\" role=\"img\" ><\/div>\n\t\t\t\t\t\t\t\t\t\t\t<div class=\"elementor-gallery-item__overlay\"><\/div>\n\t\t\t\t\t\t\t\t\t\t\t\t\t\t<\/a>\n\t\t\t\t\t\t\t<a class=\"e-gallery-item elementor-gallery-item elementor-animated-content\" href=\"https:\/\/transformarqroo.com\/wp-content\/uploads\/2022\/09\/BJ-27_09_223.jpg\" data-elementor-open-lightbox=\"yes\" data-elementor-lightbox-slideshow=\"5096fd5d\" data-elementor-lightbox-title=\"BJ 27_09_22(3)\" data-e-action-hash=\"#elementor-action%3Aaction%3Dlightbox%26settings%3DeyJpZCI6MTEyMTgsInVybCI6Imh0dHBzOlwvXC90cmFuc2Zvcm1hcnFyb28uY29tXC93cC1jb250ZW50XC91cGxvYWRzXC8yMDIyXC8wOVwvQkotMjdfMDlfMjIzLmpwZyIsInNsaWRlc2hvdyI6IjUwOTZmZDVkIn0%3D\">\n\t\t\t\t\t<div class=\"e-gallery-image elementor-gallery-item__image\" data-thumbnail=\"https:\/\/transformarqroo.com\/wp-content\/uploads\/2022\/09\/BJ-27_09_223.jpg\" data-width=\"1024\" data-height=\"624\" aria-label=\"\" role=\"img\" ><\/div>\n\t\t\t\t\t\t\t\t\t\t\t<div class=\"elementor-gallery-item__overlay\"><\/div>\n\t\t\t\t\t\t\t\t\t\t\t\t\t\t<\/a>\n\t\t\t\t\t\t\t<a class=\"e-gallery-item elementor-gallery-item elementor-animated-content\" href=\"https:\/\/transformarqroo.com\/wp-content\/uploads\/2022\/09\/BJ-27_09_224.jpg\" data-elementor-open-lightbox=\"yes\" data-elementor-lightbox-slideshow=\"5096fd5d\" data-elementor-lightbox-title=\"BJ 27_09_22(4)\" data-e-action-hash=\"#elementor-action%3Aaction%3Dlightbox%26settings%3DeyJpZCI6MTEyMTksInVybCI6Imh0dHBzOlwvXC90cmFuc2Zvcm1hcnFyb28uY29tXC93cC1jb250ZW50XC91cGxvYWRzXC8yMDIyXC8wOVwvQkotMjdfMDlfMjI0LmpwZyIsInNsaWRlc2hvdyI6IjUwOTZmZDVkIn0%3D\">\n\t\t\t\t\t<div class=\"e-gallery-image elementor-gallery-item__image\" data-thumbnail=\"https:\/\/transformarqroo.com\/wp-content\/uploads\/2022\/09\/BJ-27_09_224.jpg\" data-width=\"1280\" data-height=\"853\" aria-label=\"\" role=\"img\" ><\/div>\n\t\t\t\t\t\t\t\t\t\t\t<div class=\"elementor-gallery-item__overlay\"><\/div>\n\t\t\t\t\t\t\t\t\t\t\t\t\t\t<\/a>\n\t\t\t\t\t\t\t<a class=\"e-gallery-item elementor-gallery-item elementor-animated-content\" href=\"https:\/\/transformarqroo.com\/wp-content\/uploads\/2022\/09\/BJ-27_09_225.jpg\" data-elementor-open-lightbox=\"yes\" data-elementor-lightbox-slideshow=\"5096fd5d\" data-elementor-lightbox-title=\"BJ 27_09_22(5)\" data-e-action-hash=\"#elementor-action%3Aaction%3Dlightbox%26settings%3DeyJpZCI6MTEyMjAsInVybCI6Imh0dHBzOlwvXC90cmFuc2Zvcm1hcnFyb28uY29tXC93cC1jb250ZW50XC91cGxvYWRzXC8yMDIyXC8wOVwvQkotMjdfMDlfMjI1LmpwZyIsInNsaWRlc2hvdyI6IjUwOTZmZDVkIn0%3D\">\n\t\t\t\t\t<div class=\"e-gallery-image elementor-gallery-item__image\" data-thumbnail=\"https:\/\/transformarqroo.com\/wp-content\/uploads\/2022\/09\/BJ-27_09_225.jpg\" data-width=\"1024\" data-height=\"676\" aria-label=\"\" role=\"img\" ><\/div>\n\t\t\t\t\t\t\t\t\t\t\t<div class=\"elementor-gallery-item__overlay\"><\/div>\n\t\t\t\t\t\t\t\t\t\t\t\t\t\t<\/a>\n\t\t\t\t\t\t\t<a class=\"e-gallery-item elementor-gallery-item elementor-animated-content\" href=\"https:\/\/transformarqroo.com\/wp-content\/uploads\/2022\/09\/BJ-27_09_226.jpg\" data-elementor-open-lightbox=\"yes\" data-elementor-lightbox-slideshow=\"5096fd5d\" data-elementor-lightbox-title=\"BJ 27_09_22(6)\" data-e-action-hash=\"#elementor-action%3Aaction%3Dlightbox%26settings%3DeyJpZCI6MTEyMjEsInVybCI6Imh0dHBzOlwvXC90cmFuc2Zvcm1hcnFyb28uY29tXC93cC1jb250ZW50XC91cGxvYWRzXC8yMDIyXC8wOVwvQkotMjdfMDlfMjI2LmpwZyIsInNsaWRlc2hvdyI6IjUwOTZmZDVkIn0%3D\">\n\t\t\t\t\t<div class=\"e-gallery-image elementor-gallery-item__image\" data-thumbnail=\"https:\/\/transformarqroo.com\/wp-content\/uploads\/2022\/09\/BJ-27_09_226.jpg\" data-width=\"1024\" data-height=\"682\" aria-label=\"\" role=\"img\" ><\/div>\n\t\t\t\t\t\t\t\t\t\t\t<div class=\"elementor-gallery-item__overlay\"><\/div>\n\t\t\t\t\t\t\t\t\t\t\t\t\t\t<\/a>\n\t\t\t\t\t\t\t<a class=\"e-gallery-item elementor-gallery-item elementor-animated-content\" href=\"https:\/\/transformarqroo.com\/wp-content\/uploads\/2022\/09\/BJ-27_09_22.jpg\" data-elementor-open-lightbox=\"yes\" data-elementor-lightbox-slideshow=\"5096fd5d\" data-elementor-lightbox-title=\"BJ 27_09_22\" data-e-action-hash=\"#elementor-action%3Aaction%3Dlightbox%26settings%3DeyJpZCI6MTEyMjIsInVybCI6Imh0dHBzOlwvXC90cmFuc2Zvcm1hcnFyb28uY29tXC93cC1jb250ZW50XC91cGxvYWRzXC8yMDIyXC8wOVwvQkotMjdfMDlfMjIuanBnIiwic2xpZGVzaG93IjoiNTA5NmZkNWQifQ%3D%3D\">\n\t\t\t\t\t<div class=\"e-gallery-image elementor-gallery-item__image\" data-thumbnail=\"https:\/\/transformarqroo.com\/wp-content\/uploads\/2022\/09\/BJ-27_09_22.jpg\" data-width=\"1024\" data-height=\"682\" aria-label=\"\" role=\"img\" ><\/div>\n\t\t\t\t\t\t\t\t\t\t\t<div class=\"elementor-gallery-item__overlay\"><\/div>\n\t\t\t\t\t\t\t\t\t\t\t\t\t\t<\/a>\n\t\t\t\t\t<\/div>\n\t\t\t<\/div>\n\t\t\t\t<\/div>\n\t\t\t\t\t<\/div>\n\t\t<\/div>\n\t\t\t\t\t<\/div>\n\t\t<\/section>\n\t\t\t\t<\/div>\n\t\t","protected":false},"excerpt":{"rendered":"<p>Canc\u00fan, Q.R., a 27 de septiembre de 2022.- En las primeras horas al frente de la administraci\u00f3n 2021-2024 y como primer acto oficial, la presidenta municipal Ana Patricia Peralta de la Pe\u00f1a, asumi\u00f3 el mando de la Secretar\u00eda Municipal de Seguridad P\u00fablica y Tr\u00e1nsito, instituci\u00f3n fundamental que garantiza la seguridad interior y sobre todo coadyuva [&hellip;]<\/p>\n","protected":false},"author":1,"featured_media":11220,"comment_status":"closed","ping_status":"closed","sticky":false,"template":"","format":"standard","meta":{"_FSMCFIC_featured_image_caption":"","_FSMCFIC_featured_image_nocaption":"","_FSMCFIC_featured_image_hide":"1","footnotes":""},"categories":[32,21],"tags":[63],"class_list":["post-11215","post","type-post","status-publish","format-standard","has-post-thumbnail","hentry","category-municipios","category-benito-juarez","tag-ana-patricia-peralta"],"aioseo_notices":[],"_links":{"self":[{"href":"https:\/\/transformarqroo.com\/index.php\/wp-json\/wp\/v2\/posts\/11215","targetHints":{"allow":["GET"]}}],"collection":[{"href":"https:\/\/transformarqroo.com\/index.php\/wp-json\/wp\/v2\/posts"}],"about":[{"href":"https:\/\/transformarqroo.com\/index.php\/wp-json\/wp\/v2\/types\/post"}],"author":[{"embeddable":true,"href":"https:\/\/transformarqroo.com\/index.php\/wp-json\/wp\/v2\/users\/1"}],"replies":[{"embeddable":true,"href":"https:\/\/transformarqroo.com\/index.php\/wp-json\/wp\/v2\/comments?post=11215"}],"version-history":[{"count":4,"href":"https:\/\/transformarqroo.com\/index.php\/wp-json\/wp\/v2\/posts\/11215\/revisions"}],"predecessor-version":[{"id":11226,"href":"https:\/\/transformarqroo.com\/index.php\/wp-json\/wp\/v2\/posts\/11215\/revisions\/11226"}],"wp:featuredmedia":[{"embeddable":true,"href":"https:\/\/transformarqroo.com\/index.php\/wp-json\/wp\/v2\/media\/11220"}],"wp:attachment":[{"href":"https:\/\/transformarqroo.com\/index.php\/wp-json\/wp\/v2\/media?parent=11215"}],"wp:term":[{"taxonomy":"category","embeddable":true,"href":"https:\/\/transformarqroo.com\/index.php\/wp-json\/wp\/v2\/categories?post=11215"},{"taxonomy":"post_tag","embeddable":true,"href":"https:\/\/transformarqroo.com\/index.php\/wp-json\/wp\/v2\/tags?post=11215"}],"curies":[{"name":"wp","href":"https:\/\/api.w.org\/{rel}","templated":true}]}}