{"id":11464,"date":"2022-10-02T11:25:00","date_gmt":"2022-10-02T16:25:00","guid":{"rendered":"https:\/\/transformarqroo.com\/?p=11464"},"modified":"2022-10-15T19:22:29","modified_gmt":"2022-10-16T00:22:29","slug":"instalan-la-comision-municipal-de-ecologia-en-isla-mujeres","status":"publish","type":"post","link":"https:\/\/transformarqroo.com\/index.php\/2022\/10\/02\/instalan-la-comision-municipal-de-ecologia-en-isla-mujeres\/","title":{"rendered":"INSTALAN LA COMISI\u00d3N MUNICIPAL DE ECOLOG\u00cdA EN ISLA MUJERES"},"content":{"rendered":"\t\t<div data-elementor-type=\"wp-post\" data-elementor-id=\"11464\" class=\"elementor elementor-11464\" data-elementor-post-type=\"post\">\n\t\t\t\t\t\t<section class=\"elementor-section elementor-top-section elementor-element elementor-element-cce11d6 elementor-section-boxed elementor-section-height-default elementor-section-height-default\" data-id=\"cce11d6\" data-element_type=\"section\">\n\t\t\t\t\t\t<div class=\"elementor-container elementor-column-gap-default\">\n\t\t\t\t\t<div class=\"elementor-column elementor-col-66 elementor-top-column elementor-element elementor-element-b51efa6\" data-id=\"b51efa6\" data-element_type=\"column\">\n\t\t\t<div class=\"elementor-widget-wrap elementor-element-populated\">\n\t\t\t\t\t\t<div class=\"elementor-element elementor-element-40b8170d elementor-widget elementor-widget-premium-addon-banner\" data-id=\"40b8170d\" data-element_type=\"widget\" data-widget_type=\"premium-addon-banner.default\">\n\t\t\t\t<div class=\"elementor-widget-container\">\n\t\t\t\t\t<div class=\"premium-banner-ib premium-banner-min-height premium-banner-animation7 none\">\r\n\t\t\t\t\t\t\t<div class=\"premium-banner-border\">\r\n\t\t\t\t\t<div class=\"premium-banner-br premium-banner-bleft premium-banner-brlr\"><\/div>\r\n\t\t\t\t\t<div class=\"premium-banner-br premium-banner-bright premium-banner-brlr\"><\/div>\r\n\t\t\t\t\t<div class=\"premium-banner-br premium-banner-btop premium-banner-brtb\"><\/div>\r\n\t\t\t\t\t<div class=\"premium-banner-br premium-banner-bottom premium-banner-brtb\"><\/div>\r\n\t\t\t\t<\/div>\r\n\t\t\t\t\t\t\t\t\t\t\t\t\t\t\t<img fetchpriority=\"high\" decoding=\"async\" width=\"1280\" height=\"665\" src=\"https:\/\/transformarqroo.com\/wp-content\/uploads\/2022\/10\/Isla-02_10_222.jpg\" class=\"attachment-full size-full wp-image-11466\" alt=\"\" srcset=\"https:\/\/transformarqroo.com\/wp-content\/uploads\/2022\/10\/Isla-02_10_222.jpg 1280w, https:\/\/transformarqroo.com\/wp-content\/uploads\/2022\/10\/Isla-02_10_222-300x156.jpg 300w, https:\/\/transformarqroo.com\/wp-content\/uploads\/2022\/10\/Isla-02_10_222-1024x532.jpg 1024w, https:\/\/transformarqroo.com\/wp-content\/uploads\/2022\/10\/Isla-02_10_222-768x399.jpg 768w\" sizes=\"(max-width: 1280px) 100vw, 1280px\" \/>\t\t\t\t\t\t\t\t\t\t<div class=\"premium-banner-ib-desc\">\r\n\t\t\t\t\t\t\t\t\t<div class=\"premium-banner-desc-centered\">\r\n\t\t\t\t\t\t\t\t\t<h3 class=\"premium-banner-ib-title premium_banner_title\"><\/h3>\t\t\t\t\t\t\t\t\t\t\t\t\t<\/div>\r\n\t\t\t\t\t\t\t<\/div>\r\n\t\t\t\t\t<\/div>\r\n\t\t\t\t\t\t<\/div>\n\t\t\t\t<\/div>\n\t\t\t\t\t<\/div>\n\t\t<\/div>\n\t\t\t\t<div class=\"elementor-column elementor-col-33 elementor-top-column elementor-element elementor-element-662debc\" data-id=\"662debc\" data-element_type=\"column\">\n\t\t\t<div class=\"elementor-widget-wrap elementor-element-populated\">\n\t\t\t\t\t\t<div class=\"elementor-element elementor-element-7e7f5b6 elementor-widget elementor-widget-text-editor\" data-id=\"7e7f5b6\" data-element_type=\"widget\" data-widget_type=\"text-editor.default\">\n\t\t\t\t<div class=\"elementor-widget-container\">\n\t\t\t\t\t\t\t<p><span style=\"font-weight: 400;\">Isla Mujeres, Quintana Roo, 2 de octubre de 2022.- En representaci\u00f3n de la presidente municipal de Isla Mujeres, Atenea G\u00f3mez Ricalde, el secretario general del Ayuntamiento, Hugo Iv\u00e1n S\u00e1nchez Montalvo, encabez\u00f3 la instalaci\u00f3n de la Comisi\u00f3n Municipal de Ecolog\u00eda del municipio que preside la alcaldesa, Atenea G\u00f3mez Ricalde, en la Sala de Cabildo.<\/span><\/p><p>\u00a0<\/p>\t\t\t\t\t\t<\/div>\n\t\t\t\t<\/div>\n\t\t\t\t\t<\/div>\n\t\t<\/div>\n\t\t\t\t\t<\/div>\n\t\t<\/section>\n\t\t\t\t<section class=\"elementor-section elementor-top-section elementor-element elementor-element-793e442f elementor-section-boxed elementor-section-height-default elementor-section-height-default\" data-id=\"793e442f\" data-element_type=\"section\">\n\t\t\t\t\t\t<div class=\"elementor-container elementor-column-gap-default\">\n\t\t\t\t\t<div class=\"elementor-column elementor-col-100 elementor-top-column elementor-element elementor-element-2df4c078\" data-id=\"2df4c078\" data-element_type=\"column\">\n\t\t\t<div class=\"elementor-widget-wrap elementor-element-populated\">\n\t\t\t\t\t\t<div class=\"elementor-element elementor-element-6cbfe6a4 elementor-widget elementor-widget-text-editor\" data-id=\"6cbfe6a4\" data-element_type=\"widget\" data-widget_type=\"text-editor.default\">\n\t\t\t\t<div class=\"elementor-widget-container\">\n\t\t\t\t\t\t\t<p><span style=\"font-weight: 400;\">Al respecto, el director de Medio Ambiente y Ecolog\u00eda del municipio, Edwin Armando Novelo R\u00edos, explic\u00f3 que dentro de los objetivos de la Comisi\u00f3n est\u00e1n el promover la participaci\u00f3n de los habitantes y de los grupos sociales, educativos y privados del municipio en la gesti\u00f3n ambiental, promover el uso racional y ordenado del agua y evitar la contaminaci\u00f3n y deterioro del manto fre\u00e1tico.<\/span><\/p><p><span style=\"font-weight: 400;\">Precis\u00f3 que adem\u00e1s de lo anterior, el Comit\u00e9 tiene la funci\u00f3n de analizar las acciones para preservar y restaurar el equilibrio ecol\u00f3gico y la protecci\u00f3n al ambiente, proponer programas y acciones ecol\u00f3gicas, promover la protecci\u00f3n ambiental en el territorio municipal y la participaci\u00f3n activa de la administraci\u00f3n municipal en programas de educaci\u00f3n ambiental.<\/span><\/p><p><span style=\"font-weight: 400;\">Acompa\u00f1aron al secretario general durante la instalaci\u00f3n de la Comisi\u00f3n Municipal de Ecolog\u00eda, Mar\u00eda Guadalupe Estrada Ram\u00edrez, encargada de despacho de la Secretar\u00eda de Medio Ambiente y Recursos Naturales en Quintana Roo; \u00c1ngela Soledad Che Celis, directora general de Desarrollo Urbano, Medio Ambiente y Transporte de Isla Mujeres y Josefina Hugette Hern\u00e1ndez G\u00f3mez, Secretaria de Ecolog\u00eda y Medio Ambiente de Quintana Roo.<\/span><\/p>\t\t\t\t\t\t<\/div>\n\t\t\t\t<\/div>\n\t\t\t\t\t<\/div>\n\t\t<\/div>\n\t\t\t\t\t<\/div>\n\t\t<\/section>\n\t\t\t\t<section class=\"elementor-section elementor-top-section elementor-element elementor-element-39ba95dc elementor-section-boxed elementor-section-height-default elementor-section-height-default\" data-id=\"39ba95dc\" data-element_type=\"section\">\n\t\t\t\t\t\t<div class=\"elementor-container elementor-column-gap-default\">\n\t\t\t\t\t<div class=\"elementor-column elementor-col-100 elementor-top-column elementor-element elementor-element-2e83a997\" data-id=\"2e83a997\" data-element_type=\"column\">\n\t\t\t<div class=\"elementor-widget-wrap elementor-element-populated\">\n\t\t\t\t\t\t<div class=\"elementor-element elementor-element-1a35e100 elementor-widget elementor-widget-gallery\" data-id=\"1a35e100\" data-element_type=\"widget\" data-settings=\"{&quot;gallery_layout&quot;:&quot;justified&quot;,&quot;lazyload&quot;:&quot;yes&quot;,&quot;ideal_row_height&quot;:{&quot;unit&quot;:&quot;px&quot;,&quot;size&quot;:200,&quot;sizes&quot;:[]},&quot;ideal_row_height_tablet&quot;:{&quot;unit&quot;:&quot;px&quot;,&quot;size&quot;:150,&quot;sizes&quot;:[]},&quot;ideal_row_height_mobile&quot;:{&quot;unit&quot;:&quot;px&quot;,&quot;size&quot;:150,&quot;sizes&quot;:[]},&quot;gap&quot;:{&quot;unit&quot;:&quot;px&quot;,&quot;size&quot;:10,&quot;sizes&quot;:[]},&quot;gap_tablet&quot;:{&quot;unit&quot;:&quot;px&quot;,&quot;size&quot;:10,&quot;sizes&quot;:[]},&quot;gap_mobile&quot;:{&quot;unit&quot;:&quot;px&quot;,&quot;size&quot;:10,&quot;sizes&quot;:[]},&quot;link_to&quot;:&quot;file&quot;,&quot;overlay_background&quot;:&quot;yes&quot;,&quot;content_hover_animation&quot;:&quot;fade-in&quot;}\" data-widget_type=\"gallery.default\">\n\t\t\t\t<div class=\"elementor-widget-container\">\n\t\t\t\t\t<div class=\"elementor-gallery__container\">\n\t\t\t\t\t\t\t<a class=\"e-gallery-item elementor-gallery-item elementor-animated-content\" href=\"https:\/\/transformarqroo.com\/wp-content\/uploads\/2022\/10\/Isla-02_10_221.jpg\" data-elementor-open-lightbox=\"yes\" data-elementor-lightbox-slideshow=\"1a35e100\" data-elementor-lightbox-title=\"Isla 02_10_22(1)\" data-e-action-hash=\"#elementor-action%3Aaction%3Dlightbox%26settings%3DeyJpZCI6MTE0NjUsInVybCI6Imh0dHBzOlwvXC90cmFuc2Zvcm1hcnFyb28uY29tXC93cC1jb250ZW50XC91cGxvYWRzXC8yMDIyXC8xMFwvSXNsYS0wMl8xMF8yMjEuanBnIiwic2xpZGVzaG93IjoiMWEzNWUxMDAifQ%3D%3D\">\n\t\t\t\t\t<div class=\"e-gallery-image elementor-gallery-item__image\" data-thumbnail=\"https:\/\/transformarqroo.com\/wp-content\/uploads\/2022\/10\/Isla-02_10_221.jpg\" data-width=\"1280\" data-height=\"855\" aria-label=\"\" role=\"img\" ><\/div>\n\t\t\t\t\t\t\t\t\t\t\t<div class=\"elementor-gallery-item__overlay\"><\/div>\n\t\t\t\t\t\t\t\t\t\t\t\t\t\t<\/a>\n\t\t\t\t\t\t\t<a class=\"e-gallery-item elementor-gallery-item elementor-animated-content\" href=\"https:\/\/transformarqroo.com\/wp-content\/uploads\/2022\/10\/Isla-02_10_222.jpg\" data-elementor-open-lightbox=\"yes\" data-elementor-lightbox-slideshow=\"1a35e100\" data-elementor-lightbox-title=\"Isla 02_10_22(2)\" data-e-action-hash=\"#elementor-action%3Aaction%3Dlightbox%26settings%3DeyJpZCI6MTE0NjYsInVybCI6Imh0dHBzOlwvXC90cmFuc2Zvcm1hcnFyb28uY29tXC93cC1jb250ZW50XC91cGxvYWRzXC8yMDIyXC8xMFwvSXNsYS0wMl8xMF8yMjIuanBnIiwic2xpZGVzaG93IjoiMWEzNWUxMDAifQ%3D%3D\">\n\t\t\t\t\t<div class=\"e-gallery-image elementor-gallery-item__image\" data-thumbnail=\"https:\/\/transformarqroo.com\/wp-content\/uploads\/2022\/10\/Isla-02_10_222.jpg\" data-width=\"1280\" data-height=\"665\" aria-label=\"\" role=\"img\" ><\/div>\n\t\t\t\t\t\t\t\t\t\t\t<div class=\"elementor-gallery-item__overlay\"><\/div>\n\t\t\t\t\t\t\t\t\t\t\t\t\t\t<\/a>\n\t\t\t\t\t\t\t<a class=\"e-gallery-item elementor-gallery-item elementor-animated-content\" href=\"https:\/\/transformarqroo.com\/wp-content\/uploads\/2022\/10\/Isla-02_10_22.jpg\" data-elementor-open-lightbox=\"yes\" data-elementor-lightbox-slideshow=\"1a35e100\" data-elementor-lightbox-title=\"Isla 02_10_22\" data-e-action-hash=\"#elementor-action%3Aaction%3Dlightbox%26settings%3DeyJpZCI6MTE0NjcsInVybCI6Imh0dHBzOlwvXC90cmFuc2Zvcm1hcnFyb28uY29tXC93cC1jb250ZW50XC91cGxvYWRzXC8yMDIyXC8xMFwvSXNsYS0wMl8xMF8yMi5qcGciLCJzbGlkZXNob3ciOiIxYTM1ZTEwMCJ9\">\n\t\t\t\t\t<div class=\"e-gallery-image elementor-gallery-item__image\" data-thumbnail=\"https:\/\/transformarqroo.com\/wp-content\/uploads\/2022\/10\/Isla-02_10_22.jpg\" data-width=\"1280\" data-height=\"743\" aria-label=\"\" role=\"img\" ><\/div>\n\t\t\t\t\t\t\t\t\t\t\t<div class=\"elementor-gallery-item__overlay\"><\/div>\n\t\t\t\t\t\t\t\t\t\t\t\t\t\t<\/a>\n\t\t\t\t\t<\/div>\n\t\t\t<\/div>\n\t\t\t\t<\/div>\n\t\t\t\t\t<\/div>\n\t\t<\/div>\n\t\t\t\t\t<\/div>\n\t\t<\/section>\n\t\t\t\t<\/div>\n\t\t","protected":false},"excerpt":{"rendered":"<p>Isla Mujeres, Quintana Roo, 2 de octubre de 2022.- En representaci\u00f3n de la presidente municipal de Isla Mujeres, Atenea G\u00f3mez Ricalde, el secretario general del Ayuntamiento, Hugo Iv\u00e1n S\u00e1nchez Montalvo, encabez\u00f3 la instalaci\u00f3n de la Comisi\u00f3n Municipal de Ecolog\u00eda del municipio que preside la alcaldesa, Atenea G\u00f3mez Ricalde, en la Sala de Cabildo. \u00a0 Al [&hellip;]<\/p>\n","protected":false},"author":1,"featured_media":11466,"comment_status":"closed","ping_status":"closed","sticky":false,"template":"","format":"standard","meta":{"_FSMCFIC_featured_image_caption":"","_FSMCFIC_featured_image_nocaption":"","_FSMCFIC_featured_image_hide":"1","footnotes":""},"categories":[32,25],"tags":[],"class_list":["post-11464","post","type-post","status-publish","format-standard","has-post-thumbnail","hentry","category-municipios","category-isla-mujeres"],"aioseo_notices":[],"_links":{"self":[{"href":"https:\/\/transformarqroo.com\/index.php\/wp-json\/wp\/v2\/posts\/11464","targetHints":{"allow":["GET"]}}],"collection":[{"href":"https:\/\/transformarqroo.com\/index.php\/wp-json\/wp\/v2\/posts"}],"about":[{"href":"https:\/\/transformarqroo.com\/index.php\/wp-json\/wp\/v2\/types\/post"}],"author":[{"embeddable":true,"href":"https:\/\/transformarqroo.com\/index.php\/wp-json\/wp\/v2\/users\/1"}],"replies":[{"embeddable":true,"href":"https:\/\/transformarqroo.com\/index.php\/wp-json\/wp\/v2\/comments?post=11464"}],"version-history":[{"count":8,"href":"https:\/\/transformarqroo.com\/index.php\/wp-json\/wp\/v2\/posts\/11464\/revisions"}],"predecessor-version":[{"id":12594,"href":"https:\/\/transformarqroo.com\/index.php\/wp-json\/wp\/v2\/posts\/11464\/revisions\/12594"}],"wp:featuredmedia":[{"embeddable":true,"href":"https:\/\/transformarqroo.com\/index.php\/wp-json\/wp\/v2\/media\/11466"}],"wp:attachment":[{"href":"https:\/\/transformarqroo.com\/index.php\/wp-json\/wp\/v2\/media?parent=11464"}],"wp:term":[{"taxonomy":"category","embeddable":true,"href":"https:\/\/transformarqroo.com\/index.php\/wp-json\/wp\/v2\/categories?post=11464"},{"taxonomy":"post_tag","embeddable":true,"href":"https:\/\/transformarqroo.com\/index.php\/wp-json\/wp\/v2\/tags?post=11464"}],"curies":[{"name":"wp","href":"https:\/\/api.w.org\/{rel}","templated":true}]}}