{"id":11689,"date":"2022-09-27T14:06:00","date_gmt":"2022-09-27T19:06:00","guid":{"rendered":"https:\/\/transformarqroo.com\/?p=11689"},"modified":"2022-10-04T14:08:19","modified_gmt":"2022-10-04T19:08:19","slug":"conmemoran-el-201-aniversario-de-la-consumacion-de-la-independencia-de-mexico","status":"publish","type":"post","link":"https:\/\/transformarqroo.com\/index.php\/2022\/09\/27\/conmemoran-el-201-aniversario-de-la-consumacion-de-la-independencia-de-mexico\/","title":{"rendered":"CONMEMORAN EL 201 ANIVERSARIO DE LA CONSUMACI\u00d3N DE LA INDEPENDENCIA DE M\u00c9XICO"},"content":{"rendered":"\t\t<div data-elementor-type=\"wp-post\" data-elementor-id=\"11689\" class=\"elementor elementor-11689\" data-elementor-post-type=\"post\">\n\t\t\t\t\t\t<section class=\"elementor-section elementor-top-section elementor-element elementor-element-2309ccda elementor-section-boxed elementor-section-height-default elementor-section-height-default\" data-id=\"2309ccda\" data-element_type=\"section\">\n\t\t\t\t\t\t<div class=\"elementor-container elementor-column-gap-default\">\n\t\t\t\t\t<div class=\"elementor-column elementor-col-100 elementor-top-column elementor-element elementor-element-6e00bf70\" data-id=\"6e00bf70\" data-element_type=\"column\">\n\t\t\t<div class=\"elementor-widget-wrap elementor-element-populated\">\n\t\t\t\t\t\t<div class=\"elementor-element elementor-element-7d631407 elementor-widget elementor-widget-premium-addon-banner\" data-id=\"7d631407\" data-element_type=\"widget\" data-widget_type=\"premium-addon-banner.default\">\n\t\t\t\t<div class=\"elementor-widget-container\">\n\t\t\t\t\t<div class=\"premium-banner-ib premium-banner-min-height premium-banner-animation7 none\">\r\n\t\t\t\t\t\t\t<div class=\"premium-banner-border\">\r\n\t\t\t\t\t<div class=\"premium-banner-br premium-banner-bleft premium-banner-brlr\"><\/div>\r\n\t\t\t\t\t<div class=\"premium-banner-br premium-banner-bright premium-banner-brlr\"><\/div>\r\n\t\t\t\t\t<div class=\"premium-banner-br premium-banner-btop premium-banner-brtb\"><\/div>\r\n\t\t\t\t\t<div class=\"premium-banner-br premium-banner-bottom premium-banner-brtb\"><\/div>\r\n\t\t\t\t<\/div>\r\n\t\t\t\t\t\t\t\t\t\t\t\t\t\t\t<img fetchpriority=\"high\" decoding=\"async\" width=\"1599\" height=\"1066\" src=\"https:\/\/transformarqroo.com\/wp-content\/uploads\/2022\/10\/FCP-27_09_22.jpg\" class=\"attachment-full size-full wp-image-11692\" alt=\"\" srcset=\"https:\/\/transformarqroo.com\/wp-content\/uploads\/2022\/10\/FCP-27_09_22.jpg 1599w, https:\/\/transformarqroo.com\/wp-content\/uploads\/2022\/10\/FCP-27_09_22-300x200.jpg 300w, https:\/\/transformarqroo.com\/wp-content\/uploads\/2022\/10\/FCP-27_09_22-1024x683.jpg 1024w, https:\/\/transformarqroo.com\/wp-content\/uploads\/2022\/10\/FCP-27_09_22-768x512.jpg 768w, https:\/\/transformarqroo.com\/wp-content\/uploads\/2022\/10\/FCP-27_09_22-1536x1024.jpg 1536w\" sizes=\"(max-width: 1599px) 100vw, 1599px\" \/>\t\t\t\t\t\t\t\t\t\t<div class=\"premium-banner-ib-desc\">\r\n\t\t\t\t\t\t\t\t\t<div class=\"premium-banner-desc-centered\">\r\n\t\t\t\t\t\t\t\t\t<h3 class=\"premium-banner-ib-title premium_banner_title\"><\/h3>\t\t\t\t\t\t\t\t\t\t\t\t\t<\/div>\r\n\t\t\t\t\t\t\t<\/div>\r\n\t\t\t\t\t<\/div>\r\n\t\t\t\t\t\t<\/div>\n\t\t\t\t<\/div>\n\t\t\t\t\t<\/div>\n\t\t<\/div>\n\t\t\t\t\t<\/div>\n\t\t<\/section>\n\t\t\t\t<section class=\"elementor-section elementor-top-section elementor-element elementor-element-1551998b elementor-section-boxed elementor-section-height-default elementor-section-height-default\" data-id=\"1551998b\" data-element_type=\"section\">\n\t\t\t\t\t\t<div class=\"elementor-container elementor-column-gap-default\">\n\t\t\t\t\t<div class=\"elementor-column elementor-col-100 elementor-top-column elementor-element elementor-element-65f123d3\" data-id=\"65f123d3\" data-element_type=\"column\">\n\t\t\t<div class=\"elementor-widget-wrap elementor-element-populated\">\n\t\t\t\t\t\t<div class=\"elementor-element elementor-element-57863cdb elementor-widget elementor-widget-text-editor\" data-id=\"57863cdb\" data-element_type=\"widget\" data-widget_type=\"text-editor.default\">\n\t\t\t\t<div class=\"elementor-widget-container\">\n\t\t\t\t\t\t\t<p><span style=\"font-weight: 400;\">La Presidenta Municipal de Felipe Carrillo Puerto, Mary Hern\u00e1ndez, encabez\u00f3 la conmemoraci\u00f3n de los 201 a\u00f1os de la Consumaci\u00f3n de la Independencia de nuestro pa\u00eds.<\/span><\/p><p>\u00a0<\/p><p><span style=\"font-weight: 400;\">El acto c\u00edvico se llev\u00f3 a cabo en la Escuela Primara Tiburcio May Uh, en esta cabecera municipal.<\/span><\/p><p>\u00a0<\/p><p><span style=\"font-weight: 400;\">Alumnos del plantel, la escolta de la Direcci\u00f3n de Seguridad P\u00fablica as\u00ed como autoridades municipales, directores y profesores del centro educativo, acompa\u00f1aron a la alcaldesa en el Homenaje C\u00edvico Conmemorativo al 201 aniversario de la Consumaci\u00f3n de la Independencia de Mexico (1821).<\/span><\/p><p>\u00a0<\/p><p><span style=\"font-weight: 400;\">Durante el acto recordaron pasajes importantes y decisivos que desembocaron en el reconocimiento de la independencia de M\u00e9xico, como los Tratados de C\u00f3rdoba, firmados por Agust\u00edn de Iturbide y Juan O\u2019Donoj\u00fa.<\/span><\/p>\t\t\t\t\t\t<\/div>\n\t\t\t\t<\/div>\n\t\t\t\t\t<\/div>\n\t\t<\/div>\n\t\t\t\t\t<\/div>\n\t\t<\/section>\n\t\t\t\t<section class=\"elementor-section elementor-top-section elementor-element elementor-element-5eb88270 elementor-section-boxed elementor-section-height-default elementor-section-height-default\" data-id=\"5eb88270\" data-element_type=\"section\">\n\t\t\t\t\t\t<div class=\"elementor-container elementor-column-gap-default\">\n\t\t\t\t\t<div class=\"elementor-column elementor-col-100 elementor-top-column elementor-element elementor-element-39adc88d\" data-id=\"39adc88d\" data-element_type=\"column\">\n\t\t\t<div class=\"elementor-widget-wrap elementor-element-populated\">\n\t\t\t\t\t\t<div class=\"elementor-element elementor-element-356a357c elementor-widget elementor-widget-gallery\" data-id=\"356a357c\" data-element_type=\"widget\" data-settings=\"{&quot;gallery_layout&quot;:&quot;justified&quot;,&quot;lazyload&quot;:&quot;yes&quot;,&quot;ideal_row_height&quot;:{&quot;unit&quot;:&quot;px&quot;,&quot;size&quot;:200,&quot;sizes&quot;:[]},&quot;ideal_row_height_tablet&quot;:{&quot;unit&quot;:&quot;px&quot;,&quot;size&quot;:150,&quot;sizes&quot;:[]},&quot;ideal_row_height_mobile&quot;:{&quot;unit&quot;:&quot;px&quot;,&quot;size&quot;:150,&quot;sizes&quot;:[]},&quot;gap&quot;:{&quot;unit&quot;:&quot;px&quot;,&quot;size&quot;:10,&quot;sizes&quot;:[]},&quot;gap_tablet&quot;:{&quot;unit&quot;:&quot;px&quot;,&quot;size&quot;:10,&quot;sizes&quot;:[]},&quot;gap_mobile&quot;:{&quot;unit&quot;:&quot;px&quot;,&quot;size&quot;:10,&quot;sizes&quot;:[]},&quot;link_to&quot;:&quot;file&quot;,&quot;overlay_background&quot;:&quot;yes&quot;,&quot;content_hover_animation&quot;:&quot;fade-in&quot;}\" data-widget_type=\"gallery.default\">\n\t\t\t\t<div class=\"elementor-widget-container\">\n\t\t\t\t\t<div class=\"elementor-gallery__container\">\n\t\t\t\t\t\t\t<a class=\"e-gallery-item elementor-gallery-item elementor-animated-content\" href=\"https:\/\/transformarqroo.com\/wp-content\/uploads\/2022\/10\/FCP-27_09_221.jpg\" data-elementor-open-lightbox=\"yes\" data-elementor-lightbox-slideshow=\"356a357c\" data-elementor-lightbox-title=\"FCP 27_09_22(1)\" data-e-action-hash=\"#elementor-action%3Aaction%3Dlightbox%26settings%3DeyJpZCI6MTE2OTAsInVybCI6Imh0dHBzOlwvXC90cmFuc2Zvcm1hcnFyb28uY29tXC93cC1jb250ZW50XC91cGxvYWRzXC8yMDIyXC8xMFwvRkNQLTI3XzA5XzIyMS5qcGciLCJzbGlkZXNob3ciOiIzNTZhMzU3YyJ9\">\n\t\t\t\t\t<div class=\"e-gallery-image elementor-gallery-item__image\" data-thumbnail=\"https:\/\/transformarqroo.com\/wp-content\/uploads\/2022\/10\/FCP-27_09_221.jpg\" data-width=\"1599\" data-height=\"1066\" aria-label=\"\" role=\"img\" ><\/div>\n\t\t\t\t\t\t\t\t\t\t\t<div class=\"elementor-gallery-item__overlay\"><\/div>\n\t\t\t\t\t\t\t\t\t\t\t\t\t\t<\/a>\n\t\t\t\t\t\t\t<a class=\"e-gallery-item elementor-gallery-item elementor-animated-content\" href=\"https:\/\/transformarqroo.com\/wp-content\/uploads\/2022\/10\/FCP-27_09_222.jpg\" data-elementor-open-lightbox=\"yes\" data-elementor-lightbox-slideshow=\"356a357c\" data-elementor-lightbox-title=\"FCP 27_09_22(2)\" data-e-action-hash=\"#elementor-action%3Aaction%3Dlightbox%26settings%3DeyJpZCI6MTE2OTEsInVybCI6Imh0dHBzOlwvXC90cmFuc2Zvcm1hcnFyb28uY29tXC93cC1jb250ZW50XC91cGxvYWRzXC8yMDIyXC8xMFwvRkNQLTI3XzA5XzIyMi5qcGciLCJzbGlkZXNob3ciOiIzNTZhMzU3YyJ9\">\n\t\t\t\t\t<div class=\"e-gallery-image elementor-gallery-item__image\" data-thumbnail=\"https:\/\/transformarqroo.com\/wp-content\/uploads\/2022\/10\/FCP-27_09_222.jpg\" data-width=\"1599\" data-height=\"1066\" aria-label=\"\" role=\"img\" ><\/div>\n\t\t\t\t\t\t\t\t\t\t\t<div class=\"elementor-gallery-item__overlay\"><\/div>\n\t\t\t\t\t\t\t\t\t\t\t\t\t\t<\/a>\n\t\t\t\t\t\t\t<a class=\"e-gallery-item elementor-gallery-item elementor-animated-content\" href=\"https:\/\/transformarqroo.com\/wp-content\/uploads\/2022\/10\/FCP-27_09_22.jpg\" data-elementor-open-lightbox=\"yes\" data-elementor-lightbox-slideshow=\"356a357c\" data-elementor-lightbox-title=\"FCP 27_09_22\" data-e-action-hash=\"#elementor-action%3Aaction%3Dlightbox%26settings%3DeyJpZCI6MTE2OTIsInVybCI6Imh0dHBzOlwvXC90cmFuc2Zvcm1hcnFyb28uY29tXC93cC1jb250ZW50XC91cGxvYWRzXC8yMDIyXC8xMFwvRkNQLTI3XzA5XzIyLmpwZyIsInNsaWRlc2hvdyI6IjM1NmEzNTdjIn0%3D\">\n\t\t\t\t\t<div class=\"e-gallery-image elementor-gallery-item__image\" data-thumbnail=\"https:\/\/transformarqroo.com\/wp-content\/uploads\/2022\/10\/FCP-27_09_22.jpg\" data-width=\"1599\" data-height=\"1066\" aria-label=\"\" role=\"img\" ><\/div>\n\t\t\t\t\t\t\t\t\t\t\t<div class=\"elementor-gallery-item__overlay\"><\/div>\n\t\t\t\t\t\t\t\t\t\t\t\t\t\t<\/a>\n\t\t\t\t\t<\/div>\n\t\t\t<\/div>\n\t\t\t\t<\/div>\n\t\t\t\t\t<\/div>\n\t\t<\/div>\n\t\t\t\t\t<\/div>\n\t\t<\/section>\n\t\t\t\t<\/div>\n\t\t","protected":false},"excerpt":{"rendered":"<p>La Presidenta Municipal de Felipe Carrillo Puerto, Mary Hern\u00e1ndez, encabez\u00f3 la conmemoraci\u00f3n de los 201 a\u00f1os de la Consumaci\u00f3n de la Independencia de nuestro pa\u00eds. \u00a0 El acto c\u00edvico se llev\u00f3 a cabo en la Escuela Primara Tiburcio May Uh, en esta cabecera municipal. \u00a0 Alumnos del plantel, la escolta de la Direcci\u00f3n de Seguridad [&hellip;]<\/p>\n","protected":false},"author":1,"featured_media":11692,"comment_status":"closed","ping_status":"closed","sticky":false,"template":"","format":"standard","meta":{"_FSMCFIC_featured_image_caption":"","_FSMCFIC_featured_image_nocaption":"","_FSMCFIC_featured_image_hide":"1","footnotes":""},"categories":[32,24],"tags":[40],"class_list":["post-11689","post","type-post","status-publish","format-standard","has-post-thumbnail","hentry","category-municipios","category-felipe-carrillo-puerto","tag-mary-hernandez"],"aioseo_notices":[],"_links":{"self":[{"href":"https:\/\/transformarqroo.com\/index.php\/wp-json\/wp\/v2\/posts\/11689","targetHints":{"allow":["GET"]}}],"collection":[{"href":"https:\/\/transformarqroo.com\/index.php\/wp-json\/wp\/v2\/posts"}],"about":[{"href":"https:\/\/transformarqroo.com\/index.php\/wp-json\/wp\/v2\/types\/post"}],"author":[{"embeddable":true,"href":"https:\/\/transformarqroo.com\/index.php\/wp-json\/wp\/v2\/users\/1"}],"replies":[{"embeddable":true,"href":"https:\/\/transformarqroo.com\/index.php\/wp-json\/wp\/v2\/comments?post=11689"}],"version-history":[{"count":4,"href":"https:\/\/transformarqroo.com\/index.php\/wp-json\/wp\/v2\/posts\/11689\/revisions"}],"predecessor-version":[{"id":11696,"href":"https:\/\/transformarqroo.com\/index.php\/wp-json\/wp\/v2\/posts\/11689\/revisions\/11696"}],"wp:featuredmedia":[{"embeddable":true,"href":"https:\/\/transformarqroo.com\/index.php\/wp-json\/wp\/v2\/media\/11692"}],"wp:attachment":[{"href":"https:\/\/transformarqroo.com\/index.php\/wp-json\/wp\/v2\/media?parent=11689"}],"wp:term":[{"taxonomy":"category","embeddable":true,"href":"https:\/\/transformarqroo.com\/index.php\/wp-json\/wp\/v2\/categories?post=11689"},{"taxonomy":"post_tag","embeddable":true,"href":"https:\/\/transformarqroo.com\/index.php\/wp-json\/wp\/v2\/tags?post=11689"}],"curies":[{"name":"wp","href":"https:\/\/api.w.org\/{rel}","templated":true}]}}