{"id":11697,"date":"2022-09-29T14:08:00","date_gmt":"2022-09-29T19:08:00","guid":{"rendered":"https:\/\/transformarqroo.com\/?p=11697"},"modified":"2022-10-04T14:10:03","modified_gmt":"2022-10-04T19:10:03","slug":"firman-convenio-de-colaboracion-de-educacion-dual-ayuntamiento-de-carrillo-puerto-con-cbtis-72","status":"publish","type":"post","link":"https:\/\/transformarqroo.com\/index.php\/2022\/09\/29\/firman-convenio-de-colaboracion-de-educacion-dual-ayuntamiento-de-carrillo-puerto-con-cbtis-72\/","title":{"rendered":"FIRMAN CONVENIO DE COLABORACI\u00d3N DE EDUCACI\u00d3N DUAL AYUNTAMIENTO DE CARRILLO PUERTO CON CBTIS 72"},"content":{"rendered":"\t\t<div data-elementor-type=\"wp-post\" data-elementor-id=\"11697\" class=\"elementor elementor-11697\" data-elementor-post-type=\"post\">\n\t\t\t\t\t\t<section class=\"elementor-section elementor-top-section elementor-element elementor-element-2b6cb67c elementor-section-boxed elementor-section-height-default elementor-section-height-default\" data-id=\"2b6cb67c\" data-element_type=\"section\">\n\t\t\t\t\t\t<div class=\"elementor-container elementor-column-gap-default\">\n\t\t\t\t\t<div class=\"elementor-column elementor-col-100 elementor-top-column elementor-element elementor-element-7bc92be1\" data-id=\"7bc92be1\" data-element_type=\"column\">\n\t\t\t<div class=\"elementor-widget-wrap elementor-element-populated\">\n\t\t\t\t\t\t<div class=\"elementor-element elementor-element-3fcba0e7 elementor-widget elementor-widget-premium-addon-banner\" data-id=\"3fcba0e7\" data-element_type=\"widget\" data-widget_type=\"premium-addon-banner.default\">\n\t\t\t\t<div class=\"elementor-widget-container\">\n\t\t\t\t\t<div class=\"premium-banner-ib premium-banner-min-height premium-banner-animation7 none\">\r\n\t\t\t\t\t\t\t<div class=\"premium-banner-border\">\r\n\t\t\t\t\t<div class=\"premium-banner-br premium-banner-bleft premium-banner-brlr\"><\/div>\r\n\t\t\t\t\t<div class=\"premium-banner-br premium-banner-bright premium-banner-brlr\"><\/div>\r\n\t\t\t\t\t<div class=\"premium-banner-br premium-banner-btop premium-banner-brtb\"><\/div>\r\n\t\t\t\t\t<div class=\"premium-banner-br premium-banner-bottom premium-banner-brtb\"><\/div>\r\n\t\t\t\t<\/div>\r\n\t\t\t\t\t\t\t\t\t\t\t\t\t\t\t<img fetchpriority=\"high\" decoding=\"async\" width=\"1599\" height=\"1066\" src=\"https:\/\/transformarqroo.com\/wp-content\/uploads\/2022\/10\/FCP-29_09_22.jpg\" class=\"attachment-full size-full wp-image-11699\" alt=\"\" srcset=\"https:\/\/transformarqroo.com\/wp-content\/uploads\/2022\/10\/FCP-29_09_22.jpg 1599w, https:\/\/transformarqroo.com\/wp-content\/uploads\/2022\/10\/FCP-29_09_22-300x200.jpg 300w, https:\/\/transformarqroo.com\/wp-content\/uploads\/2022\/10\/FCP-29_09_22-1024x683.jpg 1024w, https:\/\/transformarqroo.com\/wp-content\/uploads\/2022\/10\/FCP-29_09_22-768x512.jpg 768w, https:\/\/transformarqroo.com\/wp-content\/uploads\/2022\/10\/FCP-29_09_22-1536x1024.jpg 1536w\" sizes=\"(max-width: 1599px) 100vw, 1599px\" \/>\t\t\t\t\t\t\t\t\t\t<div class=\"premium-banner-ib-desc\">\r\n\t\t\t\t\t\t\t\t\t<div class=\"premium-banner-desc-centered\">\r\n\t\t\t\t\t\t\t\t\t<h3 class=\"premium-banner-ib-title premium_banner_title\"><\/h3>\t\t\t\t\t\t\t\t\t\t\t\t\t<\/div>\r\n\t\t\t\t\t\t\t<\/div>\r\n\t\t\t\t\t<\/div>\r\n\t\t\t\t\t\t<\/div>\n\t\t\t\t<\/div>\n\t\t\t\t\t<\/div>\n\t\t<\/div>\n\t\t\t\t\t<\/div>\n\t\t<\/section>\n\t\t\t\t<section class=\"elementor-section elementor-top-section elementor-element elementor-element-71d22b4c elementor-section-boxed elementor-section-height-default elementor-section-height-default\" data-id=\"71d22b4c\" data-element_type=\"section\">\n\t\t\t\t\t\t<div class=\"elementor-container elementor-column-gap-default\">\n\t\t\t\t\t<div class=\"elementor-column elementor-col-100 elementor-top-column elementor-element elementor-element-1bbbdf12\" data-id=\"1bbbdf12\" data-element_type=\"column\">\n\t\t\t<div class=\"elementor-widget-wrap elementor-element-populated\">\n\t\t\t\t\t\t<div class=\"elementor-element elementor-element-242e539f elementor-widget elementor-widget-text-editor\" data-id=\"242e539f\" data-element_type=\"widget\" data-widget_type=\"text-editor.default\">\n\t\t\t\t<div class=\"elementor-widget-container\">\n\t\t\t\t\t\t\t<p><span style=\"font-weight: 400;\">La presidenta municipal de Felipe Carrillo Puerto, Mary Hern\u00e1ndez, realiz\u00f3 la firma del Convenio Marco de colaboraci\u00f3n de Educaci\u00f3n dual 2022 entre el Honorable Ayuntamiento de Felipe Carrillo Puerto y el Cbtis 72 de esta localidad.\u00a0<\/span><\/p><p><span style=\"font-weight: 400;\">\u00a0<\/span><\/p><p><span style=\"font-weight: 400;\">En la sala de Cabildo del Palacio Municipal, la alcaldesa sign\u00f3 el documento en el que participar\u00e1n alumnos del Cbtis 72 y que buscar\u00e1n ser beneficiados a trav\u00e9s de este programa, que tiene por objeto establecer las bases para implementar la operaci\u00f3n de formaci\u00f3n de educaci\u00f3n dual a fin de qu\u00e9 el estudiante inscrito en planteles adscritos a la DGETI y adquiera los componentes de aprendizaje profesional proporcionados por\u00a0 el municipio conforme al plan de estudios correspondiente.<\/span><\/p><p><span style=\"font-weight: 400;\">\u00a0<\/span><\/p><p><span style=\"font-weight: 400;\">Es decir, los estudiantes adquieren conocimiento y experiencia por la v\u00eda acad\u00e9mica, continuando sus estudios y por la v\u00eda pr\u00e1ctica, integr\u00e1ndose a las tareas de algunas \u00e1reas de la administraci\u00f3n p\u00fablica municipal, como contabilidad, recursos humanos e inform\u00e1tica.<\/span><\/p><p><span style=\"font-weight: 400;\">\u00a0<\/span><\/p><p><span style=\"font-weight: 400;\">La alcaldesa expres\u00f3 en su mensaje de bienvenida a los estudiantes y a sus padres: \u201cEs una gran oportunidad para los j\u00f3venes porque a la par de los estudios aprender\u00e1n de manera vivencial lo que significa el trabajo en un espacio laboral real y con ello adquirir\u00e1n nuevas competencias y herramientas para su mejor futuro\u201d.<\/span><\/p>\t\t\t\t\t\t<\/div>\n\t\t\t\t<\/div>\n\t\t\t\t\t<\/div>\n\t\t<\/div>\n\t\t\t\t\t<\/div>\n\t\t<\/section>\n\t\t\t\t<section class=\"elementor-section elementor-top-section elementor-element elementor-element-53b79382 elementor-section-boxed elementor-section-height-default elementor-section-height-default\" data-id=\"53b79382\" data-element_type=\"section\">\n\t\t\t\t\t\t<div class=\"elementor-container elementor-column-gap-default\">\n\t\t\t\t\t<div class=\"elementor-column elementor-col-100 elementor-top-column elementor-element elementor-element-7db4e1ef\" data-id=\"7db4e1ef\" data-element_type=\"column\">\n\t\t\t<div class=\"elementor-widget-wrap elementor-element-populated\">\n\t\t\t\t\t\t<div class=\"elementor-element elementor-element-39bbaba0 elementor-widget elementor-widget-gallery\" data-id=\"39bbaba0\" data-element_type=\"widget\" data-settings=\"{&quot;gallery_layout&quot;:&quot;justified&quot;,&quot;lazyload&quot;:&quot;yes&quot;,&quot;ideal_row_height&quot;:{&quot;unit&quot;:&quot;px&quot;,&quot;size&quot;:200,&quot;sizes&quot;:[]},&quot;ideal_row_height_tablet&quot;:{&quot;unit&quot;:&quot;px&quot;,&quot;size&quot;:150,&quot;sizes&quot;:[]},&quot;ideal_row_height_mobile&quot;:{&quot;unit&quot;:&quot;px&quot;,&quot;size&quot;:150,&quot;sizes&quot;:[]},&quot;gap&quot;:{&quot;unit&quot;:&quot;px&quot;,&quot;size&quot;:10,&quot;sizes&quot;:[]},&quot;gap_tablet&quot;:{&quot;unit&quot;:&quot;px&quot;,&quot;size&quot;:10,&quot;sizes&quot;:[]},&quot;gap_mobile&quot;:{&quot;unit&quot;:&quot;px&quot;,&quot;size&quot;:10,&quot;sizes&quot;:[]},&quot;link_to&quot;:&quot;file&quot;,&quot;overlay_background&quot;:&quot;yes&quot;,&quot;content_hover_animation&quot;:&quot;fade-in&quot;}\" data-widget_type=\"gallery.default\">\n\t\t\t\t<div class=\"elementor-widget-container\">\n\t\t\t\t\t<div class=\"elementor-gallery__container\">\n\t\t\t\t\t\t\t<a class=\"e-gallery-item elementor-gallery-item elementor-animated-content\" href=\"https:\/\/transformarqroo.com\/wp-content\/uploads\/2022\/10\/FCP-29_09_221.jpg\" data-elementor-open-lightbox=\"yes\" data-elementor-lightbox-slideshow=\"39bbaba0\" data-elementor-lightbox-title=\"FCP 29_09_22(1)\" data-e-action-hash=\"#elementor-action%3Aaction%3Dlightbox%26settings%3DeyJpZCI6MTE2OTgsInVybCI6Imh0dHBzOlwvXC90cmFuc2Zvcm1hcnFyb28uY29tXC93cC1jb250ZW50XC91cGxvYWRzXC8yMDIyXC8xMFwvRkNQLTI5XzA5XzIyMS5qcGciLCJzbGlkZXNob3ciOiIzOWJiYWJhMCJ9\">\n\t\t\t\t\t<div class=\"e-gallery-image elementor-gallery-item__image\" data-thumbnail=\"https:\/\/transformarqroo.com\/wp-content\/uploads\/2022\/10\/FCP-29_09_221.jpg\" data-width=\"1599\" data-height=\"1066\" aria-label=\"\" role=\"img\" ><\/div>\n\t\t\t\t\t\t\t\t\t\t\t<div class=\"elementor-gallery-item__overlay\"><\/div>\n\t\t\t\t\t\t\t\t\t\t\t\t\t\t<\/a>\n\t\t\t\t\t\t\t<a class=\"e-gallery-item elementor-gallery-item elementor-animated-content\" href=\"https:\/\/transformarqroo.com\/wp-content\/uploads\/2022\/10\/FCP-29_09_22.jpg\" data-elementor-open-lightbox=\"yes\" data-elementor-lightbox-slideshow=\"39bbaba0\" data-elementor-lightbox-title=\"FCP 29_09_22\" data-e-action-hash=\"#elementor-action%3Aaction%3Dlightbox%26settings%3DeyJpZCI6MTE2OTksInVybCI6Imh0dHBzOlwvXC90cmFuc2Zvcm1hcnFyb28uY29tXC93cC1jb250ZW50XC91cGxvYWRzXC8yMDIyXC8xMFwvRkNQLTI5XzA5XzIyLmpwZyIsInNsaWRlc2hvdyI6IjM5YmJhYmEwIn0%3D\">\n\t\t\t\t\t<div class=\"e-gallery-image elementor-gallery-item__image\" data-thumbnail=\"https:\/\/transformarqroo.com\/wp-content\/uploads\/2022\/10\/FCP-29_09_22.jpg\" data-width=\"1599\" data-height=\"1066\" aria-label=\"\" role=\"img\" ><\/div>\n\t\t\t\t\t\t\t\t\t\t\t<div class=\"elementor-gallery-item__overlay\"><\/div>\n\t\t\t\t\t\t\t\t\t\t\t\t\t\t<\/a>\n\t\t\t\t\t<\/div>\n\t\t\t<\/div>\n\t\t\t\t<\/div>\n\t\t\t\t\t<\/div>\n\t\t<\/div>\n\t\t\t\t\t<\/div>\n\t\t<\/section>\n\t\t\t\t<\/div>\n\t\t","protected":false},"excerpt":{"rendered":"<p>La presidenta municipal de Felipe Carrillo Puerto, Mary Hern\u00e1ndez, realiz\u00f3 la firma del Convenio Marco de colaboraci\u00f3n de Educaci\u00f3n dual 2022 entre el Honorable Ayuntamiento de Felipe Carrillo Puerto y el Cbtis 72 de esta localidad.\u00a0 \u00a0 En la sala de Cabildo del Palacio Municipal, la alcaldesa sign\u00f3 el documento en el que participar\u00e1n alumnos [&hellip;]<\/p>\n","protected":false},"author":1,"featured_media":11699,"comment_status":"closed","ping_status":"closed","sticky":false,"template":"","format":"standard","meta":{"_FSMCFIC_featured_image_caption":"","_FSMCFIC_featured_image_nocaption":"","_FSMCFIC_featured_image_hide":"1","footnotes":""},"categories":[32,24],"tags":[40],"class_list":["post-11697","post","type-post","status-publish","format-standard","has-post-thumbnail","hentry","category-municipios","category-felipe-carrillo-puerto","tag-mary-hernandez"],"aioseo_notices":[],"_links":{"self":[{"href":"https:\/\/transformarqroo.com\/index.php\/wp-json\/wp\/v2\/posts\/11697","targetHints":{"allow":["GET"]}}],"collection":[{"href":"https:\/\/transformarqroo.com\/index.php\/wp-json\/wp\/v2\/posts"}],"about":[{"href":"https:\/\/transformarqroo.com\/index.php\/wp-json\/wp\/v2\/types\/post"}],"author":[{"embeddable":true,"href":"https:\/\/transformarqroo.com\/index.php\/wp-json\/wp\/v2\/users\/1"}],"replies":[{"embeddable":true,"href":"https:\/\/transformarqroo.com\/index.php\/wp-json\/wp\/v2\/comments?post=11697"}],"version-history":[{"count":4,"href":"https:\/\/transformarqroo.com\/index.php\/wp-json\/wp\/v2\/posts\/11697\/revisions"}],"predecessor-version":[{"id":11703,"href":"https:\/\/transformarqroo.com\/index.php\/wp-json\/wp\/v2\/posts\/11697\/revisions\/11703"}],"wp:featuredmedia":[{"embeddable":true,"href":"https:\/\/transformarqroo.com\/index.php\/wp-json\/wp\/v2\/media\/11699"}],"wp:attachment":[{"href":"https:\/\/transformarqroo.com\/index.php\/wp-json\/wp\/v2\/media?parent=11697"}],"wp:term":[{"taxonomy":"category","embeddable":true,"href":"https:\/\/transformarqroo.com\/index.php\/wp-json\/wp\/v2\/categories?post=11697"},{"taxonomy":"post_tag","embeddable":true,"href":"https:\/\/transformarqroo.com\/index.php\/wp-json\/wp\/v2\/tags?post=11697"}],"curies":[{"name":"wp","href":"https:\/\/api.w.org\/{rel}","templated":true}]}}