{"id":12540,"date":"2022-10-14T19:22:51","date_gmt":"2022-10-15T00:22:51","guid":{"rendered":"https:\/\/transformarqroo.com\/?p=12540"},"modified":"2022-10-14T19:24:10","modified_gmt":"2022-10-15T00:24:10","slug":"garantizar-certeza-juridica-inmobiliaria-con-total-respeto-al-medio-ambiente-armando-lara","status":"publish","type":"post","link":"https:\/\/transformarqroo.com\/index.php\/2022\/10\/14\/garantizar-certeza-juridica-inmobiliaria-con-total-respeto-al-medio-ambiente-armando-lara\/","title":{"rendered":"GARANTIZAR CERTEZA JUR\u00cdDICA INMOBILIARIA CON TOTAL RESPETO AL MEDIO AMBIENTE: ARMANDO LARA"},"content":{"rendered":"\t\t<div data-elementor-type=\"wp-post\" data-elementor-id=\"12540\" class=\"elementor elementor-12540\" data-elementor-post-type=\"post\">\n\t\t\t\t\t\t<section class=\"elementor-section elementor-top-section elementor-element elementor-element-55091e1e elementor-section-boxed elementor-section-height-default elementor-section-height-default\" data-id=\"55091e1e\" data-element_type=\"section\">\n\t\t\t\t\t\t<div class=\"elementor-container elementor-column-gap-default\">\n\t\t\t\t\t<div class=\"elementor-column elementor-col-100 elementor-top-column elementor-element elementor-element-5ac89223\" data-id=\"5ac89223\" data-element_type=\"column\">\n\t\t\t<div class=\"elementor-widget-wrap elementor-element-populated\">\n\t\t\t\t\t\t<div class=\"elementor-element elementor-element-24b0baed elementor-widget elementor-widget-premium-addon-banner\" data-id=\"24b0baed\" data-element_type=\"widget\" data-widget_type=\"premium-addon-banner.default\">\n\t\t\t\t<div class=\"elementor-widget-container\">\n\t\t\t\t\t<div class=\"premium-banner-ib premium-banner-min-height premium-banner-animation7 none\">\r\n\t\t\t\t\t\t\t<div class=\"premium-banner-border\">\r\n\t\t\t\t\t<div class=\"premium-banner-br premium-banner-bleft premium-banner-brlr\"><\/div>\r\n\t\t\t\t\t<div class=\"premium-banner-br premium-banner-bright premium-banner-brlr\"><\/div>\r\n\t\t\t\t\t<div class=\"premium-banner-br premium-banner-btop premium-banner-brtb\"><\/div>\r\n\t\t\t\t\t<div class=\"premium-banner-br premium-banner-bottom premium-banner-brtb\"><\/div>\r\n\t\t\t\t<\/div>\r\n\t\t\t\t\t\t\t\t\t\t\t\t\t\t\t<img fetchpriority=\"high\" decoding=\"async\" width=\"1280\" height=\"853\" src=\"https:\/\/transformarqroo.com\/wp-content\/uploads\/2022\/10\/GOB-14_10_22-F2.jpg\" class=\"attachment-full size-full wp-image-12541\" alt=\"\" srcset=\"https:\/\/transformarqroo.com\/wp-content\/uploads\/2022\/10\/GOB-14_10_22-F2.jpg 1280w, https:\/\/transformarqroo.com\/wp-content\/uploads\/2022\/10\/GOB-14_10_22-F2-300x200.jpg 300w, https:\/\/transformarqroo.com\/wp-content\/uploads\/2022\/10\/GOB-14_10_22-F2-1024x682.jpg 1024w, https:\/\/transformarqroo.com\/wp-content\/uploads\/2022\/10\/GOB-14_10_22-F2-768x512.jpg 768w\" sizes=\"(max-width: 1280px) 100vw, 1280px\" \/>\t\t\t\t\t\t\t\t\t\t<div class=\"premium-banner-ib-desc\">\r\n\t\t\t\t\t\t\t\t\t<div class=\"premium-banner-desc-centered\">\r\n\t\t\t\t\t\t\t\t\t<h3 class=\"premium-banner-ib-title premium_banner_title\"><\/h3>\t\t\t\t\t\t\t\t\t\t\t\t\t<\/div>\r\n\t\t\t\t\t\t\t<\/div>\r\n\t\t\t\t\t<\/div>\r\n\t\t\t\t\t\t<\/div>\n\t\t\t\t<\/div>\n\t\t\t\t\t<\/div>\n\t\t<\/div>\n\t\t\t\t\t<\/div>\n\t\t<\/section>\n\t\t\t\t<section class=\"elementor-section elementor-top-section elementor-element elementor-element-4e3b7c18 elementor-section-boxed elementor-section-height-default elementor-section-height-default\" data-id=\"4e3b7c18\" data-element_type=\"section\" data-settings=\"{&quot;background_background&quot;:&quot;classic&quot;}\">\n\t\t\t\t\t\t<div class=\"elementor-container elementor-column-gap-default\">\n\t\t\t\t\t<div class=\"elementor-column elementor-col-100 elementor-top-column elementor-element elementor-element-76954580\" data-id=\"76954580\" data-element_type=\"column\">\n\t\t\t<div class=\"elementor-widget-wrap elementor-element-populated\">\n\t\t\t\t\t\t<div class=\"elementor-element elementor-element-3fa628d0 premium-title-icon-row premium-title-color elementor-widget elementor-widget-premium-addon-title\" data-id=\"3fa628d0\" data-element_type=\"widget\" data-widget_type=\"premium-addon-title.default\">\n\t\t\t\t<div class=\"elementor-widget-container\">\n\t\t\t\r\n\t\t<div class=\"premium-title-container style2\">\r\n\t\t\t<h5 class=\"premium-title-header premium-title-style2\">\r\n\t\t\t\t\r\n\t\t\t\t\t\t\t\t\t\t\t\t\t\t\t<div class=\"premium-title-icon premium-lottie-animation\" data-lottie-url=\"https:\/\/assets8.lottiefiles.com\/packages\/lf20_pcfclxy8.json\" data-lottie-loop=\"true\" data-lottie-reverse=\"\"><\/div>\r\n\t\t\t\t\t\t\t\t\t\r\n\t\t\t\t\t\t\t\t\t\t\t\t<span class=\"premium-title-text\" >\r\n\t\t\t\t\tEl Gobierno del Estado preside la Toma de Protesta de la Mesa Directiva Nacional AMII 2022-2024.\t\t\t\t<\/span>\r\n\t\t\t\t\t\r\n\t\t\t\t\t\t\t\t\t\t\t<\/h5>\r\n\t\t<\/div>\r\n\r\n\t\t\t\t<\/div>\n\t\t\t\t<\/div>\n\t\t\t\t\t<\/div>\n\t\t<\/div>\n\t\t\t\t\t<\/div>\n\t\t<\/section>\n\t\t\t\t<section class=\"elementor-section elementor-top-section elementor-element elementor-element-7895e672 elementor-section-boxed elementor-section-height-default elementor-section-height-default\" data-id=\"7895e672\" data-element_type=\"section\" data-settings=\"{&quot;background_background&quot;:&quot;classic&quot;}\">\n\t\t\t\t\t\t<div class=\"elementor-container elementor-column-gap-default\">\n\t\t\t\t\t<div class=\"elementor-column elementor-col-100 elementor-top-column elementor-element elementor-element-78a2d0f9\" data-id=\"78a2d0f9\" data-element_type=\"column\">\n\t\t\t<div class=\"elementor-widget-wrap elementor-element-populated\">\n\t\t\t\t\t\t<div class=\"elementor-element elementor-element-1471620 premium-title-icon-row premium-title-color elementor-widget elementor-widget-premium-addon-title\" data-id=\"1471620\" data-element_type=\"widget\" data-widget_type=\"premium-addon-title.default\">\n\t\t\t\t<div class=\"elementor-widget-container\">\n\t\t\t\r\n\t\t<div class=\"premium-title-container style2\">\r\n\t\t\t<h5 class=\"premium-title-header premium-title-style2\">\r\n\t\t\t\t\r\n\t\t\t\t\t\t\t\t\t\t\t\t\t\t\t<div class=\"premium-title-icon premium-lottie-animation\" data-lottie-url=\"https:\/\/assets8.lottiefiles.com\/packages\/lf20_pcfclxy8.json\" data-lottie-loop=\"true\" data-lottie-reverse=\"\"><\/div>\r\n\t\t\t\t\t\t\t\t\t\r\n\t\t\t\t\t\t\t\t\t\t\t\t<span class=\"premium-title-text\" >\r\n\t\t\t\t\tEl sector inmobiliario es una de las actividades econ\u00f3micas m\u00e1s importantes en el Estado, genera una gran derrama econ\u00f3mica y contribuye en la generaci\u00f3n de empleo para las y los quintanarroenses\t\t\t\t<\/span>\r\n\t\t\t\t\t\r\n\t\t\t\t\t\t\t\t\t\t\t<\/h5>\r\n\t\t<\/div>\r\n\r\n\t\t\t\t<\/div>\n\t\t\t\t<\/div>\n\t\t\t\t\t<\/div>\n\t\t<\/div>\n\t\t\t\t\t<\/div>\n\t\t<\/section>\n\t\t\t\t<section class=\"elementor-section elementor-top-section elementor-element elementor-element-156eebe4 elementor-section-boxed elementor-section-height-default elementor-section-height-default\" data-id=\"156eebe4\" data-element_type=\"section\">\n\t\t\t\t\t\t<div class=\"elementor-container elementor-column-gap-default\">\n\t\t\t\t\t<div class=\"elementor-column elementor-col-100 elementor-top-column elementor-element elementor-element-290a6e05\" data-id=\"290a6e05\" data-element_type=\"column\">\n\t\t\t<div class=\"elementor-widget-wrap elementor-element-populated\">\n\t\t\t\t\t\t<div class=\"elementor-element elementor-element-1c1cba34 elementor-widget elementor-widget-text-editor\" data-id=\"1c1cba34\" data-element_type=\"widget\" data-widget_type=\"text-editor.default\">\n\t\t\t\t<div class=\"elementor-widget-container\">\n\t\t\t\t\t\t\t<p><span style=\"font-weight: 400;\">Canc\u00fan.- \u201cGarantizar la certeza jur\u00eddica en el \u00e1mbito inmobiliario, con total respeto al medio ambiente, es una encomienda de la gobernadora Mara Lezama, estamos seguros que con el trabajo coordinado lo lograremos\u201d, se\u00f1al\u00f3 el Secretario de Desarrollo Territorial Urbano Sustentable (SEDETUS), Armando Lara De Nigris, durante la ceremonia de Toma de Protesta de la Mesa Directiva Nacional 2022-2024 de la Asociaci\u00f3n Mexicana de la Industria Inmobiliaria A.C (AMII).<\/span><\/p><p>\u00a0<\/p><p><span style=\"font-weight: 400;\">El Secretario Armando Lara a\u00f1adi\u00f3 \u201cel sector inmobiliario es una de las actividades econ\u00f3micas m\u00e1s importantes en el estado, genera una gran derrama econ\u00f3mica y contribuye en la generaci\u00f3n de empleo para las y los quintanarroenses, el profesionalismo de esta actividad nos distingue y nos mantiene como uno de los destinos preferidos de M\u00e9xico y del mundo para habitar y vacacionar\u201d.<\/span><\/p><p>\u00a0<\/p><p><span style=\"font-weight: 400;\">\u201cEn la SEDETUS contamos con un padr\u00f3n de 330 prestadores de servicios inmobiliarios debidamente matriculados y acreditados; adem\u00e1s continuamos el Programa Anual de Capacitaci\u00f3n 2022, que hasta el momento ha capacitado a 300 asesores inmobiliarios de ellos 170 son mujeres y 130 hombres de los municipios Benito Ju\u00e1rez, Cozumel, Solidaridad y Oth\u00f3n P. Blanco\u201d, resalt\u00f3 el titular de la SEDETUS.<\/span><\/p><p>\u00a0<\/p><p><span style=\"font-weight: 400;\">Posterior a la toma de protesta el nuevo presidente de la AMII, Wilberth Guti\u00e9rrez \u00c1lvarez, expres\u00f3 su saludo para la gobernadora Mara Lezama y declar\u00f3 que su gobierno cuenta con un nutrido gremio de profesionales que est\u00e1n a favor de la profesionalizaci\u00f3n, capacitaci\u00f3n y matriculaci\u00f3n de todo el sector, empe\u00f1ados a hacer las cosas bien y ver que los dem\u00e1s tambi\u00e9n las hagan.<\/span><\/p><p>\u00a0<\/p><p><span style=\"font-weight: 400;\">AMII es una Asociaci\u00f3n de car\u00e1cter nacional que nace en Quintana Roo, espec\u00edficamente en el municipio de Solidaridad, en el a\u00f1o 2015; como consecuencia de la promulgaci\u00f3n de la Ley de Prestaci\u00f3n de Servicios Inmobiliarios del Estado, su objetivo es coadyuvar a la formaci\u00f3n profesional a trav\u00e9s de la capacitaci\u00f3n de los agentes inmobiliarios y personas vinculadas con la actividad inmobiliaria.<\/span><\/p><p>\u00a0<\/p><p><span style=\"font-weight: 400;\">La ceremonia de toma de protesta de la nueva Mesa Directiva Nacional 2022-2024 de la AMII, cont\u00f3 con la presencia de la presidenta municipal de Benito Ju\u00e1rez, Ana Patricia Peralta de la Pe\u00f1a; la presidenta saliente de AMII, Sandra Zaragoza Alamila; la directora de COPARMEX, Estefan\u00eda Ram\u00edrez Flores; as\u00ed como representantes de C\u00e1maras, Colegios, Universidades y Asociaciones relacionadas al Sector Inmobiliario.<\/span><\/p><p><br style=\"font-weight: 400;\" \/><br style=\"font-weight: 400;\" \/><br \/><\/p>\t\t\t\t\t\t<\/div>\n\t\t\t\t<\/div>\n\t\t\t\t\t<\/div>\n\t\t<\/div>\n\t\t\t\t\t<\/div>\n\t\t<\/section>\n\t\t\t\t<section class=\"elementor-section elementor-top-section elementor-element elementor-element-2083c01a elementor-section-boxed elementor-section-height-default elementor-section-height-default\" data-id=\"2083c01a\" data-element_type=\"section\">\n\t\t\t\t\t\t<div class=\"elementor-container elementor-column-gap-default\">\n\t\t\t\t\t<div class=\"elementor-column elementor-col-100 elementor-top-column elementor-element elementor-element-59bc8c2\" data-id=\"59bc8c2\" data-element_type=\"column\">\n\t\t\t<div class=\"elementor-widget-wrap elementor-element-populated\">\n\t\t\t\t\t\t<div class=\"elementor-element elementor-element-5046b262 elementor-widget elementor-widget-gallery\" data-id=\"5046b262\" data-element_type=\"widget\" data-settings=\"{&quot;gallery_layout&quot;:&quot;justified&quot;,&quot;lazyload&quot;:&quot;yes&quot;,&quot;ideal_row_height&quot;:{&quot;unit&quot;:&quot;px&quot;,&quot;size&quot;:200,&quot;sizes&quot;:[]},&quot;ideal_row_height_tablet&quot;:{&quot;unit&quot;:&quot;px&quot;,&quot;size&quot;:150,&quot;sizes&quot;:[]},&quot;ideal_row_height_mobile&quot;:{&quot;unit&quot;:&quot;px&quot;,&quot;size&quot;:150,&quot;sizes&quot;:[]},&quot;gap&quot;:{&quot;unit&quot;:&quot;px&quot;,&quot;size&quot;:10,&quot;sizes&quot;:[]},&quot;gap_tablet&quot;:{&quot;unit&quot;:&quot;px&quot;,&quot;size&quot;:10,&quot;sizes&quot;:[]},&quot;gap_mobile&quot;:{&quot;unit&quot;:&quot;px&quot;,&quot;size&quot;:10,&quot;sizes&quot;:[]},&quot;link_to&quot;:&quot;file&quot;,&quot;overlay_background&quot;:&quot;yes&quot;,&quot;content_hover_animation&quot;:&quot;fade-in&quot;}\" data-widget_type=\"gallery.default\">\n\t\t\t\t<div class=\"elementor-widget-container\">\n\t\t\t\t\t<div class=\"elementor-gallery__container\">\n\t\t\t\t\t\t\t<a class=\"e-gallery-item elementor-gallery-item elementor-animated-content\" href=\"https:\/\/transformarqroo.com\/wp-content\/uploads\/2022\/10\/GOB-14_10_22-F2.jpg\" data-elementor-open-lightbox=\"yes\" data-elementor-lightbox-slideshow=\"5046b262\" data-elementor-lightbox-title=\"GOB 14_10_22 F2\" data-e-action-hash=\"#elementor-action%3Aaction%3Dlightbox%26settings%3DeyJpZCI6MTI1NDEsInVybCI6Imh0dHBzOlwvXC90cmFuc2Zvcm1hcnFyb28uY29tXC93cC1jb250ZW50XC91cGxvYWRzXC8yMDIyXC8xMFwvR09CLTE0XzEwXzIyLUYyLmpwZyIsInNsaWRlc2hvdyI6IjUwNDZiMjYyIn0%3D\">\n\t\t\t\t\t<div class=\"e-gallery-image elementor-gallery-item__image\" data-thumbnail=\"https:\/\/transformarqroo.com\/wp-content\/uploads\/2022\/10\/GOB-14_10_22-F2.jpg\" data-width=\"1280\" data-height=\"853\" aria-label=\"\" role=\"img\" ><\/div>\n\t\t\t\t\t\t\t\t\t\t\t<div class=\"elementor-gallery-item__overlay\"><\/div>\n\t\t\t\t\t\t\t\t\t\t\t\t\t\t<\/a>\n\t\t\t\t\t\t\t<a class=\"e-gallery-item elementor-gallery-item elementor-animated-content\" href=\"https:\/\/transformarqroo.com\/wp-content\/uploads\/2022\/10\/GOB-14_10_22-F21.jpg\" data-elementor-open-lightbox=\"yes\" data-elementor-lightbox-slideshow=\"5046b262\" data-elementor-lightbox-title=\"GOB 14_10_22 F2(1)\" data-e-action-hash=\"#elementor-action%3Aaction%3Dlightbox%26settings%3DeyJpZCI6MTI1NDIsInVybCI6Imh0dHBzOlwvXC90cmFuc2Zvcm1hcnFyb28uY29tXC93cC1jb250ZW50XC91cGxvYWRzXC8yMDIyXC8xMFwvR09CLTE0XzEwXzIyLUYyMS5qcGciLCJzbGlkZXNob3ciOiI1MDQ2YjI2MiJ9\">\n\t\t\t\t\t<div class=\"e-gallery-image elementor-gallery-item__image\" data-thumbnail=\"https:\/\/transformarqroo.com\/wp-content\/uploads\/2022\/10\/GOB-14_10_22-F21.jpg\" data-width=\"1280\" data-height=\"853\" aria-label=\"\" role=\"img\" ><\/div>\n\t\t\t\t\t\t\t\t\t\t\t<div class=\"elementor-gallery-item__overlay\"><\/div>\n\t\t\t\t\t\t\t\t\t\t\t\t\t\t<\/a>\n\t\t\t\t\t<\/div>\n\t\t\t<\/div>\n\t\t\t\t<\/div>\n\t\t\t\t\t<\/div>\n\t\t<\/div>\n\t\t\t\t\t<\/div>\n\t\t<\/section>\n\t\t\t\t<\/div>\n\t\t","protected":false},"excerpt":{"rendered":"<p>El Gobierno del Estado preside la Toma de Protesta de la Mesa Directiva Nacional AMII 2022-2024.<\/p>\n","protected":false},"author":1,"featured_media":12541,"comment_status":"closed","ping_status":"closed","sticky":false,"template":"","format":"standard","meta":{"_FSMCFIC_featured_image_caption":"","_FSMCFIC_featured_image_nocaption":"","_FSMCFIC_featured_image_hide":"1","footnotes":""},"categories":[38,32],"tags":[],"class_list":["post-12540","post","type-post","status-publish","format-standard","has-post-thumbnail","hentry","category-gobierno-del-estado","category-municipios"],"aioseo_notices":[],"_links":{"self":[{"href":"https:\/\/transformarqroo.com\/index.php\/wp-json\/wp\/v2\/posts\/12540","targetHints":{"allow":["GET"]}}],"collection":[{"href":"https:\/\/transformarqroo.com\/index.php\/wp-json\/wp\/v2\/posts"}],"about":[{"href":"https:\/\/transformarqroo.com\/index.php\/wp-json\/wp\/v2\/types\/post"}],"author":[{"embeddable":true,"href":"https:\/\/transformarqroo.com\/index.php\/wp-json\/wp\/v2\/users\/1"}],"replies":[{"embeddable":true,"href":"https:\/\/transformarqroo.com\/index.php\/wp-json\/wp\/v2\/comments?post=12540"}],"version-history":[{"count":4,"href":"https:\/\/transformarqroo.com\/index.php\/wp-json\/wp\/v2\/posts\/12540\/revisions"}],"predecessor-version":[{"id":12546,"href":"https:\/\/transformarqroo.com\/index.php\/wp-json\/wp\/v2\/posts\/12540\/revisions\/12546"}],"wp:featuredmedia":[{"embeddable":true,"href":"https:\/\/transformarqroo.com\/index.php\/wp-json\/wp\/v2\/media\/12541"}],"wp:attachment":[{"href":"https:\/\/transformarqroo.com\/index.php\/wp-json\/wp\/v2\/media?parent=12540"}],"wp:term":[{"taxonomy":"category","embeddable":true,"href":"https:\/\/transformarqroo.com\/index.php\/wp-json\/wp\/v2\/categories?post=12540"},{"taxonomy":"post_tag","embeddable":true,"href":"https:\/\/transformarqroo.com\/index.php\/wp-json\/wp\/v2\/tags?post=12540"}],"curies":[{"name":"wp","href":"https:\/\/api.w.org\/{rel}","templated":true}]}}