{"id":13205,"date":"2022-10-25T21:54:53","date_gmt":"2022-10-26T02:54:53","guid":{"rendered":"https:\/\/transformarqroo.com\/?p=13205"},"modified":"2022-10-25T21:55:49","modified_gmt":"2022-10-26T02:55:49","slug":"atenea-gomez-recupera-y-dignifica-espacios-publicos-para-la-sana-convivencia-familiar-y-disfrute-de-los-turistas","status":"publish","type":"post","link":"https:\/\/transformarqroo.com\/index.php\/2022\/10\/25\/atenea-gomez-recupera-y-dignifica-espacios-publicos-para-la-sana-convivencia-familiar-y-disfrute-de-los-turistas\/","title":{"rendered":"ATENEA G\u00d3MEZ RECUPERA Y DIGNIFICA ESPACIOS P\u00daBLICOS PARA LA SANA CONVIVENCIA FAMILIAR Y DISFRUTE DE LOS TURISTAS"},"content":{"rendered":"\t\t<div data-elementor-type=\"wp-post\" data-elementor-id=\"13205\" class=\"elementor elementor-13205\" data-elementor-post-type=\"post\">\n\t\t\t\t\t\t<section class=\"elementor-section elementor-top-section elementor-element elementor-element-5618ae6 elementor-section-boxed elementor-section-height-default elementor-section-height-default\" data-id=\"5618ae6\" data-element_type=\"section\">\n\t\t\t\t\t\t<div class=\"elementor-container elementor-column-gap-default\">\n\t\t\t\t\t<div class=\"elementor-column elementor-col-66 elementor-top-column elementor-element elementor-element-58cac1b\" data-id=\"58cac1b\" data-element_type=\"column\">\n\t\t\t<div class=\"elementor-widget-wrap elementor-element-populated\">\n\t\t\t\t\t\t<div class=\"elementor-element elementor-element-63656f11 elementor-widget elementor-widget-premium-addon-banner\" data-id=\"63656f11\" data-element_type=\"widget\" data-widget_type=\"premium-addon-banner.default\">\n\t\t\t\t<div class=\"elementor-widget-container\">\n\t\t\t\t\t<div class=\"premium-banner-ib premium-banner-min-height premium-banner-animation7 none\">\r\n\t\t\t\t\t\t\t<div class=\"premium-banner-border\">\r\n\t\t\t\t\t<div class=\"premium-banner-br premium-banner-bleft premium-banner-brlr\"><\/div>\r\n\t\t\t\t\t<div class=\"premium-banner-br premium-banner-bright premium-banner-brlr\"><\/div>\r\n\t\t\t\t\t<div class=\"premium-banner-br premium-banner-btop premium-banner-brtb\"><\/div>\r\n\t\t\t\t\t<div class=\"premium-banner-br premium-banner-bottom premium-banner-brtb\"><\/div>\r\n\t\t\t\t<\/div>\r\n\t\t\t\t\t\t\t\t\t\t\t\t\t\t\t<img fetchpriority=\"high\" decoding=\"async\" width=\"1600\" height=\"1066\" src=\"https:\/\/transformarqroo.com\/wp-content\/uploads\/2022\/10\/Isla-25_10_22-F12.jpg\" class=\"attachment-full size-full wp-image-13208\" alt=\"\" srcset=\"https:\/\/transformarqroo.com\/wp-content\/uploads\/2022\/10\/Isla-25_10_22-F12.jpg 1600w, https:\/\/transformarqroo.com\/wp-content\/uploads\/2022\/10\/Isla-25_10_22-F12-300x200.jpg 300w, https:\/\/transformarqroo.com\/wp-content\/uploads\/2022\/10\/Isla-25_10_22-F12-1024x682.jpg 1024w, https:\/\/transformarqroo.com\/wp-content\/uploads\/2022\/10\/Isla-25_10_22-F12-768x512.jpg 768w, https:\/\/transformarqroo.com\/wp-content\/uploads\/2022\/10\/Isla-25_10_22-F12-1536x1023.jpg 1536w\" sizes=\"(max-width: 1600px) 100vw, 1600px\" \/>\t\t\t\t\t\t\t\t\t\t<div class=\"premium-banner-ib-desc\">\r\n\t\t\t\t\t\t\t\t\t<div class=\"premium-banner-desc-centered\">\r\n\t\t\t\t\t\t\t\t\t<h3 class=\"premium-banner-ib-title premium_banner_title\"><\/h3>\t\t\t\t\t\t\t\t\t\t\t\t\t<\/div>\r\n\t\t\t\t\t\t\t<\/div>\r\n\t\t\t\t\t<\/div>\r\n\t\t\t\t\t\t<\/div>\n\t\t\t\t<\/div>\n\t\t\t\t\t<\/div>\n\t\t<\/div>\n\t\t\t\t<div class=\"elementor-column elementor-col-33 elementor-top-column elementor-element elementor-element-9c745b5\" data-id=\"9c745b5\" data-element_type=\"column\">\n\t\t\t<div class=\"elementor-widget-wrap elementor-element-populated\">\n\t\t\t\t\t\t<div class=\"elementor-element elementor-element-9fbc541 elementor-widget elementor-widget-text-editor\" data-id=\"9fbc541\" data-element_type=\"widget\" data-widget_type=\"text-editor.default\">\n\t\t\t\t<div class=\"elementor-widget-container\">\n\t\t\t\t\t\t\t<p><span style=\"font-weight: 400;\">Isla Mujeres, Quintana Roo, 25 de octubre de 2022.- Vecinos de la colonia Ampliaci\u00f3n La Gloria de Isla Mujeres en la zona insular, agradecieron a la presidenta municipal, Atenea G\u00f3mez Ricalde, la recuperaci\u00f3n de espacios p\u00fablicos que estaban olvidados y en mal estado desde la administraci\u00f3n pasada, lo anterior, en el banderazo de inicio de obra de la rehabilitaci\u00f3n del Malec\u00f3n del Caribe, al asegurar que con el restablecimiento del lugar mejorar\u00e1 su calidad de vida y seguridad de la colonia.<\/span><\/p><p><br style=\"font-weight: 400;\" \/><br \/><\/p>\t\t\t\t\t\t<\/div>\n\t\t\t\t<\/div>\n\t\t\t\t\t<\/div>\n\t\t<\/div>\n\t\t\t\t\t<\/div>\n\t\t<\/section>\n\t\t\t\t<section class=\"elementor-section elementor-top-section elementor-element elementor-element-510dfef5 elementor-section-boxed elementor-section-height-default elementor-section-height-default\" data-id=\"510dfef5\" data-element_type=\"section\" data-settings=\"{&quot;background_background&quot;:&quot;classic&quot;}\">\n\t\t\t\t\t\t<div class=\"elementor-container elementor-column-gap-default\">\n\t\t\t\t\t<div class=\"elementor-column elementor-col-100 elementor-top-column elementor-element elementor-element-17e38158\" data-id=\"17e38158\" data-element_type=\"column\">\n\t\t\t<div class=\"elementor-widget-wrap elementor-element-populated\">\n\t\t\t\t\t\t<div class=\"elementor-element elementor-element-55f11bba premium-title-icon-row premium-title-color elementor-widget elementor-widget-premium-addon-title\" data-id=\"55f11bba\" data-element_type=\"widget\" data-widget_type=\"premium-addon-title.default\">\n\t\t\t\t<div class=\"elementor-widget-container\">\n\t\t\t\r\n\t\t<div class=\"premium-title-container style2\">\r\n\t\t\t<h5 class=\"premium-title-header premium-title-style2\">\r\n\t\t\t\t\r\n\t\t\t\t\t\t\t\t\t\t\t\t\t\t\t<div class=\"premium-title-icon premium-lottie-animation\" data-lottie-url=\"https:\/\/assets8.lottiefiles.com\/packages\/lf20_pcfclxy8.json\" data-lottie-loop=\"true\" data-lottie-reverse=\"\"><\/div>\r\n\t\t\t\t\t\t\t\t\t\r\n\t\t\t\t\t\t\t\t\t\t\t\t<span class=\"premium-title-text\" >\r\n\t\t\t\t\tAl dar el banderazo de inicio de obra de rehabilitaci\u00f3n del Malec\u00f3n del Caribe en la colonia La Gloria, invit\u00f3 a la ciudadan\u00eda y visitantes a cuidarlo, disfrutarlo y mantenerlo limpio al ser un atractivo tur\u00edstico.\t\t\t\t<\/span>\r\n\t\t\t\t\t\r\n\t\t\t\t\t\t\t\t\t\t\t<\/h5>\r\n\t\t<\/div>\r\n\r\n\t\t\t\t<\/div>\n\t\t\t\t<\/div>\n\t\t\t\t\t<\/div>\n\t\t<\/div>\n\t\t\t\t\t<\/div>\n\t\t<\/section>\n\t\t\t\t<section class=\"elementor-section elementor-top-section elementor-element elementor-element-2da22915 elementor-section-boxed elementor-section-height-default elementor-section-height-default\" data-id=\"2da22915\" data-element_type=\"section\">\n\t\t\t\t\t\t<div class=\"elementor-container elementor-column-gap-default\">\n\t\t\t\t\t<div class=\"elementor-column elementor-col-100 elementor-top-column elementor-element elementor-element-28b92d89\" data-id=\"28b92d89\" data-element_type=\"column\">\n\t\t\t<div class=\"elementor-widget-wrap elementor-element-populated\">\n\t\t\t\t\t\t<div class=\"elementor-element elementor-element-66bed9a6 elementor-widget elementor-widget-text-editor\" data-id=\"66bed9a6\" data-element_type=\"widget\" data-widget_type=\"text-editor.default\">\n\t\t\t\t<div class=\"elementor-widget-container\">\n\t\t\t\t\t\t\t<p><span style=\"font-weight: 400;\">Al dar el banderazo de inicio de obra, la alcaldesa, Atenea G\u00f3mez, se\u00f1al\u00f3 \u201ccuando asum\u00ed el Gobierno siempre tuve el reto de trabajar en acciones que beneficiaran a la gente con obras que dignifican la isla en la que vivimos y que tambi\u00e9n generan beneficios econ\u00f3micos con la llegada de m\u00e1s turismo\u201d.<\/span><\/p><p>\u00a0<\/p><p><span style=\"font-weight: 400;\">Asimismo, afirm\u00f3 que, mientras m\u00e1s espacios p\u00fablicos en buen estado tenga la isla se contribuir\u00e1 al fortalecimiento de la seguridad del municipio, por ello, con la rehabilitaci\u00f3n del Malec\u00f3n del Caribe adem\u00e1s de que la ciudadan\u00eda disfrutar\u00e1 de un espacio digno y seguro que colaborar\u00e1 a la sana convivencia e integraci\u00f3n familiar, tambi\u00e9n, ser\u00e1 un atractivo tur\u00edstico para quienes visitan la isla.<\/span><\/p><p>\u00a0<\/p><p><span style=\"font-weight: 400;\">\u201cLos invito a cuidarlo, mantenerlo limpio, pasear y sentirnos orgullosos y orgullosas de este malec\u00f3n que formar\u00e1 parte del circuito del Tibur\u00f3n Ballena que pronto iniciar\u00e1 su construcci\u00f3n, ya que la intenci\u00f3n es contar con m\u00e1s y mejores espacios que sean cien por ciento peatonales para goce y disfrute de todas y todos\u201d, las obras consistir\u00e1n en en el mantenimiento de la iluminaci\u00f3n, mobiliario urbano, los andadores y pintura en general.<\/span><\/p><p>\u00a0<\/p><p><span style=\"font-weight: 400;\">Acompa\u00f1aron a la alcaldesa en el banderazo la directora general de Desarrollo Urbano y Medio Ambiente, Soldad Che Celis; el director de Obras P\u00fablicas, Marcos Vel\u00e1zquez Cabrera; el secretario general del Ayuntamiento, Hugo Iv\u00e1n S\u00e1nchez Montalvo; el s\u00edndico municipal, Jos\u00e9 Manuel L\u00f3pez Garc\u00eda; las regidoras y regidores, directores del Ayuntamiento y vecinos de la colonia La Gloria.<\/span><\/p><p><br style=\"font-weight: 400;\" \/><br \/><\/p>\t\t\t\t\t\t<\/div>\n\t\t\t\t<\/div>\n\t\t\t\t\t<\/div>\n\t\t<\/div>\n\t\t\t\t\t<\/div>\n\t\t<\/section>\n\t\t\t\t<section class=\"elementor-section elementor-top-section elementor-element elementor-element-3053e2ef elementor-section-boxed elementor-section-height-default elementor-section-height-default\" data-id=\"3053e2ef\" data-element_type=\"section\">\n\t\t\t\t\t\t<div class=\"elementor-container elementor-column-gap-default\">\n\t\t\t\t\t<div class=\"elementor-column elementor-col-100 elementor-top-column elementor-element elementor-element-3f65a5ec\" data-id=\"3f65a5ec\" data-element_type=\"column\">\n\t\t\t<div class=\"elementor-widget-wrap elementor-element-populated\">\n\t\t\t\t\t\t<div class=\"elementor-element elementor-element-67c2f017 elementor-widget elementor-widget-gallery\" data-id=\"67c2f017\" data-element_type=\"widget\" data-settings=\"{&quot;gallery_layout&quot;:&quot;justified&quot;,&quot;lazyload&quot;:&quot;yes&quot;,&quot;ideal_row_height&quot;:{&quot;unit&quot;:&quot;px&quot;,&quot;size&quot;:200,&quot;sizes&quot;:[]},&quot;ideal_row_height_tablet&quot;:{&quot;unit&quot;:&quot;px&quot;,&quot;size&quot;:150,&quot;sizes&quot;:[]},&quot;ideal_row_height_mobile&quot;:{&quot;unit&quot;:&quot;px&quot;,&quot;size&quot;:150,&quot;sizes&quot;:[]},&quot;gap&quot;:{&quot;unit&quot;:&quot;px&quot;,&quot;size&quot;:10,&quot;sizes&quot;:[]},&quot;gap_tablet&quot;:{&quot;unit&quot;:&quot;px&quot;,&quot;size&quot;:10,&quot;sizes&quot;:[]},&quot;gap_mobile&quot;:{&quot;unit&quot;:&quot;px&quot;,&quot;size&quot;:10,&quot;sizes&quot;:[]},&quot;link_to&quot;:&quot;file&quot;,&quot;overlay_background&quot;:&quot;yes&quot;,&quot;content_hover_animation&quot;:&quot;fade-in&quot;}\" data-widget_type=\"gallery.default\">\n\t\t\t\t<div class=\"elementor-widget-container\">\n\t\t\t\t\t<div class=\"elementor-gallery__container\">\n\t\t\t\t\t\t\t<a class=\"e-gallery-item elementor-gallery-item elementor-animated-content\" href=\"https:\/\/transformarqroo.com\/wp-content\/uploads\/2022\/10\/Isla-25_10_22-F1.jpg\" data-elementor-open-lightbox=\"yes\" data-elementor-lightbox-slideshow=\"67c2f017\" data-elementor-lightbox-title=\"Isla 25_10_22 F1\" data-e-action-hash=\"#elementor-action%3Aaction%3Dlightbox%26settings%3DeyJpZCI6MTMyMDYsInVybCI6Imh0dHBzOlwvXC90cmFuc2Zvcm1hcnFyb28uY29tXC93cC1jb250ZW50XC91cGxvYWRzXC8yMDIyXC8xMFwvSXNsYS0yNV8xMF8yMi1GMS5qcGciLCJzbGlkZXNob3ciOiI2N2MyZjAxNyJ9\">\n\t\t\t\t\t<div class=\"e-gallery-image elementor-gallery-item__image\" data-thumbnail=\"https:\/\/transformarqroo.com\/wp-content\/uploads\/2022\/10\/Isla-25_10_22-F1.jpg\" data-width=\"888\" data-height=\"633\" aria-label=\"\" role=\"img\" ><\/div>\n\t\t\t\t\t\t\t\t\t\t\t<div class=\"elementor-gallery-item__overlay\"><\/div>\n\t\t\t\t\t\t\t\t\t\t\t\t\t\t<\/a>\n\t\t\t\t\t\t\t<a class=\"e-gallery-item elementor-gallery-item elementor-animated-content\" href=\"https:\/\/transformarqroo.com\/wp-content\/uploads\/2022\/10\/Isla-25_10_22-F11.jpg\" data-elementor-open-lightbox=\"yes\" data-elementor-lightbox-slideshow=\"67c2f017\" data-elementor-lightbox-title=\"Isla 25_10_22 F1(1)\" data-e-action-hash=\"#elementor-action%3Aaction%3Dlightbox%26settings%3DeyJpZCI6MTMyMDcsInVybCI6Imh0dHBzOlwvXC90cmFuc2Zvcm1hcnFyb28uY29tXC93cC1jb250ZW50XC91cGxvYWRzXC8yMDIyXC8xMFwvSXNsYS0yNV8xMF8yMi1GMTEuanBnIiwic2xpZGVzaG93IjoiNjdjMmYwMTcifQ%3D%3D\">\n\t\t\t\t\t<div class=\"e-gallery-image elementor-gallery-item__image\" data-thumbnail=\"https:\/\/transformarqroo.com\/wp-content\/uploads\/2022\/10\/Isla-25_10_22-F11.jpg\" data-width=\"1600\" data-height=\"1122\" aria-label=\"\" role=\"img\" ><\/div>\n\t\t\t\t\t\t\t\t\t\t\t<div class=\"elementor-gallery-item__overlay\"><\/div>\n\t\t\t\t\t\t\t\t\t\t\t\t\t\t<\/a>\n\t\t\t\t\t\t\t<a class=\"e-gallery-item elementor-gallery-item elementor-animated-content\" href=\"https:\/\/transformarqroo.com\/wp-content\/uploads\/2022\/10\/Isla-25_10_22-F12.jpg\" data-elementor-open-lightbox=\"yes\" data-elementor-lightbox-slideshow=\"67c2f017\" data-elementor-lightbox-title=\"Isla 25_10_22 F1(2)\" data-e-action-hash=\"#elementor-action%3Aaction%3Dlightbox%26settings%3DeyJpZCI6MTMyMDgsInVybCI6Imh0dHBzOlwvXC90cmFuc2Zvcm1hcnFyb28uY29tXC93cC1jb250ZW50XC91cGxvYWRzXC8yMDIyXC8xMFwvSXNsYS0yNV8xMF8yMi1GMTIuanBnIiwic2xpZGVzaG93IjoiNjdjMmYwMTcifQ%3D%3D\">\n\t\t\t\t\t<div class=\"e-gallery-image elementor-gallery-item__image\" data-thumbnail=\"https:\/\/transformarqroo.com\/wp-content\/uploads\/2022\/10\/Isla-25_10_22-F12.jpg\" data-width=\"1600\" data-height=\"1066\" aria-label=\"\" role=\"img\" ><\/div>\n\t\t\t\t\t\t\t\t\t\t\t<div class=\"elementor-gallery-item__overlay\"><\/div>\n\t\t\t\t\t\t\t\t\t\t\t\t\t\t<\/a>\n\t\t\t\t\t<\/div>\n\t\t\t<\/div>\n\t\t\t\t<\/div>\n\t\t\t\t\t<\/div>\n\t\t<\/div>\n\t\t\t\t\t<\/div>\n\t\t<\/section>\n\t\t\t\t<\/div>\n\t\t","protected":false},"excerpt":{"rendered":"<p>Al dar el banderazo de inicio de obra de rehabilitaci\u00f3n del Malec\u00f3n del Caribe en la colonia La Gloria, invit\u00f3 a la ciudadan\u00eda y visitantes a cuidarlo, disfrutarlo y mantenerlo limpio al ser un atractivo tur\u00edstico.<\/p>\n","protected":false},"author":1,"featured_media":13208,"comment_status":"closed","ping_status":"closed","sticky":false,"template":"","format":"standard","meta":{"_FSMCFIC_featured_image_caption":"","_FSMCFIC_featured_image_nocaption":"","_FSMCFIC_featured_image_hide":"1","footnotes":""},"categories":[32,25],"tags":[48],"class_list":["post-13205","post","type-post","status-publish","format-standard","has-post-thumbnail","hentry","category-municipios","category-isla-mujeres","tag-atenea-gomez-ricalde"],"aioseo_notices":[],"_links":{"self":[{"href":"https:\/\/transformarqroo.com\/index.php\/wp-json\/wp\/v2\/posts\/13205","targetHints":{"allow":["GET"]}}],"collection":[{"href":"https:\/\/transformarqroo.com\/index.php\/wp-json\/wp\/v2\/posts"}],"about":[{"href":"https:\/\/transformarqroo.com\/index.php\/wp-json\/wp\/v2\/types\/post"}],"author":[{"embeddable":true,"href":"https:\/\/transformarqroo.com\/index.php\/wp-json\/wp\/v2\/users\/1"}],"replies":[{"embeddable":true,"href":"https:\/\/transformarqroo.com\/index.php\/wp-json\/wp\/v2\/comments?post=13205"}],"version-history":[{"count":4,"href":"https:\/\/transformarqroo.com\/index.php\/wp-json\/wp\/v2\/posts\/13205\/revisions"}],"predecessor-version":[{"id":13212,"href":"https:\/\/transformarqroo.com\/index.php\/wp-json\/wp\/v2\/posts\/13205\/revisions\/13212"}],"wp:featuredmedia":[{"embeddable":true,"href":"https:\/\/transformarqroo.com\/index.php\/wp-json\/wp\/v2\/media\/13208"}],"wp:attachment":[{"href":"https:\/\/transformarqroo.com\/index.php\/wp-json\/wp\/v2\/media?parent=13205"}],"wp:term":[{"taxonomy":"category","embeddable":true,"href":"https:\/\/transformarqroo.com\/index.php\/wp-json\/wp\/v2\/categories?post=13205"},{"taxonomy":"post_tag","embeddable":true,"href":"https:\/\/transformarqroo.com\/index.php\/wp-json\/wp\/v2\/tags?post=13205"}],"curies":[{"name":"wp","href":"https:\/\/api.w.org\/{rel}","templated":true}]}}