{"id":13298,"date":"2022-10-27T22:11:52","date_gmt":"2022-10-28T03:11:52","guid":{"rendered":"https:\/\/transformarqroo.com\/?p=13298"},"modified":"2022-10-27T23:13:33","modified_gmt":"2022-10-28T04:13:33","slug":"atenea-gomez-da-banderazo-de-la-construccion-de-la-casa-de-dia-del-adulto-mayor-en-la-zona-continental","status":"publish","type":"post","link":"https:\/\/transformarqroo.com\/index.php\/2022\/10\/27\/atenea-gomez-da-banderazo-de-la-construccion-de-la-casa-de-dia-del-adulto-mayor-en-la-zona-continental\/","title":{"rendered":"ATENEA G\u00d3MEZ, DA BANDERAZO DE LA CONSTRUCCI\u00d3N DE LA \u201cCASA DE D\u00cdA DEL ADULTO MAYOR\u201d EN LA ZONA CONTINENTAL"},"content":{"rendered":"\t\t<div data-elementor-type=\"wp-post\" data-elementor-id=\"13298\" class=\"elementor elementor-13298\" data-elementor-post-type=\"post\">\n\t\t\t\t\t\t<section class=\"elementor-section elementor-top-section elementor-element elementor-element-81afa1f elementor-section-boxed elementor-section-height-default elementor-section-height-default\" data-id=\"81afa1f\" data-element_type=\"section\">\n\t\t\t\t\t\t<div class=\"elementor-container elementor-column-gap-default\">\n\t\t\t\t\t<div class=\"elementor-column elementor-col-66 elementor-top-column elementor-element elementor-element-ff83e6e\" data-id=\"ff83e6e\" data-element_type=\"column\">\n\t\t\t<div class=\"elementor-widget-wrap elementor-element-populated\">\n\t\t\t\t\t\t<div class=\"elementor-element elementor-element-3c287ed7 elementor-widget elementor-widget-premium-addon-banner\" data-id=\"3c287ed7\" data-element_type=\"widget\" data-widget_type=\"premium-addon-banner.default\">\n\t\t\t\t<div class=\"elementor-widget-container\">\n\t\t\t\t\t<div class=\"premium-banner-ib premium-banner-min-height premium-banner-animation7 none\">\r\n\t\t\t\t\t\t\t<div class=\"premium-banner-border\">\r\n\t\t\t\t\t<div class=\"premium-banner-br premium-banner-bleft premium-banner-brlr\"><\/div>\r\n\t\t\t\t\t<div class=\"premium-banner-br premium-banner-bright premium-banner-brlr\"><\/div>\r\n\t\t\t\t\t<div class=\"premium-banner-br premium-banner-btop premium-banner-brtb\"><\/div>\r\n\t\t\t\t\t<div class=\"premium-banner-br premium-banner-bottom premium-banner-brtb\"><\/div>\r\n\t\t\t\t<\/div>\r\n\t\t\t\t\t\t\t\t\t\t\t\t\t\t\t<img fetchpriority=\"high\" decoding=\"async\" width=\"1280\" height=\"876\" src=\"https:\/\/transformarqroo.com\/wp-content\/uploads\/2022\/10\/Isla-27_10_22-F12.jpg\" class=\"attachment-full size-full wp-image-13316\" alt=\"\" srcset=\"https:\/\/transformarqroo.com\/wp-content\/uploads\/2022\/10\/Isla-27_10_22-F12.jpg 1280w, https:\/\/transformarqroo.com\/wp-content\/uploads\/2022\/10\/Isla-27_10_22-F12-300x205.jpg 300w, https:\/\/transformarqroo.com\/wp-content\/uploads\/2022\/10\/Isla-27_10_22-F12-1024x701.jpg 1024w, https:\/\/transformarqroo.com\/wp-content\/uploads\/2022\/10\/Isla-27_10_22-F12-768x526.jpg 768w\" sizes=\"(max-width: 1280px) 100vw, 1280px\" \/>\t\t\t\t\t\t\t\t\t\t<div class=\"premium-banner-ib-desc\">\r\n\t\t\t\t\t\t\t\t\t<div class=\"premium-banner-desc-centered\">\r\n\t\t\t\t\t\t\t\t\t<h3 class=\"premium-banner-ib-title premium_banner_title\"><\/h3>\t\t\t\t\t\t\t\t\t\t\t\t\t<\/div>\r\n\t\t\t\t\t\t\t<\/div>\r\n\t\t\t\t\t<\/div>\r\n\t\t\t\t\t\t<\/div>\n\t\t\t\t<\/div>\n\t\t\t\t\t<\/div>\n\t\t<\/div>\n\t\t\t\t<div class=\"elementor-column elementor-col-33 elementor-top-column elementor-element elementor-element-fce9260\" data-id=\"fce9260\" data-element_type=\"column\">\n\t\t\t<div class=\"elementor-widget-wrap elementor-element-populated\">\n\t\t\t\t\t\t<div class=\"elementor-element elementor-element-dd6d69d elementor-widget elementor-widget-text-editor\" data-id=\"dd6d69d\" data-element_type=\"widget\" data-widget_type=\"text-editor.default\">\n\t\t\t\t<div class=\"elementor-widget-container\">\n\t\t\t\t\t\t\t<p><span style=\"font-weight: 400;\">Isla Mujeres, Quintana Roo, 27 de octubre de 2022.- Cuidar el bienestar de las y los Adultos Mayores es prioridad de la alcaldesa isle\u00f1a, Atenea G\u00f3mez Ricalde, por ello, dio el banderazo de la construcci\u00f3n de la \u201cCasa de D\u00eda del Adulto Mayor\u201d en la zona urbana del ejido de Isla Mujeres (zona continental), en donde, les refrend\u00f3 su apoyo y solidaridad para que en la plenitud de su existencia accedan a una mejor calidad de vida.<\/span><\/p>\t\t\t\t\t\t<\/div>\n\t\t\t\t<\/div>\n\t\t\t\t\t<\/div>\n\t\t<\/div>\n\t\t\t\t\t<\/div>\n\t\t<\/section>\n\t\t\t\t<section class=\"elementor-section elementor-top-section elementor-element elementor-element-64803c72 elementor-section-boxed elementor-section-height-default elementor-section-height-default\" data-id=\"64803c72\" data-element_type=\"section\" data-settings=\"{&quot;background_background&quot;:&quot;classic&quot;}\">\n\t\t\t\t\t\t<div class=\"elementor-container elementor-column-gap-default\">\n\t\t\t\t\t<div class=\"elementor-column elementor-col-100 elementor-top-column elementor-element elementor-element-16bb5408\" data-id=\"16bb5408\" data-element_type=\"column\">\n\t\t\t<div class=\"elementor-widget-wrap elementor-element-populated\">\n\t\t\t\t\t\t<div class=\"elementor-element elementor-element-11a71eef premium-title-icon-row premium-title-color elementor-widget elementor-widget-premium-addon-title\" data-id=\"11a71eef\" data-element_type=\"widget\" data-widget_type=\"premium-addon-title.default\">\n\t\t\t\t<div class=\"elementor-widget-container\">\n\t\t\t\r\n\t\t<div class=\"premium-title-container style2\">\r\n\t\t\t<h5 class=\"premium-title-header premium-title-style2\">\r\n\t\t\t\t\r\n\t\t\t\t\t\t\t\t\t\t\t\t\t\t\t<div class=\"premium-title-icon premium-lottie-animation\" data-lottie-url=\"https:\/\/assets8.lottiefiles.com\/packages\/lf20_pcfclxy8.json\" data-lottie-loop=\"true\" data-lottie-reverse=\"\"><\/div>\r\n\t\t\t\t\t\t\t\t\t\r\n\t\t\t\t\t\t\t\t\t\t\t\t<span class=\"premium-title-text\" >\r\n\t\t\t\t\tSe les brindar\u00e1 atenci\u00f3n en un espacio digno para su sana convivencia.\t\t\t\t<\/span>\r\n\t\t\t\t\t\r\n\t\t\t\t\t\t\t\t\t\t\t<\/h5>\r\n\t\t<\/div>\r\n\r\n\t\t\t\t<\/div>\n\t\t\t\t<\/div>\n\t\t\t\t\t<\/div>\n\t\t<\/div>\n\t\t\t\t\t<\/div>\n\t\t<\/section>\n\t\t\t\t<section class=\"elementor-section elementor-top-section elementor-element elementor-element-65c54bfd elementor-section-boxed elementor-section-height-default elementor-section-height-default\" data-id=\"65c54bfd\" data-element_type=\"section\">\n\t\t\t\t\t\t<div class=\"elementor-container elementor-column-gap-default\">\n\t\t\t\t\t<div class=\"elementor-column elementor-col-100 elementor-top-column elementor-element elementor-element-1492bb51\" data-id=\"1492bb51\" data-element_type=\"column\">\n\t\t\t<div class=\"elementor-widget-wrap elementor-element-populated\">\n\t\t\t\t\t\t<div class=\"elementor-element elementor-element-40c78e9 elementor-widget elementor-widget-text-editor\" data-id=\"40c78e9\" data-element_type=\"widget\" data-widget_type=\"text-editor.default\">\n\t\t\t\t<div class=\"elementor-widget-container\">\n\t\t\t\t\t\t\t<p><span style=\"font-weight: 400;\">En el banderazo, la alcaldesa, se\u00f1al\u00f3 \u201ces un espacio en el que vamos a apapachar y atender con calidez a nuestras abuelitas y abuelitos, seguir\u00e9 trabajando con mucho cari\u00f1o para mi gente de zona continental, para que el bienestar y prosperidad llegue a todo Isla Mujeres\u201d.<\/span><\/p><p>\u00a0<\/p><p><span style=\"font-weight: 400;\">Atenea G\u00f3mez, les explic\u00f3 que la \u201cCasa de D\u00eda del Adulto Mayor\u201d, tendr\u00e1 \u00e1reas para talleres, sal\u00f3n de usos m\u00faltiples, estancia com\u00fan, \u00e1rea de baile y juegos, capilla, servicios de enfermer\u00eda, cocina y comedor, sanitarios, lavander\u00eda, bodega y oficinas administrativas.<\/span><\/p><p>\u00a0<\/p><p><span style=\"font-weight: 400;\">Acompa\u00f1aron a la alcaldesa en el banderazo, la presidenta honoraria del Sistema DIF Municipal, Minelly Ricalde Maga\u00f1a; la directora de Desarrollo Urbano y Medio Ambiente, Soledad Che Celis; el director de Obras P\u00fablicas, Marcos Alfonso Vel\u00e1zquez Cabrera; el secretario general del Ayuntamiento, Hugo Iv\u00e1n S\u00e1nchez Montalvo; el s\u00edndico municipal, Jos\u00e9 Manuel L\u00f3pez Garc\u00eda; los regidores, vecinos y directivos del Ayuntamiento.<\/span><\/p><p><br style=\"font-weight: 400;\" \/><br \/><\/p>\t\t\t\t\t\t<\/div>\n\t\t\t\t<\/div>\n\t\t\t\t\t<\/div>\n\t\t<\/div>\n\t\t\t\t\t<\/div>\n\t\t<\/section>\n\t\t\t\t<section class=\"elementor-section elementor-top-section elementor-element elementor-element-29a52856 elementor-section-boxed elementor-section-height-default elementor-section-height-default\" data-id=\"29a52856\" data-element_type=\"section\">\n\t\t\t\t\t\t<div class=\"elementor-container elementor-column-gap-default\">\n\t\t\t\t\t<div class=\"elementor-column elementor-col-100 elementor-top-column elementor-element elementor-element-e2c9b2e\" data-id=\"e2c9b2e\" data-element_type=\"column\">\n\t\t\t<div class=\"elementor-widget-wrap elementor-element-populated\">\n\t\t\t\t\t\t<div class=\"elementor-element elementor-element-5fd526f elementor-widget elementor-widget-gallery\" data-id=\"5fd526f\" data-element_type=\"widget\" data-settings=\"{&quot;gallery_layout&quot;:&quot;justified&quot;,&quot;lazyload&quot;:&quot;yes&quot;,&quot;ideal_row_height&quot;:{&quot;unit&quot;:&quot;px&quot;,&quot;size&quot;:200,&quot;sizes&quot;:[]},&quot;ideal_row_height_tablet&quot;:{&quot;unit&quot;:&quot;px&quot;,&quot;size&quot;:150,&quot;sizes&quot;:[]},&quot;ideal_row_height_mobile&quot;:{&quot;unit&quot;:&quot;px&quot;,&quot;size&quot;:150,&quot;sizes&quot;:[]},&quot;gap&quot;:{&quot;unit&quot;:&quot;px&quot;,&quot;size&quot;:10,&quot;sizes&quot;:[]},&quot;gap_tablet&quot;:{&quot;unit&quot;:&quot;px&quot;,&quot;size&quot;:10,&quot;sizes&quot;:[]},&quot;gap_mobile&quot;:{&quot;unit&quot;:&quot;px&quot;,&quot;size&quot;:10,&quot;sizes&quot;:[]},&quot;link_to&quot;:&quot;file&quot;,&quot;overlay_background&quot;:&quot;yes&quot;,&quot;content_hover_animation&quot;:&quot;fade-in&quot;}\" data-widget_type=\"gallery.default\">\n\t\t\t\t<div class=\"elementor-widget-container\">\n\t\t\t\t\t<div class=\"elementor-gallery__container\">\n\t\t\t\t\t\t\t<a class=\"e-gallery-item elementor-gallery-item elementor-animated-content\" href=\"https:\/\/transformarqroo.com\/wp-content\/uploads\/2022\/10\/Isla-27_10_22-F1.jpg\" data-elementor-open-lightbox=\"yes\" data-elementor-lightbox-slideshow=\"5fd526f\" data-elementor-lightbox-title=\"Isla 27_10_22 F1\" data-e-action-hash=\"#elementor-action%3Aaction%3Dlightbox%26settings%3DeyJpZCI6MTMzMTQsInVybCI6Imh0dHBzOlwvXC90cmFuc2Zvcm1hcnFyb28uY29tXC93cC1jb250ZW50XC91cGxvYWRzXC8yMDIyXC8xMFwvSXNsYS0yN18xMF8yMi1GMS5qcGciLCJzbGlkZXNob3ciOiI1ZmQ1MjZmIn0%3D\">\n\t\t\t\t\t<div class=\"e-gallery-image elementor-gallery-item__image\" data-thumbnail=\"https:\/\/transformarqroo.com\/wp-content\/uploads\/2022\/10\/Isla-27_10_22-F1.jpg\" data-width=\"1280\" data-height=\"854\" aria-label=\"\" role=\"img\" ><\/div>\n\t\t\t\t\t\t\t\t\t\t\t<div class=\"elementor-gallery-item__overlay\"><\/div>\n\t\t\t\t\t\t\t\t\t\t\t\t\t\t<\/a>\n\t\t\t\t\t\t\t<a class=\"e-gallery-item elementor-gallery-item elementor-animated-content\" href=\"https:\/\/transformarqroo.com\/wp-content\/uploads\/2022\/10\/Isla-27_10_22-F11.jpg\" data-elementor-open-lightbox=\"yes\" data-elementor-lightbox-slideshow=\"5fd526f\" data-elementor-lightbox-title=\"Isla 27_10_22 F1(1)\" data-e-action-hash=\"#elementor-action%3Aaction%3Dlightbox%26settings%3DeyJpZCI6MTMzMTUsInVybCI6Imh0dHBzOlwvXC90cmFuc2Zvcm1hcnFyb28uY29tXC93cC1jb250ZW50XC91cGxvYWRzXC8yMDIyXC8xMFwvSXNsYS0yN18xMF8yMi1GMTEuanBnIiwic2xpZGVzaG93IjoiNWZkNTI2ZiJ9\">\n\t\t\t\t\t<div class=\"e-gallery-image elementor-gallery-item__image\" data-thumbnail=\"https:\/\/transformarqroo.com\/wp-content\/uploads\/2022\/10\/Isla-27_10_22-F11.jpg\" data-width=\"1280\" data-height=\"854\" aria-label=\"\" role=\"img\" ><\/div>\n\t\t\t\t\t\t\t\t\t\t\t<div class=\"elementor-gallery-item__overlay\"><\/div>\n\t\t\t\t\t\t\t\t\t\t\t\t\t\t<\/a>\n\t\t\t\t\t\t\t<a class=\"e-gallery-item elementor-gallery-item elementor-animated-content\" href=\"https:\/\/transformarqroo.com\/wp-content\/uploads\/2022\/10\/Isla-27_10_22-F12.jpg\" data-elementor-open-lightbox=\"yes\" data-elementor-lightbox-slideshow=\"5fd526f\" data-elementor-lightbox-title=\"Isla 27_10_22 F1(2)\" data-e-action-hash=\"#elementor-action%3Aaction%3Dlightbox%26settings%3DeyJpZCI6MTMzMTYsInVybCI6Imh0dHBzOlwvXC90cmFuc2Zvcm1hcnFyb28uY29tXC93cC1jb250ZW50XC91cGxvYWRzXC8yMDIyXC8xMFwvSXNsYS0yN18xMF8yMi1GMTIuanBnIiwic2xpZGVzaG93IjoiNWZkNTI2ZiJ9\">\n\t\t\t\t\t<div class=\"e-gallery-image elementor-gallery-item__image\" data-thumbnail=\"https:\/\/transformarqroo.com\/wp-content\/uploads\/2022\/10\/Isla-27_10_22-F12.jpg\" data-width=\"1280\" data-height=\"876\" aria-label=\"\" role=\"img\" ><\/div>\n\t\t\t\t\t\t\t\t\t\t\t<div class=\"elementor-gallery-item__overlay\"><\/div>\n\t\t\t\t\t\t\t\t\t\t\t\t\t\t<\/a>\n\t\t\t\t\t\t\t<a class=\"e-gallery-item elementor-gallery-item elementor-animated-content\" href=\"https:\/\/transformarqroo.com\/wp-content\/uploads\/2022\/10\/Isla-27_10_22-F13.jpg\" data-elementor-open-lightbox=\"yes\" data-elementor-lightbox-slideshow=\"5fd526f\" data-elementor-lightbox-title=\"Isla 27_10_22 F1(3)\" data-e-action-hash=\"#elementor-action%3Aaction%3Dlightbox%26settings%3DeyJpZCI6MTMzMTcsInVybCI6Imh0dHBzOlwvXC90cmFuc2Zvcm1hcnFyb28uY29tXC93cC1jb250ZW50XC91cGxvYWRzXC8yMDIyXC8xMFwvSXNsYS0yN18xMF8yMi1GMTMuanBnIiwic2xpZGVzaG93IjoiNWZkNTI2ZiJ9\">\n\t\t\t\t\t<div class=\"e-gallery-image elementor-gallery-item__image\" data-thumbnail=\"https:\/\/transformarqroo.com\/wp-content\/uploads\/2022\/10\/Isla-27_10_22-F13.jpg\" data-width=\"1280\" data-height=\"866\" aria-label=\"\" role=\"img\" ><\/div>\n\t\t\t\t\t\t\t\t\t\t\t<div class=\"elementor-gallery-item__overlay\"><\/div>\n\t\t\t\t\t\t\t\t\t\t\t\t\t\t<\/a>\n\t\t\t\t\t<\/div>\n\t\t\t<\/div>\n\t\t\t\t<\/div>\n\t\t\t\t\t<\/div>\n\t\t<\/div>\n\t\t\t\t\t<\/div>\n\t\t<\/section>\n\t\t\t\t<\/div>\n\t\t","protected":false},"excerpt":{"rendered":"<p>Se les brindar\u00e1 atenci\u00f3n en un espacio digno para su sana convivencia.<\/p>\n","protected":false},"author":1,"featured_media":13316,"comment_status":"closed","ping_status":"closed","sticky":false,"template":"","format":"standard","meta":{"_FSMCFIC_featured_image_caption":"","_FSMCFIC_featured_image_nocaption":"","_FSMCFIC_featured_image_hide":"1","footnotes":""},"categories":[32,25],"tags":[48],"class_list":["post-13298","post","type-post","status-publish","format-standard","has-post-thumbnail","hentry","category-municipios","category-isla-mujeres","tag-atenea-gomez-ricalde"],"aioseo_notices":[],"_links":{"self":[{"href":"https:\/\/transformarqroo.com\/index.php\/wp-json\/wp\/v2\/posts\/13298","targetHints":{"allow":["GET"]}}],"collection":[{"href":"https:\/\/transformarqroo.com\/index.php\/wp-json\/wp\/v2\/posts"}],"about":[{"href":"https:\/\/transformarqroo.com\/index.php\/wp-json\/wp\/v2\/types\/post"}],"author":[{"embeddable":true,"href":"https:\/\/transformarqroo.com\/index.php\/wp-json\/wp\/v2\/users\/1"}],"replies":[{"embeddable":true,"href":"https:\/\/transformarqroo.com\/index.php\/wp-json\/wp\/v2\/comments?post=13298"}],"version-history":[{"count":4,"href":"https:\/\/transformarqroo.com\/index.php\/wp-json\/wp\/v2\/posts\/13298\/revisions"}],"predecessor-version":[{"id":13322,"href":"https:\/\/transformarqroo.com\/index.php\/wp-json\/wp\/v2\/posts\/13298\/revisions\/13322"}],"wp:featuredmedia":[{"embeddable":true,"href":"https:\/\/transformarqroo.com\/index.php\/wp-json\/wp\/v2\/media\/13316"}],"wp:attachment":[{"href":"https:\/\/transformarqroo.com\/index.php\/wp-json\/wp\/v2\/media?parent=13298"}],"wp:term":[{"taxonomy":"category","embeddable":true,"href":"https:\/\/transformarqroo.com\/index.php\/wp-json\/wp\/v2\/categories?post=13298"},{"taxonomy":"post_tag","embeddable":true,"href":"https:\/\/transformarqroo.com\/index.php\/wp-json\/wp\/v2\/tags?post=13298"}],"curies":[{"name":"wp","href":"https:\/\/api.w.org\/{rel}","templated":true}]}}