{"id":13366,"date":"2022-10-28T18:56:25","date_gmt":"2022-10-28T23:56:25","guid":{"rendered":"https:\/\/transformarqroo.com\/?p=13366"},"modified":"2022-10-28T18:57:57","modified_gmt":"2022-10-28T23:57:57","slug":"promueve-ana-patricia-peralta-acciones-contundentes-en-transporte-publico","status":"publish","type":"post","link":"https:\/\/transformarqroo.com\/index.php\/2022\/10\/28\/promueve-ana-patricia-peralta-acciones-contundentes-en-transporte-publico\/","title":{"rendered":"PROMUEVE ANA PATRICIA PERALTA ACCIONES CONTUNDENTES EN TRANSPORTE P\u00daBLICO"},"content":{"rendered":"\t\t<div data-elementor-type=\"wp-post\" data-elementor-id=\"13366\" class=\"elementor elementor-13366\" data-elementor-post-type=\"post\">\n\t\t\t\t\t\t<section class=\"elementor-section elementor-top-section elementor-element elementor-element-55b99e7a elementor-section-boxed elementor-section-height-default elementor-section-height-default\" data-id=\"55b99e7a\" data-element_type=\"section\">\n\t\t\t\t\t\t<div class=\"elementor-container elementor-column-gap-default\">\n\t\t\t\t\t<div class=\"elementor-column elementor-col-100 elementor-top-column elementor-element elementor-element-25d989ba\" data-id=\"25d989ba\" data-element_type=\"column\">\n\t\t\t<div class=\"elementor-widget-wrap elementor-element-populated\">\n\t\t\t\t\t\t<div class=\"elementor-element elementor-element-3e9f7dea elementor-widget elementor-widget-premium-addon-banner\" data-id=\"3e9f7dea\" data-element_type=\"widget\" data-widget_type=\"premium-addon-banner.default\">\n\t\t\t\t<div class=\"elementor-widget-container\">\n\t\t\t\t\t<div class=\"premium-banner-ib premium-banner-min-height premium-banner-animation7 none\">\r\n\t\t\t\t\t\t\t<div class=\"premium-banner-border\">\r\n\t\t\t\t\t<div class=\"premium-banner-br premium-banner-bleft premium-banner-brlr\"><\/div>\r\n\t\t\t\t\t<div class=\"premium-banner-br premium-banner-bright premium-banner-brlr\"><\/div>\r\n\t\t\t\t\t<div class=\"premium-banner-br premium-banner-btop premium-banner-brtb\"><\/div>\r\n\t\t\t\t\t<div class=\"premium-banner-br premium-banner-bottom premium-banner-brtb\"><\/div>\r\n\t\t\t\t<\/div>\r\n\t\t\t\t\t\t\t\t\t\t\t\t\t\t\t<img fetchpriority=\"high\" decoding=\"async\" width=\"1024\" height=\"492\" src=\"https:\/\/transformarqroo.com\/wp-content\/uploads\/2022\/10\/BJ-28_10_22.jpg\" class=\"attachment-full size-full wp-image-13390\" alt=\"\" srcset=\"https:\/\/transformarqroo.com\/wp-content\/uploads\/2022\/10\/BJ-28_10_22.jpg 1024w, https:\/\/transformarqroo.com\/wp-content\/uploads\/2022\/10\/BJ-28_10_22-300x144.jpg 300w, https:\/\/transformarqroo.com\/wp-content\/uploads\/2022\/10\/BJ-28_10_22-768x369.jpg 768w\" sizes=\"(max-width: 1024px) 100vw, 1024px\" \/>\t\t\t\t\t\t\t\t\t\t<div class=\"premium-banner-ib-desc\">\r\n\t\t\t\t\t\t\t\t\t<div class=\"premium-banner-desc-centered\">\r\n\t\t\t\t\t\t\t\t\t<h3 class=\"premium-banner-ib-title premium_banner_title\"><\/h3>\t\t\t\t\t\t\t\t\t\t\t\t\t<\/div>\r\n\t\t\t\t\t\t\t<\/div>\r\n\t\t\t\t\t<\/div>\r\n\t\t\t\t\t\t<\/div>\n\t\t\t\t<\/div>\n\t\t\t\t\t<\/div>\n\t\t<\/div>\n\t\t\t\t\t<\/div>\n\t\t<\/section>\n\t\t\t\t<section class=\"elementor-section elementor-top-section elementor-element elementor-element-fd17b7b elementor-section-boxed elementor-section-height-default elementor-section-height-default\" data-id=\"fd17b7b\" data-element_type=\"section\">\n\t\t\t\t\t\t<div class=\"elementor-container elementor-column-gap-default\">\n\t\t\t\t\t<div class=\"elementor-column elementor-col-100 elementor-top-column elementor-element elementor-element-41e891de\" data-id=\"41e891de\" data-element_type=\"column\">\n\t\t\t<div class=\"elementor-widget-wrap elementor-element-populated\">\n\t\t\t\t\t\t<div class=\"elementor-element elementor-element-7f943e0c elementor-widget elementor-widget-text-editor\" data-id=\"7f943e0c\" data-element_type=\"widget\" data-widget_type=\"text-editor.default\">\n\t\t\t\t<div class=\"elementor-widget-container\">\n\t\t\t\t\t\t\t<p><span style=\"font-weight: 400;\">Canc\u00fan, Q.R., a 28 de octubre de 2022.- En materia de transporte p\u00fablico, con la corresponsabilidad de los tres \u00f3rdenes de gobierno y la suma de voluntades por las partes interesadas, intervenimos para privilegiar el inter\u00e9s ciudadano y la seguridad, destac\u00f3 la Presidenta Municipal de Benito Ju\u00e1rez, Ana Patricia Peralta, ante el conflicto entre operarios del transporte p\u00fablico concesionado de pasajeros con taxistas.\u00a0<\/span><\/p><p>\u00a0<\/p><p><span style=\"font-weight: 400;\">\u201cPor encima de los intereses particulares est\u00e1 el bienestar superior de los cancunenses\u201d, as\u00ed lo manifest\u00f3 al encabezar en su despacho del Palacio Municipal, una reuni\u00f3n de trabajo con representantes del Instituto de Movilidad del Estado de Quintana Roo (IMOVEQROO), Guardia Nacional, as\u00ed como de las secretar\u00edas municipal y estatal de Seguridad P\u00fablica, en compa\u00f1\u00eda del Secretario General de la comuna, Jorge Carlos Aguilar Osorio, para atender precisamente quejas de concesionarios del transporte p\u00fablico de pasajeros en conflicto con el gremio local de taxistas.<\/span><\/p><p>\u00a0<\/p><p><span style=\"font-weight: 400;\">En aras de construir un espacio de di\u00e1logo y respeto a la normatividad legal, la Primera Autoridad Municipal sostuvo ante el titular del IMOVEQROO, Rodrigo Alc\u00e1zar Urrutia, que en todo momento debe respetarse la normatividad establecida, as\u00ed como dar seguimiento hasta sus \u00faltimas consecuencias a las quejas presentadas por los operadores del transporte p\u00fablico de pasajeros.<\/span><\/p><p>\u00a0<\/p><p><span style=\"font-weight: 400;\">Este encuentro forma parte de la conformaci\u00f3n de una mesa de atenci\u00f3n al\u00a0 conflicto, por lo que resalt\u00f3 la presencia del encargado de despacho de la Secretar\u00eda de Seguridad P\u00fablica y Tr\u00e1nsito de Benito Ju\u00e1rez, Jos\u00e9 Pablo Mathey Cruz; as\u00ed como de la representaci\u00f3n de la Guardia Nacional y del C-5, a fin de ejercer mano dura y acciones coordinadas, definir soluciones y compromisos, toda vez que los generadores de violencia, que est\u00e1n siendo identificados por el C5, tendr\u00e1n que enfrentar denuncias ante la Fiscal\u00eda General del Estado y puede ser causal del retiro de las concesiones.<\/span><\/p>\t\t\t\t\t\t<\/div>\n\t\t\t\t<\/div>\n\t\t\t\t\t<\/div>\n\t\t<\/div>\n\t\t\t\t\t<\/div>\n\t\t<\/section>\n\t\t\t\t<section class=\"elementor-section elementor-top-section elementor-element elementor-element-4a8e219d elementor-section-boxed elementor-section-height-default elementor-section-height-default\" data-id=\"4a8e219d\" data-element_type=\"section\">\n\t\t\t\t\t\t<div class=\"elementor-container elementor-column-gap-default\">\n\t\t\t\t\t<div class=\"elementor-column elementor-col-100 elementor-top-column elementor-element elementor-element-6f6738a5\" data-id=\"6f6738a5\" data-element_type=\"column\">\n\t\t\t<div class=\"elementor-widget-wrap elementor-element-populated\">\n\t\t\t\t\t\t<div class=\"elementor-element elementor-element-44772b42 elementor-widget elementor-widget-gallery\" data-id=\"44772b42\" data-element_type=\"widget\" data-settings=\"{&quot;gallery_layout&quot;:&quot;justified&quot;,&quot;lazyload&quot;:&quot;yes&quot;,&quot;ideal_row_height&quot;:{&quot;unit&quot;:&quot;px&quot;,&quot;size&quot;:200,&quot;sizes&quot;:[]},&quot;ideal_row_height_tablet&quot;:{&quot;unit&quot;:&quot;px&quot;,&quot;size&quot;:150,&quot;sizes&quot;:[]},&quot;ideal_row_height_mobile&quot;:{&quot;unit&quot;:&quot;px&quot;,&quot;size&quot;:150,&quot;sizes&quot;:[]},&quot;gap&quot;:{&quot;unit&quot;:&quot;px&quot;,&quot;size&quot;:10,&quot;sizes&quot;:[]},&quot;gap_tablet&quot;:{&quot;unit&quot;:&quot;px&quot;,&quot;size&quot;:10,&quot;sizes&quot;:[]},&quot;gap_mobile&quot;:{&quot;unit&quot;:&quot;px&quot;,&quot;size&quot;:10,&quot;sizes&quot;:[]},&quot;link_to&quot;:&quot;file&quot;,&quot;overlay_background&quot;:&quot;yes&quot;,&quot;content_hover_animation&quot;:&quot;fade-in&quot;}\" data-widget_type=\"gallery.default\">\n\t\t\t\t<div class=\"elementor-widget-container\">\n\t\t\t\t\t<div class=\"elementor-gallery__container\">\n\t\t\t\t\t\t\t<a class=\"e-gallery-item elementor-gallery-item elementor-animated-content\" href=\"https:\/\/transformarqroo.com\/wp-content\/uploads\/2022\/10\/BJ-28_10_221.jpg\" data-elementor-open-lightbox=\"yes\" data-elementor-lightbox-slideshow=\"44772b42\" data-elementor-lightbox-title=\"BJ 28_10_22(1)\" data-e-action-hash=\"#elementor-action%3Aaction%3Dlightbox%26settings%3DeyJpZCI6MTMzODUsInVybCI6Imh0dHBzOlwvXC90cmFuc2Zvcm1hcnFyb28uY29tXC93cC1jb250ZW50XC91cGxvYWRzXC8yMDIyXC8xMFwvQkotMjhfMTBfMjIxLmpwZyIsInNsaWRlc2hvdyI6IjQ0NzcyYjQyIn0%3D\">\n\t\t\t\t\t<div class=\"e-gallery-image elementor-gallery-item__image\" data-thumbnail=\"https:\/\/transformarqroo.com\/wp-content\/uploads\/2022\/10\/BJ-28_10_221.jpg\" data-width=\"1024\" data-height=\"679\" aria-label=\"\" role=\"img\" ><\/div>\n\t\t\t\t\t\t\t\t\t\t\t<div class=\"elementor-gallery-item__overlay\"><\/div>\n\t\t\t\t\t\t\t\t\t\t\t\t\t\t<\/a>\n\t\t\t\t\t\t\t<a class=\"e-gallery-item elementor-gallery-item elementor-animated-content\" href=\"https:\/\/transformarqroo.com\/wp-content\/uploads\/2022\/10\/BJ-28_10_222.jpg\" data-elementor-open-lightbox=\"yes\" data-elementor-lightbox-slideshow=\"44772b42\" data-elementor-lightbox-title=\"BJ 28_10_22(2)\" data-e-action-hash=\"#elementor-action%3Aaction%3Dlightbox%26settings%3DeyJpZCI6MTMzODYsInVybCI6Imh0dHBzOlwvXC90cmFuc2Zvcm1hcnFyb28uY29tXC93cC1jb250ZW50XC91cGxvYWRzXC8yMDIyXC8xMFwvQkotMjhfMTBfMjIyLmpwZyIsInNsaWRlc2hvdyI6IjQ0NzcyYjQyIn0%3D\">\n\t\t\t\t\t<div class=\"e-gallery-image elementor-gallery-item__image\" data-thumbnail=\"https:\/\/transformarqroo.com\/wp-content\/uploads\/2022\/10\/BJ-28_10_222.jpg\" data-width=\"1024\" data-height=\"1002\" aria-label=\"\" role=\"img\" ><\/div>\n\t\t\t\t\t\t\t\t\t\t\t<div class=\"elementor-gallery-item__overlay\"><\/div>\n\t\t\t\t\t\t\t\t\t\t\t\t\t\t<\/a>\n\t\t\t\t\t\t\t<a class=\"e-gallery-item elementor-gallery-item elementor-animated-content\" href=\"https:\/\/transformarqroo.com\/wp-content\/uploads\/2022\/10\/BJ-28_10_223.jpg\" data-elementor-open-lightbox=\"yes\" data-elementor-lightbox-slideshow=\"44772b42\" data-elementor-lightbox-title=\"BJ 28_10_22(3)\" data-e-action-hash=\"#elementor-action%3Aaction%3Dlightbox%26settings%3DeyJpZCI6MTMzODgsInVybCI6Imh0dHBzOlwvXC90cmFuc2Zvcm1hcnFyb28uY29tXC93cC1jb250ZW50XC91cGxvYWRzXC8yMDIyXC8xMFwvQkotMjhfMTBfMjIzLmpwZyIsInNsaWRlc2hvdyI6IjQ0NzcyYjQyIn0%3D\">\n\t\t\t\t\t<div class=\"e-gallery-image elementor-gallery-item__image\" data-thumbnail=\"https:\/\/transformarqroo.com\/wp-content\/uploads\/2022\/10\/BJ-28_10_223.jpg\" data-width=\"985\" data-height=\"1024\" aria-label=\"\" role=\"img\" ><\/div>\n\t\t\t\t\t\t\t\t\t\t\t<div class=\"elementor-gallery-item__overlay\"><\/div>\n\t\t\t\t\t\t\t\t\t\t\t\t\t\t<\/a>\n\t\t\t\t\t\t\t<a class=\"e-gallery-item elementor-gallery-item elementor-animated-content\" href=\"https:\/\/transformarqroo.com\/wp-content\/uploads\/2022\/10\/BJ-28_10_22.jpg\" data-elementor-open-lightbox=\"yes\" data-elementor-lightbox-slideshow=\"44772b42\" data-elementor-lightbox-title=\"BJ 28_10_22\" data-e-action-hash=\"#elementor-action%3Aaction%3Dlightbox%26settings%3DeyJpZCI6MTMzOTAsInVybCI6Imh0dHBzOlwvXC90cmFuc2Zvcm1hcnFyb28uY29tXC93cC1jb250ZW50XC91cGxvYWRzXC8yMDIyXC8xMFwvQkotMjhfMTBfMjIuanBnIiwic2xpZGVzaG93IjoiNDQ3NzJiNDIifQ%3D%3D\">\n\t\t\t\t\t<div class=\"e-gallery-image elementor-gallery-item__image\" data-thumbnail=\"https:\/\/transformarqroo.com\/wp-content\/uploads\/2022\/10\/BJ-28_10_22.jpg\" data-width=\"1024\" data-height=\"492\" aria-label=\"\" role=\"img\" ><\/div>\n\t\t\t\t\t\t\t\t\t\t\t<div class=\"elementor-gallery-item__overlay\"><\/div>\n\t\t\t\t\t\t\t\t\t\t\t\t\t\t<\/a>\n\t\t\t\t\t<\/div>\n\t\t\t<\/div>\n\t\t\t\t<\/div>\n\t\t\t\t\t<\/div>\n\t\t<\/div>\n\t\t\t\t\t<\/div>\n\t\t<\/section>\n\t\t\t\t<\/div>\n\t\t","protected":false},"excerpt":{"rendered":"<p>Canc\u00fan, Q.R., a 28 de octubre de 2022.- En materia de transporte p\u00fablico, con la corresponsabilidad de los tres \u00f3rdenes de gobierno y la suma de voluntades por las partes interesadas, intervenimos para privilegiar el inter\u00e9s ciudadano y la seguridad, destac\u00f3 la Presidenta Municipal de Benito Ju\u00e1rez, Ana Patricia Peralta, ante el conflicto entre operarios [&hellip;]<\/p>\n","protected":false},"author":1,"featured_media":13390,"comment_status":"closed","ping_status":"closed","sticky":false,"template":"","format":"standard","meta":{"_FSMCFIC_featured_image_caption":"","_FSMCFIC_featured_image_nocaption":"","_FSMCFIC_featured_image_hide":"1","footnotes":""},"categories":[32,21],"tags":[63],"class_list":["post-13366","post","type-post","status-publish","format-standard","has-post-thumbnail","hentry","category-municipios","category-benito-juarez","tag-ana-patricia-peralta"],"aioseo_notices":[],"_links":{"self":[{"href":"https:\/\/transformarqroo.com\/index.php\/wp-json\/wp\/v2\/posts\/13366","targetHints":{"allow":["GET"]}}],"collection":[{"href":"https:\/\/transformarqroo.com\/index.php\/wp-json\/wp\/v2\/posts"}],"about":[{"href":"https:\/\/transformarqroo.com\/index.php\/wp-json\/wp\/v2\/types\/post"}],"author":[{"embeddable":true,"href":"https:\/\/transformarqroo.com\/index.php\/wp-json\/wp\/v2\/users\/1"}],"replies":[{"embeddable":true,"href":"https:\/\/transformarqroo.com\/index.php\/wp-json\/wp\/v2\/comments?post=13366"}],"version-history":[{"count":4,"href":"https:\/\/transformarqroo.com\/index.php\/wp-json\/wp\/v2\/posts\/13366\/revisions"}],"predecessor-version":[{"id":13421,"href":"https:\/\/transformarqroo.com\/index.php\/wp-json\/wp\/v2\/posts\/13366\/revisions\/13421"}],"wp:featuredmedia":[{"embeddable":true,"href":"https:\/\/transformarqroo.com\/index.php\/wp-json\/wp\/v2\/media\/13390"}],"wp:attachment":[{"href":"https:\/\/transformarqroo.com\/index.php\/wp-json\/wp\/v2\/media?parent=13366"}],"wp:term":[{"taxonomy":"category","embeddable":true,"href":"https:\/\/transformarqroo.com\/index.php\/wp-json\/wp\/v2\/categories?post=13366"},{"taxonomy":"post_tag","embeddable":true,"href":"https:\/\/transformarqroo.com\/index.php\/wp-json\/wp\/v2\/tags?post=13366"}],"curies":[{"name":"wp","href":"https:\/\/api.w.org\/{rel}","templated":true}]}}