{"id":16456,"date":"2022-12-27T21:55:56","date_gmt":"2022-12-28T02:55:56","guid":{"rendered":"https:\/\/transformarqroo.com\/?p=16456"},"modified":"2022-12-29T22:08:19","modified_gmt":"2022-12-30T03:08:19","slug":"ana-patricia-peralta-impulsa-en-dif-bj-4-nuevos-centros-para-atender-las-necesidades-de-la-poblacion","status":"publish","type":"post","link":"https:\/\/transformarqroo.com\/index.php\/2022\/12\/27\/ana-patricia-peralta-impulsa-en-dif-bj-4-nuevos-centros-para-atender-las-necesidades-de-la-poblacion\/","title":{"rendered":"<STRONG>ANA PATRICIA PERALTA IMPULSA EN DIF BJ 4 NUEVOS CENTROS PARA ATENDER LAS NECESIDADES DE LA POBLACI\u00d3N<\/STRONG>"},"content":{"rendered":"\t\t<div data-elementor-type=\"wp-post\" data-elementor-id=\"16456\" class=\"elementor elementor-16456\" data-elementor-post-type=\"post\">\n\t\t\t\t\t\t<section class=\"elementor-section elementor-top-section elementor-element elementor-element-6834a7a6 elementor-section-boxed elementor-section-height-default elementor-section-height-default\" data-id=\"6834a7a6\" data-element_type=\"section\">\n\t\t\t\t\t\t<div class=\"elementor-container elementor-column-gap-default\">\n\t\t\t\t\t<div class=\"elementor-column elementor-col-100 elementor-top-column elementor-element elementor-element-15af5b58\" data-id=\"15af5b58\" data-element_type=\"column\">\n\t\t\t<div class=\"elementor-widget-wrap elementor-element-populated\">\n\t\t\t\t\t\t<div class=\"elementor-element elementor-element-7c9ada73 elementor-widget elementor-widget-premium-addon-banner\" data-id=\"7c9ada73\" data-element_type=\"widget\" data-widget_type=\"premium-addon-banner.default\">\n\t\t\t\t<div class=\"elementor-widget-container\">\n\t\t\t\t\t<div class=\"premium-banner-ib premium-banner-min-height premium-banner-animation7 none\">\r\n\t\t\t\t\t\t\t<div class=\"premium-banner-border\">\r\n\t\t\t\t\t<div class=\"premium-banner-br premium-banner-bleft premium-banner-brlr\"><\/div>\r\n\t\t\t\t\t<div class=\"premium-banner-br premium-banner-bright premium-banner-brlr\"><\/div>\r\n\t\t\t\t\t<div class=\"premium-banner-br premium-banner-btop premium-banner-brtb\"><\/div>\r\n\t\t\t\t\t<div class=\"premium-banner-br premium-banner-bottom premium-banner-brtb\"><\/div>\r\n\t\t\t\t<\/div>\r\n\t\t\t\t\t\t\t\t\t\t\t\t\t\t\t<img fetchpriority=\"high\" decoding=\"async\" width=\"1280\" height=\"853\" src=\"https:\/\/transformarqroo.com\/wp-content\/uploads\/2022\/12\/BJ-27_12_223.jpg\" class=\"attachment-full size-full wp-image-16465\" alt=\"\" srcset=\"https:\/\/transformarqroo.com\/wp-content\/uploads\/2022\/12\/BJ-27_12_223.jpg 1280w, https:\/\/transformarqroo.com\/wp-content\/uploads\/2022\/12\/BJ-27_12_223-300x200.jpg 300w, https:\/\/transformarqroo.com\/wp-content\/uploads\/2022\/12\/BJ-27_12_223-1024x682.jpg 1024w, https:\/\/transformarqroo.com\/wp-content\/uploads\/2022\/12\/BJ-27_12_223-768x512.jpg 768w\" sizes=\"(max-width: 1280px) 100vw, 1280px\" \/>\t\t\t\t\t\t\t\t\t\t<div class=\"premium-banner-ib-desc\">\r\n\t\t\t\t\t\t\t\t\t<div class=\"premium-banner-desc-centered\">\r\n\t\t\t\t\t\t\t\t\t<h3 class=\"premium-banner-ib-title premium_banner_title\"><\/h3>\t\t\t\t\t\t\t\t\t\t\t\t\t<\/div>\r\n\t\t\t\t\t\t\t<\/div>\r\n\t\t\t\t\t<\/div>\r\n\t\t\t\t\t\t<\/div>\n\t\t\t\t<\/div>\n\t\t\t\t\t<\/div>\n\t\t<\/div>\n\t\t\t\t\t<\/div>\n\t\t<\/section>\n\t\t\t\t<section class=\"elementor-section elementor-top-section elementor-element elementor-element-5d18f1a0 elementor-section-boxed elementor-section-height-default elementor-section-height-default\" data-id=\"5d18f1a0\" data-element_type=\"section\" data-settings=\"{&quot;background_background&quot;:&quot;classic&quot;}\">\n\t\t\t\t\t\t<div class=\"elementor-container elementor-column-gap-default\">\n\t\t\t\t\t<div class=\"elementor-column elementor-col-100 elementor-top-column elementor-element elementor-element-33e72e54\" data-id=\"33e72e54\" data-element_type=\"column\">\n\t\t\t<div class=\"elementor-widget-wrap elementor-element-populated\">\n\t\t\t\t\t\t<div class=\"elementor-element elementor-element-6c4f439a premium-title-icon-row premium-title-color elementor-widget elementor-widget-premium-addon-title\" data-id=\"6c4f439a\" data-element_type=\"widget\" data-widget_type=\"premium-addon-title.default\">\n\t\t\t\t<div class=\"elementor-widget-container\">\n\t\t\t\r\n\t\t<div class=\"premium-title-container style2\">\r\n\t\t\t<h5 class=\"premium-title-header premium-title-style2\">\r\n\t\t\t\t\r\n\t\t\t\t\t\t\t\t\t\t\t\t\t\t\t<div class=\"premium-title-icon premium-lottie-animation\" data-lottie-url=\"https:\/\/assets8.lottiefiles.com\/packages\/lf20_pcfclxy8.json\" data-lottie-loop=\"true\" data-lottie-reverse=\"\"><\/div>\r\n\t\t\t\t\t\t\t\t\t\r\n\t\t\t\t\t\t\t\t\t\t\t\t<span class=\"premium-title-text\" >\r\n\t\t\t\t\tA\u00f1o productivo este 2022 en beneficio de las ni\u00f1as, ni\u00f1os, adolescentes, adultos mayores y la familia.\t\t\t\t<\/span>\r\n\t\t\t\t\t\r\n\t\t\t\t\t\t\t\t\t\t\t<\/h5>\r\n\t\t<\/div>\r\n\r\n\t\t\t\t<\/div>\n\t\t\t\t<\/div>\n\t\t\t\t\t<\/div>\n\t\t<\/div>\n\t\t\t\t\t<\/div>\n\t\t<\/section>\n\t\t\t\t<section class=\"elementor-section elementor-top-section elementor-element elementor-element-7accc5fa elementor-section-boxed elementor-section-height-default elementor-section-height-default\" data-id=\"7accc5fa\" data-element_type=\"section\">\n\t\t\t\t\t\t<div class=\"elementor-container elementor-column-gap-default\">\n\t\t\t\t\t<div class=\"elementor-column elementor-col-100 elementor-top-column elementor-element elementor-element-4a877e65\" data-id=\"4a877e65\" data-element_type=\"column\">\n\t\t\t<div class=\"elementor-widget-wrap elementor-element-populated\">\n\t\t\t\t\t\t<div class=\"elementor-element elementor-element-3a4a8cf9 elementor-widget elementor-widget-text-editor\" data-id=\"3a4a8cf9\" data-element_type=\"widget\" data-widget_type=\"text-editor.default\">\n\t\t\t\t<div class=\"elementor-widget-container\">\n\t\t\t\t\t\t\t<p><span style=\"font-weight: 400;\">Canc\u00fan, Q.R., a 27 de diciembre de 2022.- La Presidenta Municipal, Ana Patricia Peralta, dio a conocer que a trav\u00e9s del Sistema para el Desarrollo Integral de la Familia (DIF) Benito Ju\u00e1rez, este a\u00f1o se llevaron a cabo importantes acciones para fortalecer la atenci\u00f3n y mejorar la calidad de vida de las ni\u00f1as, ni\u00f1os, adolescentes, adultos mayores y la familia.<\/span><\/p><p><span style=\"font-weight: 400;\">\u00a0<\/span><\/p><p><span style=\"font-weight: 400;\">Uno de los principales compromisos de la presente administraci\u00f3n estatal y municipal, fue poner en marcha el primer Centro de Asistencia Social (CAS) a fin de garantizar el cumplimiento de los derechos de las ni\u00f1as, ni\u00f1os y adolescentes.<\/span><\/p><p><span style=\"font-weight: 400;\">\u00a0<\/span><\/p><p><span style=\"font-weight: 400;\">Este centro, en el que se invierten 14 millones 332 mil 519 pesos y registra un avance del 92 por ciento, proporcionar\u00e1 alojamiento temporal, cuidados alternativos, protecci\u00f3n y acciones de intervenci\u00f3n en retornos asistidos de ni\u00f1as, ni\u00f1os y adolescentes en situaci\u00f3n de migraci\u00f3n y de sus familiares, mientras se resuelve su situaci\u00f3n ante el Instituto Nacional de Migraci\u00f3n (INM).<\/span><\/p><p><span style=\"font-weight: 400;\">\u00a0<\/span><\/p><p><span style=\"font-weight: 400;\">Con estas iniciativas se consolidan espacios seguros de protecci\u00f3n y las condiciones necesarias para que la ni\u00f1ez migrante reciba la atenci\u00f3n necesaria, avanzando a una sociedad m\u00e1s justa, que tenga como prioridad el bienestar comunitario y la justicia social.<\/span><\/p><p><span style=\"font-weight: 400;\">\u00a0<\/span><\/p><p><span style=\"font-weight: 400;\">El inmueble de 702.84 metros cuadrados de construcci\u00f3n, ubicado en la Supermanzana 217, tendr\u00e1 capacidad para que 50 ni\u00f1as, ni\u00f1os, adolescentes y sus familiares puedan pernoctar por d\u00eda, mientras les proporcionan resguardo y apoyo en los procedimientos administrativos.<\/span><\/p><p><span style=\"font-weight: 400;\">\u00a0<\/span><\/p><p><span style=\"font-weight: 400;\">As\u00ed tambi\u00e9n, en agosto pasado, se inaugur\u00f3 el Centro de Emprendimiento y Desarrollo Humano para las Juventudes en el Centro de Desarrollo Comunitario (CDC) de la Regi\u00f3n 227, a fin de impulsar el desarrollo integral de las y los j\u00f3venes benitojuarenses, quienes recibir\u00e1n formaci\u00f3n a trav\u00e9s de talleres y cursos en materia cultural y de emprendimiento, as\u00ed como capacitaciones y asesor\u00edas educativas para que contin\u00faen con sus estudios.<\/span><\/p><p><span style=\"font-weight: 400;\">\u00a0<\/span><\/p><p><span style=\"font-weight: 400;\">Este centro que tuvo una inversi\u00f3n de poco m\u00e1s de 116 mil pesos, recursos obtenidos por el patronato del DIF y presupuesto propio, y que beneficiar\u00e1 a 200 j\u00f3venes (50 beneficiarios en el cuarto trimestre para 2023-2024), es un logro para la comunidad benitojuarense as\u00ed como para la administraci\u00f3n municipal, ya que este proyecto enfocado para j\u00f3venes de entre 12 y 29 a\u00f1os les dar\u00e1 espacios dignos y la capacitaci\u00f3n adecuada para que definan con plena libertad su proyecto de vida.<\/span><\/p><p><span style=\"font-weight: 400;\">\u00a0<\/span><\/p><p><span style=\"font-weight: 400;\">Con estas acciones alineadas al plan municipal de prevenci\u00f3n contra el delito y adiciones, se impulsan estrategias para que los j\u00f3venes tengan acceso a m\u00e1s oportunidades para un mejor futuro bajo 4 ejes de acci\u00f3n: Capacidad de participaci\u00f3n, Espacios y territorios juveniles, Inclusi\u00f3n y diversidad, y Articulaci\u00f3n intergeneracional.<\/span><\/p><p><span style=\"font-weight: 400;\">\u00a0<\/span><\/p><p><span style=\"font-weight: 400;\">Este mismo a\u00f1o, la instituci\u00f3n municipal inaugur\u00f3 el Centro de Emprendimiento y Desarrollo Humano para el Adulto Mayor en beneficio de 64 personas adultas quienes participan en talleres ocupacionales, diversas actividades y programas que les permitan desarrollar proyectos emprendedores para mejorar sus condiciones de vida y de su familia.<\/span><\/p><p><span style=\"font-weight: 400;\">\u00a0<\/span><\/p><p><span style=\"font-weight: 400;\">Con este centro que opera de 9 de la ma\u00f1ana a 1 de la tarde, se busca transformar la visi\u00f3n sedentaria que se tiene de los adultos mayores a un estilo de vida digno y productivo, tanto econ\u00f3mica como socialmente, con una estructura formal de emprendimiento y esquemas de financiamiento viables.<\/span><\/p><p><span style=\"font-weight: 400;\">\u00a0<\/span><\/p><p><span style=\"font-weight: 400;\">Asimismo, con el objetivo de brindar apoyo a las madres trabajadoras que requieren del servicio de estancia infantil y ofrecer acceso a una educaci\u00f3n preescolar de calidad para todas las ni\u00f1as y ni\u00f1os del municipio, el pasado mes de septiembre, se inaugur\u00f3 el Centro Asistencial de Desarrollo Infantil (CADI) \u201cEstrellita\u201d ubicado en la regi\u00f3n 260, en Prado Norte.<\/span><\/p><p><span style=\"font-weight: 400;\">\u00a0<\/span><\/p><p><span style=\"font-weight: 400;\">En este CADI, donado por el Grupo SADASI, personal capacitado atiende a ni\u00f1as y ni\u00f1os de un a\u00f1o 7 meses hasta los 4 a\u00f1os 11 meses de edad en los grados de maternal, k\u00ednder 1 y k\u00ednder 2, a trav\u00e9s de un programa educativo de tiempo completo matutino.<\/span><\/p><p><span style=\"font-weight: 400;\">\u00a0<\/span><\/p><p><span style=\"font-weight: 400;\">El CADI \u201cEstrellita\u201d tambi\u00e9n cuenta con un equipo multidisciplinario conformado por un \u00e1rea de psicolog\u00eda, psicopedagog\u00eda, medicina, enfermer\u00eda y nutrici\u00f3n, a fin de brindar un servicio de calidad para los alumnos que asisten.<\/span><\/p><p><span style=\"font-weight: 400;\">\u00a0<\/span><\/p><p><span style=\"font-weight: 400;\">En total son 12 CADI habilitados y funcionales ubicados estrat\u00e9gicamente en las regiones: 96, 97, 100, 101, 102, 103, 228, 232, 233, 260, 510 y 516, identificadas como zonas de atenci\u00f3n prioritaria.<\/span><\/p><p><span style=\"font-weight: 400;\">\u00a0<\/span><\/p><p><span style=\"font-weight: 400;\">Finalmente, del 8 de octubre del 2020 que el DIF municipal apertur\u00f3 el comedor comunitario en la Regi\u00f3n 235 hasta el 15 de diciembre de este a\u00f1o, reparti\u00f3 243 mil 742 raciones de comida en beneficio de 408 familias.<\/span><\/p><p><span style=\"font-weight: 400;\">\u00a0<\/span><\/p><p><span style=\"font-weight: 400;\">El DIF municipal que encabeza la Presidenta Honoraria, Paola Moncada de Herrera, asume el compromiso de continuar fortaleciendo los servicios y programas en favor de la poblaci\u00f3n en situaci\u00f3n prioritaria.<\/span><\/p>\t\t\t\t\t\t<\/div>\n\t\t\t\t<\/div>\n\t\t\t\t\t<\/div>\n\t\t<\/div>\n\t\t\t\t\t<\/div>\n\t\t<\/section>\n\t\t\t\t<section class=\"elementor-section elementor-top-section elementor-element elementor-element-7b721734 elementor-section-boxed elementor-section-height-default elementor-section-height-default\" data-id=\"7b721734\" data-element_type=\"section\">\n\t\t\t\t\t\t<div class=\"elementor-container elementor-column-gap-default\">\n\t\t\t\t\t<div class=\"elementor-column elementor-col-100 elementor-top-column elementor-element elementor-element-56b95a90\" data-id=\"56b95a90\" data-element_type=\"column\">\n\t\t\t<div class=\"elementor-widget-wrap elementor-element-populated\">\n\t\t\t\t\t\t<div class=\"elementor-element elementor-element-1ece59fd elementor-widget elementor-widget-gallery\" data-id=\"1ece59fd\" data-element_type=\"widget\" data-settings=\"{&quot;gallery_layout&quot;:&quot;justified&quot;,&quot;lazyload&quot;:&quot;yes&quot;,&quot;ideal_row_height&quot;:{&quot;unit&quot;:&quot;px&quot;,&quot;size&quot;:200,&quot;sizes&quot;:[]},&quot;ideal_row_height_tablet&quot;:{&quot;unit&quot;:&quot;px&quot;,&quot;size&quot;:150,&quot;sizes&quot;:[]},&quot;ideal_row_height_mobile&quot;:{&quot;unit&quot;:&quot;px&quot;,&quot;size&quot;:150,&quot;sizes&quot;:[]},&quot;gap&quot;:{&quot;unit&quot;:&quot;px&quot;,&quot;size&quot;:10,&quot;sizes&quot;:[]},&quot;gap_tablet&quot;:{&quot;unit&quot;:&quot;px&quot;,&quot;size&quot;:10,&quot;sizes&quot;:[]},&quot;gap_mobile&quot;:{&quot;unit&quot;:&quot;px&quot;,&quot;size&quot;:10,&quot;sizes&quot;:[]},&quot;link_to&quot;:&quot;file&quot;,&quot;overlay_background&quot;:&quot;yes&quot;,&quot;content_hover_animation&quot;:&quot;fade-in&quot;}\" data-widget_type=\"gallery.default\">\n\t\t\t\t<div class=\"elementor-widget-container\">\n\t\t\t\t\t<div class=\"elementor-gallery__container\">\n\t\t\t\t\t\t\t<a class=\"e-gallery-item elementor-gallery-item elementor-animated-content\" href=\"https:\/\/transformarqroo.com\/wp-content\/uploads\/2022\/12\/BJ-27_12_221.jpg\" data-elementor-open-lightbox=\"yes\" data-elementor-lightbox-slideshow=\"1ece59fd\" data-elementor-lightbox-title=\"BJ 27_12_22(1)\" data-e-action-hash=\"#elementor-action%3Aaction%3Dlightbox%26settings%3DeyJpZCI6MTY0NjMsInVybCI6Imh0dHBzOlwvXC90cmFuc2Zvcm1hcnFyb28uY29tXC93cC1jb250ZW50XC91cGxvYWRzXC8yMDIyXC8xMlwvQkotMjdfMTJfMjIxLmpwZyIsInNsaWRlc2hvdyI6IjFlY2U1OWZkIn0%3D\">\n\t\t\t\t\t<div class=\"e-gallery-image elementor-gallery-item__image\" data-thumbnail=\"https:\/\/transformarqroo.com\/wp-content\/uploads\/2022\/12\/BJ-27_12_221.jpg\" data-width=\"1280\" data-height=\"384\" aria-label=\"\" role=\"img\" ><\/div>\n\t\t\t\t\t\t\t\t\t\t\t<div class=\"elementor-gallery-item__overlay\"><\/div>\n\t\t\t\t\t\t\t\t\t\t\t\t\t\t<\/a>\n\t\t\t\t\t\t\t<a class=\"e-gallery-item elementor-gallery-item elementor-animated-content\" href=\"https:\/\/transformarqroo.com\/wp-content\/uploads\/2022\/12\/BJ-27_12_222.jpg\" data-elementor-open-lightbox=\"yes\" data-elementor-lightbox-slideshow=\"1ece59fd\" data-elementor-lightbox-title=\"BJ 27_12_22(2)\" data-e-action-hash=\"#elementor-action%3Aaction%3Dlightbox%26settings%3DeyJpZCI6MTY0NjQsInVybCI6Imh0dHBzOlwvXC90cmFuc2Zvcm1hcnFyb28uY29tXC93cC1jb250ZW50XC91cGxvYWRzXC8yMDIyXC8xMlwvQkotMjdfMTJfMjIyLmpwZyIsInNsaWRlc2hvdyI6IjFlY2U1OWZkIn0%3D\">\n\t\t\t\t\t<div class=\"e-gallery-image elementor-gallery-item__image\" data-thumbnail=\"https:\/\/transformarqroo.com\/wp-content\/uploads\/2022\/12\/BJ-27_12_222.jpg\" data-width=\"757\" data-height=\"728\" aria-label=\"\" role=\"img\" ><\/div>\n\t\t\t\t\t\t\t\t\t\t\t<div class=\"elementor-gallery-item__overlay\"><\/div>\n\t\t\t\t\t\t\t\t\t\t\t\t\t\t<\/a>\n\t\t\t\t\t\t\t<a class=\"e-gallery-item elementor-gallery-item elementor-animated-content\" href=\"https:\/\/transformarqroo.com\/wp-content\/uploads\/2022\/12\/BJ-27_12_223.jpg\" data-elementor-open-lightbox=\"yes\" data-elementor-lightbox-slideshow=\"1ece59fd\" data-elementor-lightbox-title=\"BJ 27_12_22(3)\" data-e-action-hash=\"#elementor-action%3Aaction%3Dlightbox%26settings%3DeyJpZCI6MTY0NjUsInVybCI6Imh0dHBzOlwvXC90cmFuc2Zvcm1hcnFyb28uY29tXC93cC1jb250ZW50XC91cGxvYWRzXC8yMDIyXC8xMlwvQkotMjdfMTJfMjIzLmpwZyIsInNsaWRlc2hvdyI6IjFlY2U1OWZkIn0%3D\">\n\t\t\t\t\t<div class=\"e-gallery-image elementor-gallery-item__image\" data-thumbnail=\"https:\/\/transformarqroo.com\/wp-content\/uploads\/2022\/12\/BJ-27_12_223.jpg\" data-width=\"1280\" data-height=\"853\" aria-label=\"\" role=\"img\" ><\/div>\n\t\t\t\t\t\t\t\t\t\t\t<div class=\"elementor-gallery-item__overlay\"><\/div>\n\t\t\t\t\t\t\t\t\t\t\t\t\t\t<\/a>\n\t\t\t\t\t\t\t<a class=\"e-gallery-item elementor-gallery-item elementor-animated-content\" href=\"https:\/\/transformarqroo.com\/wp-content\/uploads\/2022\/12\/BJ-27_12_22.jpg\" data-elementor-open-lightbox=\"yes\" data-elementor-lightbox-slideshow=\"1ece59fd\" data-elementor-lightbox-title=\"BJ 27_12_22\" data-e-action-hash=\"#elementor-action%3Aaction%3Dlightbox%26settings%3DeyJpZCI6MTY0NjcsInVybCI6Imh0dHBzOlwvXC90cmFuc2Zvcm1hcnFyb28uY29tXC93cC1jb250ZW50XC91cGxvYWRzXC8yMDIyXC8xMlwvQkotMjdfMTJfMjIuanBnIiwic2xpZGVzaG93IjoiMWVjZTU5ZmQifQ%3D%3D\">\n\t\t\t\t\t<div class=\"e-gallery-image elementor-gallery-item__image\" data-thumbnail=\"https:\/\/transformarqroo.com\/wp-content\/uploads\/2022\/12\/BJ-27_12_22.jpg\" data-width=\"1099\" data-height=\"754\" aria-label=\"\" role=\"img\" ><\/div>\n\t\t\t\t\t\t\t\t\t\t\t<div class=\"elementor-gallery-item__overlay\"><\/div>\n\t\t\t\t\t\t\t\t\t\t\t\t\t\t<\/a>\n\t\t\t\t\t<\/div>\n\t\t\t<\/div>\n\t\t\t\t<\/div>\n\t\t\t\t\t<\/div>\n\t\t<\/div>\n\t\t\t\t\t<\/div>\n\t\t<\/section>\n\t\t\t\t<\/div>\n\t\t","protected":false},"excerpt":{"rendered":"<p>A\u00f1o productivo este 2022 en beneficio de las ni\u00f1as, ni\u00f1os, adolescentes, adultos mayores y la familia.<\/p>\n","protected":false},"author":1,"featured_media":16465,"comment_status":"closed","ping_status":"closed","sticky":false,"template":"","format":"standard","meta":{"_FSMCFIC_featured_image_caption":"","_FSMCFIC_featured_image_nocaption":"","_FSMCFIC_featured_image_hide":"1","footnotes":""},"categories":[32,21],"tags":[],"class_list":["post-16456","post","type-post","status-publish","format-standard","has-post-thumbnail","hentry","category-municipios","category-benito-juarez"],"aioseo_notices":[],"_links":{"self":[{"href":"https:\/\/transformarqroo.com\/index.php\/wp-json\/wp\/v2\/posts\/16456","targetHints":{"allow":["GET"]}}],"collection":[{"href":"https:\/\/transformarqroo.com\/index.php\/wp-json\/wp\/v2\/posts"}],"about":[{"href":"https:\/\/transformarqroo.com\/index.php\/wp-json\/wp\/v2\/types\/post"}],"author":[{"embeddable":true,"href":"https:\/\/transformarqroo.com\/index.php\/wp-json\/wp\/v2\/users\/1"}],"replies":[{"embeddable":true,"href":"https:\/\/transformarqroo.com\/index.php\/wp-json\/wp\/v2\/comments?post=16456"}],"version-history":[{"count":5,"href":"https:\/\/transformarqroo.com\/index.php\/wp-json\/wp\/v2\/posts\/16456\/revisions"}],"predecessor-version":[{"id":16527,"href":"https:\/\/transformarqroo.com\/index.php\/wp-json\/wp\/v2\/posts\/16456\/revisions\/16527"}],"wp:featuredmedia":[{"embeddable":true,"href":"https:\/\/transformarqroo.com\/index.php\/wp-json\/wp\/v2\/media\/16465"}],"wp:attachment":[{"href":"https:\/\/transformarqroo.com\/index.php\/wp-json\/wp\/v2\/media?parent=16456"}],"wp:term":[{"taxonomy":"category","embeddable":true,"href":"https:\/\/transformarqroo.com\/index.php\/wp-json\/wp\/v2\/categories?post=16456"},{"taxonomy":"post_tag","embeddable":true,"href":"https:\/\/transformarqroo.com\/index.php\/wp-json\/wp\/v2\/tags?post=16456"}],"curies":[{"name":"wp","href":"https:\/\/api.w.org\/{rel}","templated":true}]}}