{"id":16818,"date":"2023-01-05T20:37:09","date_gmt":"2023-01-06T01:37:09","guid":{"rendered":"https:\/\/transformarqroo.com\/?p=16818"},"modified":"2023-01-05T20:37:56","modified_gmt":"2023-01-06T01:37:56","slug":"atenea-gomez-regalara-el-show-de-tatiana-a-las-ninas-y-ninos-islenos","status":"publish","type":"post","link":"https:\/\/transformarqroo.com\/index.php\/2023\/01\/05\/atenea-gomez-regalara-el-show-de-tatiana-a-las-ninas-y-ninos-islenos\/","title":{"rendered":"<STRONG>ATENEA G\u00d3MEZ REGALAR\u00c1 EL SHOW DE TATIANA A LAS NI\u00d1AS Y NI\u00d1OS ISLE\u00d1OS<\/STRONG>"},"content":{"rendered":"\t\t<div data-elementor-type=\"wp-post\" data-elementor-id=\"16818\" class=\"elementor elementor-16818\" data-elementor-post-type=\"post\">\n\t\t\t\t\t\t<section class=\"elementor-section elementor-top-section elementor-element elementor-element-2995ee9 elementor-section-boxed elementor-section-height-default elementor-section-height-default\" data-id=\"2995ee9\" data-element_type=\"section\">\n\t\t\t\t\t\t<div class=\"elementor-container elementor-column-gap-default\">\n\t\t\t\t\t<div class=\"elementor-column elementor-col-66 elementor-top-column elementor-element elementor-element-3773781\" data-id=\"3773781\" data-element_type=\"column\">\n\t\t\t<div class=\"elementor-widget-wrap elementor-element-populated\">\n\t\t\t\t\t\t<div class=\"elementor-element elementor-element-1cd860ed elementor-widget elementor-widget-premium-addon-banner\" data-id=\"1cd860ed\" data-element_type=\"widget\" data-widget_type=\"premium-addon-banner.default\">\n\t\t\t\t<div class=\"elementor-widget-container\">\n\t\t\t\t\t<div class=\"premium-banner-ib premium-banner-min-height premium-banner-animation7 none\">\r\n\t\t\t\t\t\t\t<div class=\"premium-banner-border\">\r\n\t\t\t\t\t<div class=\"premium-banner-br premium-banner-bleft premium-banner-brlr\"><\/div>\r\n\t\t\t\t\t<div class=\"premium-banner-br premium-banner-bright premium-banner-brlr\"><\/div>\r\n\t\t\t\t\t<div class=\"premium-banner-br premium-banner-btop premium-banner-brtb\"><\/div>\r\n\t\t\t\t\t<div class=\"premium-banner-br premium-banner-bottom premium-banner-brtb\"><\/div>\r\n\t\t\t\t<\/div>\r\n\t\t\t\t\t\t\t\t\t\t\t\t\t\t\t<img fetchpriority=\"high\" decoding=\"async\" width=\"1280\" height=\"1011\" src=\"https:\/\/transformarqroo.com\/wp-content\/uploads\/2023\/01\/Isla-05_01_23.jpg\" class=\"attachment-full size-full wp-image-16838\" alt=\"\" srcset=\"https:\/\/transformarqroo.com\/wp-content\/uploads\/2023\/01\/Isla-05_01_23.jpg 1280w, https:\/\/transformarqroo.com\/wp-content\/uploads\/2023\/01\/Isla-05_01_23-300x237.jpg 300w, https:\/\/transformarqroo.com\/wp-content\/uploads\/2023\/01\/Isla-05_01_23-1024x809.jpg 1024w, https:\/\/transformarqroo.com\/wp-content\/uploads\/2023\/01\/Isla-05_01_23-768x607.jpg 768w\" sizes=\"(max-width: 1280px) 100vw, 1280px\" \/>\t\t\t\t\t\t\t\t\t\t<div class=\"premium-banner-ib-desc\">\r\n\t\t\t\t\t\t\t\t\t<div class=\"premium-banner-desc-centered\">\r\n\t\t\t\t\t\t\t\t\t<h3 class=\"premium-banner-ib-title premium_banner_title\"><\/h3>\t\t\t\t\t\t\t\t\t\t\t\t\t<\/div>\r\n\t\t\t\t\t\t\t<\/div>\r\n\t\t\t\t\t<\/div>\r\n\t\t\t\t\t\t<\/div>\n\t\t\t\t<\/div>\n\t\t\t\t\t<\/div>\n\t\t<\/div>\n\t\t\t\t<div class=\"elementor-column elementor-col-33 elementor-top-column elementor-element elementor-element-f8954a2\" data-id=\"f8954a2\" data-element_type=\"column\">\n\t\t\t<div class=\"elementor-widget-wrap elementor-element-populated\">\n\t\t\t\t\t\t<div class=\"elementor-element elementor-element-e5ce593 elementor-widget elementor-widget-text-editor\" data-id=\"e5ce593\" data-element_type=\"widget\" data-widget_type=\"text-editor.default\">\n\t\t\t\t<div class=\"elementor-widget-container\">\n\t\t\t\t\t\t\t<p><span style=\"font-weight: 400;\">Isla Mujeres, Quintana Roo, 5 de enero de 2023.-Para celebrar en grande a las ni\u00f1as y ni\u00f1os de Isla Mujeres, la Presidente Municipal, Atenea G\u00f3mez Ricalde, les dar\u00e1 como regalo de D\u00eda de Reyes el show de Tatiana, el pr\u00f3ximo s\u00e1bado 7 de enero a las 17 horas en e Domo Azul de la \u00ednsula.<\/span><\/p>\t\t\t\t\t\t<\/div>\n\t\t\t\t<\/div>\n\t\t\t\t\t<\/div>\n\t\t<\/div>\n\t\t\t\t\t<\/div>\n\t\t<\/section>\n\t\t\t\t<section class=\"elementor-section elementor-top-section elementor-element elementor-element-2080397c elementor-section-boxed elementor-section-height-default elementor-section-height-default\" data-id=\"2080397c\" data-element_type=\"section\">\n\t\t\t\t\t\t<div class=\"elementor-container elementor-column-gap-default\">\n\t\t\t\t\t<div class=\"elementor-column elementor-col-100 elementor-top-column elementor-element elementor-element-55a126ad\" data-id=\"55a126ad\" data-element_type=\"column\">\n\t\t\t<div class=\"elementor-widget-wrap\">\n\t\t\t\t\t\t\t<\/div>\n\t\t<\/div>\n\t\t\t\t\t<\/div>\n\t\t<\/section>\n\t\t\t\t<section class=\"elementor-section elementor-top-section elementor-element elementor-element-1b6aa79 elementor-section-boxed elementor-section-height-default elementor-section-height-default\" data-id=\"1b6aa79\" data-element_type=\"section\" data-settings=\"{&quot;background_background&quot;:&quot;classic&quot;}\">\n\t\t\t\t\t\t<div class=\"elementor-container elementor-column-gap-default\">\n\t\t\t\t\t<div class=\"elementor-column elementor-col-100 elementor-top-column elementor-element elementor-element-fbe286c\" data-id=\"fbe286c\" data-element_type=\"column\">\n\t\t\t<div class=\"elementor-widget-wrap elementor-element-populated\">\n\t\t\t\t\t\t<div class=\"elementor-element elementor-element-7f8a60e8 premium-title-icon-row premium-title-color elementor-widget elementor-widget-premium-addon-title\" data-id=\"7f8a60e8\" data-element_type=\"widget\" data-widget_type=\"premium-addon-title.default\">\n\t\t\t\t<div class=\"elementor-widget-container\">\n\t\t\t\r\n\t\t<div class=\"premium-title-container style2\">\r\n\t\t\t<h5 class=\"premium-title-header premium-title-style2\">\r\n\t\t\t\t\r\n\t\t\t\t\t\t\t\t\t\t\t\t\t\t\t<div class=\"premium-title-icon premium-lottie-animation\" data-lottie-url=\"https:\/\/assets8.lottiefiles.com\/packages\/lf20_pcfclxy8.json\" data-lottie-loop=\"true\" data-lottie-reverse=\"\"><\/div>\r\n\t\t\t\t\t\t\t\t\t\r\n\t\t\t\t\t\t\t\t\t\t\t\t<span class=\"premium-title-text\" >\r\n\t\t\t\t\t\t\t\t\t<\/span>\r\n\t\t\t\t\t\r\n\t\t\t\t\t\t\t\t\t\t\t<\/h5>\r\n\t\t<\/div>\r\n\r\n\t\t\t\t<\/div>\n\t\t\t\t<\/div>\n\t\t\t\t\t<\/div>\n\t\t<\/div>\n\t\t\t\t\t<\/div>\n\t\t<\/section>\n\t\t\t\t<section class=\"elementor-section elementor-top-section elementor-element elementor-element-75fc11ab elementor-section-boxed elementor-section-height-default elementor-section-height-default\" data-id=\"75fc11ab\" data-element_type=\"section\">\n\t\t\t\t\t\t<div class=\"elementor-container elementor-column-gap-default\">\n\t\t\t\t\t<div class=\"elementor-column elementor-col-100 elementor-top-column elementor-element elementor-element-48658737\" data-id=\"48658737\" data-element_type=\"column\">\n\t\t\t<div class=\"elementor-widget-wrap elementor-element-populated\">\n\t\t\t\t\t\t<div class=\"elementor-element elementor-element-cd758f9 elementor-widget elementor-widget-text-editor\" data-id=\"cd758f9\" data-element_type=\"widget\" data-widget_type=\"text-editor.default\">\n\t\t\t\t<div class=\"elementor-widget-container\">\n\t\t\t\t\t\t\t<p><span style=\"font-weight: 400;\">Ya est\u00e1 todo listo para la presentaci\u00f3n de la \u201cReina de los Ni\u00f1os\u201d este s\u00e1bado durante el Festival D\u00eda de Reyes, el cual disfrutar\u00e1n chicos y grandes, en un ambiente de alegr\u00eda, entusiasmo y sana convivencia familia.\u00a0<\/span><\/p><p>\u00a0<\/p><p><span style=\"font-weight: 400;\">Al respecto, la presidenta honoraria del Sistema Para el Desarrollo Integral de la Familia (DIF de Isla Mujeres), Minelly de los \u00c1ngeles Ricalde Maga\u00f1a, explic\u00f3 que el Festival D\u00eda de reyes se llevar\u00e1 a cabo este 6 de enero a las 10 de la ma\u00f1ana en el Domo Hugo Ravell, en la Zona Continental, donde se presentar\u00e1 un espect\u00e1culo infantil, adem\u00e1s de que los peque\u00f1ines disfrutar\u00e1n de la presencia de los Reyes Magos, de diversas actividades recreativas y de una miniferia.<\/span><\/p><p>\u00a0<\/p><p><span style=\"font-weight: 400;\">Las familias de la Zona Continental tendr\u00e1n la oportunidad de convivir con la alcaldesa isle\u00f1a, con quien degustar\u00e1n la tradicional de Rosca de Reyes. \u201cEs importante generar espacios de sana convivencia familia, ya que a trav\u00e9s de ellos se fortalece el v\u00ednculo entre padres e hijos y se refuerza el tejido social en el municipio\u201d, refiri\u00f3 Minelly Ricalde.\u00a0<\/span><\/p><p>\u00a0<\/p><p><span style=\"font-weight: 400;\">Agreg\u00f3 que el festival en la zona insular se llevar\u00e1 a cabo el 7 de enero a las 5 de la tarde en el Domo Azul de la colonia \u201cLa Gloria\u201d, por lo cual invit\u00f3 a las familias isle\u00f1as a disfrutar del show de Tatiana, quien interpretar\u00e1 sus grandes \u00e9xitos musicales, entre ellos \u201cEl Patio de mi Casa\u201d, \u201cEl Bailr de La Ranita\u201d, \u201cNo me quiero ba\u00f1ar\u201d y \u201cEl Gato Viudo\u201d.\u00a0<\/span><\/p>\t\t\t\t\t\t<\/div>\n\t\t\t\t<\/div>\n\t\t\t\t\t<\/div>\n\t\t<\/div>\n\t\t\t\t\t<\/div>\n\t\t<\/section>\n\t\t\t\t<section class=\"elementor-section elementor-top-section elementor-element elementor-element-5c63e292 elementor-section-boxed elementor-section-height-default elementor-section-height-default\" data-id=\"5c63e292\" data-element_type=\"section\">\n\t\t\t\t\t\t<div class=\"elementor-container elementor-column-gap-default\">\n\t\t\t\t\t<div class=\"elementor-column elementor-col-100 elementor-top-column elementor-element elementor-element-4a45094f\" data-id=\"4a45094f\" data-element_type=\"column\">\n\t\t\t<div class=\"elementor-widget-wrap elementor-element-populated\">\n\t\t\t\t\t\t<div class=\"elementor-element elementor-element-1d95c6c3 elementor-widget elementor-widget-gallery\" data-id=\"1d95c6c3\" data-element_type=\"widget\" data-settings=\"{&quot;gallery_layout&quot;:&quot;justified&quot;,&quot;lazyload&quot;:&quot;yes&quot;,&quot;ideal_row_height&quot;:{&quot;unit&quot;:&quot;px&quot;,&quot;size&quot;:200,&quot;sizes&quot;:[]},&quot;ideal_row_height_tablet&quot;:{&quot;unit&quot;:&quot;px&quot;,&quot;size&quot;:150,&quot;sizes&quot;:[]},&quot;ideal_row_height_mobile&quot;:{&quot;unit&quot;:&quot;px&quot;,&quot;size&quot;:150,&quot;sizes&quot;:[]},&quot;gap&quot;:{&quot;unit&quot;:&quot;px&quot;,&quot;size&quot;:10,&quot;sizes&quot;:[]},&quot;gap_tablet&quot;:{&quot;unit&quot;:&quot;px&quot;,&quot;size&quot;:10,&quot;sizes&quot;:[]},&quot;gap_mobile&quot;:{&quot;unit&quot;:&quot;px&quot;,&quot;size&quot;:10,&quot;sizes&quot;:[]},&quot;link_to&quot;:&quot;file&quot;,&quot;overlay_background&quot;:&quot;yes&quot;,&quot;content_hover_animation&quot;:&quot;fade-in&quot;}\" data-widget_type=\"gallery.default\">\n\t\t\t\t<div class=\"elementor-widget-container\">\n\t\t\t\t\t<div class=\"elementor-gallery__container\">\n\t\t\t\t\t\t\t<a class=\"e-gallery-item elementor-gallery-item elementor-animated-content\" href=\"https:\/\/transformarqroo.com\/wp-content\/uploads\/2023\/01\/Isla-05_01_23.jpg\" data-elementor-open-lightbox=\"yes\" data-elementor-lightbox-slideshow=\"1d95c6c3\" data-elementor-lightbox-title=\"Isla 05_01_23\" data-e-action-hash=\"#elementor-action%3Aaction%3Dlightbox%26settings%3DeyJpZCI6MTY4MzgsInVybCI6Imh0dHBzOlwvXC90cmFuc2Zvcm1hcnFyb28uY29tXC93cC1jb250ZW50XC91cGxvYWRzXC8yMDIzXC8wMVwvSXNsYS0wNV8wMV8yMy5qcGciLCJzbGlkZXNob3ciOiIxZDk1YzZjMyJ9\">\n\t\t\t\t\t<div class=\"e-gallery-image elementor-gallery-item__image\" data-thumbnail=\"https:\/\/transformarqroo.com\/wp-content\/uploads\/2023\/01\/Isla-05_01_23.jpg\" data-width=\"1280\" data-height=\"1011\" aria-label=\"\" role=\"img\" ><\/div>\n\t\t\t\t\t\t\t\t\t\t\t<div class=\"elementor-gallery-item__overlay\"><\/div>\n\t\t\t\t\t\t\t\t\t\t\t\t\t\t<\/a>\n\t\t\t\t\t<\/div>\n\t\t\t<\/div>\n\t\t\t\t<\/div>\n\t\t\t\t\t<\/div>\n\t\t<\/div>\n\t\t\t\t\t<\/div>\n\t\t<\/section>\n\t\t\t\t<\/div>\n\t\t","protected":false},"excerpt":{"rendered":"<p>Isla Mujeres, Quintana Roo, 5 de enero de 2023.-Para celebrar en grande a las ni\u00f1as y ni\u00f1os de Isla Mujeres, la Presidente Municipal, Atenea G\u00f3mez Ricalde, les dar\u00e1 como regalo de D\u00eda de Reyes el show de Tatiana, el pr\u00f3ximo s\u00e1bado 7 de enero a las 17 horas en e Domo Azul de la \u00ednsula. [&hellip;]<\/p>\n","protected":false},"author":1,"featured_media":16838,"comment_status":"closed","ping_status":"closed","sticky":false,"template":"","format":"standard","meta":{"_FSMCFIC_featured_image_caption":"","_FSMCFIC_featured_image_nocaption":"","_FSMCFIC_featured_image_hide":"1","footnotes":""},"categories":[32,25],"tags":[],"class_list":["post-16818","post","type-post","status-publish","format-standard","has-post-thumbnail","hentry","category-municipios","category-isla-mujeres"],"aioseo_notices":[],"_links":{"self":[{"href":"https:\/\/transformarqroo.com\/index.php\/wp-json\/wp\/v2\/posts\/16818","targetHints":{"allow":["GET"]}}],"collection":[{"href":"https:\/\/transformarqroo.com\/index.php\/wp-json\/wp\/v2\/posts"}],"about":[{"href":"https:\/\/transformarqroo.com\/index.php\/wp-json\/wp\/v2\/types\/post"}],"author":[{"embeddable":true,"href":"https:\/\/transformarqroo.com\/index.php\/wp-json\/wp\/v2\/users\/1"}],"replies":[{"embeddable":true,"href":"https:\/\/transformarqroo.com\/index.php\/wp-json\/wp\/v2\/comments?post=16818"}],"version-history":[{"count":4,"href":"https:\/\/transformarqroo.com\/index.php\/wp-json\/wp\/v2\/posts\/16818\/revisions"}],"predecessor-version":[{"id":16842,"href":"https:\/\/transformarqroo.com\/index.php\/wp-json\/wp\/v2\/posts\/16818\/revisions\/16842"}],"wp:featuredmedia":[{"embeddable":true,"href":"https:\/\/transformarqroo.com\/index.php\/wp-json\/wp\/v2\/media\/16838"}],"wp:attachment":[{"href":"https:\/\/transformarqroo.com\/index.php\/wp-json\/wp\/v2\/media?parent=16818"}],"wp:term":[{"taxonomy":"category","embeddable":true,"href":"https:\/\/transformarqroo.com\/index.php\/wp-json\/wp\/v2\/categories?post=16818"},{"taxonomy":"post_tag","embeddable":true,"href":"https:\/\/transformarqroo.com\/index.php\/wp-json\/wp\/v2\/tags?post=16818"}],"curies":[{"name":"wp","href":"https:\/\/api.w.org\/{rel}","templated":true}]}}