{"id":16863,"date":"2023-01-06T21:31:56","date_gmt":"2023-01-07T02:31:56","guid":{"rendered":"https:\/\/transformarqroo.com\/?p=16863"},"modified":"2023-01-07T21:41:57","modified_gmt":"2023-01-08T02:41:57","slug":"atenea-gomez-ricalde-celebra-el-dia-de-reyes-con-las-familias-de-la-zona-continental","status":"publish","type":"post","link":"https:\/\/transformarqroo.com\/index.php\/2023\/01\/06\/atenea-gomez-ricalde-celebra-el-dia-de-reyes-con-las-familias-de-la-zona-continental\/","title":{"rendered":"<STRONG>ATENEA G\u00d3MEZ RICALDE CELEBRA EL D\u00cdA DE REYES CON LAS FAMILIAS DE LA ZONA CONTINENTAL<\/STRONG>"},"content":{"rendered":"\t\t<div data-elementor-type=\"wp-post\" data-elementor-id=\"16863\" class=\"elementor elementor-16863\" data-elementor-post-type=\"post\">\n\t\t\t\t\t\t<section class=\"elementor-section elementor-top-section elementor-element elementor-element-8ac15c3 elementor-section-boxed elementor-section-height-default elementor-section-height-default\" data-id=\"8ac15c3\" data-element_type=\"section\">\n\t\t\t\t\t\t<div class=\"elementor-container elementor-column-gap-default\">\n\t\t\t\t\t<div class=\"elementor-column elementor-col-66 elementor-top-column elementor-element elementor-element-cb34488\" data-id=\"cb34488\" data-element_type=\"column\">\n\t\t\t<div class=\"elementor-widget-wrap elementor-element-populated\">\n\t\t\t\t\t\t<div class=\"elementor-element elementor-element-ae2b266 elementor-widget elementor-widget-premium-addon-banner\" data-id=\"ae2b266\" data-element_type=\"widget\" data-widget_type=\"premium-addon-banner.default\">\n\t\t\t\t<div class=\"elementor-widget-container\">\n\t\t\t\t\t<div class=\"premium-banner-ib premium-banner-min-height premium-banner-animation7 none\">\r\n\t\t\t\t\t\t\t<div class=\"premium-banner-border\">\r\n\t\t\t\t\t<div class=\"premium-banner-br premium-banner-bleft premium-banner-brlr\"><\/div>\r\n\t\t\t\t\t<div class=\"premium-banner-br premium-banner-bright premium-banner-brlr\"><\/div>\r\n\t\t\t\t\t<div class=\"premium-banner-br premium-banner-btop premium-banner-brtb\"><\/div>\r\n\t\t\t\t\t<div class=\"premium-banner-br premium-banner-bottom premium-banner-brtb\"><\/div>\r\n\t\t\t\t<\/div>\r\n\t\t\t\t\t\t\t\t\t\t\t\t\t\t\t<img fetchpriority=\"high\" decoding=\"async\" width=\"1600\" height=\"974\" src=\"https:\/\/transformarqroo.com\/wp-content\/uploads\/2023\/01\/Isla-06_01_23.jpg\" class=\"attachment-full size-full wp-image-16906\" alt=\"\" srcset=\"https:\/\/transformarqroo.com\/wp-content\/uploads\/2023\/01\/Isla-06_01_23.jpg 1600w, https:\/\/transformarqroo.com\/wp-content\/uploads\/2023\/01\/Isla-06_01_23-300x183.jpg 300w, https:\/\/transformarqroo.com\/wp-content\/uploads\/2023\/01\/Isla-06_01_23-1024x623.jpg 1024w, https:\/\/transformarqroo.com\/wp-content\/uploads\/2023\/01\/Isla-06_01_23-768x468.jpg 768w, https:\/\/transformarqroo.com\/wp-content\/uploads\/2023\/01\/Isla-06_01_23-1536x935.jpg 1536w\" sizes=\"(max-width: 1600px) 100vw, 1600px\" \/>\t\t\t\t\t\t\t\t\t\t<div class=\"premium-banner-ib-desc\">\r\n\t\t\t\t\t\t\t\t\t<div class=\"premium-banner-desc-centered\">\r\n\t\t\t\t\t\t\t\t\t<h3 class=\"premium-banner-ib-title premium_banner_title\"><\/h3>\t\t\t\t\t\t\t\t\t\t\t\t\t<\/div>\r\n\t\t\t\t\t\t\t<\/div>\r\n\t\t\t\t\t<\/div>\r\n\t\t\t\t\t\t<\/div>\n\t\t\t\t<\/div>\n\t\t\t\t\t<\/div>\n\t\t<\/div>\n\t\t\t\t<div class=\"elementor-column elementor-col-33 elementor-top-column elementor-element elementor-element-8818efc\" data-id=\"8818efc\" data-element_type=\"column\">\n\t\t\t<div class=\"elementor-widget-wrap elementor-element-populated\">\n\t\t\t\t\t\t<div class=\"elementor-element elementor-element-6a1a163 elementor-widget elementor-widget-text-editor\" data-id=\"6a1a163\" data-element_type=\"widget\" data-widget_type=\"text-editor.default\">\n\t\t\t\t<div class=\"elementor-widget-container\">\n\t\t\t\t\t\t\t<p><span style=\"font-weight: 400;\">Isla Mujeres, Quintana Roo, 6 de enero de 2023.- Cientos de ni\u00f1as y ni\u00f1os de la Zona Continental del municipio de Isla Mujeres, disfrutaron en compa\u00f1\u00eda de la alcaldesa, Atenea G\u00f3mez Ricalde, del festival de D\u00eda de Reyes organizado en su honor en el Domo Hugo Ravell.<\/span><\/p>\t\t\t\t\t\t<\/div>\n\t\t\t\t<\/div>\n\t\t\t\t\t<\/div>\n\t\t<\/div>\n\t\t\t\t\t<\/div>\n\t\t<\/section>\n\t\t\t\t<section class=\"elementor-section elementor-top-section elementor-element elementor-element-44a3fd4f elementor-section-boxed elementor-section-height-default elementor-section-height-default\" data-id=\"44a3fd4f\" data-element_type=\"section\">\n\t\t\t\t\t\t<div class=\"elementor-container elementor-column-gap-default\">\n\t\t\t\t\t<div class=\"elementor-column elementor-col-100 elementor-top-column elementor-element elementor-element-3edc977e\" data-id=\"3edc977e\" data-element_type=\"column\">\n\t\t\t<div class=\"elementor-widget-wrap elementor-element-populated\">\n\t\t\t\t\t\t<div class=\"elementor-element elementor-element-4bff31d2 elementor-widget elementor-widget-text-editor\" data-id=\"4bff31d2\" data-element_type=\"widget\" data-widget_type=\"text-editor.default\">\n\t\t\t\t<div class=\"elementor-widget-container\">\n\t\t\t\t\t\t\t<p><span style=\"font-weight: 400;\">La acaldesa refiri\u00f3 que en la Zona Continental se celebra con alegr\u00eda y en uni\u00f3n familiar la tradici\u00f3n del D\u00eda de Reyes, as\u00ed como tambi\u00e9n record\u00f3 la importancia de estos festivales en donde se fortalecen los lazos y la uni\u00f3n de las isle\u00f1as e isle\u00f1os a trav\u00e9s de una sana convivencia.\u00a0<\/span><\/p><p>\u00a0<\/p><p><span style=\"font-weight: 400;\">Atenea G\u00f3mez convivi\u00f3 con los m\u00e1s peque\u00f1os de la Zona Continental, quienes disfrutaron de una presentaci\u00f3n cultural para ense\u00f1arles a las nuevas generaciones los or\u00edgenes de esta bonita tradici\u00f3n de D\u00eda de Reyes. La ma\u00f1ana estuvo llena de sorpresas para los infantes, quienes recibieron un detallito de parte de la alcaldesa y se realiz\u00f3 la tradicional partida de Rosca de Reyes.<\/span><\/p><p>\u00a0<\/p><p><span style=\"font-weight: 400;\">La celebraci\u00f3n del D\u00eda de Reyes es una gran tradici\u00f3n en la Zona Continental, por ello, se decidi\u00f3 iniciar el festejo en esa parte del municipio.<\/span><\/p><p><span style=\"font-weight: 400;\">\u00abDeseo que se diviertan mucho y que prevalezca la paz, armon\u00eda y amor en sus hogares\u00bb, se\u00f1al\u00f3 Atenea G\u00f3mez, quien dio a conocer que este 2023 ser\u00e1 un a\u00f1o muy positivo, ya que se construir\u00e1n m\u00e1s parques infantiles y se rehabilitar\u00e1n los existentes, de la mano y en conjunto con el Gobierno Federal y con el Gobierno del Estado que encabeza la Gobernadora Mara Lezama Espinosa.\u00a0<\/span><\/p><p>\u00a0<\/p><p><span style=\"font-weight: 400;\">Asimismo, Atenea G\u00f3mez, inform\u00f3 que este s\u00e1bado 7 de enero a las 5 de la tarde en el Domo Azul, se realizar\u00e1 el mega festival de D\u00eda de Reyes en la zona insular, en el que se contar\u00e1 con la participaci\u00f3n de la int\u00e9rprete infantil Tatiana, quien deleitar\u00e1 a los asistentes con sus \u00e9xitos musicales.<\/span><\/p><p>\u00a0<\/p><p><span style=\"font-weight: 400;\">Por lo anterior, Atenea G\u00f3mez, invit\u00f3 a las familias isle\u00f1as de la zona insular a participar en el festival, el cual fue preparado con el coraz\u00f3n para goce y disfrute de la ni\u00f1ez isle\u00f1a.<\/span><\/p><p><span style=\"font-weight: 400;\">www.islamujeres.gob.mx<\/span><\/p><p><span style=\"font-weight: 400;\">islamujeres.gob.mx<\/span><\/p>\t\t\t\t\t\t<\/div>\n\t\t\t\t<\/div>\n\t\t\t\t\t<\/div>\n\t\t<\/div>\n\t\t\t\t\t<\/div>\n\t\t<\/section>\n\t\t\t\t<section class=\"elementor-section elementor-top-section elementor-element elementor-element-149db2a2 elementor-section-boxed elementor-section-height-default elementor-section-height-default\" data-id=\"149db2a2\" data-element_type=\"section\">\n\t\t\t\t\t\t<div class=\"elementor-container elementor-column-gap-default\">\n\t\t\t\t\t<div class=\"elementor-column elementor-col-100 elementor-top-column elementor-element elementor-element-62b57689\" data-id=\"62b57689\" data-element_type=\"column\">\n\t\t\t<div class=\"elementor-widget-wrap elementor-element-populated\">\n\t\t\t\t\t\t<div class=\"elementor-element elementor-element-144cc376 elementor-widget elementor-widget-gallery\" data-id=\"144cc376\" data-element_type=\"widget\" data-settings=\"{&quot;gallery_layout&quot;:&quot;justified&quot;,&quot;lazyload&quot;:&quot;yes&quot;,&quot;ideal_row_height&quot;:{&quot;unit&quot;:&quot;px&quot;,&quot;size&quot;:200,&quot;sizes&quot;:[]},&quot;ideal_row_height_tablet&quot;:{&quot;unit&quot;:&quot;px&quot;,&quot;size&quot;:150,&quot;sizes&quot;:[]},&quot;ideal_row_height_mobile&quot;:{&quot;unit&quot;:&quot;px&quot;,&quot;size&quot;:150,&quot;sizes&quot;:[]},&quot;gap&quot;:{&quot;unit&quot;:&quot;px&quot;,&quot;size&quot;:10,&quot;sizes&quot;:[]},&quot;gap_tablet&quot;:{&quot;unit&quot;:&quot;px&quot;,&quot;size&quot;:10,&quot;sizes&quot;:[]},&quot;gap_mobile&quot;:{&quot;unit&quot;:&quot;px&quot;,&quot;size&quot;:10,&quot;sizes&quot;:[]},&quot;link_to&quot;:&quot;file&quot;,&quot;overlay_background&quot;:&quot;yes&quot;,&quot;content_hover_animation&quot;:&quot;fade-in&quot;}\" data-widget_type=\"gallery.default\">\n\t\t\t\t<div class=\"elementor-widget-container\">\n\t\t\t\t\t<div class=\"elementor-gallery__container\">\n\t\t\t\t\t\t\t<a class=\"e-gallery-item elementor-gallery-item elementor-animated-content\" href=\"https:\/\/transformarqroo.com\/wp-content\/uploads\/2023\/01\/Isla-06_01_231.jpg\" data-elementor-open-lightbox=\"yes\" data-elementor-lightbox-slideshow=\"144cc376\" data-elementor-lightbox-title=\"Isla 06_01_23(1)\" data-e-action-hash=\"#elementor-action%3Aaction%3Dlightbox%26settings%3DeyJpZCI6MTY5MDIsInVybCI6Imh0dHBzOlwvXC90cmFuc2Zvcm1hcnFyb28uY29tXC93cC1jb250ZW50XC91cGxvYWRzXC8yMDIzXC8wMVwvSXNsYS0wNl8wMV8yMzEuanBnIiwic2xpZGVzaG93IjoiMTQ0Y2MzNzYifQ%3D%3D\">\n\t\t\t\t\t<div class=\"e-gallery-image elementor-gallery-item__image\" data-thumbnail=\"https:\/\/transformarqroo.com\/wp-content\/uploads\/2023\/01\/Isla-06_01_231.jpg\" data-width=\"1447\" data-height=\"1600\" aria-label=\"\" role=\"img\" ><\/div>\n\t\t\t\t\t\t\t\t\t\t\t<div class=\"elementor-gallery-item__overlay\"><\/div>\n\t\t\t\t\t\t\t\t\t\t\t\t\t\t<\/a>\n\t\t\t\t\t\t\t<a class=\"e-gallery-item elementor-gallery-item elementor-animated-content\" href=\"https:\/\/transformarqroo.com\/wp-content\/uploads\/2023\/01\/Isla-06_01_232.jpg\" data-elementor-open-lightbox=\"yes\" data-elementor-lightbox-slideshow=\"144cc376\" data-elementor-lightbox-title=\"Isla 06_01_23(2)\" data-e-action-hash=\"#elementor-action%3Aaction%3Dlightbox%26settings%3DeyJpZCI6MTY5MDMsInVybCI6Imh0dHBzOlwvXC90cmFuc2Zvcm1hcnFyb28uY29tXC93cC1jb250ZW50XC91cGxvYWRzXC8yMDIzXC8wMVwvSXNsYS0wNl8wMV8yMzIuanBnIiwic2xpZGVzaG93IjoiMTQ0Y2MzNzYifQ%3D%3D\">\n\t\t\t\t\t<div class=\"e-gallery-image elementor-gallery-item__image\" data-thumbnail=\"https:\/\/transformarqroo.com\/wp-content\/uploads\/2023\/01\/Isla-06_01_232.jpg\" data-width=\"1600\" data-height=\"1123\" aria-label=\"\" role=\"img\" ><\/div>\n\t\t\t\t\t\t\t\t\t\t\t<div class=\"elementor-gallery-item__overlay\"><\/div>\n\t\t\t\t\t\t\t\t\t\t\t\t\t\t<\/a>\n\t\t\t\t\t\t\t<a class=\"e-gallery-item elementor-gallery-item elementor-animated-content\" href=\"https:\/\/transformarqroo.com\/wp-content\/uploads\/2023\/01\/Isla-06_01_233.jpg\" data-elementor-open-lightbox=\"yes\" data-elementor-lightbox-slideshow=\"144cc376\" data-elementor-lightbox-title=\"Isla 06_01_23(3)\" data-e-action-hash=\"#elementor-action%3Aaction%3Dlightbox%26settings%3DeyJpZCI6MTY5MDQsInVybCI6Imh0dHBzOlwvXC90cmFuc2Zvcm1hcnFyb28uY29tXC93cC1jb250ZW50XC91cGxvYWRzXC8yMDIzXC8wMVwvSXNsYS0wNl8wMV8yMzMuanBnIiwic2xpZGVzaG93IjoiMTQ0Y2MzNzYifQ%3D%3D\">\n\t\t\t\t\t<div class=\"e-gallery-image elementor-gallery-item__image\" data-thumbnail=\"https:\/\/transformarqroo.com\/wp-content\/uploads\/2023\/01\/Isla-06_01_233.jpg\" data-width=\"1305\" data-height=\"911\" aria-label=\"\" role=\"img\" ><\/div>\n\t\t\t\t\t\t\t\t\t\t\t<div class=\"elementor-gallery-item__overlay\"><\/div>\n\t\t\t\t\t\t\t\t\t\t\t\t\t\t<\/a>\n\t\t\t\t\t\t\t<a class=\"e-gallery-item elementor-gallery-item elementor-animated-content\" href=\"https:\/\/transformarqroo.com\/wp-content\/uploads\/2023\/01\/Isla-06_01_234.jpg\" data-elementor-open-lightbox=\"yes\" data-elementor-lightbox-slideshow=\"144cc376\" data-elementor-lightbox-title=\"Isla 06_01_23(4)\" data-e-action-hash=\"#elementor-action%3Aaction%3Dlightbox%26settings%3DeyJpZCI6MTY5MDUsInVybCI6Imh0dHBzOlwvXC90cmFuc2Zvcm1hcnFyb28uY29tXC93cC1jb250ZW50XC91cGxvYWRzXC8yMDIzXC8wMVwvSXNsYS0wNl8wMV8yMzQuanBnIiwic2xpZGVzaG93IjoiMTQ0Y2MzNzYifQ%3D%3D\">\n\t\t\t\t\t<div class=\"e-gallery-image elementor-gallery-item__image\" data-thumbnail=\"https:\/\/transformarqroo.com\/wp-content\/uploads\/2023\/01\/Isla-06_01_234.jpg\" data-width=\"1368\" data-height=\"740\" aria-label=\"\" role=\"img\" ><\/div>\n\t\t\t\t\t\t\t\t\t\t\t<div class=\"elementor-gallery-item__overlay\"><\/div>\n\t\t\t\t\t\t\t\t\t\t\t\t\t\t<\/a>\n\t\t\t\t\t\t\t<a class=\"e-gallery-item elementor-gallery-item elementor-animated-content\" href=\"https:\/\/transformarqroo.com\/wp-content\/uploads\/2023\/01\/Isla-06_01_23.jpg\" data-elementor-open-lightbox=\"yes\" data-elementor-lightbox-slideshow=\"144cc376\" data-elementor-lightbox-title=\"Isla 06_01_23\" data-e-action-hash=\"#elementor-action%3Aaction%3Dlightbox%26settings%3DeyJpZCI6MTY5MDYsInVybCI6Imh0dHBzOlwvXC90cmFuc2Zvcm1hcnFyb28uY29tXC93cC1jb250ZW50XC91cGxvYWRzXC8yMDIzXC8wMVwvSXNsYS0wNl8wMV8yMy5qcGciLCJzbGlkZXNob3ciOiIxNDRjYzM3NiJ9\">\n\t\t\t\t\t<div class=\"e-gallery-image elementor-gallery-item__image\" data-thumbnail=\"https:\/\/transformarqroo.com\/wp-content\/uploads\/2023\/01\/Isla-06_01_23.jpg\" data-width=\"1600\" data-height=\"974\" aria-label=\"\" role=\"img\" ><\/div>\n\t\t\t\t\t\t\t\t\t\t\t<div class=\"elementor-gallery-item__overlay\"><\/div>\n\t\t\t\t\t\t\t\t\t\t\t\t\t\t<\/a>\n\t\t\t\t\t<\/div>\n\t\t\t<\/div>\n\t\t\t\t<\/div>\n\t\t\t\t\t<\/div>\n\t\t<\/div>\n\t\t\t\t\t<\/div>\n\t\t<\/section>\n\t\t\t\t<\/div>\n\t\t","protected":false},"excerpt":{"rendered":"<p>Isla Mujeres, Quintana Roo, 6 de enero de 2023.- Cientos de ni\u00f1as y ni\u00f1os de la Zona Continental del municipio de Isla Mujeres, disfrutaron en compa\u00f1\u00eda de la alcaldesa, Atenea G\u00f3mez Ricalde, del festival de D\u00eda de Reyes organizado en su honor en el Domo Hugo Ravell. La acaldesa refiri\u00f3 que en la Zona Continental [&hellip;]<\/p>\n","protected":false},"author":1,"featured_media":16906,"comment_status":"closed","ping_status":"closed","sticky":false,"template":"","format":"standard","meta":{"_FSMCFIC_featured_image_caption":"","_FSMCFIC_featured_image_nocaption":"","_FSMCFIC_featured_image_hide":"1","footnotes":""},"categories":[32,25],"tags":[48],"class_list":["post-16863","post","type-post","status-publish","format-standard","has-post-thumbnail","hentry","category-municipios","category-isla-mujeres","tag-atenea-gomez-ricalde"],"aioseo_notices":[],"_links":{"self":[{"href":"https:\/\/transformarqroo.com\/index.php\/wp-json\/wp\/v2\/posts\/16863","targetHints":{"allow":["GET"]}}],"collection":[{"href":"https:\/\/transformarqroo.com\/index.php\/wp-json\/wp\/v2\/posts"}],"about":[{"href":"https:\/\/transformarqroo.com\/index.php\/wp-json\/wp\/v2\/types\/post"}],"author":[{"embeddable":true,"href":"https:\/\/transformarqroo.com\/index.php\/wp-json\/wp\/v2\/users\/1"}],"replies":[{"embeddable":true,"href":"https:\/\/transformarqroo.com\/index.php\/wp-json\/wp\/v2\/comments?post=16863"}],"version-history":[{"count":4,"href":"https:\/\/transformarqroo.com\/index.php\/wp-json\/wp\/v2\/posts\/16863\/revisions"}],"predecessor-version":[{"id":16910,"href":"https:\/\/transformarqroo.com\/index.php\/wp-json\/wp\/v2\/posts\/16863\/revisions\/16910"}],"wp:featuredmedia":[{"embeddable":true,"href":"https:\/\/transformarqroo.com\/index.php\/wp-json\/wp\/v2\/media\/16906"}],"wp:attachment":[{"href":"https:\/\/transformarqroo.com\/index.php\/wp-json\/wp\/v2\/media?parent=16863"}],"wp:term":[{"taxonomy":"category","embeddable":true,"href":"https:\/\/transformarqroo.com\/index.php\/wp-json\/wp\/v2\/categories?post=16863"},{"taxonomy":"post_tag","embeddable":true,"href":"https:\/\/transformarqroo.com\/index.php\/wp-json\/wp\/v2\/tags?post=16863"}],"curies":[{"name":"wp","href":"https:\/\/api.w.org\/{rel}","templated":true}]}}