{"id":17287,"date":"2023-01-15T18:54:29","date_gmt":"2023-01-15T23:54:29","guid":{"rendered":"https:\/\/transformarqroo.com\/?p=17287"},"modified":"2023-01-15T18:54:59","modified_gmt":"2023-01-15T23:54:59","slug":"vamos-a-mostrar-al-mundo-la-belleza-de-cancun-en-fitur-ana-patricia-peralta","status":"publish","type":"post","link":"https:\/\/transformarqroo.com\/index.php\/2023\/01\/15\/vamos-a-mostrar-al-mundo-la-belleza-de-cancun-en-fitur-ana-patricia-peralta\/","title":{"rendered":"<STRONG>VAMOS A MOSTRAR AL MUNDO LA BELLEZA DE CANC\u00daN EN FITUR: ANA PATRICIA PERALTA<\/STRONG>"},"content":{"rendered":"\t\t<div data-elementor-type=\"wp-post\" data-elementor-id=\"17287\" class=\"elementor elementor-17287\" data-elementor-post-type=\"post\">\n\t\t\t\t\t\t<section class=\"elementor-section elementor-top-section elementor-element elementor-element-26a4670d elementor-section-boxed elementor-section-height-default elementor-section-height-default\" data-id=\"26a4670d\" data-element_type=\"section\">\n\t\t\t\t\t\t<div class=\"elementor-container elementor-column-gap-default\">\n\t\t\t\t\t<div class=\"elementor-column elementor-col-100 elementor-top-column elementor-element elementor-element-669cc1b6\" data-id=\"669cc1b6\" data-element_type=\"column\">\n\t\t\t<div class=\"elementor-widget-wrap elementor-element-populated\">\n\t\t\t\t\t\t<div class=\"elementor-element elementor-element-51fb381f elementor-widget elementor-widget-premium-addon-banner\" data-id=\"51fb381f\" data-element_type=\"widget\" data-widget_type=\"premium-addon-banner.default\">\n\t\t\t\t<div class=\"elementor-widget-container\">\n\t\t\t\t\t<div class=\"premium-banner-ib premium-banner-min-height premium-banner-animation7 none\">\r\n\t\t\t\t\t\t\t<div class=\"premium-banner-border\">\r\n\t\t\t\t\t<div class=\"premium-banner-br premium-banner-bleft premium-banner-brlr\"><\/div>\r\n\t\t\t\t\t<div class=\"premium-banner-br premium-banner-bright premium-banner-brlr\"><\/div>\r\n\t\t\t\t\t<div class=\"premium-banner-br premium-banner-btop premium-banner-brtb\"><\/div>\r\n\t\t\t\t\t<div class=\"premium-banner-br premium-banner-bottom premium-banner-brtb\"><\/div>\r\n\t\t\t\t<\/div>\r\n\t\t\t\t\t\t\t\t\t\t\t\t\t\t\t<img fetchpriority=\"high\" decoding=\"async\" width=\"1280\" height=\"853\" src=\"https:\/\/transformarqroo.com\/wp-content\/uploads\/2023\/01\/BJ-15_01_23.jpg\" class=\"attachment-full size-full wp-image-17316\" alt=\"\" srcset=\"https:\/\/transformarqroo.com\/wp-content\/uploads\/2023\/01\/BJ-15_01_23.jpg 1280w, https:\/\/transformarqroo.com\/wp-content\/uploads\/2023\/01\/BJ-15_01_23-300x200.jpg 300w, https:\/\/transformarqroo.com\/wp-content\/uploads\/2023\/01\/BJ-15_01_23-1024x682.jpg 1024w, https:\/\/transformarqroo.com\/wp-content\/uploads\/2023\/01\/BJ-15_01_23-768x512.jpg 768w\" sizes=\"(max-width: 1280px) 100vw, 1280px\" \/>\t\t\t\t\t\t\t\t\t\t<div class=\"premium-banner-ib-desc\">\r\n\t\t\t\t\t\t\t\t\t<div class=\"premium-banner-desc-centered\">\r\n\t\t\t\t\t\t\t\t\t<h3 class=\"premium-banner-ib-title premium_banner_title\"><\/h3>\t\t\t\t\t\t\t\t\t\t\t\t\t<\/div>\r\n\t\t\t\t\t\t\t<\/div>\r\n\t\t\t\t\t<\/div>\r\n\t\t\t\t\t\t<\/div>\n\t\t\t\t<\/div>\n\t\t\t\t\t<\/div>\n\t\t<\/div>\n\t\t\t\t\t<\/div>\n\t\t<\/section>\n\t\t\t\t<section class=\"elementor-section elementor-top-section elementor-element elementor-element-78bc548b elementor-section-boxed elementor-section-height-default elementor-section-height-default\" data-id=\"78bc548b\" data-element_type=\"section\" data-settings=\"{&quot;background_background&quot;:&quot;classic&quot;}\">\n\t\t\t\t\t\t<div class=\"elementor-container elementor-column-gap-default\">\n\t\t\t\t\t<div class=\"elementor-column elementor-col-100 elementor-top-column elementor-element elementor-element-21072ca1\" data-id=\"21072ca1\" data-element_type=\"column\">\n\t\t\t<div class=\"elementor-widget-wrap elementor-element-populated\">\n\t\t\t\t\t\t<div class=\"elementor-element elementor-element-42682fd8 premium-title-icon-row premium-title-color elementor-widget elementor-widget-premium-addon-title\" data-id=\"42682fd8\" data-element_type=\"widget\" data-widget_type=\"premium-addon-title.default\">\n\t\t\t\t<div class=\"elementor-widget-container\">\n\t\t\t\r\n\t\t<div class=\"premium-title-container style2\">\r\n\t\t\t<h5 class=\"premium-title-header premium-title-style2\">\r\n\t\t\t\t\r\n\t\t\t\t\t\t\t\t\t\t\t\t\t\t\t<div class=\"premium-title-icon premium-lottie-animation\" data-lottie-url=\"https:\/\/assets8.lottiefiles.com\/packages\/lf20_pcfclxy8.json\" data-lottie-loop=\"true\" data-lottie-reverse=\"\"><\/div>\r\n\t\t\t\t\t\t\t\t\t\r\n\t\t\t\t\t\t\t\t\t\t\t\t<span class=\"premium-title-text\" >\r\n\t\t\t\t\tGobierno de Benito Ju\u00e1rez est\u00e1 listo para participar en la Feria Internacional de Turismo en Madrid.\t\t\t\t<\/span>\r\n\t\t\t\t\t\r\n\t\t\t\t\t\t\t\t\t\t\t<\/h5>\r\n\t\t<\/div>\r\n\r\n\t\t\t\t<\/div>\n\t\t\t\t<\/div>\n\t\t\t\t\t<\/div>\n\t\t<\/div>\n\t\t\t\t\t<\/div>\n\t\t<\/section>\n\t\t\t\t<section class=\"elementor-section elementor-top-section elementor-element elementor-element-18ba8785 elementor-section-boxed elementor-section-height-default elementor-section-height-default\" data-id=\"18ba8785\" data-element_type=\"section\">\n\t\t\t\t\t\t<div class=\"elementor-container elementor-column-gap-default\">\n\t\t\t\t\t<div class=\"elementor-column elementor-col-100 elementor-top-column elementor-element elementor-element-3b3abc1c\" data-id=\"3b3abc1c\" data-element_type=\"column\">\n\t\t\t<div class=\"elementor-widget-wrap elementor-element-populated\">\n\t\t\t\t\t\t<div class=\"elementor-element elementor-element-700069f7 elementor-widget elementor-widget-text-editor\" data-id=\"700069f7\" data-element_type=\"widget\" data-widget_type=\"text-editor.default\">\n\t\t\t\t<div class=\"elementor-widget-container\">\n\t\t\t\t\t\t\t<p><span style=\"font-weight: 400;\">Canc\u00fan Q.R., a 15 de enero de 2023.- A fin de impulsar la oferta tur\u00edstica y atraer m\u00e1s inversi\u00f3n al destino, la Presidenta Municipal de Benito Ju\u00e1rez, Ana Patricia Peralta, inform\u00f3 que Canc\u00fan se encuentra listo para participar en la 43 edici\u00f3n de la Feria Internacional de Turismo (FITUR) que se realizar\u00e1 del 18 al 22 de enero en Madrid, Espa\u00f1a, en donde se dar\u00e1n cita m\u00e1s de 82 mil profesionales de este sector y m\u00e1s 8 mil 360 empresas expositoras.<\/span><\/p><p><span style=\"font-weight: 400;\">\u00a0<\/span><\/p><p><span style=\"font-weight: 400;\">La Primera Edil, que forma parte de la delegaci\u00f3n quintanarroense encabezada por la Gobernadora Mara Lezama, afirm\u00f3 que, como parte de la asistencia en el encuentro mundial, se sostendr\u00e1n reuniones con autoridades del pa\u00eds anfitri\u00f3n y con empresarios de diversas nacionalidades, buscando reforzar la visi\u00f3n que se tiene de la ciudad ante los reflectores internacionales, as\u00ed como consolidar el liderazgo tur\u00edstico de Canc\u00fan.<\/span><\/p><p><span style=\"font-weight: 400;\">\u00a0<\/span><\/p><p><span style=\"font-weight: 400;\">Record\u00f3 que, durante el 2022, el destino registr\u00f3 destacadas cifras en materia tur\u00edstica, como la llegada de m\u00e1s de 30 millones de pasajeros a trav\u00e9s del Aeropuerto Internacional de Canc\u00fan, as\u00ed como la ocupaci\u00f3n hotelera superior al 80 por ciento durante la temporada de invierno en las m\u00e1s de 40 mil habitaciones de hotel.<\/span><\/p><p>\u00a0<\/p><p><span style=\"font-weight: 400;\">A\u00f1adi\u00f3 que se buscar\u00e1 impulsar hermanamientos con ciudades espa\u00f1olas, as\u00ed como realizar firmas de convenio de colaboraci\u00f3n para mantener e incrementar el abanico de servicios que actualmente ofrece Canc\u00fan a sus turistas.<\/span><\/p><p>\u00a0<\/p><p><span style=\"font-weight: 400;\">Acompa\u00f1ando a la Primera Autoridad Municipal tambi\u00e9n acudir\u00e1n el secretario municipal de Turismo en Benito Ju\u00e1rez, Juan Pablo de Zulueta Razo y el regidor presidente de la Comisi\u00f3n de Turismo, Ecolog\u00eda y Ambiente, Eduardo Kuyoc Mart\u00ednez.<\/span><\/p><p>\u00a0<\/p><p><span style=\"font-weight: 400;\">Cabe se\u00f1alar que, adem\u00e1s, en el municipio se encuentran en proceso importantes obras de infraestructura que permitir\u00e1n modernizar la ciudad y mejorar la circulaci\u00f3n de visitantes y residentes, tal es el caso de la Rehabilitaci\u00f3n del Blvd. Luis Donaldo Colosio, la construcci\u00f3n del Puente Vehicular Nichupt\u00e9 y el Distribuidor Aeropuerto.<\/span><\/p>\t\t\t\t\t\t<\/div>\n\t\t\t\t<\/div>\n\t\t\t\t\t<\/div>\n\t\t<\/div>\n\t\t\t\t\t<\/div>\n\t\t<\/section>\n\t\t\t\t<section class=\"elementor-section elementor-top-section elementor-element elementor-element-d99ca1f elementor-section-boxed elementor-section-height-default elementor-section-height-default\" data-id=\"d99ca1f\" data-element_type=\"section\">\n\t\t\t\t\t\t<div class=\"elementor-container elementor-column-gap-default\">\n\t\t\t\t\t<div class=\"elementor-column elementor-col-100 elementor-top-column elementor-element elementor-element-401a621c\" data-id=\"401a621c\" data-element_type=\"column\">\n\t\t\t<div class=\"elementor-widget-wrap elementor-element-populated\">\n\t\t\t\t\t\t<div class=\"elementor-element elementor-element-74acc3f7 elementor-widget elementor-widget-gallery\" data-id=\"74acc3f7\" data-element_type=\"widget\" data-settings=\"{&quot;gallery_layout&quot;:&quot;justified&quot;,&quot;lazyload&quot;:&quot;yes&quot;,&quot;ideal_row_height&quot;:{&quot;unit&quot;:&quot;px&quot;,&quot;size&quot;:200,&quot;sizes&quot;:[]},&quot;ideal_row_height_tablet&quot;:{&quot;unit&quot;:&quot;px&quot;,&quot;size&quot;:150,&quot;sizes&quot;:[]},&quot;ideal_row_height_mobile&quot;:{&quot;unit&quot;:&quot;px&quot;,&quot;size&quot;:150,&quot;sizes&quot;:[]},&quot;gap&quot;:{&quot;unit&quot;:&quot;px&quot;,&quot;size&quot;:10,&quot;sizes&quot;:[]},&quot;gap_tablet&quot;:{&quot;unit&quot;:&quot;px&quot;,&quot;size&quot;:10,&quot;sizes&quot;:[]},&quot;gap_mobile&quot;:{&quot;unit&quot;:&quot;px&quot;,&quot;size&quot;:10,&quot;sizes&quot;:[]},&quot;link_to&quot;:&quot;file&quot;,&quot;overlay_background&quot;:&quot;yes&quot;,&quot;content_hover_animation&quot;:&quot;fade-in&quot;}\" data-widget_type=\"gallery.default\">\n\t\t\t\t<div class=\"elementor-widget-container\">\n\t\t\t\t\t<div class=\"elementor-gallery__container\">\n\t\t\t\t\t\t\t<a class=\"e-gallery-item elementor-gallery-item elementor-animated-content\" href=\"https:\/\/transformarqroo.com\/wp-content\/uploads\/2023\/01\/BJ-15_01_231.jpg\" data-elementor-open-lightbox=\"yes\" data-elementor-lightbox-slideshow=\"74acc3f7\" data-elementor-lightbox-title=\"BJ 15_01_23(1)\" data-e-action-hash=\"#elementor-action%3Aaction%3Dlightbox%26settings%3DeyJpZCI6MTczMTMsInVybCI6Imh0dHBzOlwvXC90cmFuc2Zvcm1hcnFyb28uY29tXC93cC1jb250ZW50XC91cGxvYWRzXC8yMDIzXC8wMVwvQkotMTVfMDFfMjMxLmpwZyIsInNsaWRlc2hvdyI6Ijc0YWNjM2Y3In0%3D\">\n\t\t\t\t\t<div class=\"e-gallery-image elementor-gallery-item__image\" data-thumbnail=\"https:\/\/transformarqroo.com\/wp-content\/uploads\/2023\/01\/BJ-15_01_231.jpg\" data-width=\"1024\" data-height=\"741\" aria-label=\"\" role=\"img\" ><\/div>\n\t\t\t\t\t\t\t\t\t\t\t<div class=\"elementor-gallery-item__overlay\"><\/div>\n\t\t\t\t\t\t\t\t\t\t\t\t\t\t<\/a>\n\t\t\t\t\t\t\t<a class=\"e-gallery-item elementor-gallery-item elementor-animated-content\" href=\"https:\/\/transformarqroo.com\/wp-content\/uploads\/2023\/01\/BJ-15_01_232.jpg\" data-elementor-open-lightbox=\"yes\" data-elementor-lightbox-slideshow=\"74acc3f7\" data-elementor-lightbox-title=\"BJ 15_01_23(2)\" data-e-action-hash=\"#elementor-action%3Aaction%3Dlightbox%26settings%3DeyJpZCI6MTczMTQsInVybCI6Imh0dHBzOlwvXC90cmFuc2Zvcm1hcnFyb28uY29tXC93cC1jb250ZW50XC91cGxvYWRzXC8yMDIzXC8wMVwvQkotMTVfMDFfMjMyLmpwZyIsInNsaWRlc2hvdyI6Ijc0YWNjM2Y3In0%3D\">\n\t\t\t\t\t<div class=\"e-gallery-image elementor-gallery-item__image\" data-thumbnail=\"https:\/\/transformarqroo.com\/wp-content\/uploads\/2023\/01\/BJ-15_01_232.jpg\" data-width=\"1280\" data-height=\"867\" aria-label=\"\" role=\"img\" ><\/div>\n\t\t\t\t\t\t\t\t\t\t\t<div class=\"elementor-gallery-item__overlay\"><\/div>\n\t\t\t\t\t\t\t\t\t\t\t\t\t\t<\/a>\n\t\t\t\t\t\t\t<a class=\"e-gallery-item elementor-gallery-item elementor-animated-content\" href=\"https:\/\/transformarqroo.com\/wp-content\/uploads\/2023\/01\/BJ-15_01_233.jpg\" data-elementor-open-lightbox=\"yes\" data-elementor-lightbox-slideshow=\"74acc3f7\" data-elementor-lightbox-title=\"BJ 15_01_23(3)\" data-e-action-hash=\"#elementor-action%3Aaction%3Dlightbox%26settings%3DeyJpZCI6MTczMTUsInVybCI6Imh0dHBzOlwvXC90cmFuc2Zvcm1hcnFyb28uY29tXC93cC1jb250ZW50XC91cGxvYWRzXC8yMDIzXC8wMVwvQkotMTVfMDFfMjMzLmpwZyIsInNsaWRlc2hvdyI6Ijc0YWNjM2Y3In0%3D\">\n\t\t\t\t\t<div class=\"e-gallery-image elementor-gallery-item__image\" data-thumbnail=\"https:\/\/transformarqroo.com\/wp-content\/uploads\/2023\/01\/BJ-15_01_233.jpg\" data-width=\"1280\" data-height=\"853\" aria-label=\"\" role=\"img\" ><\/div>\n\t\t\t\t\t\t\t\t\t\t\t<div class=\"elementor-gallery-item__overlay\"><\/div>\n\t\t\t\t\t\t\t\t\t\t\t\t\t\t<\/a>\n\t\t\t\t\t\t\t<a class=\"e-gallery-item elementor-gallery-item elementor-animated-content\" href=\"https:\/\/transformarqroo.com\/wp-content\/uploads\/2023\/01\/BJ-15_01_23.jpg\" data-elementor-open-lightbox=\"yes\" data-elementor-lightbox-slideshow=\"74acc3f7\" data-elementor-lightbox-title=\"BJ 15_01_23\" data-e-action-hash=\"#elementor-action%3Aaction%3Dlightbox%26settings%3DeyJpZCI6MTczMTYsInVybCI6Imh0dHBzOlwvXC90cmFuc2Zvcm1hcnFyb28uY29tXC93cC1jb250ZW50XC91cGxvYWRzXC8yMDIzXC8wMVwvQkotMTVfMDFfMjMuanBnIiwic2xpZGVzaG93IjoiNzRhY2MzZjcifQ%3D%3D\">\n\t\t\t\t\t<div class=\"e-gallery-image elementor-gallery-item__image\" data-thumbnail=\"https:\/\/transformarqroo.com\/wp-content\/uploads\/2023\/01\/BJ-15_01_23.jpg\" data-width=\"1280\" data-height=\"853\" aria-label=\"\" role=\"img\" ><\/div>\n\t\t\t\t\t\t\t\t\t\t\t<div class=\"elementor-gallery-item__overlay\"><\/div>\n\t\t\t\t\t\t\t\t\t\t\t\t\t\t<\/a>\n\t\t\t\t\t<\/div>\n\t\t\t<\/div>\n\t\t\t\t<\/div>\n\t\t\t\t\t<\/div>\n\t\t<\/div>\n\t\t\t\t\t<\/div>\n\t\t<\/section>\n\t\t\t\t<\/div>\n\t\t","protected":false},"excerpt":{"rendered":"<p>Gobierno de Benito Ju\u00e1rez est\u00e1 listo para participar en la Feria Internacional de Turismo en Madrid.<\/p>\n","protected":false},"author":1,"featured_media":17316,"comment_status":"closed","ping_status":"closed","sticky":false,"template":"","format":"standard","meta":{"_FSMCFIC_featured_image_caption":"","_FSMCFIC_featured_image_nocaption":"","_FSMCFIC_featured_image_hide":"1","footnotes":""},"categories":[32,21],"tags":[],"class_list":["post-17287","post","type-post","status-publish","format-standard","has-post-thumbnail","hentry","category-municipios","category-benito-juarez"],"aioseo_notices":[],"_links":{"self":[{"href":"https:\/\/transformarqroo.com\/index.php\/wp-json\/wp\/v2\/posts\/17287","targetHints":{"allow":["GET"]}}],"collection":[{"href":"https:\/\/transformarqroo.com\/index.php\/wp-json\/wp\/v2\/posts"}],"about":[{"href":"https:\/\/transformarqroo.com\/index.php\/wp-json\/wp\/v2\/types\/post"}],"author":[{"embeddable":true,"href":"https:\/\/transformarqroo.com\/index.php\/wp-json\/wp\/v2\/users\/1"}],"replies":[{"embeddable":true,"href":"https:\/\/transformarqroo.com\/index.php\/wp-json\/wp\/v2\/comments?post=17287"}],"version-history":[{"count":4,"href":"https:\/\/transformarqroo.com\/index.php\/wp-json\/wp\/v2\/posts\/17287\/revisions"}],"predecessor-version":[{"id":17320,"href":"https:\/\/transformarqroo.com\/index.php\/wp-json\/wp\/v2\/posts\/17287\/revisions\/17320"}],"wp:featuredmedia":[{"embeddable":true,"href":"https:\/\/transformarqroo.com\/index.php\/wp-json\/wp\/v2\/media\/17316"}],"wp:attachment":[{"href":"https:\/\/transformarqroo.com\/index.php\/wp-json\/wp\/v2\/media?parent=17287"}],"wp:term":[{"taxonomy":"category","embeddable":true,"href":"https:\/\/transformarqroo.com\/index.php\/wp-json\/wp\/v2\/categories?post=17287"},{"taxonomy":"post_tag","embeddable":true,"href":"https:\/\/transformarqroo.com\/index.php\/wp-json\/wp\/v2\/tags?post=17287"}],"curies":[{"name":"wp","href":"https:\/\/api.w.org\/{rel}","templated":true}]}}