{"id":17328,"date":"2023-01-16T18:58:10","date_gmt":"2023-01-16T23:58:10","guid":{"rendered":"https:\/\/transformarqroo.com\/?p=17328"},"modified":"2023-01-16T18:58:59","modified_gmt":"2023-01-16T23:58:59","slug":"atenea-gomez-trabaja-en-conjunto-con-el-imoveqroo-para-dar-continuidad-a-los-trabajos-para-mejorar-la-movilidad-en-la-colonia-salina-chica","status":"publish","type":"post","link":"https:\/\/transformarqroo.com\/index.php\/2023\/01\/16\/atenea-gomez-trabaja-en-conjunto-con-el-imoveqroo-para-dar-continuidad-a-los-trabajos-para-mejorar-la-movilidad-en-la-colonia-salina-chica\/","title":{"rendered":"<STRONG>ATENEA G\u00d3MEZ TRABAJA EN CONJUNTO CON EL IMOVEQROO PARA DAR CONTINUIDAD A LOS TRABAJOS PARA MEJORAR LA MOVILIDAD EN LA COLONIA SALINA CHICA<\/STRONG>"},"content":{"rendered":"\t\t<div data-elementor-type=\"wp-post\" data-elementor-id=\"17328\" class=\"elementor elementor-17328\" data-elementor-post-type=\"post\">\n\t\t\t\t\t\t<section class=\"elementor-section elementor-top-section elementor-element elementor-element-241a3f7 elementor-section-boxed elementor-section-height-default elementor-section-height-default\" data-id=\"241a3f7\" data-element_type=\"section\">\n\t\t\t\t\t\t<div class=\"elementor-container elementor-column-gap-default\">\n\t\t\t\t\t<div class=\"elementor-column elementor-col-66 elementor-top-column elementor-element elementor-element-f4a3ffb\" data-id=\"f4a3ffb\" data-element_type=\"column\">\n\t\t\t<div class=\"elementor-widget-wrap elementor-element-populated\">\n\t\t\t\t\t\t<div class=\"elementor-element elementor-element-64643dfe elementor-widget elementor-widget-premium-addon-banner\" data-id=\"64643dfe\" data-element_type=\"widget\" data-widget_type=\"premium-addon-banner.default\">\n\t\t\t\t<div class=\"elementor-widget-container\">\n\t\t\t\t\t<div class=\"premium-banner-ib premium-banner-min-height premium-banner-animation7 none\">\r\n\t\t\t\t\t\t\t<div class=\"premium-banner-border\">\r\n\t\t\t\t\t<div class=\"premium-banner-br premium-banner-bleft premium-banner-brlr\"><\/div>\r\n\t\t\t\t\t<div class=\"premium-banner-br premium-banner-bright premium-banner-brlr\"><\/div>\r\n\t\t\t\t\t<div class=\"premium-banner-br premium-banner-btop premium-banner-brtb\"><\/div>\r\n\t\t\t\t\t<div class=\"premium-banner-br premium-banner-bottom premium-banner-brtb\"><\/div>\r\n\t\t\t\t<\/div>\r\n\t\t\t\t\t\t\t\t\t\t\t\t\t\t\t<img fetchpriority=\"high\" decoding=\"async\" width=\"1368\" height=\"912\" src=\"https:\/\/transformarqroo.com\/wp-content\/uploads\/2023\/01\/Isla-16_01_23.jpg\" class=\"attachment-full size-full wp-image-17342\" alt=\"\" srcset=\"https:\/\/transformarqroo.com\/wp-content\/uploads\/2023\/01\/Isla-16_01_23.jpg 1368w, https:\/\/transformarqroo.com\/wp-content\/uploads\/2023\/01\/Isla-16_01_23-300x200.jpg 300w, https:\/\/transformarqroo.com\/wp-content\/uploads\/2023\/01\/Isla-16_01_23-1024x683.jpg 1024w, https:\/\/transformarqroo.com\/wp-content\/uploads\/2023\/01\/Isla-16_01_23-768x512.jpg 768w\" sizes=\"(max-width: 1368px) 100vw, 1368px\" \/>\t\t\t\t\t\t\t\t\t\t<div class=\"premium-banner-ib-desc\">\r\n\t\t\t\t\t\t\t\t\t<div class=\"premium-banner-desc-centered\">\r\n\t\t\t\t\t\t\t\t\t<h3 class=\"premium-banner-ib-title premium_banner_title\"><\/h3>\t\t\t\t\t\t\t\t\t\t\t\t\t<\/div>\r\n\t\t\t\t\t\t\t<\/div>\r\n\t\t\t\t\t<\/div>\r\n\t\t\t\t\t\t<\/div>\n\t\t\t\t<\/div>\n\t\t\t\t\t<\/div>\n\t\t<\/div>\n\t\t\t\t<div class=\"elementor-column elementor-col-33 elementor-top-column elementor-element elementor-element-fc11ab9\" data-id=\"fc11ab9\" data-element_type=\"column\">\n\t\t\t<div class=\"elementor-widget-wrap elementor-element-populated\">\n\t\t\t\t\t\t<div class=\"elementor-element elementor-element-94f1870 elementor-widget elementor-widget-text-editor\" data-id=\"94f1870\" data-element_type=\"widget\" data-widget_type=\"text-editor.default\">\n\t\t\t\t<div class=\"elementor-widget-container\">\n\t\t\t\t\t\t\t<p><span style=\"font-weight: 400;\">Isla Mujeres, Quintana Roo, 16 de enero de 2023.- En la m\u00e1s reciente visita del director general del Instituto de Movilidad del Estado de Quintana Roo (Imoveqroo), Rodrigo Alc\u00e1zar a Isla Mujeres, la alcaldesa Atenea G\u00f3mez Ricalde le plante\u00f3 entre otros temas, la problem\u00e1tica de movilidad en la avenida Jes\u00fas Mart\u00ednez Ross de la colonia Salina Chica, adem\u00e1s de ense\u00f1arle la m\u00e1s reciente obra que realiz\u00f3 el Gobierno Municipal, en la cual se retir\u00f3 un primer tramo de rejilla para remplazarlo por tuber\u00eda y concreto.\u00a0<\/span><\/p>\t\t\t\t\t\t<\/div>\n\t\t\t\t<\/div>\n\t\t\t\t\t<\/div>\n\t\t<\/div>\n\t\t\t\t\t<\/div>\n\t\t<\/section>\n\t\t\t\t<section class=\"elementor-section elementor-top-section elementor-element elementor-element-1552e96c elementor-section-boxed elementor-section-height-default elementor-section-height-default\" data-id=\"1552e96c\" data-element_type=\"section\">\n\t\t\t\t\t\t<div class=\"elementor-container elementor-column-gap-default\">\n\t\t\t\t\t<div class=\"elementor-column elementor-col-100 elementor-top-column elementor-element elementor-element-15412139\" data-id=\"15412139\" data-element_type=\"column\">\n\t\t\t<div class=\"elementor-widget-wrap elementor-element-populated\">\n\t\t\t\t\t\t<div class=\"elementor-element elementor-element-232436b1 elementor-widget elementor-widget-text-editor\" data-id=\"232436b1\" data-element_type=\"widget\" data-widget_type=\"text-editor.default\">\n\t\t\t\t<div class=\"elementor-widget-container\">\n\t\t\t\t\t\t\t<p><span style=\"font-weight: 400;\">Derivado de los problemas viales y de movilidad que se han presentado en la isla, Atenea G\u00f3mez, solicit\u00f3 la visita y un recorrido de supervisi\u00f3n del Imoveqroo, con la finalidad de trabajar de la mano y en conjunto para dar una soluci\u00f3n a los problemas de movilidad en beneficio de la comunidad isle\u00f1a y turistas que transitan por el lugar.<\/span><\/p><p>\u00a0<\/p><p><span style=\"font-weight: 400;\">La alcaldesa, se\u00f1al\u00f3 que con el retiro de la rejilla se atendi\u00f3 una vieja demanda de las y los vecinos de la Salina Chica, aunque, dej\u00f3 en claro que es necesario implementar soluciones mayores para mejorar la vialidad y el tr\u00e1nsito de la zona, recalcando que en todo momento se trabajar\u00e1 de la mano del Gobierno del Estado por lo que en estos momentos se est\u00e1n realizando los diagn\u00f3sticos y estudios correspondientes.<\/span><\/p><p>\u00a0<\/p><p><span style=\"font-weight: 400;\">Como se recordar\u00e1, a trav\u00e9s de la Direcci\u00f3n de Servicios P\u00fablicos Municipales, en diciembre pasado iniciaron los trabajos en la colonia Salina Chica.<\/span><\/p>\t\t\t\t\t\t<\/div>\n\t\t\t\t<\/div>\n\t\t\t\t\t<\/div>\n\t\t<\/div>\n\t\t\t\t\t<\/div>\n\t\t<\/section>\n\t\t\t\t<section class=\"elementor-section elementor-top-section elementor-element elementor-element-77034501 elementor-section-boxed elementor-section-height-default elementor-section-height-default\" data-id=\"77034501\" data-element_type=\"section\">\n\t\t\t\t\t\t<div class=\"elementor-container elementor-column-gap-default\">\n\t\t\t\t\t<div class=\"elementor-column elementor-col-100 elementor-top-column elementor-element elementor-element-457ec242\" data-id=\"457ec242\" data-element_type=\"column\">\n\t\t\t<div class=\"elementor-widget-wrap elementor-element-populated\">\n\t\t\t\t\t\t<div class=\"elementor-element elementor-element-587a7c9e elementor-widget elementor-widget-gallery\" data-id=\"587a7c9e\" data-element_type=\"widget\" data-settings=\"{&quot;gallery_layout&quot;:&quot;justified&quot;,&quot;lazyload&quot;:&quot;yes&quot;,&quot;ideal_row_height&quot;:{&quot;unit&quot;:&quot;px&quot;,&quot;size&quot;:200,&quot;sizes&quot;:[]},&quot;ideal_row_height_tablet&quot;:{&quot;unit&quot;:&quot;px&quot;,&quot;size&quot;:150,&quot;sizes&quot;:[]},&quot;ideal_row_height_mobile&quot;:{&quot;unit&quot;:&quot;px&quot;,&quot;size&quot;:150,&quot;sizes&quot;:[]},&quot;gap&quot;:{&quot;unit&quot;:&quot;px&quot;,&quot;size&quot;:10,&quot;sizes&quot;:[]},&quot;gap_tablet&quot;:{&quot;unit&quot;:&quot;px&quot;,&quot;size&quot;:10,&quot;sizes&quot;:[]},&quot;gap_mobile&quot;:{&quot;unit&quot;:&quot;px&quot;,&quot;size&quot;:10,&quot;sizes&quot;:[]},&quot;link_to&quot;:&quot;file&quot;,&quot;overlay_background&quot;:&quot;yes&quot;,&quot;content_hover_animation&quot;:&quot;fade-in&quot;}\" data-widget_type=\"gallery.default\">\n\t\t\t\t<div class=\"elementor-widget-container\">\n\t\t\t\t\t<div class=\"elementor-gallery__container\">\n\t\t\t\t\t\t\t<a class=\"e-gallery-item elementor-gallery-item elementor-animated-content\" href=\"https:\/\/transformarqroo.com\/wp-content\/uploads\/2023\/01\/Isla-16_01_231.jpg\" data-elementor-open-lightbox=\"yes\" data-elementor-lightbox-slideshow=\"587a7c9e\" data-elementor-lightbox-title=\"Isla 16_01_23(1)\" data-e-action-hash=\"#elementor-action%3Aaction%3Dlightbox%26settings%3DeyJpZCI6MTczNDAsInVybCI6Imh0dHBzOlwvXC90cmFuc2Zvcm1hcnFyb28uY29tXC93cC1jb250ZW50XC91cGxvYWRzXC8yMDIzXC8wMVwvSXNsYS0xNl8wMV8yMzEuanBnIiwic2xpZGVzaG93IjoiNTg3YTdjOWUifQ%3D%3D\">\n\t\t\t\t\t<div class=\"e-gallery-image elementor-gallery-item__image\" data-thumbnail=\"https:\/\/transformarqroo.com\/wp-content\/uploads\/2023\/01\/Isla-16_01_231.jpg\" data-width=\"1368\" data-height=\"912\" aria-label=\"\" role=\"img\" ><\/div>\n\t\t\t\t\t\t\t\t\t\t\t<div class=\"elementor-gallery-item__overlay\"><\/div>\n\t\t\t\t\t\t\t\t\t\t\t\t\t\t<\/a>\n\t\t\t\t\t\t\t<a class=\"e-gallery-item elementor-gallery-item elementor-animated-content\" href=\"https:\/\/transformarqroo.com\/wp-content\/uploads\/2023\/01\/Isla-16_01_232.jpg\" data-elementor-open-lightbox=\"yes\" data-elementor-lightbox-slideshow=\"587a7c9e\" data-elementor-lightbox-title=\"Isla 16_01_23(2)\" data-e-action-hash=\"#elementor-action%3Aaction%3Dlightbox%26settings%3DeyJpZCI6MTczNDEsInVybCI6Imh0dHBzOlwvXC90cmFuc2Zvcm1hcnFyb28uY29tXC93cC1jb250ZW50XC91cGxvYWRzXC8yMDIzXC8wMVwvSXNsYS0xNl8wMV8yMzIuanBnIiwic2xpZGVzaG93IjoiNTg3YTdjOWUifQ%3D%3D\">\n\t\t\t\t\t<div class=\"e-gallery-image elementor-gallery-item__image\" data-thumbnail=\"https:\/\/transformarqroo.com\/wp-content\/uploads\/2023\/01\/Isla-16_01_232.jpg\" data-width=\"1280\" data-height=\"853\" aria-label=\"\" role=\"img\" ><\/div>\n\t\t\t\t\t\t\t\t\t\t\t<div class=\"elementor-gallery-item__overlay\"><\/div>\n\t\t\t\t\t\t\t\t\t\t\t\t\t\t<\/a>\n\t\t\t\t\t\t\t<a class=\"e-gallery-item elementor-gallery-item elementor-animated-content\" href=\"https:\/\/transformarqroo.com\/wp-content\/uploads\/2023\/01\/Isla-16_01_23.jpg\" data-elementor-open-lightbox=\"yes\" data-elementor-lightbox-slideshow=\"587a7c9e\" data-elementor-lightbox-title=\"Isla 16_01_23\" data-e-action-hash=\"#elementor-action%3Aaction%3Dlightbox%26settings%3DeyJpZCI6MTczNDIsInVybCI6Imh0dHBzOlwvXC90cmFuc2Zvcm1hcnFyb28uY29tXC93cC1jb250ZW50XC91cGxvYWRzXC8yMDIzXC8wMVwvSXNsYS0xNl8wMV8yMy5qcGciLCJzbGlkZXNob3ciOiI1ODdhN2M5ZSJ9\">\n\t\t\t\t\t<div class=\"e-gallery-image elementor-gallery-item__image\" data-thumbnail=\"https:\/\/transformarqroo.com\/wp-content\/uploads\/2023\/01\/Isla-16_01_23.jpg\" data-width=\"1368\" data-height=\"912\" aria-label=\"\" role=\"img\" ><\/div>\n\t\t\t\t\t\t\t\t\t\t\t<div class=\"elementor-gallery-item__overlay\"><\/div>\n\t\t\t\t\t\t\t\t\t\t\t\t\t\t<\/a>\n\t\t\t\t\t<\/div>\n\t\t\t<\/div>\n\t\t\t\t<\/div>\n\t\t\t\t\t<\/div>\n\t\t<\/div>\n\t\t\t\t\t<\/div>\n\t\t<\/section>\n\t\t\t\t<\/div>\n\t\t","protected":false},"excerpt":{"rendered":"<p>Isla Mujeres, Quintana Roo, 16 de enero de 2023.- En la m\u00e1s reciente visita del director general del Instituto de Movilidad del Estado de Quintana Roo (Imoveqroo), Rodrigo Alc\u00e1zar a Isla Mujeres, la alcaldesa Atenea G\u00f3mez Ricalde le plante\u00f3 entre otros temas, la problem\u00e1tica de movilidad en la avenida Jes\u00fas Mart\u00ednez Ross de la colonia [&hellip;]<\/p>\n","protected":false},"author":1,"featured_media":17342,"comment_status":"closed","ping_status":"closed","sticky":false,"template":"","format":"standard","meta":{"_FSMCFIC_featured_image_caption":"","_FSMCFIC_featured_image_nocaption":"","_FSMCFIC_featured_image_hide":"1","footnotes":""},"categories":[32,25],"tags":[48],"class_list":["post-17328","post","type-post","status-publish","format-standard","has-post-thumbnail","hentry","category-municipios","category-isla-mujeres","tag-atenea-gomez-ricalde"],"aioseo_notices":[],"_links":{"self":[{"href":"https:\/\/transformarqroo.com\/index.php\/wp-json\/wp\/v2\/posts\/17328","targetHints":{"allow":["GET"]}}],"collection":[{"href":"https:\/\/transformarqroo.com\/index.php\/wp-json\/wp\/v2\/posts"}],"about":[{"href":"https:\/\/transformarqroo.com\/index.php\/wp-json\/wp\/v2\/types\/post"}],"author":[{"embeddable":true,"href":"https:\/\/transformarqroo.com\/index.php\/wp-json\/wp\/v2\/users\/1"}],"replies":[{"embeddable":true,"href":"https:\/\/transformarqroo.com\/index.php\/wp-json\/wp\/v2\/comments?post=17328"}],"version-history":[{"count":4,"href":"https:\/\/transformarqroo.com\/index.php\/wp-json\/wp\/v2\/posts\/17328\/revisions"}],"predecessor-version":[{"id":17359,"href":"https:\/\/transformarqroo.com\/index.php\/wp-json\/wp\/v2\/posts\/17328\/revisions\/17359"}],"wp:featuredmedia":[{"embeddable":true,"href":"https:\/\/transformarqroo.com\/index.php\/wp-json\/wp\/v2\/media\/17342"}],"wp:attachment":[{"href":"https:\/\/transformarqroo.com\/index.php\/wp-json\/wp\/v2\/media?parent=17328"}],"wp:term":[{"taxonomy":"category","embeddable":true,"href":"https:\/\/transformarqroo.com\/index.php\/wp-json\/wp\/v2\/categories?post=17328"},{"taxonomy":"post_tag","embeddable":true,"href":"https:\/\/transformarqroo.com\/index.php\/wp-json\/wp\/v2\/tags?post=17328"}],"curies":[{"name":"wp","href":"https:\/\/api.w.org\/{rel}","templated":true}]}}