{"id":17375,"date":"2023-01-17T20:33:58","date_gmt":"2023-01-18T01:33:58","guid":{"rendered":"https:\/\/transformarqroo.com\/?p=17375"},"modified":"2023-01-17T20:34:23","modified_gmt":"2023-01-18T01:34:23","slug":"cancun-estrecha-lazos-con-alcaldia-de-madrid","status":"publish","type":"post","link":"https:\/\/transformarqroo.com\/index.php\/2023\/01\/17\/cancun-estrecha-lazos-con-alcaldia-de-madrid\/","title":{"rendered":"<STRONG>CANC\u00daN ESTRECHA LAZOS CON ALCALD\u00cdA DE MADRID<\/STRONG>"},"content":{"rendered":"\t\t<div data-elementor-type=\"wp-post\" data-elementor-id=\"17375\" class=\"elementor elementor-17375\" data-elementor-post-type=\"post\">\n\t\t\t\t\t\t<section class=\"elementor-section elementor-top-section elementor-element elementor-element-510c7c5b elementor-section-boxed elementor-section-height-default elementor-section-height-default\" data-id=\"510c7c5b\" data-element_type=\"section\">\n\t\t\t\t\t\t<div class=\"elementor-container elementor-column-gap-default\">\n\t\t\t\t\t<div class=\"elementor-column elementor-col-100 elementor-top-column elementor-element elementor-element-44ea207a\" data-id=\"44ea207a\" data-element_type=\"column\">\n\t\t\t<div class=\"elementor-widget-wrap elementor-element-populated\">\n\t\t\t\t\t\t<div class=\"elementor-element elementor-element-72430486 elementor-widget elementor-widget-premium-addon-banner\" data-id=\"72430486\" data-element_type=\"widget\" data-widget_type=\"premium-addon-banner.default\">\n\t\t\t\t<div class=\"elementor-widget-container\">\n\t\t\t\t\t<div class=\"premium-banner-ib premium-banner-min-height premium-banner-animation7 none\">\r\n\t\t\t\t\t\t\t<div class=\"premium-banner-border\">\r\n\t\t\t\t\t<div class=\"premium-banner-br premium-banner-bleft premium-banner-brlr\"><\/div>\r\n\t\t\t\t\t<div class=\"premium-banner-br premium-banner-bright premium-banner-brlr\"><\/div>\r\n\t\t\t\t\t<div class=\"premium-banner-br premium-banner-btop premium-banner-brtb\"><\/div>\r\n\t\t\t\t\t<div class=\"premium-banner-br premium-banner-bottom premium-banner-brtb\"><\/div>\r\n\t\t\t\t<\/div>\r\n\t\t\t\t\t\t\t\t\t\t\t\t\t\t\t<img fetchpriority=\"high\" decoding=\"async\" width=\"817\" height=\"651\" src=\"https:\/\/transformarqroo.com\/wp-content\/uploads\/2023\/01\/BJ-17_01_23-F1.jpg\" class=\"attachment-full size-full wp-image-17405\" alt=\"\" srcset=\"https:\/\/transformarqroo.com\/wp-content\/uploads\/2023\/01\/BJ-17_01_23-F1.jpg 817w, https:\/\/transformarqroo.com\/wp-content\/uploads\/2023\/01\/BJ-17_01_23-F1-300x239.jpg 300w, https:\/\/transformarqroo.com\/wp-content\/uploads\/2023\/01\/BJ-17_01_23-F1-768x612.jpg 768w\" sizes=\"(max-width: 817px) 100vw, 817px\" \/>\t\t\t\t\t\t\t\t\t\t<div class=\"premium-banner-ib-desc\">\r\n\t\t\t\t\t\t\t\t\t<div class=\"premium-banner-desc-centered\">\r\n\t\t\t\t\t\t\t\t\t<h3 class=\"premium-banner-ib-title premium_banner_title\"><\/h3>\t\t\t\t\t\t\t\t\t\t\t\t\t<\/div>\r\n\t\t\t\t\t\t\t<\/div>\r\n\t\t\t\t\t<\/div>\r\n\t\t\t\t\t\t<\/div>\n\t\t\t\t<\/div>\n\t\t\t\t\t<\/div>\n\t\t<\/div>\n\t\t\t\t\t<\/div>\n\t\t<\/section>\n\t\t\t\t<section class=\"elementor-section elementor-top-section elementor-element elementor-element-5a2c7056 elementor-section-boxed elementor-section-height-default elementor-section-height-default\" data-id=\"5a2c7056\" data-element_type=\"section\" data-settings=\"{&quot;background_background&quot;:&quot;classic&quot;}\">\n\t\t\t\t\t\t<div class=\"elementor-container elementor-column-gap-default\">\n\t\t\t\t\t<div class=\"elementor-column elementor-col-100 elementor-top-column elementor-element elementor-element-aacd65a\" data-id=\"aacd65a\" data-element_type=\"column\">\n\t\t\t<div class=\"elementor-widget-wrap elementor-element-populated\">\n\t\t\t\t\t\t<div class=\"elementor-element elementor-element-6635b269 premium-title-icon-row premium-title-color elementor-widget elementor-widget-premium-addon-title\" data-id=\"6635b269\" data-element_type=\"widget\" data-widget_type=\"premium-addon-title.default\">\n\t\t\t\t<div class=\"elementor-widget-container\">\n\t\t\t\r\n\t\t<div class=\"premium-title-container style2\">\r\n\t\t\t<h5 class=\"premium-title-header premium-title-style2\">\r\n\t\t\t\t\r\n\t\t\t\t\t\t\t\t\t\t\t\t\t\t\t<div class=\"premium-title-icon premium-lottie-animation\" data-lottie-url=\"https:\/\/assets8.lottiefiles.com\/packages\/lf20_pcfclxy8.json\" data-lottie-loop=\"true\" data-lottie-reverse=\"\"><\/div>\r\n\t\t\t\t\t\t\t\t\t\r\n\t\t\t\t\t\t\t\t\t\t\t\t<span class=\"premium-title-text\" >\r\n\t\t\t\t\tPrevio a la inauguraci\u00f3n de FITUR 2023, la Presidenta Municipal se re\u00fane con la Vicealcaldesa de Madrid, Bego\u00f1a Villac\u00eds S\u00e1nchez.\t\t\t\t<\/span>\r\n\t\t\t\t\t\r\n\t\t\t\t\t\t\t\t\t\t\t<\/h5>\r\n\t\t<\/div>\r\n\r\n\t\t\t\t<\/div>\n\t\t\t\t<\/div>\n\t\t\t\t\t<\/div>\n\t\t<\/div>\n\t\t\t\t\t<\/div>\n\t\t<\/section>\n\t\t\t\t<section class=\"elementor-section elementor-top-section elementor-element elementor-element-7068a66a elementor-section-boxed elementor-section-height-default elementor-section-height-default\" data-id=\"7068a66a\" data-element_type=\"section\">\n\t\t\t\t\t\t<div class=\"elementor-container elementor-column-gap-default\">\n\t\t\t\t\t<div class=\"elementor-column elementor-col-100 elementor-top-column elementor-element elementor-element-74e45886\" data-id=\"74e45886\" data-element_type=\"column\">\n\t\t\t<div class=\"elementor-widget-wrap elementor-element-populated\">\n\t\t\t\t\t\t<div class=\"elementor-element elementor-element-2bdce4e0 elementor-widget elementor-widget-text-editor\" data-id=\"2bdce4e0\" data-element_type=\"widget\" data-widget_type=\"text-editor.default\">\n\t\t\t\t<div class=\"elementor-widget-container\">\n\t\t\t\t\t\t\t<p><span style=\"font-weight: 400;\">Madrid, Espa\u00f1a, a 17 de enero de 2023.- En el marco de su visita a Espa\u00f1a con motivo de la Feria Internacional de Turismo FITUR 2023, la Presidenta Municipal de Benito Ju\u00e1rez, Canc\u00fan, Ana Patricia Peralta, sostuvo una reuni\u00f3n en la Alcald\u00eda de Madrid, con la Vicealcaldesa Bego\u00f1a Villac\u00eds S\u00e1nchez, para estrechar lazos de colaboraci\u00f3n e intercambiar experiencias y proyectos de mejores pr\u00e1cticas de gobierno, turismo, desarrollo y prosperidad para sus ciudades.<\/span><\/p><p><span style=\"font-weight: 400;\">\u00a0<\/span><\/p><p><span style=\"font-weight: 400;\">Ambas mun\u00edcipes, que dirigen ciudades destacadas en el mundo, sostuvieron un di\u00e1logo en la sede de la Alcald\u00eda de Madrid, en el que intercambiaron puntos de vista de cu\u00e1les son los componentes de eficiencia que pueden impulsar desde el Servicio P\u00fablico en las regiones en las que se desempe\u00f1an.<\/span><\/p><p><span style=\"font-weight: 400;\">\u00a0<\/span><\/p><p><span style=\"font-weight: 400;\">La Presidenta Municipal de Benito Ju\u00e1rez, Canc\u00fan, resalt\u00f3 en la reuni\u00f3n que \u201cen Canc\u00fan est\u00e1n sucediendo cosas muy buenas. Canc\u00fan est\u00e1 en un momento de total recuperaci\u00f3n desde la pandemia y est\u00e1 rompiendo r\u00e9cords de visitantes. Se han mantenido a lo largo del a\u00f1o altas tasas de ocupaci\u00f3n hotelera y hay gran confianza de los inversionistas para establecer nuevos hoteles y negocios. Adem\u00e1s, la ciudad se encuentra en un momento de muy altas expectativas por las obras de infraestructura que realiza el Gobierno Federal como el Puente Vehicular Nichupt\u00e9, la estaci\u00f3n del Tren Maya y la renovaci\u00f3n de su principal avenida de acceso al aeropuerto: el boulevard Colosio. Canc\u00fan ser\u00e1 una ciudad renovada en este mismo a\u00f1o.\u201d<\/span><\/p><p><span style=\"font-weight: 400;\">\u00a0<\/span><\/p><p><span style=\"font-weight: 400;\">Bego\u00f1a Villac\u00eds S\u00e1nchez es abogada, y adem\u00e1s de Vicealcaldesa, es portavoz del partido pol\u00edtico espa\u00f1ol Ciudadanos.\u00a0<\/span><\/p><p><span style=\"font-weight: 400;\">\u00a0<\/span><\/p><p><span style=\"font-weight: 400;\">En esta pl\u00e1tica entre dos mujeres pol\u00edticas j\u00f3venes que promueven el trabajo en unidad para mejorar la calidad de vida de los ciudadanos, se estrecharon los v\u00ednculos de colaboraci\u00f3n entre Canc\u00fan y Madrid, una de las grandes capitales del mundo, en temas como infraestructura urbana, deporte, cultura y diversidad tur\u00edstica, en el punto de partida de esta relaci\u00f3n entre municipios.<\/span><\/p><p><span style=\"font-weight: 400;\">\u00a0<\/span><\/p><p><span style=\"font-weight: 400;\">Adem\u00e1s, en el di\u00e1logo fraterno y el intercambio de experiencias participaron el secretario municipal de Turismo, Juan Pablo de Zulueta Razo; el regidor presidente de la Comisi\u00f3n de Turismo, Ecolog\u00eda y Ambiente, Eduardo Kuyoc Mart\u00ednez; as\u00ed como integrantes del Ayuntamiento de Madrid.<\/span><\/p>\t\t\t\t\t\t<\/div>\n\t\t\t\t<\/div>\n\t\t\t\t\t<\/div>\n\t\t<\/div>\n\t\t\t\t\t<\/div>\n\t\t<\/section>\n\t\t\t\t<section class=\"elementor-section elementor-top-section elementor-element elementor-element-4863a0d7 elementor-section-boxed elementor-section-height-default elementor-section-height-default\" data-id=\"4863a0d7\" data-element_type=\"section\">\n\t\t\t\t\t\t<div class=\"elementor-container elementor-column-gap-default\">\n\t\t\t\t\t<div class=\"elementor-column elementor-col-100 elementor-top-column elementor-element elementor-element-334488b0\" data-id=\"334488b0\" data-element_type=\"column\">\n\t\t\t<div class=\"elementor-widget-wrap elementor-element-populated\">\n\t\t\t\t\t\t<div class=\"elementor-element elementor-element-107d5b79 elementor-widget elementor-widget-gallery\" data-id=\"107d5b79\" data-element_type=\"widget\" data-settings=\"{&quot;gallery_layout&quot;:&quot;justified&quot;,&quot;lazyload&quot;:&quot;yes&quot;,&quot;ideal_row_height&quot;:{&quot;unit&quot;:&quot;px&quot;,&quot;size&quot;:200,&quot;sizes&quot;:[]},&quot;ideal_row_height_tablet&quot;:{&quot;unit&quot;:&quot;px&quot;,&quot;size&quot;:150,&quot;sizes&quot;:[]},&quot;ideal_row_height_mobile&quot;:{&quot;unit&quot;:&quot;px&quot;,&quot;size&quot;:150,&quot;sizes&quot;:[]},&quot;gap&quot;:{&quot;unit&quot;:&quot;px&quot;,&quot;size&quot;:10,&quot;sizes&quot;:[]},&quot;gap_tablet&quot;:{&quot;unit&quot;:&quot;px&quot;,&quot;size&quot;:10,&quot;sizes&quot;:[]},&quot;gap_mobile&quot;:{&quot;unit&quot;:&quot;px&quot;,&quot;size&quot;:10,&quot;sizes&quot;:[]},&quot;link_to&quot;:&quot;file&quot;,&quot;overlay_background&quot;:&quot;yes&quot;,&quot;content_hover_animation&quot;:&quot;fade-in&quot;}\" data-widget_type=\"gallery.default\">\n\t\t\t\t<div class=\"elementor-widget-container\">\n\t\t\t\t\t<div class=\"elementor-gallery__container\">\n\t\t\t\t\t\t\t<a class=\"e-gallery-item elementor-gallery-item elementor-animated-content\" href=\"https:\/\/transformarqroo.com\/wp-content\/uploads\/2023\/01\/BJ-17_01_23-F11.jpg\" data-elementor-open-lightbox=\"yes\" data-elementor-lightbox-slideshow=\"107d5b79\" data-elementor-lightbox-title=\"BJ 17_01_23 F1(1)\" data-e-action-hash=\"#elementor-action%3Aaction%3Dlightbox%26settings%3DeyJpZCI6MTc0MDIsInVybCI6Imh0dHBzOlwvXC90cmFuc2Zvcm1hcnFyb28uY29tXC93cC1jb250ZW50XC91cGxvYWRzXC8yMDIzXC8wMVwvQkotMTdfMDFfMjMtRjExLmpwZyIsInNsaWRlc2hvdyI6IjEwN2Q1Yjc5In0%3D\">\n\t\t\t\t\t<div class=\"e-gallery-image elementor-gallery-item__image\" data-thumbnail=\"https:\/\/transformarqroo.com\/wp-content\/uploads\/2023\/01\/BJ-17_01_23-F11.jpg\" data-width=\"1280\" data-height=\"853\" aria-label=\"\" role=\"img\" ><\/div>\n\t\t\t\t\t\t\t\t\t\t\t<div class=\"elementor-gallery-item__overlay\"><\/div>\n\t\t\t\t\t\t\t\t\t\t\t\t\t\t<\/a>\n\t\t\t\t\t\t\t<a class=\"e-gallery-item elementor-gallery-item elementor-animated-content\" href=\"https:\/\/transformarqroo.com\/wp-content\/uploads\/2023\/01\/BJ-17_01_23-F12.jpg\" data-elementor-open-lightbox=\"yes\" data-elementor-lightbox-slideshow=\"107d5b79\" data-elementor-lightbox-title=\"BJ 17_01_23 F1(2)\" data-e-action-hash=\"#elementor-action%3Aaction%3Dlightbox%26settings%3DeyJpZCI6MTc0MDMsInVybCI6Imh0dHBzOlwvXC90cmFuc2Zvcm1hcnFyb28uY29tXC93cC1jb250ZW50XC91cGxvYWRzXC8yMDIzXC8wMVwvQkotMTdfMDFfMjMtRjEyLmpwZyIsInNsaWRlc2hvdyI6IjEwN2Q1Yjc5In0%3D\">\n\t\t\t\t\t<div class=\"e-gallery-image elementor-gallery-item__image\" data-thumbnail=\"https:\/\/transformarqroo.com\/wp-content\/uploads\/2023\/01\/BJ-17_01_23-F12.jpg\" data-width=\"815\" data-height=\"513\" aria-label=\"\" role=\"img\" ><\/div>\n\t\t\t\t\t\t\t\t\t\t\t<div class=\"elementor-gallery-item__overlay\"><\/div>\n\t\t\t\t\t\t\t\t\t\t\t\t\t\t<\/a>\n\t\t\t\t\t\t\t<a class=\"e-gallery-item elementor-gallery-item elementor-animated-content\" href=\"https:\/\/transformarqroo.com\/wp-content\/uploads\/2023\/01\/BJ-17_01_23-F13.jpg\" data-elementor-open-lightbox=\"yes\" data-elementor-lightbox-slideshow=\"107d5b79\" data-elementor-lightbox-title=\"BJ 17_01_23 F1(3)\" data-e-action-hash=\"#elementor-action%3Aaction%3Dlightbox%26settings%3DeyJpZCI6MTc0MDQsInVybCI6Imh0dHBzOlwvXC90cmFuc2Zvcm1hcnFyb28uY29tXC93cC1jb250ZW50XC91cGxvYWRzXC8yMDIzXC8wMVwvQkotMTdfMDFfMjMtRjEzLmpwZyIsInNsaWRlc2hvdyI6IjEwN2Q1Yjc5In0%3D\">\n\t\t\t\t\t<div class=\"e-gallery-image elementor-gallery-item__image\" data-thumbnail=\"https:\/\/transformarqroo.com\/wp-content\/uploads\/2023\/01\/BJ-17_01_23-F13.jpg\" data-width=\"985\" data-height=\"656\" aria-label=\"\" role=\"img\" ><\/div>\n\t\t\t\t\t\t\t\t\t\t\t<div class=\"elementor-gallery-item__overlay\"><\/div>\n\t\t\t\t\t\t\t\t\t\t\t\t\t\t<\/a>\n\t\t\t\t\t\t\t<a class=\"e-gallery-item elementor-gallery-item elementor-animated-content\" href=\"https:\/\/transformarqroo.com\/wp-content\/uploads\/2023\/01\/BJ-17_01_23-F1.jpg\" data-elementor-open-lightbox=\"yes\" data-elementor-lightbox-slideshow=\"107d5b79\" data-elementor-lightbox-title=\"BJ 17_01_23 F1\" data-e-action-hash=\"#elementor-action%3Aaction%3Dlightbox%26settings%3DeyJpZCI6MTc0MDUsInVybCI6Imh0dHBzOlwvXC90cmFuc2Zvcm1hcnFyb28uY29tXC93cC1jb250ZW50XC91cGxvYWRzXC8yMDIzXC8wMVwvQkotMTdfMDFfMjMtRjEuanBnIiwic2xpZGVzaG93IjoiMTA3ZDViNzkifQ%3D%3D\">\n\t\t\t\t\t<div class=\"e-gallery-image elementor-gallery-item__image\" data-thumbnail=\"https:\/\/transformarqroo.com\/wp-content\/uploads\/2023\/01\/BJ-17_01_23-F1.jpg\" data-width=\"817\" data-height=\"651\" aria-label=\"\" role=\"img\" ><\/div>\n\t\t\t\t\t\t\t\t\t\t\t<div class=\"elementor-gallery-item__overlay\"><\/div>\n\t\t\t\t\t\t\t\t\t\t\t\t\t\t<\/a>\n\t\t\t\t\t<\/div>\n\t\t\t<\/div>\n\t\t\t\t<\/div>\n\t\t\t\t\t<\/div>\n\t\t<\/div>\n\t\t\t\t\t<\/div>\n\t\t<\/section>\n\t\t\t\t<\/div>\n\t\t","protected":false},"excerpt":{"rendered":"<p>Previo a la inauguraci\u00f3n de FITUR 2023, la Presidenta Municipal se re\u00fane con la Vicealcaldesa de Madrid, Bego\u00f1a Villac\u00eds S\u00e1nchez.<\/p>\n","protected":false},"author":1,"featured_media":17405,"comment_status":"closed","ping_status":"closed","sticky":false,"template":"","format":"standard","meta":{"_FSMCFIC_featured_image_caption":"","_FSMCFIC_featured_image_nocaption":"","_FSMCFIC_featured_image_hide":"1","footnotes":""},"categories":[32,21],"tags":[63],"class_list":["post-17375","post","type-post","status-publish","format-standard","has-post-thumbnail","hentry","category-municipios","category-benito-juarez","tag-ana-patricia-peralta"],"aioseo_notices":[],"_links":{"self":[{"href":"https:\/\/transformarqroo.com\/index.php\/wp-json\/wp\/v2\/posts\/17375","targetHints":{"allow":["GET"]}}],"collection":[{"href":"https:\/\/transformarqroo.com\/index.php\/wp-json\/wp\/v2\/posts"}],"about":[{"href":"https:\/\/transformarqroo.com\/index.php\/wp-json\/wp\/v2\/types\/post"}],"author":[{"embeddable":true,"href":"https:\/\/transformarqroo.com\/index.php\/wp-json\/wp\/v2\/users\/1"}],"replies":[{"embeddable":true,"href":"https:\/\/transformarqroo.com\/index.php\/wp-json\/wp\/v2\/comments?post=17375"}],"version-history":[{"count":4,"href":"https:\/\/transformarqroo.com\/index.php\/wp-json\/wp\/v2\/posts\/17375\/revisions"}],"predecessor-version":[{"id":17409,"href":"https:\/\/transformarqroo.com\/index.php\/wp-json\/wp\/v2\/posts\/17375\/revisions\/17409"}],"wp:featuredmedia":[{"embeddable":true,"href":"https:\/\/transformarqroo.com\/index.php\/wp-json\/wp\/v2\/media\/17405"}],"wp:attachment":[{"href":"https:\/\/transformarqroo.com\/index.php\/wp-json\/wp\/v2\/media?parent=17375"}],"wp:term":[{"taxonomy":"category","embeddable":true,"href":"https:\/\/transformarqroo.com\/index.php\/wp-json\/wp\/v2\/categories?post=17375"},{"taxonomy":"post_tag","embeddable":true,"href":"https:\/\/transformarqroo.com\/index.php\/wp-json\/wp\/v2\/tags?post=17375"}],"curies":[{"name":"wp","href":"https:\/\/api.w.org\/{rel}","templated":true}]}}