{"id":17491,"date":"2023-01-19T18:33:54","date_gmt":"2023-01-19T23:33:54","guid":{"rendered":"https:\/\/transformarqroo.com\/?p=17491"},"modified":"2023-01-19T18:33:59","modified_gmt":"2023-01-19T23:33:59","slug":"firma-ana-patricia-peralta-acuerdo-de-colaboracion-con-la-camara-de-comercio-industria-y-servicios-de-madrid","status":"publish","type":"post","link":"https:\/\/transformarqroo.com\/index.php\/2023\/01\/19\/firma-ana-patricia-peralta-acuerdo-de-colaboracion-con-la-camara-de-comercio-industria-y-servicios-de-madrid\/","title":{"rendered":"<STRONG>FIRMA ANA PATRICIA PERALTA ACUERDO DE COLABORACI\u00d3N CON LA C\u00c1MARA DE COMERCIO, INDUSTRIA Y SERVICIOS DE MADRID<\/STRONG>"},"content":{"rendered":"\t\t<div data-elementor-type=\"wp-post\" data-elementor-id=\"17491\" class=\"elementor elementor-17491\" data-elementor-post-type=\"post\">\n\t\t\t\t\t\t<section class=\"elementor-section elementor-top-section elementor-element elementor-element-35a516bc elementor-section-boxed elementor-section-height-default elementor-section-height-default\" data-id=\"35a516bc\" data-element_type=\"section\">\n\t\t\t\t\t\t<div class=\"elementor-container elementor-column-gap-default\">\n\t\t\t\t\t<div class=\"elementor-column elementor-col-100 elementor-top-column elementor-element elementor-element-41143827\" data-id=\"41143827\" data-element_type=\"column\">\n\t\t\t<div class=\"elementor-widget-wrap elementor-element-populated\">\n\t\t\t\t\t\t<div class=\"elementor-element elementor-element-6cff045b elementor-widget elementor-widget-premium-addon-banner\" data-id=\"6cff045b\" data-element_type=\"widget\" data-widget_type=\"premium-addon-banner.default\">\n\t\t\t\t<div class=\"elementor-widget-container\">\n\t\t\t\t\t<div class=\"premium-banner-ib premium-banner-min-height premium-banner-animation7 none\">\r\n\t\t\t\t\t\t\t<div class=\"premium-banner-border\">\r\n\t\t\t\t\t<div class=\"premium-banner-br premium-banner-bleft premium-banner-brlr\"><\/div>\r\n\t\t\t\t\t<div class=\"premium-banner-br premium-banner-bright premium-banner-brlr\"><\/div>\r\n\t\t\t\t\t<div class=\"premium-banner-br premium-banner-btop premium-banner-brtb\"><\/div>\r\n\t\t\t\t\t<div class=\"premium-banner-br premium-banner-bottom premium-banner-brtb\"><\/div>\r\n\t\t\t\t<\/div>\r\n\t\t\t\t\t\t\t\t\t\t\t\t\t\t\t<img fetchpriority=\"high\" decoding=\"async\" width=\"972\" height=\"719\" src=\"https:\/\/transformarqroo.com\/wp-content\/uploads\/2023\/01\/BJ-19_01_23.jpg\" class=\"attachment-full size-full wp-image-17514\" alt=\"\" srcset=\"https:\/\/transformarqroo.com\/wp-content\/uploads\/2023\/01\/BJ-19_01_23.jpg 972w, https:\/\/transformarqroo.com\/wp-content\/uploads\/2023\/01\/BJ-19_01_23-300x222.jpg 300w, https:\/\/transformarqroo.com\/wp-content\/uploads\/2023\/01\/BJ-19_01_23-768x568.jpg 768w\" sizes=\"(max-width: 972px) 100vw, 972px\" \/>\t\t\t\t\t\t\t\t\t\t<div class=\"premium-banner-ib-desc\">\r\n\t\t\t\t\t\t\t\t\t<div class=\"premium-banner-desc-centered\">\r\n\t\t\t\t\t\t\t\t\t<h3 class=\"premium-banner-ib-title premium_banner_title\"><\/h3>\t\t\t\t\t\t\t\t\t\t\t\t\t<\/div>\r\n\t\t\t\t\t\t\t<\/div>\r\n\t\t\t\t\t<\/div>\r\n\t\t\t\t\t\t<\/div>\n\t\t\t\t<\/div>\n\t\t\t\t\t<\/div>\n\t\t<\/div>\n\t\t\t\t\t<\/div>\n\t\t<\/section>\n\t\t\t\t<section class=\"elementor-section elementor-top-section elementor-element elementor-element-2984fc51 elementor-section-boxed elementor-section-height-default elementor-section-height-default\" data-id=\"2984fc51\" data-element_type=\"section\" data-settings=\"{&quot;background_background&quot;:&quot;classic&quot;}\">\n\t\t\t\t\t\t<div class=\"elementor-container elementor-column-gap-default\">\n\t\t\t\t\t<div class=\"elementor-column elementor-col-100 elementor-top-column elementor-element elementor-element-57707121\" data-id=\"57707121\" data-element_type=\"column\">\n\t\t\t<div class=\"elementor-widget-wrap elementor-element-populated\">\n\t\t\t\t\t\t<div class=\"elementor-element elementor-element-71591f43 premium-title-icon-row premium-title-color elementor-widget elementor-widget-premium-addon-title\" data-id=\"71591f43\" data-element_type=\"widget\" data-widget_type=\"premium-addon-title.default\">\n\t\t\t\t<div class=\"elementor-widget-container\">\n\t\t\t\r\n\t\t<div class=\"premium-title-container style2\">\r\n\t\t\t<h5 class=\"premium-title-header premium-title-style2\">\r\n\t\t\t\t\r\n\t\t\t\t\t\t\t\t\t\t\t\t\t\t\t<div class=\"premium-title-icon premium-lottie-animation\" data-lottie-url=\"https:\/\/assets8.lottiefiles.com\/packages\/lf20_pcfclxy8.json\" data-lottie-loop=\"true\" data-lottie-reverse=\"\"><\/div>\r\n\t\t\t\t\t\t\t\t\t\r\n\t\t\t\t\t\t\t\t\t\t\t\t<span class=\"premium-title-text\" >\r\n\t\t\t\t\tCanc\u00fan ser\u00e1 la primera ciudad en Latinoam\u00e9rica que contar\u00e1 con una oficina de representaci\u00f3n de la C\u00e1mara de Comercio, Industria y Servicios de Madrid.\t\t\t\t<\/span>\r\n\t\t\t\t\t\r\n\t\t\t\t\t\t\t\t\t\t\t<\/h5>\r\n\t\t<\/div>\r\n\r\n\t\t\t\t<\/div>\n\t\t\t\t<\/div>\n\t\t\t\t\t<\/div>\n\t\t<\/div>\n\t\t\t\t\t<\/div>\n\t\t<\/section>\n\t\t\t\t<section class=\"elementor-section elementor-top-section elementor-element elementor-element-3eb58fc8 elementor-section-boxed elementor-section-height-default elementor-section-height-default\" data-id=\"3eb58fc8\" data-element_type=\"section\">\n\t\t\t\t\t\t<div class=\"elementor-container elementor-column-gap-default\">\n\t\t\t\t\t<div class=\"elementor-column elementor-col-100 elementor-top-column elementor-element elementor-element-4fbf025\" data-id=\"4fbf025\" data-element_type=\"column\">\n\t\t\t<div class=\"elementor-widget-wrap elementor-element-populated\">\n\t\t\t\t\t\t<div class=\"elementor-element elementor-element-257875f6 elementor-widget elementor-widget-text-editor\" data-id=\"257875f6\" data-element_type=\"widget\" data-widget_type=\"text-editor.default\">\n\t\t\t\t<div class=\"elementor-widget-container\">\n\t\t\t\t\t\t\t<p><span style=\"font-weight: 400;\">Madrid, Espa\u00f1a, a 19 de enero de 2023.- A iniciativa de Ana Patricia Peralta, Presidenta Municipal de Benito Ju\u00e1rez, se abre la posibilidad de que la C\u00e1mara de Comercio, Industria y Servicios de Madrid tenga una representaci\u00f3n en Canc\u00fan, \u201cla \u00fanica en M\u00e9xico y Latinoam\u00e9rica, un intercambio hist\u00f3rico, para dar certeza comercial a la comunidad espa\u00f1ola en nuestra ciudad, captar m\u00e1s inversi\u00f3n y que los ciudadanos y turistas de ese pa\u00eds tengan un espacio al que recurrir si lo necesitan\u201d.<\/span><\/p><p>\u00a0<\/p><p><span style=\"font-weight: 400;\">Tras un exitoso primer d\u00eda de actividades en la Feria Internacional de Turismo (FITUR) 2023, organizada en Madrid, Espa\u00f1a, la Primera Autoridad Municipal junto con el presidente de la C\u00e1mara de Comercio, Industria y Servicios de Madrid, \u00c1ngel Asensio Laguna, signaron una Carta de Intenci\u00f3n de colaboraci\u00f3n entre la instituci\u00f3n y el gobierno municipal, con el compromiso de contribuir a un ecosistema de negocios pr\u00f3spero y confiable, cuyo contexto es que 1 de cada 3 cuartos de hotel en Canc\u00fan son inversi\u00f3n espa\u00f1ola.<\/span><\/p><p>\u00a0<\/p><p><span style=\"font-weight: 400;\">Durante la firma, Ana Patricia Peralta puntualiz\u00f3 que este acuerdo, que se viene trabajando desde que era presidenta municipal nuestra actual gobernadora, Mara Lezama, hoy por fin es una realidad que permitir\u00e1 contar con representaci\u00f3n en la ciudad, a trav\u00e9s de una iniciativa sin precedentes en la regi\u00f3n de Latinoam\u00e9rica, a fin de atraer mayor inversi\u00f3n de empresas espa\u00f1olas, las cuales representan el 32 de la oferta hotelera del Caribe Mexicano.<\/span><\/p><p>\u00a0<\/p><p><span style=\"font-weight: 400;\">A\u00f1adi\u00f3 que este convenio tambi\u00e9n contempla contar con un espacio, adicional a los consulados, al cual los turistas espa\u00f1oles puedan acudir ante cualquier situaci\u00f3n que requieran durante su estancia en Canc\u00fan. Detall\u00f3 que esta propuesta es de gran importancia ya que actualmente el mercado espa\u00f1ol se encuentra en el top 10 de los mercados emisores v\u00eda a\u00e9rea hacia Canc\u00fan.<\/span><\/p><p>\u00a0<\/p><p><span style=\"font-weight: 400;\">Esto tambi\u00e9n permite realizar acciones para establecer futuros v\u00ednculos de cooperaci\u00f3n, colaboraci\u00f3n y entendimiento, a fin de fortalecer los mecanismos de apoyo en materia tur\u00edstica, cultural, econ\u00f3mica e intercambios, as\u00ed como en cualquier \u00e1mbito cuyo desarrollo sea ben\u00e9fico para ambas ciudades indic\u00f3 Ana Patricia Peralta, en compa\u00f1\u00eda de la presidenta municipal de Puerto Morelos, Blanca Merari Tziu, quien atestigu\u00f3 la firma del convenio.<\/span><\/p><p>\u00a0<\/p><p><span style=\"font-weight: 400;\">Adem\u00e1s, la Alcaldesa junto al secretario municipal de Turismo, Juan Pablo de Zulueta Razo y el regidor Eduardo Kuyoc Mart\u00ednez, como parte de las reuniones realizadas en el marco de la 43 edici\u00f3n de FITUR 2023 las autoridades municipales dialogaron con Franz Muller de Amadeus &amp; Canc\u00fan y, por separado, con el alcalde de Granadilla de Abona, en Espa\u00f1a, Jos\u00e9 Domingo Regalado Gonz\u00e1lez, con el objetivo de fortalecer las relaciones internacionales de la ciudad y promover el turismo en Canc\u00fan.<\/span><\/p><p><br \/><br \/><\/p>\t\t\t\t\t\t<\/div>\n\t\t\t\t<\/div>\n\t\t\t\t\t<\/div>\n\t\t<\/div>\n\t\t\t\t\t<\/div>\n\t\t<\/section>\n\t\t\t\t<section class=\"elementor-section elementor-top-section elementor-element elementor-element-7cb999be elementor-section-boxed elementor-section-height-default elementor-section-height-default\" data-id=\"7cb999be\" data-element_type=\"section\">\n\t\t\t\t\t\t<div class=\"elementor-container elementor-column-gap-default\">\n\t\t\t\t\t<div class=\"elementor-column elementor-col-100 elementor-top-column elementor-element elementor-element-7a945283\" data-id=\"7a945283\" data-element_type=\"column\">\n\t\t\t<div class=\"elementor-widget-wrap elementor-element-populated\">\n\t\t\t\t\t\t<div class=\"elementor-element elementor-element-2214794f elementor-widget elementor-widget-gallery\" data-id=\"2214794f\" data-element_type=\"widget\" data-settings=\"{&quot;gallery_layout&quot;:&quot;justified&quot;,&quot;lazyload&quot;:&quot;yes&quot;,&quot;ideal_row_height&quot;:{&quot;unit&quot;:&quot;px&quot;,&quot;size&quot;:200,&quot;sizes&quot;:[]},&quot;ideal_row_height_tablet&quot;:{&quot;unit&quot;:&quot;px&quot;,&quot;size&quot;:150,&quot;sizes&quot;:[]},&quot;ideal_row_height_mobile&quot;:{&quot;unit&quot;:&quot;px&quot;,&quot;size&quot;:150,&quot;sizes&quot;:[]},&quot;gap&quot;:{&quot;unit&quot;:&quot;px&quot;,&quot;size&quot;:10,&quot;sizes&quot;:[]},&quot;gap_tablet&quot;:{&quot;unit&quot;:&quot;px&quot;,&quot;size&quot;:10,&quot;sizes&quot;:[]},&quot;gap_mobile&quot;:{&quot;unit&quot;:&quot;px&quot;,&quot;size&quot;:10,&quot;sizes&quot;:[]},&quot;link_to&quot;:&quot;file&quot;,&quot;overlay_background&quot;:&quot;yes&quot;,&quot;content_hover_animation&quot;:&quot;fade-in&quot;}\" data-widget_type=\"gallery.default\">\n\t\t\t\t<div class=\"elementor-widget-container\">\n\t\t\t\t\t<div class=\"elementor-gallery__container\">\n\t\t\t\t\t\t\t<a class=\"e-gallery-item elementor-gallery-item elementor-animated-content\" href=\"https:\/\/transformarqroo.com\/wp-content\/uploads\/2023\/01\/BJ-19_01_231.jpg\" data-elementor-open-lightbox=\"yes\" data-elementor-lightbox-slideshow=\"2214794f\" data-elementor-lightbox-title=\"BJ 19_01_23(1)\" data-e-action-hash=\"#elementor-action%3Aaction%3Dlightbox%26settings%3DeyJpZCI6MTc1MTAsInVybCI6Imh0dHBzOlwvXC90cmFuc2Zvcm1hcnFyb28uY29tXC93cC1jb250ZW50XC91cGxvYWRzXC8yMDIzXC8wMVwvQkotMTlfMDFfMjMxLmpwZyIsInNsaWRlc2hvdyI6IjIyMTQ3OTRmIn0%3D\">\n\t\t\t\t\t<div class=\"e-gallery-image elementor-gallery-item__image\" data-thumbnail=\"https:\/\/transformarqroo.com\/wp-content\/uploads\/2023\/01\/BJ-19_01_231.jpg\" data-width=\"1024\" data-height=\"682\" aria-label=\"\" role=\"img\" ><\/div>\n\t\t\t\t\t\t\t\t\t\t\t<div class=\"elementor-gallery-item__overlay\"><\/div>\n\t\t\t\t\t\t\t\t\t\t\t\t\t\t<\/a>\n\t\t\t\t\t\t\t<a class=\"e-gallery-item elementor-gallery-item elementor-animated-content\" href=\"https:\/\/transformarqroo.com\/wp-content\/uploads\/2023\/01\/BJ-19_01_232.jpg\" data-elementor-open-lightbox=\"yes\" data-elementor-lightbox-slideshow=\"2214794f\" data-elementor-lightbox-title=\"BJ 19_01_23(2)\" data-e-action-hash=\"#elementor-action%3Aaction%3Dlightbox%26settings%3DeyJpZCI6MTc1MTEsInVybCI6Imh0dHBzOlwvXC90cmFuc2Zvcm1hcnFyb28uY29tXC93cC1jb250ZW50XC91cGxvYWRzXC8yMDIzXC8wMVwvQkotMTlfMDFfMjMyLmpwZyIsInNsaWRlc2hvdyI6IjIyMTQ3OTRmIn0%3D\">\n\t\t\t\t\t<div class=\"e-gallery-image elementor-gallery-item__image\" data-thumbnail=\"https:\/\/transformarqroo.com\/wp-content\/uploads\/2023\/01\/BJ-19_01_232.jpg\" data-width=\"754\" data-height=\"607\" aria-label=\"\" role=\"img\" ><\/div>\n\t\t\t\t\t\t\t\t\t\t\t<div class=\"elementor-gallery-item__overlay\"><\/div>\n\t\t\t\t\t\t\t\t\t\t\t\t\t\t<\/a>\n\t\t\t\t\t\t\t<a class=\"e-gallery-item elementor-gallery-item elementor-animated-content\" href=\"https:\/\/transformarqroo.com\/wp-content\/uploads\/2023\/01\/BJ-19_01_233.jpg\" data-elementor-open-lightbox=\"yes\" data-elementor-lightbox-slideshow=\"2214794f\" data-elementor-lightbox-title=\"BJ 19_01_23(3)\" data-e-action-hash=\"#elementor-action%3Aaction%3Dlightbox%26settings%3DeyJpZCI6MTc1MTIsInVybCI6Imh0dHBzOlwvXC90cmFuc2Zvcm1hcnFyb28uY29tXC93cC1jb250ZW50XC91cGxvYWRzXC8yMDIzXC8wMVwvQkotMTlfMDFfMjMzLmpwZyIsInNsaWRlc2hvdyI6IjIyMTQ3OTRmIn0%3D\">\n\t\t\t\t\t<div class=\"e-gallery-image elementor-gallery-item__image\" data-thumbnail=\"https:\/\/transformarqroo.com\/wp-content\/uploads\/2023\/01\/BJ-19_01_233.jpg\" data-width=\"1024\" data-height=\"546\" aria-label=\"\" role=\"img\" ><\/div>\n\t\t\t\t\t\t\t\t\t\t\t<div class=\"elementor-gallery-item__overlay\"><\/div>\n\t\t\t\t\t\t\t\t\t\t\t\t\t\t<\/a>\n\t\t\t\t\t\t\t<a class=\"e-gallery-item elementor-gallery-item elementor-animated-content\" href=\"https:\/\/transformarqroo.com\/wp-content\/uploads\/2023\/01\/BJ-19_01_234.jpg\" data-elementor-open-lightbox=\"yes\" data-elementor-lightbox-slideshow=\"2214794f\" data-elementor-lightbox-title=\"BJ 19_01_23(4)\" data-e-action-hash=\"#elementor-action%3Aaction%3Dlightbox%26settings%3DeyJpZCI6MTc1MTMsInVybCI6Imh0dHBzOlwvXC90cmFuc2Zvcm1hcnFyb28uY29tXC93cC1jb250ZW50XC91cGxvYWRzXC8yMDIzXC8wMVwvQkotMTlfMDFfMjM0LmpwZyIsInNsaWRlc2hvdyI6IjIyMTQ3OTRmIn0%3D\">\n\t\t\t\t\t<div class=\"e-gallery-image elementor-gallery-item__image\" data-thumbnail=\"https:\/\/transformarqroo.com\/wp-content\/uploads\/2023\/01\/BJ-19_01_234.jpg\" data-width=\"1024\" data-height=\"583\" aria-label=\"\" role=\"img\" ><\/div>\n\t\t\t\t\t\t\t\t\t\t\t<div class=\"elementor-gallery-item__overlay\"><\/div>\n\t\t\t\t\t\t\t\t\t\t\t\t\t\t<\/a>\n\t\t\t\t\t\t\t<a class=\"e-gallery-item elementor-gallery-item elementor-animated-content\" href=\"https:\/\/transformarqroo.com\/wp-content\/uploads\/2023\/01\/BJ-19_01_23.jpg\" data-elementor-open-lightbox=\"yes\" data-elementor-lightbox-slideshow=\"2214794f\" data-elementor-lightbox-title=\"BJ 19_01_23\" data-e-action-hash=\"#elementor-action%3Aaction%3Dlightbox%26settings%3DeyJpZCI6MTc1MTQsInVybCI6Imh0dHBzOlwvXC90cmFuc2Zvcm1hcnFyb28uY29tXC93cC1jb250ZW50XC91cGxvYWRzXC8yMDIzXC8wMVwvQkotMTlfMDFfMjMuanBnIiwic2xpZGVzaG93IjoiMjIxNDc5NGYifQ%3D%3D\">\n\t\t\t\t\t<div class=\"e-gallery-image elementor-gallery-item__image\" data-thumbnail=\"https:\/\/transformarqroo.com\/wp-content\/uploads\/2023\/01\/BJ-19_01_23.jpg\" data-width=\"972\" data-height=\"719\" aria-label=\"\" role=\"img\" ><\/div>\n\t\t\t\t\t\t\t\t\t\t\t<div class=\"elementor-gallery-item__overlay\"><\/div>\n\t\t\t\t\t\t\t\t\t\t\t\t\t\t<\/a>\n\t\t\t\t\t<\/div>\n\t\t\t<\/div>\n\t\t\t\t<\/div>\n\t\t\t\t\t<\/div>\n\t\t<\/div>\n\t\t\t\t\t<\/div>\n\t\t<\/section>\n\t\t\t\t<\/div>\n\t\t","protected":false},"excerpt":{"rendered":"<p>Canc\u00fan ser\u00e1 la primera ciudad en Latinoam\u00e9rica que contar\u00e1 con una oficina de representaci\u00f3n de la C\u00e1mara de Comercio, Industria y Servicios de Madrid.<\/p>\n","protected":false},"author":1,"featured_media":17514,"comment_status":"closed","ping_status":"closed","sticky":false,"template":"","format":"standard","meta":{"_FSMCFIC_featured_image_caption":"","_FSMCFIC_featured_image_nocaption":"","_FSMCFIC_featured_image_hide":"1","footnotes":""},"categories":[32,21],"tags":[63],"class_list":["post-17491","post","type-post","status-publish","format-standard","has-post-thumbnail","hentry","category-municipios","category-benito-juarez","tag-ana-patricia-peralta"],"aioseo_notices":[],"_links":{"self":[{"href":"https:\/\/transformarqroo.com\/index.php\/wp-json\/wp\/v2\/posts\/17491","targetHints":{"allow":["GET"]}}],"collection":[{"href":"https:\/\/transformarqroo.com\/index.php\/wp-json\/wp\/v2\/posts"}],"about":[{"href":"https:\/\/transformarqroo.com\/index.php\/wp-json\/wp\/v2\/types\/post"}],"author":[{"embeddable":true,"href":"https:\/\/transformarqroo.com\/index.php\/wp-json\/wp\/v2\/users\/1"}],"replies":[{"embeddable":true,"href":"https:\/\/transformarqroo.com\/index.php\/wp-json\/wp\/v2\/comments?post=17491"}],"version-history":[{"count":4,"href":"https:\/\/transformarqroo.com\/index.php\/wp-json\/wp\/v2\/posts\/17491\/revisions"}],"predecessor-version":[{"id":17525,"href":"https:\/\/transformarqroo.com\/index.php\/wp-json\/wp\/v2\/posts\/17491\/revisions\/17525"}],"wp:featuredmedia":[{"embeddable":true,"href":"https:\/\/transformarqroo.com\/index.php\/wp-json\/wp\/v2\/media\/17514"}],"wp:attachment":[{"href":"https:\/\/transformarqroo.com\/index.php\/wp-json\/wp\/v2\/media?parent=17491"}],"wp:term":[{"taxonomy":"category","embeddable":true,"href":"https:\/\/transformarqroo.com\/index.php\/wp-json\/wp\/v2\/categories?post=17491"},{"taxonomy":"post_tag","embeddable":true,"href":"https:\/\/transformarqroo.com\/index.php\/wp-json\/wp\/v2\/tags?post=17491"}],"curies":[{"name":"wp","href":"https:\/\/api.w.org\/{rel}","templated":true}]}}