{"id":21750,"date":"2023-04-29T09:07:42","date_gmt":"2023-04-29T14:07:42","guid":{"rendered":"https:\/\/transformarqroo.com\/?p=21750"},"modified":"2023-05-02T09:22:23","modified_gmt":"2023-05-02T14:22:23","slug":"participan-quintanarroenses-en-la-presentacion-de-la-agenda-nacional-de-las-ninas-ninos-y-adolescentes-de-la-consulta-me-escuchas-2022","status":"publish","type":"post","link":"https:\/\/transformarqroo.com\/index.php\/2023\/04\/29\/participan-quintanarroenses-en-la-presentacion-de-la-agenda-nacional-de-las-ninas-ninos-y-adolescentes-de-la-consulta-me-escuchas-2022\/","title":{"rendered":"PARTICIPAN QUINTANARROENSES EN LA PRESENTACI\u00d3N DE LA AGENDA NACIONAL DE LAS NI\u00d1AS, NI\u00d1OS Y ADOLESCENTES DE LA CONSULTA \u00bfME ESCUCHAS? 2022"},"content":{"rendered":"\t\t<div data-elementor-type=\"wp-post\" data-elementor-id=\"21750\" class=\"elementor elementor-21750\" data-elementor-post-type=\"post\">\n\t\t\t\t\t\t<section class=\"elementor-section elementor-top-section elementor-element elementor-element-56c3c040 elementor-section-boxed elementor-section-height-default elementor-section-height-default\" data-id=\"56c3c040\" data-element_type=\"section\">\n\t\t\t\t\t\t<div class=\"elementor-container elementor-column-gap-default\">\n\t\t\t\t\t<div class=\"elementor-column elementor-col-100 elementor-top-column elementor-element elementor-element-eef0855\" data-id=\"eef0855\" data-element_type=\"column\">\n\t\t\t<div class=\"elementor-widget-wrap elementor-element-populated\">\n\t\t\t\t\t\t<div class=\"elementor-element elementor-element-17c248ca elementor-widget elementor-widget-premium-addon-banner\" data-id=\"17c248ca\" data-element_type=\"widget\" data-widget_type=\"premium-addon-banner.default\">\n\t\t\t\t<div class=\"elementor-widget-container\">\n\t\t\t\t\t<div class=\"premium-banner-ib premium-banner-min-height premium-banner-animation7 none\">\r\n\t\t\t\t\t\t\t<div class=\"premium-banner-border\">\r\n\t\t\t\t\t<div class=\"premium-banner-br premium-banner-bleft premium-banner-brlr\"><\/div>\r\n\t\t\t\t\t<div class=\"premium-banner-br premium-banner-bright premium-banner-brlr\"><\/div>\r\n\t\t\t\t\t<div class=\"premium-banner-br premium-banner-btop premium-banner-brtb\"><\/div>\r\n\t\t\t\t\t<div class=\"premium-banner-br premium-banner-bottom premium-banner-brtb\"><\/div>\r\n\t\t\t\t<\/div>\r\n\t\t\t\t\t\t\t\t\t\t\t\t\t\t\t<img fetchpriority=\"high\" decoding=\"async\" width=\"1024\" height=\"764\" src=\"https:\/\/transformarqroo.com\/wp-content\/uploads\/2023\/05\/GOB-29_04_23.jpg\" class=\"attachment-full size-full wp-image-21754\" alt=\"\" srcset=\"https:\/\/transformarqroo.com\/wp-content\/uploads\/2023\/05\/GOB-29_04_23.jpg 1024w, https:\/\/transformarqroo.com\/wp-content\/uploads\/2023\/05\/GOB-29_04_23-300x224.jpg 300w, https:\/\/transformarqroo.com\/wp-content\/uploads\/2023\/05\/GOB-29_04_23-768x573.jpg 768w\" sizes=\"(max-width: 1024px) 100vw, 1024px\" \/>\t\t\t\t\t\t\t\t\t\t<div class=\"premium-banner-ib-desc\">\r\n\t\t\t\t\t\t\t\t\t<div class=\"premium-banner-desc-centered\">\r\n\t\t\t\t\t\t\t\t\t<h3 class=\"premium-banner-ib-title premium_banner_title\"><\/h3>\t\t\t\t\t\t\t\t\t\t\t\t\t<\/div>\r\n\t\t\t\t\t\t\t<\/div>\r\n\t\t\t\t\t<\/div>\r\n\t\t\t\t\t\t<\/div>\n\t\t\t\t<\/div>\n\t\t\t\t\t<\/div>\n\t\t<\/div>\n\t\t\t\t\t<\/div>\n\t\t<\/section>\n\t\t\t\t<section class=\"elementor-section elementor-top-section elementor-element elementor-element-6a76d351 elementor-section-boxed elementor-section-height-default elementor-section-height-default\" data-id=\"6a76d351\" data-element_type=\"section\" data-settings=\"{&quot;background_background&quot;:&quot;classic&quot;}\">\n\t\t\t\t\t\t<div class=\"elementor-container elementor-column-gap-default\">\n\t\t\t\t\t<div class=\"elementor-column elementor-col-100 elementor-top-column elementor-element elementor-element-6496cbb2\" data-id=\"6496cbb2\" data-element_type=\"column\">\n\t\t\t<div class=\"elementor-widget-wrap elementor-element-populated\">\n\t\t\t\t\t\t<div class=\"elementor-element elementor-element-24590964 premium-title-icon-row premium-title-color elementor-widget elementor-widget-premium-addon-title\" data-id=\"24590964\" data-element_type=\"widget\" data-widget_type=\"premium-addon-title.default\">\n\t\t\t\t<div class=\"elementor-widget-container\">\n\t\t\t\r\n\t\t<div class=\"premium-title-container style2\">\r\n\t\t\t<h5 class=\"premium-title-header premium-title-style2\">\r\n\t\t\t\t\r\n\t\t\t\t\t\t\t\t\t\t\t\t\t\t\t<div class=\"premium-title-icon premium-lottie-animation\" data-lottie-url=\"https:\/\/assets8.lottiefiles.com\/packages\/lf20_pcfclxy8.json\" data-lottie-loop=\"true\" data-lottie-reverse=\"\"><\/div>\r\n\t\t\t\t\t\t\t\t\t\r\n\t\t\t\t\t\t\t\t\t\t\t\t<span class=\"premium-title-text\" >\r\n\t\t\t\t\tAcompa\u00f1ados de la Presidenta Honoraria del DIF, Ver\u00f3nica Lezama, peque\u00f1os asistieron a  \u201cLos Pinos\u201d en la CDMX.\t\t\t\t<\/span>\r\n\t\t\t\t\t\r\n\t\t\t\t\t\t\t\t\t\t\t<\/h5>\r\n\t\t<\/div>\r\n\r\n\t\t\t\t<\/div>\n\t\t\t\t<\/div>\n\t\t\t\t\t<\/div>\n\t\t<\/div>\n\t\t\t\t\t<\/div>\n\t\t<\/section>\n\t\t\t\t<section class=\"elementor-section elementor-top-section elementor-element elementor-element-36d90c18 elementor-section-boxed elementor-section-height-default elementor-section-height-default\" data-id=\"36d90c18\" data-element_type=\"section\">\n\t\t\t\t\t\t<div class=\"elementor-container elementor-column-gap-default\">\n\t\t\t\t\t<div class=\"elementor-column elementor-col-100 elementor-top-column elementor-element elementor-element-4cd7c038\" data-id=\"4cd7c038\" data-element_type=\"column\">\n\t\t\t<div class=\"elementor-widget-wrap elementor-element-populated\">\n\t\t\t\t\t\t<div class=\"elementor-element elementor-element-3ce634ad elementor-widget elementor-widget-text-editor\" data-id=\"3ce634ad\" data-element_type=\"widget\" data-widget_type=\"text-editor.default\">\n\t\t\t\t<div class=\"elementor-widget-container\">\n\t\t\t\t\t\t\t<p><span style=\"font-weight: 400;\">CDMX.- Con el objetivo de fomentar la participaci\u00f3n, promoci\u00f3n y difusi\u00f3n de los Derechos de las ni\u00f1as, ni\u00f1os y adolescentes, la Presidenta Honoraria del DIF Quintana Roo acompa\u00f1\u00f3 a 4 Impulsores de la Transformaci\u00f3n representantes del Estado a las actividades de la Agenda Nacional de la consulta \u00bfMe escuchas? 2022 programadas en el marco de la celebraci\u00f3n del D\u00eda de la Ni\u00f1a y el Ni\u00f1o en el complejo Cultural \u201cLos Pinos\u201d en la CDMX.<\/span><\/p><p>\u00a0<\/p><p><span style=\"font-weight: 400;\">Durante los d\u00edas 28, 29 y 30 de abril participaran 128 Impulsores de la Transformaci\u00f3n y 32 enlaces estatales y municipales, Quintana Roo fue representado por\u00a0 Jeffrey, Estrella, Escarlet y Axel de los municipios de L\u00e1zaro C\u00e1rdenas, Isla Mujeres, Solidaridad y Cozumel, quienes presentaran sus propuestas y expresar\u00e1n la importancia de contar con una vida m\u00e1s digna, plena y democr\u00e1tica.<\/span><\/p><p>\u00a0<\/p><p><span style=\"font-weight: 400;\">Estas acciones que impulsa la gobernadora Mara Lezama Espinosa se enmarcan en el Nuevo Acuerdo por el Bienestar y Desarrollo de Quintana Roo para promover y fortalecer el conocimiento, goce y disfrute de los derechos de las ni\u00f1as, los ni\u00f1os y adolescentes a trav\u00e9s de actividades art\u00edsticas, culturales, recreativas, cient\u00edficas y l\u00fadicas.<\/span><\/p><p>\u00a0<\/p><p><span style=\"font-weight: 400;\">La Presidenta Honoraria del DIF Quintana Roo, Ver\u00f3nica Lezama Espinosa acompa\u00f1\u00f3 a impulsoras e Impulsores representantes de la entidad, en la presentaci\u00f3n de la Agenda de Ni\u00f1as, Ni\u00f1os y Adolescentes en la que participar\u00e1n en el di\u00e1logo e intercambio de ideas y experiencias sobre los 13 puntos de acci\u00f3n. Actividades\u00a0 que se enmarcan en la celebraci\u00f3n del mes de abril con el \u201cPuente de Colores\u201d.<\/span><\/p><p>\u00a0<\/p><p><span style=\"font-weight: 400;\">Felicit\u00f3 y deseo a las y los participantes la mejor de las suertes y \u00e9xito en todas las din\u00e1micas de la Agenda en donde se realizar\u00e1 el Encuentro de Impulsores Nacional, y reafirm\u00f3 su compromiso de seguir trabajando todos los d\u00edas por su bienestar y el de todos los grupos prioritarios de la entidad, en especial por la ni\u00f1ez, adolescencia y juventud quintanarroense.<\/span><\/p><p>\u00a0<\/p><p><span style=\"font-weight: 400;\">Ante las autoridades de los tres \u00f3rdenes de gobierno, instituciones y organizaciones nacionales e internacionales, la titular del SNDIF Nuria Fern\u00e1ndez Espresate, destac\u00f3 que las opiniones de la ni\u00f1ez y la adolescencia merecen ser escuchadas porque son ideas magnificas que pueden ayudar a que los gobiernos mejoren.\u00a0<\/span><\/p><p><br \/><br \/><\/p>\t\t\t\t\t\t<\/div>\n\t\t\t\t<\/div>\n\t\t\t\t\t<\/div>\n\t\t<\/div>\n\t\t\t\t\t<\/div>\n\t\t<\/section>\n\t\t\t\t<section class=\"elementor-section elementor-top-section elementor-element elementor-element-46670e49 elementor-section-boxed elementor-section-height-default elementor-section-height-default\" data-id=\"46670e49\" data-element_type=\"section\">\n\t\t\t\t\t\t<div class=\"elementor-container elementor-column-gap-default\">\n\t\t\t\t\t<div class=\"elementor-column elementor-col-100 elementor-top-column elementor-element elementor-element-556f3bbe\" data-id=\"556f3bbe\" data-element_type=\"column\">\n\t\t\t<div class=\"elementor-widget-wrap elementor-element-populated\">\n\t\t\t\t\t\t<div class=\"elementor-element elementor-element-4ca8bbc3 elementor-widget elementor-widget-gallery\" data-id=\"4ca8bbc3\" data-element_type=\"widget\" data-settings=\"{&quot;gallery_layout&quot;:&quot;justified&quot;,&quot;lazyload&quot;:&quot;yes&quot;,&quot;ideal_row_height&quot;:{&quot;unit&quot;:&quot;px&quot;,&quot;size&quot;:200,&quot;sizes&quot;:[]},&quot;ideal_row_height_tablet&quot;:{&quot;unit&quot;:&quot;px&quot;,&quot;size&quot;:150,&quot;sizes&quot;:[]},&quot;ideal_row_height_mobile&quot;:{&quot;unit&quot;:&quot;px&quot;,&quot;size&quot;:150,&quot;sizes&quot;:[]},&quot;gap&quot;:{&quot;unit&quot;:&quot;px&quot;,&quot;size&quot;:10,&quot;sizes&quot;:[]},&quot;gap_tablet&quot;:{&quot;unit&quot;:&quot;px&quot;,&quot;size&quot;:10,&quot;sizes&quot;:[]},&quot;gap_mobile&quot;:{&quot;unit&quot;:&quot;px&quot;,&quot;size&quot;:10,&quot;sizes&quot;:[]},&quot;link_to&quot;:&quot;file&quot;,&quot;overlay_background&quot;:&quot;yes&quot;,&quot;content_hover_animation&quot;:&quot;fade-in&quot;}\" data-widget_type=\"gallery.default\">\n\t\t\t\t<div class=\"elementor-widget-container\">\n\t\t\t\t\t<div class=\"elementor-gallery__container\">\n\t\t\t\t\t\t\t<a class=\"e-gallery-item elementor-gallery-item elementor-animated-content\" href=\"https:\/\/transformarqroo.com\/wp-content\/uploads\/2023\/05\/GOB-29_04_231.jpg\" data-elementor-open-lightbox=\"yes\" data-elementor-lightbox-slideshow=\"4ca8bbc3\" data-elementor-lightbox-title=\"GOB 29_04_23(1)\" data-e-action-hash=\"#elementor-action%3Aaction%3Dlightbox%26settings%3DeyJpZCI6MjE3NTEsInVybCI6Imh0dHBzOlwvXC90cmFuc2Zvcm1hcnFyb28uY29tXC93cC1jb250ZW50XC91cGxvYWRzXC8yMDIzXC8wNVwvR09CLTI5XzA0XzIzMS5qcGciLCJzbGlkZXNob3ciOiI0Y2E4YmJjMyJ9\">\n\t\t\t\t\t<div class=\"e-gallery-image elementor-gallery-item__image\" data-thumbnail=\"https:\/\/transformarqroo.com\/wp-content\/uploads\/2023\/05\/GOB-29_04_231.jpg\" data-width=\"1015\" data-height=\"1600\" aria-label=\"\" role=\"img\" ><\/div>\n\t\t\t\t\t\t\t\t\t\t\t<div class=\"elementor-gallery-item__overlay\"><\/div>\n\t\t\t\t\t\t\t\t\t\t\t\t\t\t<\/a>\n\t\t\t\t\t\t\t<a class=\"e-gallery-item elementor-gallery-item elementor-animated-content\" href=\"https:\/\/transformarqroo.com\/wp-content\/uploads\/2023\/05\/GOB-29_04_232.jpg\" data-elementor-open-lightbox=\"yes\" data-elementor-lightbox-slideshow=\"4ca8bbc3\" data-elementor-lightbox-title=\"GOB 29_04_23(2)\" data-e-action-hash=\"#elementor-action%3Aaction%3Dlightbox%26settings%3DeyJpZCI6MjE3NTIsInVybCI6Imh0dHBzOlwvXC90cmFuc2Zvcm1hcnFyb28uY29tXC93cC1jb250ZW50XC91cGxvYWRzXC8yMDIzXC8wNVwvR09CLTI5XzA0XzIzMi5qcGciLCJzbGlkZXNob3ciOiI0Y2E4YmJjMyJ9\">\n\t\t\t\t\t<div class=\"e-gallery-image elementor-gallery-item__image\" data-thumbnail=\"https:\/\/transformarqroo.com\/wp-content\/uploads\/2023\/05\/GOB-29_04_232.jpg\" data-width=\"996\" data-height=\"1024\" aria-label=\"\" role=\"img\" ><\/div>\n\t\t\t\t\t\t\t\t\t\t\t<div class=\"elementor-gallery-item__overlay\"><\/div>\n\t\t\t\t\t\t\t\t\t\t\t\t\t\t<\/a>\n\t\t\t\t\t\t\t<a class=\"e-gallery-item elementor-gallery-item elementor-animated-content\" href=\"https:\/\/transformarqroo.com\/wp-content\/uploads\/2023\/05\/GOB-29_04_233.jpg\" data-elementor-open-lightbox=\"yes\" data-elementor-lightbox-slideshow=\"4ca8bbc3\" data-elementor-lightbox-title=\"GOB 29_04_23(3)\" data-e-action-hash=\"#elementor-action%3Aaction%3Dlightbox%26settings%3DeyJpZCI6MjE3NTMsInVybCI6Imh0dHBzOlwvXC90cmFuc2Zvcm1hcnFyb28uY29tXC93cC1jb250ZW50XC91cGxvYWRzXC8yMDIzXC8wNVwvR09CLTI5XzA0XzIzMy5qcGciLCJzbGlkZXNob3ciOiI0Y2E4YmJjMyJ9\">\n\t\t\t\t\t<div class=\"e-gallery-image elementor-gallery-item__image\" data-thumbnail=\"https:\/\/transformarqroo.com\/wp-content\/uploads\/2023\/05\/GOB-29_04_233.jpg\" data-width=\"1024\" data-height=\"675\" aria-label=\"\" role=\"img\" ><\/div>\n\t\t\t\t\t\t\t\t\t\t\t<div class=\"elementor-gallery-item__overlay\"><\/div>\n\t\t\t\t\t\t\t\t\t\t\t\t\t\t<\/a>\n\t\t\t\t\t\t\t<a class=\"e-gallery-item elementor-gallery-item elementor-animated-content\" href=\"https:\/\/transformarqroo.com\/wp-content\/uploads\/2023\/05\/GOB-29_04_23.jpg\" data-elementor-open-lightbox=\"yes\" data-elementor-lightbox-slideshow=\"4ca8bbc3\" data-elementor-lightbox-title=\"GOB 29_04_23\" data-e-action-hash=\"#elementor-action%3Aaction%3Dlightbox%26settings%3DeyJpZCI6MjE3NTQsInVybCI6Imh0dHBzOlwvXC90cmFuc2Zvcm1hcnFyb28uY29tXC93cC1jb250ZW50XC91cGxvYWRzXC8yMDIzXC8wNVwvR09CLTI5XzA0XzIzLmpwZyIsInNsaWRlc2hvdyI6IjRjYThiYmMzIn0%3D\">\n\t\t\t\t\t<div class=\"e-gallery-image elementor-gallery-item__image\" data-thumbnail=\"https:\/\/transformarqroo.com\/wp-content\/uploads\/2023\/05\/GOB-29_04_23.jpg\" data-width=\"1024\" data-height=\"764\" aria-label=\"\" role=\"img\" ><\/div>\n\t\t\t\t\t\t\t\t\t\t\t<div class=\"elementor-gallery-item__overlay\"><\/div>\n\t\t\t\t\t\t\t\t\t\t\t\t\t\t<\/a>\n\t\t\t\t\t<\/div>\n\t\t\t<\/div>\n\t\t\t\t<\/div>\n\t\t\t\t\t<\/div>\n\t\t<\/div>\n\t\t\t\t\t<\/div>\n\t\t<\/section>\n\t\t\t\t<\/div>\n\t\t","protected":false},"excerpt":{"rendered":"<p>Acompa\u00f1ados de la Presidenta Honoraria del DIF, Ver\u00f3nica Lezama, peque\u00f1os asistieron a  \u201cLos Pinos\u201d en la CDMX.<\/p>\n","protected":false},"author":1,"featured_media":21754,"comment_status":"closed","ping_status":"closed","sticky":false,"template":"","format":"standard","meta":{"_FSMCFIC_featured_image_caption":"","_FSMCFIC_featured_image_nocaption":"","_FSMCFIC_featured_image_hide":"1","footnotes":""},"categories":[38,32],"tags":[],"class_list":["post-21750","post","type-post","status-publish","format-standard","has-post-thumbnail","hentry","category-gobierno-del-estado","category-municipios"],"aioseo_notices":[],"_links":{"self":[{"href":"https:\/\/transformarqroo.com\/index.php\/wp-json\/wp\/v2\/posts\/21750","targetHints":{"allow":["GET"]}}],"collection":[{"href":"https:\/\/transformarqroo.com\/index.php\/wp-json\/wp\/v2\/posts"}],"about":[{"href":"https:\/\/transformarqroo.com\/index.php\/wp-json\/wp\/v2\/types\/post"}],"author":[{"embeddable":true,"href":"https:\/\/transformarqroo.com\/index.php\/wp-json\/wp\/v2\/users\/1"}],"replies":[{"embeddable":true,"href":"https:\/\/transformarqroo.com\/index.php\/wp-json\/wp\/v2\/comments?post=21750"}],"version-history":[{"count":4,"href":"https:\/\/transformarqroo.com\/index.php\/wp-json\/wp\/v2\/posts\/21750\/revisions"}],"predecessor-version":[{"id":21766,"href":"https:\/\/transformarqroo.com\/index.php\/wp-json\/wp\/v2\/posts\/21750\/revisions\/21766"}],"wp:featuredmedia":[{"embeddable":true,"href":"https:\/\/transformarqroo.com\/index.php\/wp-json\/wp\/v2\/media\/21754"}],"wp:attachment":[{"href":"https:\/\/transformarqroo.com\/index.php\/wp-json\/wp\/v2\/media?parent=21750"}],"wp:term":[{"taxonomy":"category","embeddable":true,"href":"https:\/\/transformarqroo.com\/index.php\/wp-json\/wp\/v2\/categories?post=21750"},{"taxonomy":"post_tag","embeddable":true,"href":"https:\/\/transformarqroo.com\/index.php\/wp-json\/wp\/v2\/tags?post=21750"}],"curies":[{"name":"wp","href":"https:\/\/api.w.org\/{rel}","templated":true}]}}