{"id":21964,"date":"2023-05-04T20:32:46","date_gmt":"2023-05-05T01:32:46","guid":{"rendered":"https:\/\/transformarqroo.com\/?p=21964"},"modified":"2023-06-14T15:21:02","modified_gmt":"2023-06-14T20:21:02","slug":"participa-atenea-gomez-en-la-reunion-nacional-de-proteccion-civil-para-la-temporada-de-lluvias-y-ciclones-tropicales-2023","status":"publish","type":"post","link":"https:\/\/transformarqroo.com\/index.php\/2023\/05\/04\/participa-atenea-gomez-en-la-reunion-nacional-de-proteccion-civil-para-la-temporada-de-lluvias-y-ciclones-tropicales-2023\/","title":{"rendered":"PARTICIPA ATENEA G\u00d3MEZ EN LA REUNI\u00d3N NACIONAL DE PROTECCI\u00d3N CIVIL PARA LA TEMPORADA DE LLUVIAS Y CICLONES TROPICALES 2023"},"content":{"rendered":"\t\t<div data-elementor-type=\"wp-post\" data-elementor-id=\"21964\" class=\"elementor elementor-21964\" data-elementor-post-type=\"post\">\n\t\t\t\t\t\t<section class=\"elementor-section elementor-top-section elementor-element elementor-element-c5be9c2 elementor-section-boxed elementor-section-height-default elementor-section-height-default\" data-id=\"c5be9c2\" data-element_type=\"section\">\n\t\t\t\t\t\t<div class=\"elementor-container elementor-column-gap-default\">\n\t\t\t\t\t<div class=\"elementor-column elementor-col-66 elementor-top-column elementor-element elementor-element-716ddcf\" data-id=\"716ddcf\" data-element_type=\"column\">\n\t\t\t<div class=\"elementor-widget-wrap elementor-element-populated\">\n\t\t\t\t\t\t<div class=\"elementor-element elementor-element-5b01acbe elementor-widget elementor-widget-premium-addon-banner\" data-id=\"5b01acbe\" data-element_type=\"widget\" data-widget_type=\"premium-addon-banner.default\">\n\t\t\t\t<div class=\"elementor-widget-container\">\n\t\t\t\t\t<div class=\"premium-banner-ib premium-banner-min-height premium-banner-animation7 none\">\r\n\t\t\t\t\t\t\t<div class=\"premium-banner-border\">\r\n\t\t\t\t\t<div class=\"premium-banner-br premium-banner-bleft premium-banner-brlr\"><\/div>\r\n\t\t\t\t\t<div class=\"premium-banner-br premium-banner-bright premium-banner-brlr\"><\/div>\r\n\t\t\t\t\t<div class=\"premium-banner-br premium-banner-btop premium-banner-brtb\"><\/div>\r\n\t\t\t\t\t<div class=\"premium-banner-br premium-banner-bottom premium-banner-brtb\"><\/div>\r\n\t\t\t\t<\/div>\r\n\t\t\t\t\t\t\t\t\t\t\t\t\t\t\t<img fetchpriority=\"high\" decoding=\"async\" width=\"720\" height=\"527\" src=\"https:\/\/transformarqroo.com\/wp-content\/uploads\/2023\/05\/Isla-04_05_23.jpg\" class=\"attachment-full size-full wp-image-21974\" alt=\"\" srcset=\"https:\/\/transformarqroo.com\/wp-content\/uploads\/2023\/05\/Isla-04_05_23.jpg 720w, https:\/\/transformarqroo.com\/wp-content\/uploads\/2023\/05\/Isla-04_05_23-300x220.jpg 300w\" sizes=\"(max-width: 720px) 100vw, 720px\" \/>\t\t\t\t\t\t\t\t\t\t<div class=\"premium-banner-ib-desc\">\r\n\t\t\t\t\t\t\t\t\t<div class=\"premium-banner-desc-centered\">\r\n\t\t\t\t\t\t\t\t\t<h3 class=\"premium-banner-ib-title premium_banner_title\"><\/h3>\t\t\t\t\t\t\t\t\t\t\t\t\t<\/div>\r\n\t\t\t\t\t\t\t<\/div>\r\n\t\t\t\t\t<\/div>\r\n\t\t\t\t\t\t<\/div>\n\t\t\t\t<\/div>\n\t\t\t\t\t<\/div>\n\t\t<\/div>\n\t\t\t\t<div class=\"elementor-column elementor-col-33 elementor-top-column elementor-element elementor-element-1a1d59e\" data-id=\"1a1d59e\" data-element_type=\"column\">\n\t\t\t<div class=\"elementor-widget-wrap elementor-element-populated\">\n\t\t\t\t\t\t<div class=\"elementor-element elementor-element-513f0c02 elementor-widget elementor-widget-text-editor\" data-id=\"513f0c02\" data-element_type=\"widget\" data-widget_type=\"text-editor.default\">\n\t\t\t\t<div class=\"elementor-widget-container\">\n\t\t\t\t\t\t\t<p><span style=\"font-weight: 400;\">ISLA MUJERES, 4 DE MAYO DE 2023.- Con el fin de salvaguardar vidas y la integridad de las familias en la temporada cicl\u00f3nica, se llev\u00f3 a cabo la Reuni\u00f3n Nacional de Protecci\u00f3n Civil para la Temporada de Lluvias y Ciclones Tropicales 2023, encabezada por la Gobernadora de Quintana Roo, Mara Lezama y a la que asisti\u00f3 la presidenta municipal de Isla Mujeres, Atenea G\u00f3mez Ricalde.<\/span><\/p><p><span style=\"font-weight: 400;\">A esta importante reuni\u00f3n a la que asisti\u00f3 la titular de la Coordinaci\u00f3n Nacional de Protecci\u00f3n Civil, Laura Vel\u00e1zquez Alz\u00faa,\u00a0 tambi\u00e9n particip\u00f3 la direcci\u00f3n de Protecci\u00f3n Civil de Isla Mujeres.\u00a0<\/span><\/p><p><span style=\"font-weight: 400;\">La cultura de la prevenci\u00f3n ha caracterizado siempre a las isle\u00f1as e isle\u00f1os, por ello ante la temporada de huracanes 2023 que est\u00e1 por iniciar, seguir\u00e1n trabajando de manera coordinada los tres \u00f3rdenes de Gobierno para actuar con diligencia y prontitud ante cualquier fen\u00f3meno hidrometereol\u00f3gico que pueda impactar nuestras costas, indic\u00f3 la alcaldesa.<\/span><\/p><p><span style=\"font-weight: 400;\">Por su parte, la mandataria estatal, Mara Lezama, dijo que en Quintana Roo existe una gran cultura en el manejo de los ciclones tropicales, \u00abes un estado que se prepara para la contingencia y para ello hay que trabajar en la prevenci\u00f3n y actuar con inmediatez, pero con la unidad de todos, no solo de las tres de \u00f3rdenes de gobierno, sino tambi\u00e9n de la sociedad, adem\u00e1s de aplicar proyectos de \u00e9xitos de otros estados\u00bb.<\/span><\/p><p><span style=\"font-weight: 400;\">Felicit\u00f3 a los alcaldes y alcaldesas presentes, entre allos a Atenea G\u00f3mez.<\/span><\/p><p><span style=\"font-weight: 400;\">Para este 2023 el fen\u00f3meno \u00abEl Ni\u00f1o\u00bb predominar\u00e1 desde este mes de mayo, el cual generar\u00e1 lluvias hasta diciembre, con un promedio de 30% m\u00e1s de actividad en el Pac\u00edfico y un 10% menos en el Atl\u00e1ntico.<\/span><\/p><p><span style=\"font-weight: 400;\">Se prev\u00e9 que en el Atl\u00e1ntico se generen de 10 a 16 sistemas esta temporada, de ellos de 7 a 9 se contemplan como Ciclones y el resto como huracanes de diferentes categor\u00edas.<\/span><\/p><p><span style=\"font-weight: 400;\">Baja California Sur, es el estado donde m\u00e1s impactan estos sistemas seguido de\u00a0 Veracruz y Quintana Roo.<\/span><\/p><p><span style=\"font-weight: 400;\">La temporada cicl\u00f3nica este a\u00f1o empieza el 15 de mayo, en el oc\u00e9ano Pac\u00edfico y el 1 de junio, en el oc\u00e9ano Atl\u00e1ntico.<\/span><\/p>\t\t\t\t\t\t<\/div>\n\t\t\t\t<\/div>\n\t\t\t\t\t<\/div>\n\t\t<\/div>\n\t\t\t\t\t<\/div>\n\t\t<\/section>\n\t\t\t\t<section class=\"elementor-section elementor-top-section elementor-element elementor-element-51e0b80e elementor-section-boxed elementor-section-height-default elementor-section-height-default\" data-id=\"51e0b80e\" data-element_type=\"section\">\n\t\t\t\t\t\t<div class=\"elementor-container elementor-column-gap-default\">\n\t\t\t\t\t<div class=\"elementor-column elementor-col-100 elementor-top-column elementor-element elementor-element-16469288\" data-id=\"16469288\" data-element_type=\"column\">\n\t\t\t<div class=\"elementor-widget-wrap elementor-element-populated\">\n\t\t\t\t\t\t<div class=\"elementor-element elementor-element-63a1f5ca elementor-widget elementor-widget-gallery\" data-id=\"63a1f5ca\" data-element_type=\"widget\" data-settings=\"{&quot;gallery_layout&quot;:&quot;justified&quot;,&quot;lazyload&quot;:&quot;yes&quot;,&quot;ideal_row_height&quot;:{&quot;unit&quot;:&quot;px&quot;,&quot;size&quot;:200,&quot;sizes&quot;:[]},&quot;ideal_row_height_tablet&quot;:{&quot;unit&quot;:&quot;px&quot;,&quot;size&quot;:150,&quot;sizes&quot;:[]},&quot;ideal_row_height_mobile&quot;:{&quot;unit&quot;:&quot;px&quot;,&quot;size&quot;:150,&quot;sizes&quot;:[]},&quot;gap&quot;:{&quot;unit&quot;:&quot;px&quot;,&quot;size&quot;:10,&quot;sizes&quot;:[]},&quot;gap_tablet&quot;:{&quot;unit&quot;:&quot;px&quot;,&quot;size&quot;:10,&quot;sizes&quot;:[]},&quot;gap_mobile&quot;:{&quot;unit&quot;:&quot;px&quot;,&quot;size&quot;:10,&quot;sizes&quot;:[]},&quot;link_to&quot;:&quot;file&quot;,&quot;overlay_background&quot;:&quot;yes&quot;,&quot;content_hover_animation&quot;:&quot;fade-in&quot;}\" data-widget_type=\"gallery.default\">\n\t\t\t\t<div class=\"elementor-widget-container\">\n\t\t\t\t\t<div class=\"elementor-gallery__container\">\n\t\t\t\t\t\t\t<a class=\"e-gallery-item elementor-gallery-item elementor-animated-content\" href=\"https:\/\/transformarqroo.com\/wp-content\/uploads\/2023\/05\/Isla-04_05_231.jpg\" data-elementor-open-lightbox=\"yes\" data-elementor-lightbox-slideshow=\"63a1f5ca\" data-elementor-lightbox-title=\"Isla 04_05_23(1)\" data-e-action-hash=\"#elementor-action%3Aaction%3Dlightbox%26settings%3DeyJpZCI6MjE5NzEsInVybCI6Imh0dHBzOlwvXC90cmFuc2Zvcm1hcnFyb28uY29tXC93cC1jb250ZW50XC91cGxvYWRzXC8yMDIzXC8wNVwvSXNsYS0wNF8wNV8yMzEuanBnIiwic2xpZGVzaG93IjoiNjNhMWY1Y2EifQ%3D%3D\">\n\t\t\t\t\t<div class=\"e-gallery-image elementor-gallery-item__image\" data-thumbnail=\"https:\/\/transformarqroo.com\/wp-content\/uploads\/2023\/05\/Isla-04_05_231.jpg\" data-width=\"720\" data-height=\"543\" aria-label=\"\" role=\"img\" ><\/div>\n\t\t\t\t\t\t\t\t\t\t\t<div class=\"elementor-gallery-item__overlay\"><\/div>\n\t\t\t\t\t\t\t\t\t\t\t\t\t\t<\/a>\n\t\t\t\t\t\t\t<a class=\"e-gallery-item elementor-gallery-item elementor-animated-content\" href=\"https:\/\/transformarqroo.com\/wp-content\/uploads\/2023\/05\/Isla-04_05_232.jpg\" data-elementor-open-lightbox=\"yes\" data-elementor-lightbox-slideshow=\"63a1f5ca\" data-elementor-lightbox-title=\"Isla 04_05_23(2)\" data-e-action-hash=\"#elementor-action%3Aaction%3Dlightbox%26settings%3DeyJpZCI6MjE5NzIsInVybCI6Imh0dHBzOlwvXC90cmFuc2Zvcm1hcnFyb28uY29tXC93cC1jb250ZW50XC91cGxvYWRzXC8yMDIzXC8wNVwvSXNsYS0wNF8wNV8yMzIuanBnIiwic2xpZGVzaG93IjoiNjNhMWY1Y2EifQ%3D%3D\">\n\t\t\t\t\t<div class=\"e-gallery-image elementor-gallery-item__image\" data-thumbnail=\"https:\/\/transformarqroo.com\/wp-content\/uploads\/2023\/05\/Isla-04_05_232.jpg\" data-width=\"720\" data-height=\"685\" aria-label=\"\" role=\"img\" ><\/div>\n\t\t\t\t\t\t\t\t\t\t\t<div class=\"elementor-gallery-item__overlay\"><\/div>\n\t\t\t\t\t\t\t\t\t\t\t\t\t\t<\/a>\n\t\t\t\t\t\t\t<a class=\"e-gallery-item elementor-gallery-item elementor-animated-content\" href=\"https:\/\/transformarqroo.com\/wp-content\/uploads\/2023\/05\/Isla-04_05_233.jpg\" data-elementor-open-lightbox=\"yes\" data-elementor-lightbox-slideshow=\"63a1f5ca\" data-elementor-lightbox-title=\"Isla 04_05_23(3)\" data-e-action-hash=\"#elementor-action%3Aaction%3Dlightbox%26settings%3DeyJpZCI6MjE5NzMsInVybCI6Imh0dHBzOlwvXC90cmFuc2Zvcm1hcnFyb28uY29tXC93cC1jb250ZW50XC91cGxvYWRzXC8yMDIzXC8wNVwvSXNsYS0wNF8wNV8yMzMuanBnIiwic2xpZGVzaG93IjoiNjNhMWY1Y2EifQ%3D%3D\">\n\t\t\t\t\t<div class=\"e-gallery-image elementor-gallery-item__image\" data-thumbnail=\"https:\/\/transformarqroo.com\/wp-content\/uploads\/2023\/05\/Isla-04_05_233.jpg\" data-width=\"720\" data-height=\"597\" aria-label=\"\" role=\"img\" ><\/div>\n\t\t\t\t\t\t\t\t\t\t\t<div class=\"elementor-gallery-item__overlay\"><\/div>\n\t\t\t\t\t\t\t\t\t\t\t\t\t\t<\/a>\n\t\t\t\t\t\t\t<a class=\"e-gallery-item elementor-gallery-item elementor-animated-content\" href=\"https:\/\/transformarqroo.com\/wp-content\/uploads\/2023\/05\/Isla-04_05_23.jpg\" data-elementor-open-lightbox=\"yes\" data-elementor-lightbox-slideshow=\"63a1f5ca\" data-elementor-lightbox-title=\"Isla 04_05_23\" data-e-action-hash=\"#elementor-action%3Aaction%3Dlightbox%26settings%3DeyJpZCI6MjE5NzQsInVybCI6Imh0dHBzOlwvXC90cmFuc2Zvcm1hcnFyb28uY29tXC93cC1jb250ZW50XC91cGxvYWRzXC8yMDIzXC8wNVwvSXNsYS0wNF8wNV8yMy5qcGciLCJzbGlkZXNob3ciOiI2M2ExZjVjYSJ9\">\n\t\t\t\t\t<div class=\"e-gallery-image elementor-gallery-item__image\" data-thumbnail=\"https:\/\/transformarqroo.com\/wp-content\/uploads\/2023\/05\/Isla-04_05_23.jpg\" data-width=\"720\" data-height=\"527\" aria-label=\"\" role=\"img\" ><\/div>\n\t\t\t\t\t\t\t\t\t\t\t<div class=\"elementor-gallery-item__overlay\"><\/div>\n\t\t\t\t\t\t\t\t\t\t\t\t\t\t<\/a>\n\t\t\t\t\t<\/div>\n\t\t\t<\/div>\n\t\t\t\t<\/div>\n\t\t\t\t\t<\/div>\n\t\t<\/div>\n\t\t\t\t\t<\/div>\n\t\t<\/section>\n\t\t\t\t<\/div>\n\t\t","protected":false},"excerpt":{"rendered":"<p>ISLA MUJERES, 4 DE MAYO DE 2023.- Con el fin de salvaguardar vidas y la integridad de las familias en la temporada cicl\u00f3nica, se llev\u00f3 a cabo la Reuni\u00f3n Nacional de Protecci\u00f3n Civil para la Temporada de Lluvias y Ciclones Tropicales 2023, encabezada por la Gobernadora de Quintana Roo, Mara Lezama y a la que [&hellip;]<\/p>\n","protected":false},"author":1,"featured_media":21974,"comment_status":"closed","ping_status":"closed","sticky":false,"template":"","format":"standard","meta":{"_FSMCFIC_featured_image_caption":"","_FSMCFIC_featured_image_nocaption":"","_FSMCFIC_featured_image_hide":"1","footnotes":""},"categories":[32,25],"tags":[],"class_list":["post-21964","post","type-post","status-publish","format-standard","has-post-thumbnail","hentry","category-municipios","category-isla-mujeres"],"aioseo_notices":[],"_links":{"self":[{"href":"https:\/\/transformarqroo.com\/index.php\/wp-json\/wp\/v2\/posts\/21964","targetHints":{"allow":["GET"]}}],"collection":[{"href":"https:\/\/transformarqroo.com\/index.php\/wp-json\/wp\/v2\/posts"}],"about":[{"href":"https:\/\/transformarqroo.com\/index.php\/wp-json\/wp\/v2\/types\/post"}],"author":[{"embeddable":true,"href":"https:\/\/transformarqroo.com\/index.php\/wp-json\/wp\/v2\/users\/1"}],"replies":[{"embeddable":true,"href":"https:\/\/transformarqroo.com\/index.php\/wp-json\/wp\/v2\/comments?post=21964"}],"version-history":[{"count":7,"href":"https:\/\/transformarqroo.com\/index.php\/wp-json\/wp\/v2\/posts\/21964\/revisions"}],"predecessor-version":[{"id":23302,"href":"https:\/\/transformarqroo.com\/index.php\/wp-json\/wp\/v2\/posts\/21964\/revisions\/23302"}],"wp:featuredmedia":[{"embeddable":true,"href":"https:\/\/transformarqroo.com\/index.php\/wp-json\/wp\/v2\/media\/21974"}],"wp:attachment":[{"href":"https:\/\/transformarqroo.com\/index.php\/wp-json\/wp\/v2\/media?parent=21964"}],"wp:term":[{"taxonomy":"category","embeddable":true,"href":"https:\/\/transformarqroo.com\/index.php\/wp-json\/wp\/v2\/categories?post=21964"},{"taxonomy":"post_tag","embeddable":true,"href":"https:\/\/transformarqroo.com\/index.php\/wp-json\/wp\/v2\/tags?post=21964"}],"curies":[{"name":"wp","href":"https:\/\/api.w.org\/{rel}","templated":true}]}}