{"id":22364,"date":"2023-05-15T13:23:08","date_gmt":"2023-05-15T18:23:08","guid":{"rendered":"https:\/\/transformarqroo.com\/?p=22364"},"modified":"2023-06-14T15:25:52","modified_gmt":"2023-06-14T20:25:52","slug":"atenea-gomez-enaltece-la-labor-de-los-maestros-y-maestras","status":"publish","type":"post","link":"https:\/\/transformarqroo.com\/index.php\/2023\/05\/15\/atenea-gomez-enaltece-la-labor-de-los-maestros-y-maestras\/","title":{"rendered":"ATENEA G\u00d3MEZ ENALTECE LA LABOR DE LOS MAESTROS Y MAESTRAS"},"content":{"rendered":"\t\t<div data-elementor-type=\"wp-post\" data-elementor-id=\"22364\" class=\"elementor elementor-22364\" data-elementor-post-type=\"post\">\n\t\t\t\t\t\t<section class=\"elementor-section elementor-top-section elementor-element elementor-element-45e4f13 elementor-section-boxed elementor-section-height-default elementor-section-height-default\" data-id=\"45e4f13\" data-element_type=\"section\">\n\t\t\t\t\t\t<div class=\"elementor-container elementor-column-gap-default\">\n\t\t\t\t\t<div class=\"elementor-column elementor-col-66 elementor-top-column elementor-element elementor-element-dbcf2bd\" data-id=\"dbcf2bd\" data-element_type=\"column\">\n\t\t\t<div class=\"elementor-widget-wrap elementor-element-populated\">\n\t\t\t\t\t\t<div class=\"elementor-element elementor-element-578639e9 elementor-widget elementor-widget-premium-addon-banner\" data-id=\"578639e9\" data-element_type=\"widget\" data-widget_type=\"premium-addon-banner.default\">\n\t\t\t\t<div class=\"elementor-widget-container\">\n\t\t\t\t\t<div class=\"premium-banner-ib premium-banner-min-height premium-banner-animation7 none\">\r\n\t\t\t\t\t\t\t<div class=\"premium-banner-border\">\r\n\t\t\t\t\t<div class=\"premium-banner-br premium-banner-bleft premium-banner-brlr\"><\/div>\r\n\t\t\t\t\t<div class=\"premium-banner-br premium-banner-bright premium-banner-brlr\"><\/div>\r\n\t\t\t\t\t<div class=\"premium-banner-br premium-banner-btop premium-banner-brtb\"><\/div>\r\n\t\t\t\t\t<div class=\"premium-banner-br premium-banner-bottom premium-banner-brtb\"><\/div>\r\n\t\t\t\t<\/div>\r\n\t\t\t\t\t\t\t\t\t\t\t\t\t\t\t<img fetchpriority=\"high\" decoding=\"async\" width=\"1345\" height=\"508\" src=\"https:\/\/transformarqroo.com\/wp-content\/uploads\/2023\/05\/Isla-15_05_23.jpg\" class=\"attachment-full size-full wp-image-22368\" alt=\"\" srcset=\"https:\/\/transformarqroo.com\/wp-content\/uploads\/2023\/05\/Isla-15_05_23.jpg 1345w, https:\/\/transformarqroo.com\/wp-content\/uploads\/2023\/05\/Isla-15_05_23-300x113.jpg 300w, https:\/\/transformarqroo.com\/wp-content\/uploads\/2023\/05\/Isla-15_05_23-1024x387.jpg 1024w, https:\/\/transformarqroo.com\/wp-content\/uploads\/2023\/05\/Isla-15_05_23-768x290.jpg 768w\" sizes=\"(max-width: 1345px) 100vw, 1345px\" \/>\t\t\t\t\t\t\t\t\t\t<div class=\"premium-banner-ib-desc\">\r\n\t\t\t\t\t\t\t\t\t<div class=\"premium-banner-desc-centered\">\r\n\t\t\t\t\t\t\t\t\t<h3 class=\"premium-banner-ib-title premium_banner_title\"><\/h3>\t\t\t\t\t\t\t\t\t\t\t\t\t<\/div>\r\n\t\t\t\t\t\t\t<\/div>\r\n\t\t\t\t\t<\/div>\r\n\t\t\t\t\t\t<\/div>\n\t\t\t\t<\/div>\n\t\t\t\t\t<\/div>\n\t\t<\/div>\n\t\t\t\t<div class=\"elementor-column elementor-col-33 elementor-top-column elementor-element elementor-element-b824f49\" data-id=\"b824f49\" data-element_type=\"column\">\n\t\t\t<div class=\"elementor-widget-wrap elementor-element-populated\">\n\t\t\t\t\t\t<div class=\"elementor-element elementor-element-60e6de1 elementor-widget elementor-widget-text-editor\" data-id=\"60e6de1\" data-element_type=\"widget\" data-widget_type=\"text-editor.default\">\n\t\t\t\t<div class=\"elementor-widget-container\">\n\t\t\t\t\t\t\t<p>ISLA MUJERES, 15 DE MAYO DE 2023.- Reconoce la presidenta municipal de Isla Mujeres, Atenea G\u00f3mez Ricalde, la labor de los maestros y maestras tanto de la Zona Continental como la Insular.<\/p><p>En ceremonia efectuada en conmemoraci\u00f3n a los docentes, la alcaldesa dijo estar emocionada por ser un d\u00eda muy especial, ya que maestros y maestra son quienes pueden marcar la diferencia en el futuro de los estudiantes\u00a0<\/p>\t\t\t\t\t\t<\/div>\n\t\t\t\t<\/div>\n\t\t\t\t\t<\/div>\n\t\t<\/div>\n\t\t\t\t\t<\/div>\n\t\t<\/section>\n\t\t\t\t<section class=\"elementor-section elementor-top-section elementor-element elementor-element-7fc75c6a elementor-section-boxed elementor-section-height-default elementor-section-height-default\" data-id=\"7fc75c6a\" data-element_type=\"section\">\n\t\t\t\t\t\t<div class=\"elementor-container elementor-column-gap-default\">\n\t\t\t\t\t<div class=\"elementor-column elementor-col-100 elementor-top-column elementor-element elementor-element-66c5a38a\" data-id=\"66c5a38a\" data-element_type=\"column\">\n\t\t\t<div class=\"elementor-widget-wrap elementor-element-populated\">\n\t\t\t\t\t\t<div class=\"elementor-element elementor-element-2898f97a elementor-widget elementor-widget-text-editor\" data-id=\"2898f97a\" data-element_type=\"widget\" data-widget_type=\"text-editor.default\">\n\t\t\t\t<div class=\"elementor-widget-container\">\n\t\t\t\t\t\t\t<p><br><\/p>\n<p><span style=\"font-weight: 400;\">Felicit\u00f3 a todos los directores y directoras, as\u00ed como a cada maestro y maestra que cuidan su sal\u00f3n y a aquellos que no esperan a que llegue el recurso y se las ingenian para continuar la ense\u00f1anza con calidad para que sus alumnos salgan adelante.<\/span><\/p>\n<p><span style=\"font-weight: 400;\">La alcaldesa extendi\u00f3 su reconocimiento para todos aquellos y aquellas que resultan ser un refugio para todos los estudiantes en el que la familia est\u00e1 ausente.<\/span><\/p>\n<p><span style=\"font-weight: 400;\">\u00abLos maestros y maestros pueden ser ese abrazo que les puede cambiar la vida a un alumno o una alumna y que a pesar de las circunstancias ven en ellos a hombres y mujeres de bien\u00bb, indic\u00f3.<\/span><\/p>\n<p><span style=\"font-weight: 400;\">Destac\u00f3 que trabaja en todo lo que est\u00e1 es sus manos desde el \u00e1mbito municipal para que cada vez, las escuelas est\u00e9n en mejor estado, buscando recursos del estado y federal para una mejor estructura e infraestructura, a pesar que por la ley de disciplina financiera es m\u00e1s complejo invertir, pero siempre con voluntad se buscan nuevas oportunidades para poder ayudar.<\/span><\/p>\t\t\t\t\t\t<\/div>\n\t\t\t\t<\/div>\n\t\t\t\t\t<\/div>\n\t\t<\/div>\n\t\t\t\t\t<\/div>\n\t\t<\/section>\n\t\t\t\t<section class=\"elementor-section elementor-top-section elementor-element elementor-element-14e9433d elementor-section-boxed elementor-section-height-default elementor-section-height-default\" data-id=\"14e9433d\" data-element_type=\"section\">\n\t\t\t\t\t\t<div class=\"elementor-container elementor-column-gap-default\">\n\t\t\t\t\t<div class=\"elementor-column elementor-col-100 elementor-top-column elementor-element elementor-element-2b0909c1\" data-id=\"2b0909c1\" data-element_type=\"column\">\n\t\t\t<div class=\"elementor-widget-wrap elementor-element-populated\">\n\t\t\t\t\t\t<div class=\"elementor-element elementor-element-2026617f elementor-widget elementor-widget-gallery\" data-id=\"2026617f\" data-element_type=\"widget\" data-settings=\"{&quot;gallery_layout&quot;:&quot;justified&quot;,&quot;lazyload&quot;:&quot;yes&quot;,&quot;ideal_row_height&quot;:{&quot;unit&quot;:&quot;px&quot;,&quot;size&quot;:200,&quot;sizes&quot;:[]},&quot;ideal_row_height_tablet&quot;:{&quot;unit&quot;:&quot;px&quot;,&quot;size&quot;:150,&quot;sizes&quot;:[]},&quot;ideal_row_height_mobile&quot;:{&quot;unit&quot;:&quot;px&quot;,&quot;size&quot;:150,&quot;sizes&quot;:[]},&quot;gap&quot;:{&quot;unit&quot;:&quot;px&quot;,&quot;size&quot;:10,&quot;sizes&quot;:[]},&quot;gap_tablet&quot;:{&quot;unit&quot;:&quot;px&quot;,&quot;size&quot;:10,&quot;sizes&quot;:[]},&quot;gap_mobile&quot;:{&quot;unit&quot;:&quot;px&quot;,&quot;size&quot;:10,&quot;sizes&quot;:[]},&quot;link_to&quot;:&quot;file&quot;,&quot;overlay_background&quot;:&quot;yes&quot;,&quot;content_hover_animation&quot;:&quot;fade-in&quot;}\" data-widget_type=\"gallery.default\">\n\t\t\t\t<div class=\"elementor-widget-container\">\n\t\t\t\t\t<div class=\"elementor-gallery__container\">\n\t\t\t\t\t\t\t<a class=\"e-gallery-item elementor-gallery-item elementor-animated-content\" href=\"https:\/\/transformarqroo.com\/wp-content\/uploads\/2023\/05\/Isla-15_05_231.jpg\" data-elementor-open-lightbox=\"yes\" data-elementor-lightbox-slideshow=\"2026617f\" data-elementor-lightbox-title=\"Isla 15_05_23(1)\" data-e-action-hash=\"#elementor-action%3Aaction%3Dlightbox%26settings%3DeyJpZCI6MjIzNjUsInVybCI6Imh0dHBzOlwvXC90cmFuc2Zvcm1hcnFyb28uY29tXC93cC1jb250ZW50XC91cGxvYWRzXC8yMDIzXC8wNVwvSXNsYS0xNV8wNV8yMzEuanBnIiwic2xpZGVzaG93IjoiMjAyNjYxN2YifQ%3D%3D\">\n\t\t\t\t\t<div class=\"e-gallery-image elementor-gallery-item__image\" data-thumbnail=\"https:\/\/transformarqroo.com\/wp-content\/uploads\/2023\/05\/Isla-15_05_231.jpg\" data-width=\"1368\" data-height=\"912\" aria-label=\"\" role=\"img\" ><\/div>\n\t\t\t\t\t\t\t\t\t\t\t<div class=\"elementor-gallery-item__overlay\"><\/div>\n\t\t\t\t\t\t\t\t\t\t\t\t\t\t<\/a>\n\t\t\t\t\t\t\t<a class=\"e-gallery-item elementor-gallery-item elementor-animated-content\" href=\"https:\/\/transformarqroo.com\/wp-content\/uploads\/2023\/05\/Isla-15_05_232.jpg\" data-elementor-open-lightbox=\"yes\" data-elementor-lightbox-slideshow=\"2026617f\" data-elementor-lightbox-title=\"Isla 15_05_23(2)\" data-e-action-hash=\"#elementor-action%3Aaction%3Dlightbox%26settings%3DeyJpZCI6MjIzNjYsInVybCI6Imh0dHBzOlwvXC90cmFuc2Zvcm1hcnFyb28uY29tXC93cC1jb250ZW50XC91cGxvYWRzXC8yMDIzXC8wNVwvSXNsYS0xNV8wNV8yMzIuanBnIiwic2xpZGVzaG93IjoiMjAyNjYxN2YifQ%3D%3D\">\n\t\t\t\t\t<div class=\"e-gallery-image elementor-gallery-item__image\" data-thumbnail=\"https:\/\/transformarqroo.com\/wp-content\/uploads\/2023\/05\/Isla-15_05_232.jpg\" data-width=\"1600\" data-height=\"1282\" aria-label=\"\" role=\"img\" ><\/div>\n\t\t\t\t\t\t\t\t\t\t\t<div class=\"elementor-gallery-item__overlay\"><\/div>\n\t\t\t\t\t\t\t\t\t\t\t\t\t\t<\/a>\n\t\t\t\t\t\t\t<a class=\"e-gallery-item elementor-gallery-item elementor-animated-content\" href=\"https:\/\/transformarqroo.com\/wp-content\/uploads\/2023\/05\/Isla-15_05_233.jpg\" data-elementor-open-lightbox=\"yes\" data-elementor-lightbox-slideshow=\"2026617f\" data-elementor-lightbox-title=\"Isla 15_05_23(3)\" data-e-action-hash=\"#elementor-action%3Aaction%3Dlightbox%26settings%3DeyJpZCI6MjIzNjcsInVybCI6Imh0dHBzOlwvXC90cmFuc2Zvcm1hcnFyb28uY29tXC93cC1jb250ZW50XC91cGxvYWRzXC8yMDIzXC8wNVwvSXNsYS0xNV8wNV8yMzMuanBnIiwic2xpZGVzaG93IjoiMjAyNjYxN2YifQ%3D%3D\">\n\t\t\t\t\t<div class=\"e-gallery-image elementor-gallery-item__image\" data-thumbnail=\"https:\/\/transformarqroo.com\/wp-content\/uploads\/2023\/05\/Isla-15_05_233.jpg\" data-width=\"1368\" data-height=\"912\" aria-label=\"\" role=\"img\" ><\/div>\n\t\t\t\t\t\t\t\t\t\t\t<div class=\"elementor-gallery-item__overlay\"><\/div>\n\t\t\t\t\t\t\t\t\t\t\t\t\t\t<\/a>\n\t\t\t\t\t\t\t<a class=\"e-gallery-item elementor-gallery-item elementor-animated-content\" href=\"https:\/\/transformarqroo.com\/wp-content\/uploads\/2023\/05\/Isla-15_05_23.jpg\" data-elementor-open-lightbox=\"yes\" data-elementor-lightbox-slideshow=\"2026617f\" data-elementor-lightbox-title=\"Isla 15_05_23\" data-e-action-hash=\"#elementor-action%3Aaction%3Dlightbox%26settings%3DeyJpZCI6MjIzNjgsInVybCI6Imh0dHBzOlwvXC90cmFuc2Zvcm1hcnFyb28uY29tXC93cC1jb250ZW50XC91cGxvYWRzXC8yMDIzXC8wNVwvSXNsYS0xNV8wNV8yMy5qcGciLCJzbGlkZXNob3ciOiIyMDI2NjE3ZiJ9\">\n\t\t\t\t\t<div class=\"e-gallery-image elementor-gallery-item__image\" data-thumbnail=\"https:\/\/transformarqroo.com\/wp-content\/uploads\/2023\/05\/Isla-15_05_23.jpg\" data-width=\"1345\" data-height=\"508\" aria-label=\"\" role=\"img\" ><\/div>\n\t\t\t\t\t\t\t\t\t\t\t<div class=\"elementor-gallery-item__overlay\"><\/div>\n\t\t\t\t\t\t\t\t\t\t\t\t\t\t<\/a>\n\t\t\t\t\t<\/div>\n\t\t\t<\/div>\n\t\t\t\t<\/div>\n\t\t\t\t\t<\/div>\n\t\t<\/div>\n\t\t\t\t\t<\/div>\n\t\t<\/section>\n\t\t\t\t<\/div>\n\t\t","protected":false},"excerpt":{"rendered":"<p>ISLA MUJERES, 15 DE MAYO DE 2023.- Reconoce la presidenta municipal de Isla Mujeres, Atenea G\u00f3mez Ricalde, la labor de los maestros y maestras tanto de la Zona Continental como la Insular. En ceremonia efectuada en conmemoraci\u00f3n a los docentes, la alcaldesa dijo estar emocionada por ser un d\u00eda muy especial, ya que maestros y [&hellip;]<\/p>\n","protected":false},"author":1,"featured_media":22368,"comment_status":"closed","ping_status":"closed","sticky":false,"template":"","format":"standard","meta":{"_FSMCFIC_featured_image_caption":"","_FSMCFIC_featured_image_nocaption":"","_FSMCFIC_featured_image_hide":"1","footnotes":""},"categories":[32,25],"tags":[],"class_list":["post-22364","post","type-post","status-publish","format-standard","has-post-thumbnail","hentry","category-municipios","category-isla-mujeres"],"aioseo_notices":[],"_links":{"self":[{"href":"https:\/\/transformarqroo.com\/index.php\/wp-json\/wp\/v2\/posts\/22364","targetHints":{"allow":["GET"]}}],"collection":[{"href":"https:\/\/transformarqroo.com\/index.php\/wp-json\/wp\/v2\/posts"}],"about":[{"href":"https:\/\/transformarqroo.com\/index.php\/wp-json\/wp\/v2\/types\/post"}],"author":[{"embeddable":true,"href":"https:\/\/transformarqroo.com\/index.php\/wp-json\/wp\/v2\/users\/1"}],"replies":[{"embeddable":true,"href":"https:\/\/transformarqroo.com\/index.php\/wp-json\/wp\/v2\/comments?post=22364"}],"version-history":[{"count":7,"href":"https:\/\/transformarqroo.com\/index.php\/wp-json\/wp\/v2\/posts\/22364\/revisions"}],"predecessor-version":[{"id":23329,"href":"https:\/\/transformarqroo.com\/index.php\/wp-json\/wp\/v2\/posts\/22364\/revisions\/23329"}],"wp:featuredmedia":[{"embeddable":true,"href":"https:\/\/transformarqroo.com\/index.php\/wp-json\/wp\/v2\/media\/22368"}],"wp:attachment":[{"href":"https:\/\/transformarqroo.com\/index.php\/wp-json\/wp\/v2\/media?parent=22364"}],"wp:term":[{"taxonomy":"category","embeddable":true,"href":"https:\/\/transformarqroo.com\/index.php\/wp-json\/wp\/v2\/categories?post=22364"},{"taxonomy":"post_tag","embeddable":true,"href":"https:\/\/transformarqroo.com\/index.php\/wp-json\/wp\/v2\/tags?post=22364"}],"curies":[{"name":"wp","href":"https:\/\/api.w.org\/{rel}","templated":true}]}}