{"id":22743,"date":"2023-05-27T14:28:05","date_gmt":"2023-05-27T19:28:05","guid":{"rendered":"https:\/\/transformarqroo.com\/?p=22743"},"modified":"2023-05-31T14:32:37","modified_gmt":"2023-05-31T19:32:37","slug":"respalda-ana-paty-peralta-a-la-juventud-quintanarroense","status":"publish","type":"post","link":"https:\/\/transformarqroo.com\/index.php\/2023\/05\/27\/respalda-ana-paty-peralta-a-la-juventud-quintanarroense\/","title":{"rendered":"RESPALDA ANA PATY PERALTA A LA JUVENTUD QUINTANARROENSE"},"content":{"rendered":"\t\t<div data-elementor-type=\"wp-post\" data-elementor-id=\"22743\" class=\"elementor elementor-22743\" data-elementor-post-type=\"post\">\n\t\t\t\t\t\t<section class=\"elementor-section elementor-top-section elementor-element elementor-element-731514fd elementor-section-boxed elementor-section-height-default elementor-section-height-default\" data-id=\"731514fd\" data-element_type=\"section\">\n\t\t\t\t\t\t<div class=\"elementor-container elementor-column-gap-default\">\n\t\t\t\t\t<div class=\"elementor-column elementor-col-100 elementor-top-column elementor-element elementor-element-1ca288fe\" data-id=\"1ca288fe\" data-element_type=\"column\">\n\t\t\t<div class=\"elementor-widget-wrap elementor-element-populated\">\n\t\t\t\t\t\t<div class=\"elementor-element elementor-element-7505d63d elementor-widget elementor-widget-premium-addon-banner\" data-id=\"7505d63d\" data-element_type=\"widget\" data-widget_type=\"premium-addon-banner.default\">\n\t\t\t\t<div class=\"elementor-widget-container\">\n\t\t\t\t\t<div class=\"premium-banner-ib premium-banner-min-height premium-banner-animation7 none\">\r\n\t\t\t\t\t\t\t<div class=\"premium-banner-border\">\r\n\t\t\t\t\t<div class=\"premium-banner-br premium-banner-bleft premium-banner-brlr\"><\/div>\r\n\t\t\t\t\t<div class=\"premium-banner-br premium-banner-bright premium-banner-brlr\"><\/div>\r\n\t\t\t\t\t<div class=\"premium-banner-br premium-banner-btop premium-banner-brtb\"><\/div>\r\n\t\t\t\t\t<div class=\"premium-banner-br premium-banner-bottom premium-banner-brtb\"><\/div>\r\n\t\t\t\t<\/div>\r\n\t\t\t\t\t\t\t\t\t\t\t\t\t\t\t<img fetchpriority=\"high\" decoding=\"async\" width=\"1280\" height=\"853\" src=\"https:\/\/transformarqroo.com\/wp-content\/uploads\/2023\/05\/BJ-27_05_23.jpg\" class=\"attachment-full size-full wp-image-22750\" alt=\"\" srcset=\"https:\/\/transformarqroo.com\/wp-content\/uploads\/2023\/05\/BJ-27_05_23.jpg 1280w, https:\/\/transformarqroo.com\/wp-content\/uploads\/2023\/05\/BJ-27_05_23-300x200.jpg 300w, https:\/\/transformarqroo.com\/wp-content\/uploads\/2023\/05\/BJ-27_05_23-1024x682.jpg 1024w, https:\/\/transformarqroo.com\/wp-content\/uploads\/2023\/05\/BJ-27_05_23-768x512.jpg 768w\" sizes=\"(max-width: 1280px) 100vw, 1280px\" \/>\t\t\t\t\t\t\t\t\t\t<div class=\"premium-banner-ib-desc\">\r\n\t\t\t\t\t\t\t\t\t<div class=\"premium-banner-desc-centered\">\r\n\t\t\t\t\t\t\t\t\t<h3 class=\"premium-banner-ib-title premium_banner_title\"><\/h3>\t\t\t\t\t\t\t\t\t\t\t\t\t<\/div>\r\n\t\t\t\t\t\t\t<\/div>\r\n\t\t\t\t\t<\/div>\r\n\t\t\t\t\t\t<\/div>\n\t\t\t\t<\/div>\n\t\t\t\t\t<\/div>\n\t\t<\/div>\n\t\t\t\t\t<\/div>\n\t\t<\/section>\n\t\t\t\t<section class=\"elementor-section elementor-top-section elementor-element elementor-element-7e7ca5a5 elementor-section-boxed elementor-section-height-default elementor-section-height-default\" data-id=\"7e7ca5a5\" data-element_type=\"section\" data-settings=\"{&quot;background_background&quot;:&quot;classic&quot;}\">\n\t\t\t\t\t\t<div class=\"elementor-container elementor-column-gap-default\">\n\t\t\t\t\t<div class=\"elementor-column elementor-col-100 elementor-top-column elementor-element elementor-element-5917ea8\" data-id=\"5917ea8\" data-element_type=\"column\">\n\t\t\t<div class=\"elementor-widget-wrap elementor-element-populated\">\n\t\t\t\t\t\t<div class=\"elementor-element elementor-element-2216dab0 premium-title-icon-row premium-title-color elementor-widget elementor-widget-premium-addon-title\" data-id=\"2216dab0\" data-element_type=\"widget\" data-widget_type=\"premium-addon-title.default\">\n\t\t\t\t<div class=\"elementor-widget-container\">\n\t\t\t\r\n\t\t<div class=\"premium-title-container style2\">\r\n\t\t\t<h5 class=\"premium-title-header premium-title-style2\">\r\n\t\t\t\t\r\n\t\t\t\t\t\t\t\t\t\t\t\t\t\t\t<div class=\"premium-title-icon premium-lottie-animation\" data-lottie-url=\"https:\/\/assets8.lottiefiles.com\/packages\/lf20_pcfclxy8.json\" data-lottie-loop=\"true\" data-lottie-reverse=\"\"><\/div>\r\n\t\t\t\t\t\t\t\t\t\r\n\t\t\t\t\t\t\t\t\t\t\t\t<span class=\"premium-title-text\" >\r\n\t\t\t\t\tInstalan Consejo Estatal de la Juventud en Canc\u00fan.\t\t\t\t<\/span>\r\n\t\t\t\t\t\r\n\t\t\t\t\t\t\t\t\t\t\t<\/h5>\r\n\t\t<\/div>\r\n\r\n\t\t\t\t<\/div>\n\t\t\t\t<\/div>\n\t\t\t\t\t<\/div>\n\t\t<\/div>\n\t\t\t\t\t<\/div>\n\t\t<\/section>\n\t\t\t\t<section class=\"elementor-section elementor-top-section elementor-element elementor-element-74fd3cac elementor-section-boxed elementor-section-height-default elementor-section-height-default\" data-id=\"74fd3cac\" data-element_type=\"section\">\n\t\t\t\t\t\t<div class=\"elementor-container elementor-column-gap-default\">\n\t\t\t\t\t<div class=\"elementor-column elementor-col-100 elementor-top-column elementor-element elementor-element-6d48e65a\" data-id=\"6d48e65a\" data-element_type=\"column\">\n\t\t\t<div class=\"elementor-widget-wrap elementor-element-populated\">\n\t\t\t\t\t\t<div class=\"elementor-element elementor-element-5341c06e elementor-widget elementor-widget-text-editor\" data-id=\"5341c06e\" data-element_type=\"widget\" data-widget_type=\"text-editor.default\">\n\t\t\t\t<div class=\"elementor-widget-container\">\n\t\t\t\t\t\t\t<p><span style=\"font-weight: 400;\">Canc\u00fan, Q. R., a 27 de mayo de 2023.- La Presidenta Municipal de Benito Ju\u00e1rez, Ana Paty Peralta, fungi\u00f3 como anfitriona en la toma de protesta de Consejeras y Consejeros que se integran al Consejo Estatal de la Juventud para el periodo 2023 \u2013 2024, la cual, estuvo a cargo de la titular de la Secretar\u00eda del Trabajo y Previsi\u00f3n Social, Flor Ruiz Cosio, en representaci\u00f3n de la gobernadora de Quintana Roo, Mara Lezama.\u00a0<\/span><\/p><p>\u00a0<\/p><p><span style=\"font-weight: 400;\">La biblioteca del Instituto Tecnol\u00f3gico de Canc\u00fan fue sede de tan relevante ceremonia, donde la Primera Autoridad Municipal dio la bienvenida a todas y todos los j\u00f3venes, enfatizando que son el presente y futuro de la ciudad, el estado y pa\u00eds, por lo que los incentiv\u00f3 a seguir creciendo de manera personal y profesional, contando con el gobierno de Benito Ju\u00e1rez como su aliado.<\/span><\/p><p>\u00a0<\/p><p><span style=\"font-weight: 400;\">\u201cMe siento muy feliz de recibirlos aqu\u00ed en Canc\u00fan, su casa. Quiero decirles que en coordinaci\u00f3n con los tres \u00f3rdenes de gobierno estamos trabajando fuertemente por la juventud, porque ustedes son los agentes del cambio para seguir transformando nuestra sociedad y para reconstruir el tejido social de nuestro estado\u00bb, expres\u00f3.<\/span><\/p><p>\u00a0<\/p><p><span style=\"font-weight: 400;\">Durante la toma de protesta, se not\u00f3 la emoci\u00f3n y el compromiso de los nuevos integrantes del Consejo Estatal de la Juventud, el cual, est\u00e1 integrado por 22 j\u00f3venes quintanarroenses pertenecientes a los 11 municipios del estado, con principios de paridad de g\u00e9nero, siendo un \u00f3rgano colegiado de consulta, que funge como un espacio de participaci\u00f3n ciudadana de las juventudes para dar seguimiento a las pol\u00edticas p\u00fablicas en materia de juventud.<\/span><\/p><p>\u00a0<\/p><p><span style=\"font-weight: 400;\">Por su parte, la secretaria Flor Ruiz Cosio dirigi\u00e9ndose a ellas y ellos, les encomend\u00f3 trabajar y velar siempre por el bienestar de todos los quintanarroenses, principalmente los j\u00f3venes: \u201cen el Nuevo Acuerdo por el Bienestar y el Desarrollo de Quintana Roo, impulsado por nuestra gobernadora Mara Lezama, todas las voces son escuchadas\u201d.<\/span><\/p><p>\u00a0<\/p><p><span style=\"font-weight: 400;\">Tras la toma de protesta, se celebr\u00f3 la segunda sesi\u00f3n ordinaria del Consejo Estatal de la Juventud, en presencia \u00fanicamente de la directora general del Instituto Quintanarroense de la Juventud, Alma Delfina Alvarado Moo, adem\u00e1s de las y los consejeros.<\/span><\/p>\t\t\t\t\t\t<\/div>\n\t\t\t\t<\/div>\n\t\t\t\t\t<\/div>\n\t\t<\/div>\n\t\t\t\t\t<\/div>\n\t\t<\/section>\n\t\t\t\t<section class=\"elementor-section elementor-top-section elementor-element elementor-element-49ac7e10 elementor-section-boxed elementor-section-height-default elementor-section-height-default\" data-id=\"49ac7e10\" data-element_type=\"section\">\n\t\t\t\t\t\t<div class=\"elementor-container elementor-column-gap-default\">\n\t\t\t\t\t<div class=\"elementor-column elementor-col-100 elementor-top-column elementor-element elementor-element-be64673\" data-id=\"be64673\" data-element_type=\"column\">\n\t\t\t<div class=\"elementor-widget-wrap elementor-element-populated\">\n\t\t\t\t\t\t<div class=\"elementor-element elementor-element-16bf90d0 elementor-widget elementor-widget-gallery\" data-id=\"16bf90d0\" data-element_type=\"widget\" data-settings=\"{&quot;gallery_layout&quot;:&quot;justified&quot;,&quot;lazyload&quot;:&quot;yes&quot;,&quot;ideal_row_height&quot;:{&quot;unit&quot;:&quot;px&quot;,&quot;size&quot;:200,&quot;sizes&quot;:[]},&quot;ideal_row_height_tablet&quot;:{&quot;unit&quot;:&quot;px&quot;,&quot;size&quot;:150,&quot;sizes&quot;:[]},&quot;ideal_row_height_mobile&quot;:{&quot;unit&quot;:&quot;px&quot;,&quot;size&quot;:150,&quot;sizes&quot;:[]},&quot;gap&quot;:{&quot;unit&quot;:&quot;px&quot;,&quot;size&quot;:10,&quot;sizes&quot;:[]},&quot;gap_tablet&quot;:{&quot;unit&quot;:&quot;px&quot;,&quot;size&quot;:10,&quot;sizes&quot;:[]},&quot;gap_mobile&quot;:{&quot;unit&quot;:&quot;px&quot;,&quot;size&quot;:10,&quot;sizes&quot;:[]},&quot;link_to&quot;:&quot;file&quot;,&quot;overlay_background&quot;:&quot;yes&quot;,&quot;content_hover_animation&quot;:&quot;fade-in&quot;}\" data-widget_type=\"gallery.default\">\n\t\t\t\t<div class=\"elementor-widget-container\">\n\t\t\t\t\t<div class=\"elementor-gallery__container\">\n\t\t\t\t\t\t\t<a class=\"e-gallery-item elementor-gallery-item elementor-animated-content\" href=\"https:\/\/transformarqroo.com\/wp-content\/uploads\/2023\/05\/BJ-27_05_231.jpg\" data-elementor-open-lightbox=\"yes\" data-elementor-lightbox-slideshow=\"16bf90d0\" data-elementor-lightbox-title=\"BJ 27_05_23(1)\" data-e-action-hash=\"#elementor-action%3Aaction%3Dlightbox%26settings%3DeyJpZCI6MjI3NDcsInVybCI6Imh0dHBzOlwvXC90cmFuc2Zvcm1hcnFyb28uY29tXC93cC1jb250ZW50XC91cGxvYWRzXC8yMDIzXC8wNVwvQkotMjdfMDVfMjMxLmpwZyIsInNsaWRlc2hvdyI6IjE2YmY5MGQwIn0%3D\">\n\t\t\t\t\t<div class=\"e-gallery-image elementor-gallery-item__image\" data-thumbnail=\"https:\/\/transformarqroo.com\/wp-content\/uploads\/2023\/05\/BJ-27_05_231.jpg\" data-width=\"1280\" data-height=\"558\" aria-label=\"\" role=\"img\" ><\/div>\n\t\t\t\t\t\t\t\t\t\t\t<div class=\"elementor-gallery-item__overlay\"><\/div>\n\t\t\t\t\t\t\t\t\t\t\t\t\t\t<\/a>\n\t\t\t\t\t\t\t<a class=\"e-gallery-item elementor-gallery-item elementor-animated-content\" href=\"https:\/\/transformarqroo.com\/wp-content\/uploads\/2023\/05\/BJ-27_05_232.jpg\" data-elementor-open-lightbox=\"yes\" data-elementor-lightbox-slideshow=\"16bf90d0\" data-elementor-lightbox-title=\"BJ 27_05_23(2)\" data-e-action-hash=\"#elementor-action%3Aaction%3Dlightbox%26settings%3DeyJpZCI6MjI3NDgsInVybCI6Imh0dHBzOlwvXC90cmFuc2Zvcm1hcnFyb28uY29tXC93cC1jb250ZW50XC91cGxvYWRzXC8yMDIzXC8wNVwvQkotMjdfMDVfMjMyLmpwZyIsInNsaWRlc2hvdyI6IjE2YmY5MGQwIn0%3D\">\n\t\t\t\t\t<div class=\"e-gallery-image elementor-gallery-item__image\" data-thumbnail=\"https:\/\/transformarqroo.com\/wp-content\/uploads\/2023\/05\/BJ-27_05_232.jpg\" data-width=\"1280\" data-height=\"853\" aria-label=\"\" role=\"img\" ><\/div>\n\t\t\t\t\t\t\t\t\t\t\t<div class=\"elementor-gallery-item__overlay\"><\/div>\n\t\t\t\t\t\t\t\t\t\t\t\t\t\t<\/a>\n\t\t\t\t\t\t\t<a class=\"e-gallery-item elementor-gallery-item elementor-animated-content\" href=\"https:\/\/transformarqroo.com\/wp-content\/uploads\/2023\/05\/BJ-27_05_233.jpg\" data-elementor-open-lightbox=\"yes\" data-elementor-lightbox-slideshow=\"16bf90d0\" data-elementor-lightbox-title=\"BJ 27_05_23(3)\" data-e-action-hash=\"#elementor-action%3Aaction%3Dlightbox%26settings%3DeyJpZCI6MjI3NDksInVybCI6Imh0dHBzOlwvXC90cmFuc2Zvcm1hcnFyb28uY29tXC93cC1jb250ZW50XC91cGxvYWRzXC8yMDIzXC8wNVwvQkotMjdfMDVfMjMzLmpwZyIsInNsaWRlc2hvdyI6IjE2YmY5MGQwIn0%3D\">\n\t\t\t\t\t<div class=\"e-gallery-image elementor-gallery-item__image\" data-thumbnail=\"https:\/\/transformarqroo.com\/wp-content\/uploads\/2023\/05\/BJ-27_05_233.jpg\" data-width=\"1280\" data-height=\"863\" aria-label=\"\" role=\"img\" ><\/div>\n\t\t\t\t\t\t\t\t\t\t\t<div class=\"elementor-gallery-item__overlay\"><\/div>\n\t\t\t\t\t\t\t\t\t\t\t\t\t\t<\/a>\n\t\t\t\t\t\t\t<a class=\"e-gallery-item elementor-gallery-item elementor-animated-content\" href=\"https:\/\/transformarqroo.com\/wp-content\/uploads\/2023\/05\/BJ-27_05_23.jpg\" data-elementor-open-lightbox=\"yes\" data-elementor-lightbox-slideshow=\"16bf90d0\" data-elementor-lightbox-title=\"BJ 27_05_23\" data-e-action-hash=\"#elementor-action%3Aaction%3Dlightbox%26settings%3DeyJpZCI6MjI3NTAsInVybCI6Imh0dHBzOlwvXC90cmFuc2Zvcm1hcnFyb28uY29tXC93cC1jb250ZW50XC91cGxvYWRzXC8yMDIzXC8wNVwvQkotMjdfMDVfMjMuanBnIiwic2xpZGVzaG93IjoiMTZiZjkwZDAifQ%3D%3D\">\n\t\t\t\t\t<div class=\"e-gallery-image elementor-gallery-item__image\" data-thumbnail=\"https:\/\/transformarqroo.com\/wp-content\/uploads\/2023\/05\/BJ-27_05_23.jpg\" data-width=\"1280\" data-height=\"853\" aria-label=\"\" role=\"img\" ><\/div>\n\t\t\t\t\t\t\t\t\t\t\t<div class=\"elementor-gallery-item__overlay\"><\/div>\n\t\t\t\t\t\t\t\t\t\t\t\t\t\t<\/a>\n\t\t\t\t\t<\/div>\n\t\t\t<\/div>\n\t\t\t\t<\/div>\n\t\t\t\t\t<\/div>\n\t\t<\/div>\n\t\t\t\t\t<\/div>\n\t\t<\/section>\n\t\t\t\t<\/div>\n\t\t","protected":false},"excerpt":{"rendered":"<p>Instalan Consejo Estatal de la Juventud en Canc\u00fan.<\/p>\n","protected":false},"author":1,"featured_media":22750,"comment_status":"closed","ping_status":"closed","sticky":false,"template":"","format":"standard","meta":{"_FSMCFIC_featured_image_caption":"","_FSMCFIC_featured_image_nocaption":"","_FSMCFIC_featured_image_hide":"1","footnotes":""},"categories":[32,21],"tags":[63],"class_list":["post-22743","post","type-post","status-publish","format-standard","has-post-thumbnail","hentry","category-municipios","category-benito-juarez","tag-ana-patricia-peralta"],"aioseo_notices":[],"_links":{"self":[{"href":"https:\/\/transformarqroo.com\/index.php\/wp-json\/wp\/v2\/posts\/22743","targetHints":{"allow":["GET"]}}],"collection":[{"href":"https:\/\/transformarqroo.com\/index.php\/wp-json\/wp\/v2\/posts"}],"about":[{"href":"https:\/\/transformarqroo.com\/index.php\/wp-json\/wp\/v2\/types\/post"}],"author":[{"embeddable":true,"href":"https:\/\/transformarqroo.com\/index.php\/wp-json\/wp\/v2\/users\/1"}],"replies":[{"embeddable":true,"href":"https:\/\/transformarqroo.com\/index.php\/wp-json\/wp\/v2\/comments?post=22743"}],"version-history":[{"count":4,"href":"https:\/\/transformarqroo.com\/index.php\/wp-json\/wp\/v2\/posts\/22743\/revisions"}],"predecessor-version":[{"id":22766,"href":"https:\/\/transformarqroo.com\/index.php\/wp-json\/wp\/v2\/posts\/22743\/revisions\/22766"}],"wp:featuredmedia":[{"embeddable":true,"href":"https:\/\/transformarqroo.com\/index.php\/wp-json\/wp\/v2\/media\/22750"}],"wp:attachment":[{"href":"https:\/\/transformarqroo.com\/index.php\/wp-json\/wp\/v2\/media?parent=22743"}],"wp:term":[{"taxonomy":"category","embeddable":true,"href":"https:\/\/transformarqroo.com\/index.php\/wp-json\/wp\/v2\/categories?post=22743"},{"taxonomy":"post_tag","embeddable":true,"href":"https:\/\/transformarqroo.com\/index.php\/wp-json\/wp\/v2\/tags?post=22743"}],"curies":[{"name":"wp","href":"https:\/\/api.w.org\/{rel}","templated":true}]}}