{"id":22746,"date":"2023-05-30T14:28:08","date_gmt":"2023-05-30T19:28:08","guid":{"rendered":"https:\/\/transformarqroo.com\/?p=22746"},"modified":"2023-05-31T14:33:35","modified_gmt":"2023-05-31T19:33:35","slug":"el-programa-de-desarrollo-urbano-continua-vigente","status":"publish","type":"post","link":"https:\/\/transformarqroo.com\/index.php\/2023\/05\/30\/el-programa-de-desarrollo-urbano-continua-vigente\/","title":{"rendered":"EL PROGRAMA DE DESARROLLO URBANO CONTIN\u00daA VIGENTE"},"content":{"rendered":"\t\t<div data-elementor-type=\"wp-post\" data-elementor-id=\"22746\" class=\"elementor elementor-22746\" data-elementor-post-type=\"post\">\n\t\t\t\t\t\t<section class=\"elementor-section elementor-top-section elementor-element elementor-element-21cacd94 elementor-section-boxed elementor-section-height-default elementor-section-height-default\" data-id=\"21cacd94\" data-element_type=\"section\">\n\t\t\t\t\t\t<div class=\"elementor-container elementor-column-gap-default\">\n\t\t\t\t\t<div class=\"elementor-column elementor-col-100 elementor-top-column elementor-element elementor-element-6412a6a6\" data-id=\"6412a6a6\" data-element_type=\"column\">\n\t\t\t<div class=\"elementor-widget-wrap elementor-element-populated\">\n\t\t\t\t\t\t<div class=\"elementor-element elementor-element-648d3667 elementor-widget elementor-widget-premium-addon-banner\" data-id=\"648d3667\" data-element_type=\"widget\" data-widget_type=\"premium-addon-banner.default\">\n\t\t\t\t<div class=\"elementor-widget-container\">\n\t\t\t\t\t<div class=\"premium-banner-ib premium-banner-min-height premium-banner-animation7 none\">\r\n\t\t\t\t\t\t\t<div class=\"premium-banner-border\">\r\n\t\t\t\t\t<div class=\"premium-banner-br premium-banner-bleft premium-banner-brlr\"><\/div>\r\n\t\t\t\t\t<div class=\"premium-banner-br premium-banner-bright premium-banner-brlr\"><\/div>\r\n\t\t\t\t\t<div class=\"premium-banner-br premium-banner-btop premium-banner-brtb\"><\/div>\r\n\t\t\t\t\t<div class=\"premium-banner-br premium-banner-bottom premium-banner-brtb\"><\/div>\r\n\t\t\t\t<\/div>\r\n\t\t\t\t\t\t\t\t\t\t\t\t\t\t\t<img fetchpriority=\"high\" decoding=\"async\" width=\"759\" height=\"1024\" src=\"https:\/\/transformarqroo.com\/wp-content\/uploads\/2023\/05\/BJ-30_05_23.jpg\" class=\"attachment-full size-full wp-image-22759\" alt=\"\" srcset=\"https:\/\/transformarqroo.com\/wp-content\/uploads\/2023\/05\/BJ-30_05_23.jpg 759w, https:\/\/transformarqroo.com\/wp-content\/uploads\/2023\/05\/BJ-30_05_23-222x300.jpg 222w\" sizes=\"(max-width: 759px) 100vw, 759px\" \/>\t\t\t\t\t\t\t\t\t\t<div class=\"premium-banner-ib-desc\">\r\n\t\t\t\t\t\t\t\t\t<div class=\"premium-banner-desc-centered\">\r\n\t\t\t\t\t\t\t\t\t<h3 class=\"premium-banner-ib-title premium_banner_title\"><\/h3>\t\t\t\t\t\t\t\t\t\t\t\t\t<\/div>\r\n\t\t\t\t\t\t\t<\/div>\r\n\t\t\t\t\t<\/div>\r\n\t\t\t\t\t\t<\/div>\n\t\t\t\t<\/div>\n\t\t\t\t\t<\/div>\n\t\t<\/div>\n\t\t\t\t\t<\/div>\n\t\t<\/section>\n\t\t\t\t<section class=\"elementor-section elementor-top-section elementor-element elementor-element-5d22271d elementor-section-boxed elementor-section-height-default elementor-section-height-default\" data-id=\"5d22271d\" data-element_type=\"section\">\n\t\t\t\t\t\t<div class=\"elementor-container elementor-column-gap-default\">\n\t\t\t\t\t<div class=\"elementor-column elementor-col-100 elementor-top-column elementor-element elementor-element-24ef87c7\" data-id=\"24ef87c7\" data-element_type=\"column\">\n\t\t\t<div class=\"elementor-widget-wrap elementor-element-populated\">\n\t\t\t\t\t\t<div class=\"elementor-element elementor-element-5a419d3b elementor-widget elementor-widget-text-editor\" data-id=\"5a419d3b\" data-element_type=\"widget\" data-widget_type=\"text-editor.default\">\n\t\t\t\t<div class=\"elementor-widget-container\">\n\t\t\t\t\t\t\t<p><span style=\"font-weight: 400;\">Canc\u00fan, Q. R., a 30 de mayo de 2023.- En relaci\u00f3n con la determinaci\u00f3n de conceder amparo y protecci\u00f3n emitida por Juzgado Quinto de Distrito en el Estado de Quintana Roo respecto al Programa de Desarrollo Urbano del Centro de Poblaci\u00f3n de Canc\u00fan, municipio de Benito Ju\u00e1rez, que ha sido notificada al Ayuntamiento de Benito Ju\u00e1rez, esta autoridad municipal aclara que dicha sentencia no se encuentra firme y como consecuencia no afecta a los proyectos federales y estatales que se encuentran en actual ejecuci\u00f3n, ya que la finalidad de la misma es reponer el procedimiento para que se emita el referido programa cumpliendo con diversos requerimientos, por lo que se permite contin\u00fae aplic\u00e1ndose el referido Programa.<\/span><\/p><p><span style=\"font-weight: 400;\">\u00a0<\/span><\/p><p><span style=\"font-weight: 400;\">El PDU est\u00e1 legalmente sustentado y fue aprobado por el Cabildo de Benito Ju\u00e1rez en 2022, no hay omisi\u00f3n ni se falt\u00f3 a ninguna disposici\u00f3n legal existente, el proceso de integraci\u00f3n del PDU fue abierto a expertos y a personas interesadas en consulta p\u00fablica.<\/span><\/p><p><span style=\"font-weight: 400;\">\u00a0<\/span><\/p><p><span style=\"font-weight: 400;\">Es un documento sustentado, que cumpli\u00f3 las disposiciones legales, por lo que este Ayuntamiento presentar\u00e1 un recurso de revisi\u00f3n ante la autoridad judicial que analizar\u00e1 el caso para aclarar dicho proceso, mientras tanto es el documento legal vigente que rige el desarrollo de Canc\u00fan en la actualidad.<\/span><\/p><p><span style=\"font-weight: 400;\">\u00a0<\/span><\/p><p><span style=\"font-weight: 400;\">Somos respetuosos y reconocemos el derecho de la ciudadan\u00eda a presentar sus controversias contra la acci\u00f3n de la autoridad pues eso es condici\u00f3n de la democracia, sin embargo, como \u00f3rgano colegiado, el Cabildo tiene la certeza de que el procedimiento para integrar el Programa de Desarrollo Urbano se apeg\u00f3 a lo establece la ley y las pr\u00e1cticas democr\u00e1ticas de participaci\u00f3n ciudadana, por lo que en el ejercicio democr\u00e1tico del Estado de Derecho, se informa que este municipio presentar\u00e1 los recursos y acciones legales correspondientes, ya que se considera que el PDU cumple a cabalidad con la normativa local y federal, as\u00ed como que su emisi\u00f3n fue apegada a los est\u00e1ndares adecuados para su vigencia y ejecuci\u00f3n.<\/span><\/p><p><span style=\"font-weight: 400;\">\u00a0<\/span><\/p><p><span style=\"font-weight: 400;\">El Programa de Desarrollo Urbano del Centro de Poblaci\u00f3n Canc\u00fan, Municipio de Benito Ju\u00e1rez, es un instrumento legal que est\u00e1 vigente. En consecuencia, los proyectos y desarrollos que se encuentran en ejecuci\u00f3n autorizados en base a este documento legal, no son afectados por la resoluci\u00f3n de un juzgado federal relacionada con la suspensi\u00f3n de amparo.<\/span><\/p>\t\t\t\t\t\t<\/div>\n\t\t\t\t<\/div>\n\t\t\t\t\t<\/div>\n\t\t<\/div>\n\t\t\t\t\t<\/div>\n\t\t<\/section>\n\t\t\t\t<section class=\"elementor-section elementor-top-section elementor-element elementor-element-60b1cdb5 elementor-section-boxed elementor-section-height-default elementor-section-height-default\" data-id=\"60b1cdb5\" data-element_type=\"section\">\n\t\t\t\t\t\t<div class=\"elementor-container elementor-column-gap-default\">\n\t\t\t\t\t<div class=\"elementor-column elementor-col-100 elementor-top-column elementor-element elementor-element-5bc2d792\" data-id=\"5bc2d792\" data-element_type=\"column\">\n\t\t\t<div class=\"elementor-widget-wrap elementor-element-populated\">\n\t\t\t\t\t\t<div class=\"elementor-element elementor-element-6f4bc557 elementor-widget elementor-widget-gallery\" data-id=\"6f4bc557\" data-element_type=\"widget\" data-settings=\"{&quot;gallery_layout&quot;:&quot;justified&quot;,&quot;lazyload&quot;:&quot;yes&quot;,&quot;ideal_row_height&quot;:{&quot;unit&quot;:&quot;px&quot;,&quot;size&quot;:200,&quot;sizes&quot;:[]},&quot;ideal_row_height_tablet&quot;:{&quot;unit&quot;:&quot;px&quot;,&quot;size&quot;:150,&quot;sizes&quot;:[]},&quot;ideal_row_height_mobile&quot;:{&quot;unit&quot;:&quot;px&quot;,&quot;size&quot;:150,&quot;sizes&quot;:[]},&quot;gap&quot;:{&quot;unit&quot;:&quot;px&quot;,&quot;size&quot;:10,&quot;sizes&quot;:[]},&quot;gap_tablet&quot;:{&quot;unit&quot;:&quot;px&quot;,&quot;size&quot;:10,&quot;sizes&quot;:[]},&quot;gap_mobile&quot;:{&quot;unit&quot;:&quot;px&quot;,&quot;size&quot;:10,&quot;sizes&quot;:[]},&quot;link_to&quot;:&quot;file&quot;,&quot;overlay_background&quot;:&quot;yes&quot;,&quot;content_hover_animation&quot;:&quot;fade-in&quot;}\" data-widget_type=\"gallery.default\">\n\t\t\t\t<div class=\"elementor-widget-container\">\n\t\t\t\t\t<div class=\"elementor-gallery__container\">\n\t\t\t\t\t\t\t<a class=\"e-gallery-item elementor-gallery-item elementor-animated-content\" href=\"https:\/\/transformarqroo.com\/wp-content\/uploads\/2023\/05\/BJ-30_05_23.jpg\" data-elementor-open-lightbox=\"yes\" data-elementor-lightbox-slideshow=\"6f4bc557\" data-elementor-lightbox-title=\"BJ 30_05_23\" data-e-action-hash=\"#elementor-action%3Aaction%3Dlightbox%26settings%3DeyJpZCI6MjI3NTksInVybCI6Imh0dHBzOlwvXC90cmFuc2Zvcm1hcnFyb28uY29tXC93cC1jb250ZW50XC91cGxvYWRzXC8yMDIzXC8wNVwvQkotMzBfMDVfMjMuanBnIiwic2xpZGVzaG93IjoiNmY0YmM1NTcifQ%3D%3D\">\n\t\t\t\t\t<div class=\"e-gallery-image elementor-gallery-item__image\" data-thumbnail=\"https:\/\/transformarqroo.com\/wp-content\/uploads\/2023\/05\/BJ-30_05_23.jpg\" data-width=\"759\" data-height=\"1024\" aria-label=\"\" role=\"img\" ><\/div>\n\t\t\t\t\t\t\t\t\t\t\t<div class=\"elementor-gallery-item__overlay\"><\/div>\n\t\t\t\t\t\t\t\t\t\t\t\t\t\t<\/a>\n\t\t\t\t\t<\/div>\n\t\t\t<\/div>\n\t\t\t\t<\/div>\n\t\t\t\t\t<\/div>\n\t\t<\/div>\n\t\t\t\t\t<\/div>\n\t\t<\/section>\n\t\t\t\t<\/div>\n\t\t","protected":false},"excerpt":{"rendered":"<p>Canc\u00fan, Q. R., a 30 de mayo de 2023.- En relaci\u00f3n con la determinaci\u00f3n de conceder amparo y protecci\u00f3n emitida por Juzgado Quinto de Distrito en el Estado de Quintana Roo respecto al Programa de Desarrollo Urbano del Centro de Poblaci\u00f3n de Canc\u00fan, municipio de Benito Ju\u00e1rez, que ha sido notificada al Ayuntamiento de Benito [&hellip;]<\/p>\n","protected":false},"author":1,"featured_media":22759,"comment_status":"closed","ping_status":"closed","sticky":false,"template":"","format":"standard","meta":{"_FSMCFIC_featured_image_caption":"","_FSMCFIC_featured_image_nocaption":"","_FSMCFIC_featured_image_hide":"1","footnotes":""},"categories":[32,21],"tags":[],"class_list":["post-22746","post","type-post","status-publish","format-standard","has-post-thumbnail","hentry","category-municipios","category-benito-juarez"],"aioseo_notices":[],"_links":{"self":[{"href":"https:\/\/transformarqroo.com\/index.php\/wp-json\/wp\/v2\/posts\/22746","targetHints":{"allow":["GET"]}}],"collection":[{"href":"https:\/\/transformarqroo.com\/index.php\/wp-json\/wp\/v2\/posts"}],"about":[{"href":"https:\/\/transformarqroo.com\/index.php\/wp-json\/wp\/v2\/types\/post"}],"author":[{"embeddable":true,"href":"https:\/\/transformarqroo.com\/index.php\/wp-json\/wp\/v2\/users\/1"}],"replies":[{"embeddable":true,"href":"https:\/\/transformarqroo.com\/index.php\/wp-json\/wp\/v2\/comments?post=22746"}],"version-history":[{"count":4,"href":"https:\/\/transformarqroo.com\/index.php\/wp-json\/wp\/v2\/posts\/22746\/revisions"}],"predecessor-version":[{"id":22775,"href":"https:\/\/transformarqroo.com\/index.php\/wp-json\/wp\/v2\/posts\/22746\/revisions\/22775"}],"wp:featuredmedia":[{"embeddable":true,"href":"https:\/\/transformarqroo.com\/index.php\/wp-json\/wp\/v2\/media\/22759"}],"wp:attachment":[{"href":"https:\/\/transformarqroo.com\/index.php\/wp-json\/wp\/v2\/media?parent=22746"}],"wp:term":[{"taxonomy":"category","embeddable":true,"href":"https:\/\/transformarqroo.com\/index.php\/wp-json\/wp\/v2\/categories?post=22746"},{"taxonomy":"post_tag","embeddable":true,"href":"https:\/\/transformarqroo.com\/index.php\/wp-json\/wp\/v2\/tags?post=22746"}],"curies":[{"name":"wp","href":"https:\/\/api.w.org\/{rel}","templated":true}]}}