{"id":23003,"date":"2023-06-01T20:52:20","date_gmt":"2023-06-02T01:52:20","guid":{"rendered":"https:\/\/transformarqroo.com\/?p=23003"},"modified":"2023-06-02T20:54:36","modified_gmt":"2023-06-03T01:54:36","slug":"la-sociedad-reconoce-la-labor-de-mujeres-y-hombres-de-la-marina-mara-lezama","status":"publish","type":"post","link":"https:\/\/transformarqroo.com\/index.php\/2023\/06\/01\/la-sociedad-reconoce-la-labor-de-mujeres-y-hombres-de-la-marina-mara-lezama\/","title":{"rendered":"LA SOCIEDAD RECONOCE LA LABOR DE MUJERES Y HOMBRES DE LA MARINA: MARA LEZAMA"},"content":{"rendered":"\t\t<div data-elementor-type=\"wp-post\" data-elementor-id=\"23003\" class=\"elementor elementor-23003\" data-elementor-post-type=\"post\">\n\t\t\t\t\t\t<section class=\"elementor-section elementor-top-section elementor-element elementor-element-46b23577 elementor-section-boxed elementor-section-height-default elementor-section-height-default\" data-id=\"46b23577\" data-element_type=\"section\">\n\t\t\t\t\t\t<div class=\"elementor-container elementor-column-gap-default\">\n\t\t\t\t\t<div class=\"elementor-column elementor-col-100 elementor-top-column elementor-element elementor-element-7003071\" data-id=\"7003071\" data-element_type=\"column\">\n\t\t\t<div class=\"elementor-widget-wrap elementor-element-populated\">\n\t\t\t\t\t\t<div class=\"elementor-element elementor-element-78e11c2a elementor-widget elementor-widget-premium-addon-banner\" data-id=\"78e11c2a\" data-element_type=\"widget\" data-widget_type=\"premium-addon-banner.default\">\n\t\t\t\t<div class=\"elementor-widget-container\">\n\t\t\t\t\t<div class=\"premium-banner-ib premium-banner-min-height premium-banner-animation7 none\">\r\n\t\t\t\t\t\t\t<div class=\"premium-banner-border\">\r\n\t\t\t\t\t<div class=\"premium-banner-br premium-banner-bleft premium-banner-brlr\"><\/div>\r\n\t\t\t\t\t<div class=\"premium-banner-br premium-banner-bright premium-banner-brlr\"><\/div>\r\n\t\t\t\t\t<div class=\"premium-banner-br premium-banner-btop premium-banner-brtb\"><\/div>\r\n\t\t\t\t\t<div class=\"premium-banner-br premium-banner-bottom premium-banner-brtb\"><\/div>\r\n\t\t\t\t<\/div>\r\n\t\t\t\t\t\t\t\t\t\t\t\t\t\t\t<img fetchpriority=\"high\" decoding=\"async\" width=\"1600\" height=\"900\" src=\"https:\/\/transformarqroo.com\/wp-content\/uploads\/2023\/06\/GOB-01_06_23.jpg\" class=\"attachment-full size-full wp-image-23007\" alt=\"\" srcset=\"https:\/\/transformarqroo.com\/wp-content\/uploads\/2023\/06\/GOB-01_06_23.jpg 1600w, https:\/\/transformarqroo.com\/wp-content\/uploads\/2023\/06\/GOB-01_06_23-300x169.jpg 300w, https:\/\/transformarqroo.com\/wp-content\/uploads\/2023\/06\/GOB-01_06_23-1024x576.jpg 1024w, https:\/\/transformarqroo.com\/wp-content\/uploads\/2023\/06\/GOB-01_06_23-768x432.jpg 768w, https:\/\/transformarqroo.com\/wp-content\/uploads\/2023\/06\/GOB-01_06_23-1536x864.jpg 1536w\" sizes=\"(max-width: 1600px) 100vw, 1600px\" \/>\t\t\t\t\t\t\t\t\t\t<div class=\"premium-banner-ib-desc\">\r\n\t\t\t\t\t\t\t\t\t<div class=\"premium-banner-desc-centered\">\r\n\t\t\t\t\t\t\t\t\t<h3 class=\"premium-banner-ib-title premium_banner_title\"><\/h3>\t\t\t\t\t\t\t\t\t\t\t\t\t<\/div>\r\n\t\t\t\t\t\t\t<\/div>\r\n\t\t\t\t\t<\/div>\r\n\t\t\t\t\t\t<\/div>\n\t\t\t\t<\/div>\n\t\t\t\t\t<\/div>\n\t\t<\/div>\n\t\t\t\t\t<\/div>\n\t\t<\/section>\n\t\t\t\t<section class=\"elementor-section elementor-top-section elementor-element elementor-element-1e6bbfaa elementor-section-boxed elementor-section-height-default elementor-section-height-default\" data-id=\"1e6bbfaa\" data-element_type=\"section\" data-settings=\"{&quot;background_background&quot;:&quot;classic&quot;}\">\n\t\t\t\t\t\t<div class=\"elementor-container elementor-column-gap-default\">\n\t\t\t\t\t<div class=\"elementor-column elementor-col-100 elementor-top-column elementor-element elementor-element-229be16\" data-id=\"229be16\" data-element_type=\"column\">\n\t\t\t<div class=\"elementor-widget-wrap elementor-element-populated\">\n\t\t\t\t\t\t<div class=\"elementor-element elementor-element-1ce31523 premium-title-icon-row premium-title-color elementor-widget elementor-widget-premium-addon-title\" data-id=\"1ce31523\" data-element_type=\"widget\" data-widget_type=\"premium-addon-title.default\">\n\t\t\t\t<div class=\"elementor-widget-container\">\n\t\t\t\r\n\t\t<div class=\"premium-title-container style2\">\r\n\t\t\t<h5 class=\"premium-title-header premium-title-style2\">\r\n\t\t\t\t\r\n\t\t\t\t\t\t\t\t\t\t\t\t\t\t\t<div class=\"premium-title-icon premium-lottie-animation\" data-lottie-url=\"https:\/\/assets8.lottiefiles.com\/packages\/lf20_pcfclxy8.json\" data-lottie-loop=\"true\" data-lottie-reverse=\"\"><\/div>\r\n\t\t\t\t\t\t\t\t\t\r\n\t\t\t\t\t\t\t\t\t\t\t\t<span class=\"premium-title-text\" >\r\n\t\t\t\t\tLa gobernadora de Quintana Roo particip\u00f3 en la ceremonia conmemorativa del D\u00eda de la Marina, en la Novena Regi\u00f3n Naval.\t\t\t\t<\/span>\r\n\t\t\t\t\t\r\n\t\t\t\t\t\t\t\t\t\t\t<\/h5>\r\n\t\t<\/div>\r\n\r\n\t\t\t\t<\/div>\n\t\t\t\t<\/div>\n\t\t\t\t\t<\/div>\n\t\t<\/div>\n\t\t\t\t\t<\/div>\n\t\t<\/section>\n\t\t\t\t<section class=\"elementor-section elementor-top-section elementor-element elementor-element-753f630 elementor-section-boxed elementor-section-height-default elementor-section-height-default\" data-id=\"753f630\" data-element_type=\"section\">\n\t\t\t\t\t\t<div class=\"elementor-container elementor-column-gap-default\">\n\t\t\t\t\t<div class=\"elementor-column elementor-col-100 elementor-top-column elementor-element elementor-element-6299e91f\" data-id=\"6299e91f\" data-element_type=\"column\">\n\t\t\t<div class=\"elementor-widget-wrap elementor-element-populated\">\n\t\t\t\t\t\t<div class=\"elementor-element elementor-element-1235456a elementor-widget elementor-widget-text-editor\" data-id=\"1235456a\" data-element_type=\"widget\" data-widget_type=\"text-editor.default\">\n\t\t\t\t<div class=\"elementor-widget-container\">\n\t\t\t\t\t\t\t<p><span style=\"font-weight: 400;\">Isla Mujeres.- La gobernadora de Quintana Roo Mara Lezama Espinosa particip\u00f3 en la celebraci\u00f3n del D\u00eda de la Marina Nacional y ofrenda floral en honor a los hombres y mujeres ca\u00eddos en cumplimiento de su deber, en la Novena Regi\u00f3n Naval, con la presencia del comandante vicealmirante AN PA DEM Gilberto Carballo \u00c1vila.<\/span><\/p><p>\u00a0<\/p><p><span style=\"font-weight: 400;\">\u201cEsta es una ocasi\u00f3n especial en la que honramos a los hombres y mujeres que, desde las filas de la Armada de M\u00e9xico, sirven a nuestra naci\u00f3n y protegen nuestro territorio y soberan\u00eda\u201d expres\u00f3 la primera mujer gobernadora del estado.<\/span><\/p><p>\u00a0<\/p><p><span style=\"font-weight: 400;\">En el marco de esta celebraci\u00f3n, expres\u00f3 su m\u00e1s sincero cari\u00f1o y reconocimiento por su dedicaci\u00f3n diaria en la preservaci\u00f3n de los intereses nacionales y de nuestro estado.<\/span><\/p><p>\u00a0<\/p><p><span style=\"font-weight: 400;\">Mara Lezama precis\u00f3 que la sociedad valora enormemente su contribuci\u00f3n y sabe que pueden contar con su apoyo constante sumando esfuerzos con el Nuevo Acuerdo por el Bienestar y Desarrollo de Quintana Roo, a trav\u00e9s del cual se avanza en la transformaci\u00f3n profunda de la entidad.<\/span><\/p><p>\u00a0<\/p><p><span style=\"font-weight: 400;\">Como parte central del evento, el comandante vicealmirante AN PA DEM Gilberto Carballo \u00c1vila dio lectura al mensaje del almirante Rafael Ojeda Dur\u00e1n, Secretario de Marina, en donde se destac\u00f3 que hoy M\u00e9xico tiene una Marina sustentable y s\u00f3lida, factor clave para el desarrollo nacional.<\/span><\/p><p>\u00a0<\/p><p><span style=\"font-weight: 400;\">Se afirm\u00f3 que juntos trabajamos para convertir a M\u00e9xico en un pa\u00eds mas justo, igualitario, equitativo y sustentable. Emprendemos la transformaci\u00f3n de nuestros mares en una nueva ruta para el comercio internacional, dijo el secretario Ojeda Dur\u00e1n.<\/span><\/p><p>\u00a0<\/p><p><span style=\"font-weight: 400;\">La evocaci\u00f3n a los marinos ca\u00eddos estuvo a cargo del contralmirante No\u00e9 Cruz Guti\u00e9rrez, encargado de Despacho de la Capitan\u00eda de Puerto en Isla Mujeres. Se procedi\u00f3 a una ofrenda floral y al toque del silencio, que dio mayor solemnidad a la ceremonia.<\/span><\/p><p>\u00a0<\/p><p><span style=\"font-weight: 400;\">Asistieron las presidentas municipales de Isla Mujeres, Atenea G\u00f3mez Ricalde; de Benito Ju\u00e1rez Ana Paty Peralta de la Pe\u00f1a, as\u00ed como autoridades militares y civiles.<\/span><\/p>\t\t\t\t\t\t<\/div>\n\t\t\t\t<\/div>\n\t\t\t\t\t<\/div>\n\t\t<\/div>\n\t\t\t\t\t<\/div>\n\t\t<\/section>\n\t\t\t\t<section class=\"elementor-section elementor-top-section elementor-element elementor-element-231a4441 elementor-section-boxed elementor-section-height-default elementor-section-height-default\" data-id=\"231a4441\" data-element_type=\"section\">\n\t\t\t\t\t\t<div class=\"elementor-container elementor-column-gap-default\">\n\t\t\t\t\t<div class=\"elementor-column elementor-col-100 elementor-top-column elementor-element elementor-element-4e130101\" data-id=\"4e130101\" data-element_type=\"column\">\n\t\t\t<div class=\"elementor-widget-wrap elementor-element-populated\">\n\t\t\t\t\t\t<div class=\"elementor-element elementor-element-25c5826c elementor-widget elementor-widget-gallery\" data-id=\"25c5826c\" data-element_type=\"widget\" data-settings=\"{&quot;gallery_layout&quot;:&quot;justified&quot;,&quot;lazyload&quot;:&quot;yes&quot;,&quot;ideal_row_height&quot;:{&quot;unit&quot;:&quot;px&quot;,&quot;size&quot;:200,&quot;sizes&quot;:[]},&quot;ideal_row_height_tablet&quot;:{&quot;unit&quot;:&quot;px&quot;,&quot;size&quot;:150,&quot;sizes&quot;:[]},&quot;ideal_row_height_mobile&quot;:{&quot;unit&quot;:&quot;px&quot;,&quot;size&quot;:150,&quot;sizes&quot;:[]},&quot;gap&quot;:{&quot;unit&quot;:&quot;px&quot;,&quot;size&quot;:10,&quot;sizes&quot;:[]},&quot;gap_tablet&quot;:{&quot;unit&quot;:&quot;px&quot;,&quot;size&quot;:10,&quot;sizes&quot;:[]},&quot;gap_mobile&quot;:{&quot;unit&quot;:&quot;px&quot;,&quot;size&quot;:10,&quot;sizes&quot;:[]},&quot;link_to&quot;:&quot;file&quot;,&quot;overlay_background&quot;:&quot;yes&quot;,&quot;content_hover_animation&quot;:&quot;fade-in&quot;}\" data-widget_type=\"gallery.default\">\n\t\t\t\t<div class=\"elementor-widget-container\">\n\t\t\t\t\t<div class=\"elementor-gallery__container\">\n\t\t\t\t\t\t\t<a class=\"e-gallery-item elementor-gallery-item elementor-animated-content\" href=\"https:\/\/transformarqroo.com\/wp-content\/uploads\/2023\/06\/GOB-01_06_231.jpg\" data-elementor-open-lightbox=\"yes\" data-elementor-lightbox-slideshow=\"25c5826c\" data-elementor-lightbox-title=\"GOB 01_06_23(1)\" data-e-action-hash=\"#elementor-action%3Aaction%3Dlightbox%26settings%3DeyJpZCI6MjMwMDQsInVybCI6Imh0dHBzOlwvXC90cmFuc2Zvcm1hcnFyb28uY29tXC93cC1jb250ZW50XC91cGxvYWRzXC8yMDIzXC8wNlwvR09CLTAxXzA2XzIzMS5qcGciLCJzbGlkZXNob3ciOiIyNWM1ODI2YyJ9\">\n\t\t\t\t\t<div class=\"e-gallery-image elementor-gallery-item__image\" data-thumbnail=\"https:\/\/transformarqroo.com\/wp-content\/uploads\/2023\/06\/GOB-01_06_231.jpg\" data-width=\"1600\" data-height=\"1066\" aria-label=\"\" role=\"img\" ><\/div>\n\t\t\t\t\t\t\t\t\t\t\t<div class=\"elementor-gallery-item__overlay\"><\/div>\n\t\t\t\t\t\t\t\t\t\t\t\t\t\t<\/a>\n\t\t\t\t\t\t\t<a class=\"e-gallery-item elementor-gallery-item elementor-animated-content\" href=\"https:\/\/transformarqroo.com\/wp-content\/uploads\/2023\/06\/GOB-01_06_232.jpg\" data-elementor-open-lightbox=\"yes\" data-elementor-lightbox-slideshow=\"25c5826c\" data-elementor-lightbox-title=\"GOB 01_06_23(2)\" data-e-action-hash=\"#elementor-action%3Aaction%3Dlightbox%26settings%3DeyJpZCI6MjMwMDUsInVybCI6Imh0dHBzOlwvXC90cmFuc2Zvcm1hcnFyb28uY29tXC93cC1jb250ZW50XC91cGxvYWRzXC8yMDIzXC8wNlwvR09CLTAxXzA2XzIzMi5qcGciLCJzbGlkZXNob3ciOiIyNWM1ODI2YyJ9\">\n\t\t\t\t\t<div class=\"e-gallery-image elementor-gallery-item__image\" data-thumbnail=\"https:\/\/transformarqroo.com\/wp-content\/uploads\/2023\/06\/GOB-01_06_232.jpg\" data-width=\"1600\" data-height=\"1066\" aria-label=\"\" role=\"img\" ><\/div>\n\t\t\t\t\t\t\t\t\t\t\t<div class=\"elementor-gallery-item__overlay\"><\/div>\n\t\t\t\t\t\t\t\t\t\t\t\t\t\t<\/a>\n\t\t\t\t\t\t\t<a class=\"e-gallery-item elementor-gallery-item elementor-animated-content\" href=\"https:\/\/transformarqroo.com\/wp-content\/uploads\/2023\/06\/GOB-01_06_233.jpg\" data-elementor-open-lightbox=\"yes\" data-elementor-lightbox-slideshow=\"25c5826c\" data-elementor-lightbox-title=\"GOB 01_06_23(3)\" data-e-action-hash=\"#elementor-action%3Aaction%3Dlightbox%26settings%3DeyJpZCI6MjMwMDYsInVybCI6Imh0dHBzOlwvXC90cmFuc2Zvcm1hcnFyb28uY29tXC93cC1jb250ZW50XC91cGxvYWRzXC8yMDIzXC8wNlwvR09CLTAxXzA2XzIzMy5qcGciLCJzbGlkZXNob3ciOiIyNWM1ODI2YyJ9\">\n\t\t\t\t\t<div class=\"e-gallery-image elementor-gallery-item__image\" data-thumbnail=\"https:\/\/transformarqroo.com\/wp-content\/uploads\/2023\/06\/GOB-01_06_233.jpg\" data-width=\"1600\" data-height=\"1066\" aria-label=\"\" role=\"img\" ><\/div>\n\t\t\t\t\t\t\t\t\t\t\t<div class=\"elementor-gallery-item__overlay\"><\/div>\n\t\t\t\t\t\t\t\t\t\t\t\t\t\t<\/a>\n\t\t\t\t\t\t\t<a class=\"e-gallery-item elementor-gallery-item elementor-animated-content\" href=\"https:\/\/transformarqroo.com\/wp-content\/uploads\/2023\/06\/GOB-01_06_23.jpg\" data-elementor-open-lightbox=\"yes\" data-elementor-lightbox-slideshow=\"25c5826c\" data-elementor-lightbox-title=\"GOB 01_06_23\" data-e-action-hash=\"#elementor-action%3Aaction%3Dlightbox%26settings%3DeyJpZCI6MjMwMDcsInVybCI6Imh0dHBzOlwvXC90cmFuc2Zvcm1hcnFyb28uY29tXC93cC1jb250ZW50XC91cGxvYWRzXC8yMDIzXC8wNlwvR09CLTAxXzA2XzIzLmpwZyIsInNsaWRlc2hvdyI6IjI1YzU4MjZjIn0%3D\">\n\t\t\t\t\t<div class=\"e-gallery-image elementor-gallery-item__image\" data-thumbnail=\"https:\/\/transformarqroo.com\/wp-content\/uploads\/2023\/06\/GOB-01_06_23.jpg\" data-width=\"1600\" data-height=\"900\" aria-label=\"\" role=\"img\" ><\/div>\n\t\t\t\t\t\t\t\t\t\t\t<div class=\"elementor-gallery-item__overlay\"><\/div>\n\t\t\t\t\t\t\t\t\t\t\t\t\t\t<\/a>\n\t\t\t\t\t<\/div>\n\t\t\t<\/div>\n\t\t\t\t<\/div>\n\t\t\t\t\t<\/div>\n\t\t<\/div>\n\t\t\t\t\t<\/div>\n\t\t<\/section>\n\t\t\t\t<\/div>\n\t\t","protected":false},"excerpt":{"rendered":"<p>La gobernadora de Quintana Roo particip\u00f3 en la ceremonia conmemorativa del D\u00eda de la Marina, en la Novena Regi\u00f3n Naval.<\/p>\n","protected":false},"author":1,"featured_media":23007,"comment_status":"closed","ping_status":"closed","sticky":false,"template":"","format":"standard","meta":{"_FSMCFIC_featured_image_caption":"","_FSMCFIC_featured_image_nocaption":"","_FSMCFIC_featured_image_hide":"1","footnotes":""},"categories":[38,32],"tags":[],"class_list":["post-23003","post","type-post","status-publish","format-standard","has-post-thumbnail","hentry","category-gobierno-del-estado","category-municipios"],"aioseo_notices":[],"_links":{"self":[{"href":"https:\/\/transformarqroo.com\/index.php\/wp-json\/wp\/v2\/posts\/23003","targetHints":{"allow":["GET"]}}],"collection":[{"href":"https:\/\/transformarqroo.com\/index.php\/wp-json\/wp\/v2\/posts"}],"about":[{"href":"https:\/\/transformarqroo.com\/index.php\/wp-json\/wp\/v2\/types\/post"}],"author":[{"embeddable":true,"href":"https:\/\/transformarqroo.com\/index.php\/wp-json\/wp\/v2\/users\/1"}],"replies":[{"embeddable":true,"href":"https:\/\/transformarqroo.com\/index.php\/wp-json\/wp\/v2\/comments?post=23003"}],"version-history":[{"count":4,"href":"https:\/\/transformarqroo.com\/index.php\/wp-json\/wp\/v2\/posts\/23003\/revisions"}],"predecessor-version":[{"id":23016,"href":"https:\/\/transformarqroo.com\/index.php\/wp-json\/wp\/v2\/posts\/23003\/revisions\/23016"}],"wp:featuredmedia":[{"embeddable":true,"href":"https:\/\/transformarqroo.com\/index.php\/wp-json\/wp\/v2\/media\/23007"}],"wp:attachment":[{"href":"https:\/\/transformarqroo.com\/index.php\/wp-json\/wp\/v2\/media?parent=23003"}],"wp:term":[{"taxonomy":"category","embeddable":true,"href":"https:\/\/transformarqroo.com\/index.php\/wp-json\/wp\/v2\/categories?post=23003"},{"taxonomy":"post_tag","embeddable":true,"href":"https:\/\/transformarqroo.com\/index.php\/wp-json\/wp\/v2\/tags?post=23003"}],"curies":[{"name":"wp","href":"https:\/\/api.w.org\/{rel}","templated":true}]}}