{"id":23125,"date":"2023-06-05T20:40:19","date_gmt":"2023-06-06T01:40:19","guid":{"rendered":"https:\/\/transformarqroo.com\/?p=23125"},"modified":"2023-06-08T20:46:19","modified_gmt":"2023-06-09T01:46:19","slug":"estamos-unidos-y-preparados-ante-fenomenos-hidrometeorologicos-ana-paty-peralta","status":"publish","type":"post","link":"https:\/\/transformarqroo.com\/index.php\/2023\/06\/05\/estamos-unidos-y-preparados-ante-fenomenos-hidrometeorologicos-ana-paty-peralta\/","title":{"rendered":"ESTAMOS UNIDOS Y PREPARADOS ANTE FEN\u00d3MENOS HIDROMETEOROL\u00d3GICOS: ANA PATY PERALTA"},"content":{"rendered":"\t\t<div data-elementor-type=\"wp-post\" data-elementor-id=\"23125\" class=\"elementor elementor-23125\" data-elementor-post-type=\"post\">\n\t\t\t\t\t\t<section class=\"elementor-section elementor-top-section elementor-element elementor-element-28a5cda7 elementor-section-boxed elementor-section-height-default elementor-section-height-default\" data-id=\"28a5cda7\" data-element_type=\"section\">\n\t\t\t\t\t\t<div class=\"elementor-container elementor-column-gap-default\">\n\t\t\t\t\t<div class=\"elementor-column elementor-col-100 elementor-top-column elementor-element elementor-element-257b944e\" data-id=\"257b944e\" data-element_type=\"column\">\n\t\t\t<div class=\"elementor-widget-wrap elementor-element-populated\">\n\t\t\t\t\t\t<div class=\"elementor-element elementor-element-363d47c elementor-widget elementor-widget-premium-addon-banner\" data-id=\"363d47c\" data-element_type=\"widget\" data-widget_type=\"premium-addon-banner.default\">\n\t\t\t\t<div class=\"elementor-widget-container\">\n\t\t\t\t\t<div class=\"premium-banner-ib premium-banner-min-height premium-banner-animation7 none\">\r\n\t\t\t\t\t\t\t<div class=\"premium-banner-border\">\r\n\t\t\t\t\t<div class=\"premium-banner-br premium-banner-bleft premium-banner-brlr\"><\/div>\r\n\t\t\t\t\t<div class=\"premium-banner-br premium-banner-bright premium-banner-brlr\"><\/div>\r\n\t\t\t\t\t<div class=\"premium-banner-br premium-banner-btop premium-banner-brtb\"><\/div>\r\n\t\t\t\t\t<div class=\"premium-banner-br premium-banner-bottom premium-banner-brtb\"><\/div>\r\n\t\t\t\t<\/div>\r\n\t\t\t\t\t\t\t\t\t\t\t\t\t\t\t<img fetchpriority=\"high\" decoding=\"async\" width=\"1195\" height=\"649\" src=\"https:\/\/transformarqroo.com\/wp-content\/uploads\/2023\/06\/BJ-05_06_23.jpg\" class=\"attachment-full size-full wp-image-23132\" alt=\"\" srcset=\"https:\/\/transformarqroo.com\/wp-content\/uploads\/2023\/06\/BJ-05_06_23.jpg 1195w, https:\/\/transformarqroo.com\/wp-content\/uploads\/2023\/06\/BJ-05_06_23-300x163.jpg 300w, https:\/\/transformarqroo.com\/wp-content\/uploads\/2023\/06\/BJ-05_06_23-1024x556.jpg 1024w, https:\/\/transformarqroo.com\/wp-content\/uploads\/2023\/06\/BJ-05_06_23-768x417.jpg 768w\" sizes=\"(max-width: 1195px) 100vw, 1195px\" \/>\t\t\t\t\t\t\t\t\t\t<div class=\"premium-banner-ib-desc\">\r\n\t\t\t\t\t\t\t\t\t<div class=\"premium-banner-desc-centered\">\r\n\t\t\t\t\t\t\t\t\t<h3 class=\"premium-banner-ib-title premium_banner_title\"><\/h3>\t\t\t\t\t\t\t\t\t\t\t\t\t<\/div>\r\n\t\t\t\t\t\t\t<\/div>\r\n\t\t\t\t\t<\/div>\r\n\t\t\t\t\t\t<\/div>\n\t\t\t\t<\/div>\n\t\t\t\t\t<\/div>\n\t\t<\/div>\n\t\t\t\t\t<\/div>\n\t\t<\/section>\n\t\t\t\t<section class=\"elementor-section elementor-top-section elementor-element elementor-element-38c7b749 elementor-section-boxed elementor-section-height-default elementor-section-height-default\" data-id=\"38c7b749\" data-element_type=\"section\" data-settings=\"{&quot;background_background&quot;:&quot;classic&quot;}\">\n\t\t\t\t\t\t<div class=\"elementor-container elementor-column-gap-default\">\n\t\t\t\t\t<div class=\"elementor-column elementor-col-100 elementor-top-column elementor-element elementor-element-6fec02e6\" data-id=\"6fec02e6\" data-element_type=\"column\">\n\t\t\t<div class=\"elementor-widget-wrap elementor-element-populated\">\n\t\t\t\t\t\t<div class=\"elementor-element elementor-element-380a1e9a premium-title-icon-row premium-title-color elementor-widget elementor-widget-premium-addon-title\" data-id=\"380a1e9a\" data-element_type=\"widget\" data-widget_type=\"premium-addon-title.default\">\n\t\t\t\t<div class=\"elementor-widget-container\">\n\t\t\t\r\n\t\t<div class=\"premium-title-container style2\">\r\n\t\t\t<h5 class=\"premium-title-header premium-title-style2\">\r\n\t\t\t\t\r\n\t\t\t\t\t\t\t\t\t\t\t\t\t\t\t<div class=\"premium-title-icon premium-lottie-animation\" data-lottie-url=\"https:\/\/assets8.lottiefiles.com\/packages\/lf20_pcfclxy8.json\" data-lottie-loop=\"true\" data-lottie-reverse=\"\"><\/div>\r\n\t\t\t\t\t\t\t\t\t\r\n\t\t\t\t\t\t\t\t\t\t\t\t<span class=\"premium-title-text\" >\r\n\t\t\t\t\tLa Presidenta Municipal instal\u00f3 el Comit\u00e9 Operativo Especializado en Fen\u00f3menos Hidrometeorol\u00f3gicos del Municipio de Benito Ju\u00e1rez, Temporada 2023.\t\t\t\t<\/span>\r\n\t\t\t\t\t\r\n\t\t\t\t\t\t\t\t\t\t\t<\/h5>\r\n\t\t<\/div>\r\n\r\n\t\t\t\t<\/div>\n\t\t\t\t<\/div>\n\t\t\t\t\t<\/div>\n\t\t<\/div>\n\t\t\t\t\t<\/div>\n\t\t<\/section>\n\t\t\t\t<section class=\"elementor-section elementor-top-section elementor-element elementor-element-296633d1 elementor-section-boxed elementor-section-height-default elementor-section-height-default\" data-id=\"296633d1\" data-element_type=\"section\">\n\t\t\t\t\t\t<div class=\"elementor-container elementor-column-gap-default\">\n\t\t\t\t\t<div class=\"elementor-column elementor-col-100 elementor-top-column elementor-element elementor-element-3dccff9b\" data-id=\"3dccff9b\" data-element_type=\"column\">\n\t\t\t<div class=\"elementor-widget-wrap elementor-element-populated\">\n\t\t\t\t\t\t<div class=\"elementor-element elementor-element-5f683584 elementor-widget elementor-widget-text-editor\" data-id=\"5f683584\" data-element_type=\"widget\" data-widget_type=\"text-editor.default\">\n\t\t\t\t<div class=\"elementor-widget-container\">\n\t\t\t\t\t\t\t<p><span style=\"font-weight: 400;\">Canc\u00fan, Q. R., a 05 de junio de 2023.- \u201cAl instalar el Comit\u00e9 Operativo Especializado en Fen\u00f3menos Hidrometeorol\u00f3gicos del Municipio de Benito Ju\u00e1rez, Temporada 2023, que inici\u00f3 el 1 de junio, mandamos un mensaje de confianza de que los tres \u00f3rdenes de gobierno estamos unidos, coordinando esfuerzos para actuar antes, durante y despu\u00e9s de cualquier eventualidad\u201d, subray\u00f3 la Presidenta Municipal, Ana Paty Peralta.\u00a0<\/span><\/p><p>\u00a0<\/p><p><span style=\"font-weight: 400;\">Luego de tomar la protesta de ley a los integrantes del comit\u00e9 operativo, durante un evento realizado en el \u201cSal\u00f3n Presidentes\u201d, del Palacio Municipal, Ana Paty Peralta calific\u00f3 como valiosa la participaci\u00f3n de las fuerzas armadas, dependencias del Gobierno de M\u00e9xico\u00a0 y otras instancias como la Comisi\u00f3n Nacional del Agua (Conagua), Comisi\u00f3n Federal de Electricidad (CFE), Protecci\u00f3n Civil del Estado, cuerpos de rescate, iniciativa privada y la sociedad civil.\u00a0<\/span><\/p><p>\u00a0<\/p><p><span style=\"font-weight: 400;\">\u201cLa experiencia nos ha ense\u00f1ado que la suma de voluntades es la unidad y es justamente la solidaridad cuando llega un fen\u00f3meno a nuestra ciudad; est\u00e1 en nuestro ADN la cultura de la prevenci\u00f3n, la resiliencia y ayudarnos unos a otros ante cualquier desastre\u201d, coment\u00f3 y record\u00f3 que en la historia de los cancunenses, se han presentado retos que se han tenido que enfrentar como en 1989 con \u201cGilberto\u201d, en 2005 con \u201cWilma\u201d y en 2020 con tres sistemas de este tipo durante la pandemia.\u00a0<\/span><\/p><p>\u00a0<\/p><p><span style=\"font-weight: 400;\">Por ello, de forma en\u00e9rgica, la Primera Autoridad Municipal hizo llamado a la poblaci\u00f3n a estar siempre preparados, nunca confiarse y a las autoridades, a tener estrategias preventivas para enviar alertas tempranas a la poblaci\u00f3n en riesgo, evacuar familias y turistas en caso de ser necesario, adem\u00e1s de actuar lo antes posible tras el paso de este tipo de casos, para reestablecer los servicios y el orden.\u00a0<\/span><\/p><p>\u00a0<\/p><p><span style=\"font-weight: 400;\">\u201cLa prevenci\u00f3n viene tambi\u00e9n desde las acciones que hagamos d\u00eda a d\u00eda, eso es: limpiando y barriendo el frente de nuestra casa, no tirando basura en la calle, porque eso nos va a ayudar a evitar encharcamientos y hasta inundaciones. Todos tenemos que poner nuestro granito de arena; nosotros como autoridades estaremos trabajando fuertemente, tengan la certeza que informaremos con prontitud y honestidad\u201d, dijo.\u00a0<\/span><\/p><p>\u00a0<\/p><p><span style=\"font-weight: 400;\">En su informe, el director de Protecci\u00f3n Civil, Antonio Riveroll Ribb\u00f3n, detall\u00f3 que Benito Ju\u00e1rez se encuentra listo con 67 refugios anticicl\u00f3nicos con capacidad de 20 mil 610 personas, de los cuales 59 est\u00e1n en Canc\u00fan y ocho en la delegaci\u00f3n Alfredo V. Bonfil, entre los que se destaca un refugio para 180 personas con sus mascotas, adem\u00e1s de 29 mil espacios en refugios de hoteles y un estado de fuerza de mil 500 elementos de varias corporaciones y dependencias municipales como: Servicios P\u00fablicos, Seguridad P\u00fablica, Tr\u00e1nsito, Bomberos y la que encabeza.\u00a0<\/span><\/p><p>\u00a0<\/p><p><span style=\"font-weight: 400;\">Por su parte, David Pedraza Jim\u00e9nez, personal de la brigada de atenci\u00f3n a las emergencias de la CONAGUA, mencion\u00f3 nuevamente el pron\u00f3stico para la temporada de ciclones y tormentas tropicales en el Oc\u00e9ano Atl\u00e1ntico que inici\u00f3 el 01 de junio y concluye el 30 de noviembre, que incluye la posible formaci\u00f3n de entre 10 y 16 sistemas tropicales, de los cuales de 7 a 9 est\u00e1n considerados como tormentas tropicales, de 1 a 3 como huracanes de categor\u00eda 1 o 2, y 2 a 4 huracanes intensos de categor\u00eda 3, 4 o 5.<\/span><\/p><p>\u00a0<\/p><p><span style=\"font-weight: 400;\">Estuvieron presentes tambi\u00e9n: el comandante del 64\u00b0 Batall\u00f3n de Infanter\u00eda, Samuel Javier Carre\u00f1o; el coordinador estatal de la Guardia Nacional Quintana Roo, Israel No\u00e9 Castillo; el coordinador de la Novena Regi\u00f3n Naval, Luis Enrique Leal Ozuna; el capit\u00e1n regional de Puerto Ju\u00e1rez, Javier Tiburcio Serrano; el director general de la Coordinaci\u00f3n Estatal de Protecci\u00f3n Civil, Guillermo N\u00fa\u00f1ez Leal; as\u00ed como los titulares municipales integrantes del comit\u00e9.\u00a0<\/span><\/p>\t\t\t\t\t\t<\/div>\n\t\t\t\t<\/div>\n\t\t\t\t\t<\/div>\n\t\t<\/div>\n\t\t\t\t\t<\/div>\n\t\t<\/section>\n\t\t\t\t<section class=\"elementor-section elementor-top-section elementor-element elementor-element-1f8ffa58 elementor-section-boxed elementor-section-height-default elementor-section-height-default\" data-id=\"1f8ffa58\" data-element_type=\"section\">\n\t\t\t\t\t\t<div class=\"elementor-container elementor-column-gap-default\">\n\t\t\t\t\t<div class=\"elementor-column elementor-col-100 elementor-top-column elementor-element elementor-element-382dc6f8\" data-id=\"382dc6f8\" data-element_type=\"column\">\n\t\t\t<div class=\"elementor-widget-wrap elementor-element-populated\">\n\t\t\t\t\t\t<div class=\"elementor-element elementor-element-2818eaa elementor-widget elementor-widget-gallery\" data-id=\"2818eaa\" data-element_type=\"widget\" data-settings=\"{&quot;gallery_layout&quot;:&quot;justified&quot;,&quot;lazyload&quot;:&quot;yes&quot;,&quot;ideal_row_height&quot;:{&quot;unit&quot;:&quot;px&quot;,&quot;size&quot;:200,&quot;sizes&quot;:[]},&quot;ideal_row_height_tablet&quot;:{&quot;unit&quot;:&quot;px&quot;,&quot;size&quot;:150,&quot;sizes&quot;:[]},&quot;ideal_row_height_mobile&quot;:{&quot;unit&quot;:&quot;px&quot;,&quot;size&quot;:150,&quot;sizes&quot;:[]},&quot;gap&quot;:{&quot;unit&quot;:&quot;px&quot;,&quot;size&quot;:10,&quot;sizes&quot;:[]},&quot;gap_tablet&quot;:{&quot;unit&quot;:&quot;px&quot;,&quot;size&quot;:10,&quot;sizes&quot;:[]},&quot;gap_mobile&quot;:{&quot;unit&quot;:&quot;px&quot;,&quot;size&quot;:10,&quot;sizes&quot;:[]},&quot;link_to&quot;:&quot;file&quot;,&quot;overlay_background&quot;:&quot;yes&quot;,&quot;content_hover_animation&quot;:&quot;fade-in&quot;}\" data-widget_type=\"gallery.default\">\n\t\t\t\t<div class=\"elementor-widget-container\">\n\t\t\t\t\t<div class=\"elementor-gallery__container\">\n\t\t\t\t\t\t\t<a class=\"e-gallery-item elementor-gallery-item elementor-animated-content\" href=\"https:\/\/transformarqroo.com\/wp-content\/uploads\/2023\/06\/BJ-05_06_231.jpg\" data-elementor-open-lightbox=\"yes\" data-elementor-lightbox-slideshow=\"2818eaa\" data-elementor-lightbox-title=\"BJ 05_06_23(1)\" data-e-action-hash=\"#elementor-action%3Aaction%3Dlightbox%26settings%3DeyJpZCI6MjMxMjksInVybCI6Imh0dHBzOlwvXC90cmFuc2Zvcm1hcnFyb28uY29tXC93cC1jb250ZW50XC91cGxvYWRzXC8yMDIzXC8wNlwvQkotMDVfMDZfMjMxLmpwZyIsInNsaWRlc2hvdyI6IjI4MThlYWEifQ%3D%3D\">\n\t\t\t\t\t<div class=\"e-gallery-image elementor-gallery-item__image\" data-thumbnail=\"https:\/\/transformarqroo.com\/wp-content\/uploads\/2023\/06\/BJ-05_06_231.jpg\" data-width=\"1280\" data-height=\"853\" aria-label=\"\" role=\"img\" ><\/div>\n\t\t\t\t\t\t\t\t\t\t\t<div class=\"elementor-gallery-item__overlay\"><\/div>\n\t\t\t\t\t\t\t\t\t\t\t\t\t\t<\/a>\n\t\t\t\t\t\t\t<a class=\"e-gallery-item elementor-gallery-item elementor-animated-content\" href=\"https:\/\/transformarqroo.com\/wp-content\/uploads\/2023\/06\/BJ-05_06_232.jpg\" data-elementor-open-lightbox=\"yes\" data-elementor-lightbox-slideshow=\"2818eaa\" data-elementor-lightbox-title=\"BJ 05_06_23(2)\" data-e-action-hash=\"#elementor-action%3Aaction%3Dlightbox%26settings%3DeyJpZCI6MjMxMzAsInVybCI6Imh0dHBzOlwvXC90cmFuc2Zvcm1hcnFyb28uY29tXC93cC1jb250ZW50XC91cGxvYWRzXC8yMDIzXC8wNlwvQkotMDVfMDZfMjMyLmpwZyIsInNsaWRlc2hvdyI6IjI4MThlYWEifQ%3D%3D\">\n\t\t\t\t\t<div class=\"e-gallery-image elementor-gallery-item__image\" data-thumbnail=\"https:\/\/transformarqroo.com\/wp-content\/uploads\/2023\/06\/BJ-05_06_232.jpg\" data-width=\"1280\" data-height=\"853\" aria-label=\"\" role=\"img\" ><\/div>\n\t\t\t\t\t\t\t\t\t\t\t<div class=\"elementor-gallery-item__overlay\"><\/div>\n\t\t\t\t\t\t\t\t\t\t\t\t\t\t<\/a>\n\t\t\t\t\t\t\t<a class=\"e-gallery-item elementor-gallery-item elementor-animated-content\" href=\"https:\/\/transformarqroo.com\/wp-content\/uploads\/2023\/06\/BJ-05_06_233.jpg\" data-elementor-open-lightbox=\"yes\" data-elementor-lightbox-slideshow=\"2818eaa\" data-elementor-lightbox-title=\"BJ 05_06_23(3)\" data-e-action-hash=\"#elementor-action%3Aaction%3Dlightbox%26settings%3DeyJpZCI6MjMxMzEsInVybCI6Imh0dHBzOlwvXC90cmFuc2Zvcm1hcnFyb28uY29tXC93cC1jb250ZW50XC91cGxvYWRzXC8yMDIzXC8wNlwvQkotMDVfMDZfMjMzLmpwZyIsInNsaWRlc2hvdyI6IjI4MThlYWEifQ%3D%3D\">\n\t\t\t\t\t<div class=\"e-gallery-image elementor-gallery-item__image\" data-thumbnail=\"https:\/\/transformarqroo.com\/wp-content\/uploads\/2023\/06\/BJ-05_06_233.jpg\" data-width=\"1280\" data-height=\"854\" aria-label=\"\" role=\"img\" ><\/div>\n\t\t\t\t\t\t\t\t\t\t\t<div class=\"elementor-gallery-item__overlay\"><\/div>\n\t\t\t\t\t\t\t\t\t\t\t\t\t\t<\/a>\n\t\t\t\t\t\t\t<a class=\"e-gallery-item elementor-gallery-item elementor-animated-content\" href=\"https:\/\/transformarqroo.com\/wp-content\/uploads\/2023\/06\/BJ-05_06_23.jpg\" data-elementor-open-lightbox=\"yes\" data-elementor-lightbox-slideshow=\"2818eaa\" data-elementor-lightbox-title=\"BJ 05_06_23\" data-e-action-hash=\"#elementor-action%3Aaction%3Dlightbox%26settings%3DeyJpZCI6MjMxMzIsInVybCI6Imh0dHBzOlwvXC90cmFuc2Zvcm1hcnFyb28uY29tXC93cC1jb250ZW50XC91cGxvYWRzXC8yMDIzXC8wNlwvQkotMDVfMDZfMjMuanBnIiwic2xpZGVzaG93IjoiMjgxOGVhYSJ9\">\n\t\t\t\t\t<div class=\"e-gallery-image elementor-gallery-item__image\" data-thumbnail=\"https:\/\/transformarqroo.com\/wp-content\/uploads\/2023\/06\/BJ-05_06_23.jpg\" data-width=\"1195\" data-height=\"649\" aria-label=\"\" role=\"img\" ><\/div>\n\t\t\t\t\t\t\t\t\t\t\t<div class=\"elementor-gallery-item__overlay\"><\/div>\n\t\t\t\t\t\t\t\t\t\t\t\t\t\t<\/a>\n\t\t\t\t\t<\/div>\n\t\t\t<\/div>\n\t\t\t\t<\/div>\n\t\t\t\t\t<\/div>\n\t\t<\/div>\n\t\t\t\t\t<\/div>\n\t\t<\/section>\n\t\t\t\t<\/div>\n\t\t","protected":false},"excerpt":{"rendered":"<p>La Presidenta Municipal instal\u00f3 el Comit\u00e9 Operativo Especializado en Fen\u00f3menos Hidrometeorol\u00f3gicos del Municipio de Benito Ju\u00e1rez, Temporada 2023.<\/p>\n","protected":false},"author":1,"featured_media":23132,"comment_status":"closed","ping_status":"closed","sticky":false,"template":"","format":"standard","meta":{"_FSMCFIC_featured_image_caption":"","_FSMCFIC_featured_image_nocaption":"","_FSMCFIC_featured_image_hide":"1","footnotes":""},"categories":[32,21],"tags":[63],"class_list":["post-23125","post","type-post","status-publish","format-standard","has-post-thumbnail","hentry","category-municipios","category-benito-juarez","tag-ana-patricia-peralta"],"aioseo_notices":[],"_links":{"self":[{"href":"https:\/\/transformarqroo.com\/index.php\/wp-json\/wp\/v2\/posts\/23125","targetHints":{"allow":["GET"]}}],"collection":[{"href":"https:\/\/transformarqroo.com\/index.php\/wp-json\/wp\/v2\/posts"}],"about":[{"href":"https:\/\/transformarqroo.com\/index.php\/wp-json\/wp\/v2\/types\/post"}],"author":[{"embeddable":true,"href":"https:\/\/transformarqroo.com\/index.php\/wp-json\/wp\/v2\/users\/1"}],"replies":[{"embeddable":true,"href":"https:\/\/transformarqroo.com\/index.php\/wp-json\/wp\/v2\/comments?post=23125"}],"version-history":[{"count":4,"href":"https:\/\/transformarqroo.com\/index.php\/wp-json\/wp\/v2\/posts\/23125\/revisions"}],"predecessor-version":[{"id":23140,"href":"https:\/\/transformarqroo.com\/index.php\/wp-json\/wp\/v2\/posts\/23125\/revisions\/23140"}],"wp:featuredmedia":[{"embeddable":true,"href":"https:\/\/transformarqroo.com\/index.php\/wp-json\/wp\/v2\/media\/23132"}],"wp:attachment":[{"href":"https:\/\/transformarqroo.com\/index.php\/wp-json\/wp\/v2\/media?parent=23125"}],"wp:term":[{"taxonomy":"category","embeddable":true,"href":"https:\/\/transformarqroo.com\/index.php\/wp-json\/wp\/v2\/categories?post=23125"},{"taxonomy":"post_tag","embeddable":true,"href":"https:\/\/transformarqroo.com\/index.php\/wp-json\/wp\/v2\/tags?post=23125"}],"curies":[{"name":"wp","href":"https:\/\/api.w.org\/{rel}","templated":true}]}}