{"id":23392,"date":"2023-06-12T18:31:06","date_gmt":"2023-06-12T23:31:06","guid":{"rendered":"https:\/\/transformarqroo.com\/?p=23392"},"modified":"2023-06-14T18:35:27","modified_gmt":"2023-06-14T23:35:27","slug":"habra-mano-de-obra-quintanarroense-calificada-y-profesional-para-el-tren-maya-mara-lezama-anuncia-nuevos-planes-de-educacion-para-jovenes","status":"publish","type":"post","link":"https:\/\/transformarqroo.com\/index.php\/2023\/06\/12\/habra-mano-de-obra-quintanarroense-calificada-y-profesional-para-el-tren-maya-mara-lezama-anuncia-nuevos-planes-de-educacion-para-jovenes\/","title":{"rendered":"\u2019\u2019HABR\u00c1 MANO DE OBRA QUINTANARROENSE CALIFICADA Y PROFESIONAL PARA EL TREN MAYA: MARA LEZAMA ANUNCIA NUEVOS PLANES DE EDUCACI\u00d3N PARA J\u00d3VENES\u2019\u2019"},"content":{"rendered":"\t\t<div data-elementor-type=\"wp-post\" data-elementor-id=\"23392\" class=\"elementor elementor-23392\" data-elementor-post-type=\"post\">\n\t\t\t\t\t\t<section class=\"elementor-section elementor-top-section elementor-element elementor-element-2ed54276 elementor-section-boxed elementor-section-height-default elementor-section-height-default\" data-id=\"2ed54276\" data-element_type=\"section\">\n\t\t\t\t\t\t<div class=\"elementor-container elementor-column-gap-default\">\n\t\t\t\t\t<div class=\"elementor-column elementor-col-100 elementor-top-column elementor-element elementor-element-5680a699\" data-id=\"5680a699\" data-element_type=\"column\">\n\t\t\t<div class=\"elementor-widget-wrap elementor-element-populated\">\n\t\t\t\t\t\t<div class=\"elementor-element elementor-element-7a027440 elementor-widget elementor-widget-premium-addon-banner\" data-id=\"7a027440\" data-element_type=\"widget\" data-widget_type=\"premium-addon-banner.default\">\n\t\t\t\t<div class=\"elementor-widget-container\">\n\t\t\t\t\t<div class=\"premium-banner-ib premium-banner-min-height premium-banner-animation7 none\">\r\n\t\t\t\t\t\t\t<div class=\"premium-banner-border\">\r\n\t\t\t\t\t<div class=\"premium-banner-br premium-banner-bleft premium-banner-brlr\"><\/div>\r\n\t\t\t\t\t<div class=\"premium-banner-br premium-banner-bright premium-banner-brlr\"><\/div>\r\n\t\t\t\t\t<div class=\"premium-banner-br premium-banner-btop premium-banner-brtb\"><\/div>\r\n\t\t\t\t\t<div class=\"premium-banner-br premium-banner-bottom premium-banner-brtb\"><\/div>\r\n\t\t\t\t<\/div>\r\n\t\t\t\t\t\t\t\t\t\t\t\t\t\t\t<img fetchpriority=\"high\" decoding=\"async\" width=\"1600\" height=\"1066\" src=\"https:\/\/transformarqroo.com\/wp-content\/uploads\/2023\/06\/GOB-12_06_23.jpg\" class=\"attachment-full size-full wp-image-23406\" alt=\"\" srcset=\"https:\/\/transformarqroo.com\/wp-content\/uploads\/2023\/06\/GOB-12_06_23.jpg 1600w, https:\/\/transformarqroo.com\/wp-content\/uploads\/2023\/06\/GOB-12_06_23-300x200.jpg 300w, https:\/\/transformarqroo.com\/wp-content\/uploads\/2023\/06\/GOB-12_06_23-1024x682.jpg 1024w, https:\/\/transformarqroo.com\/wp-content\/uploads\/2023\/06\/GOB-12_06_23-768x512.jpg 768w, https:\/\/transformarqroo.com\/wp-content\/uploads\/2023\/06\/GOB-12_06_23-1536x1023.jpg 1536w\" sizes=\"(max-width: 1600px) 100vw, 1600px\" \/>\t\t\t\t\t\t\t\t\t\t<div class=\"premium-banner-ib-desc\">\r\n\t\t\t\t\t\t\t\t\t<div class=\"premium-banner-desc-centered\">\r\n\t\t\t\t\t\t\t\t\t<h3 class=\"premium-banner-ib-title premium_banner_title\"><\/h3>\t\t\t\t\t\t\t\t\t\t\t\t\t<\/div>\r\n\t\t\t\t\t\t\t<\/div>\r\n\t\t\t\t\t<\/div>\r\n\t\t\t\t\t\t<\/div>\n\t\t\t\t<\/div>\n\t\t\t\t\t<\/div>\n\t\t<\/div>\n\t\t\t\t\t<\/div>\n\t\t<\/section>\n\t\t\t\t<section class=\"elementor-section elementor-top-section elementor-element elementor-element-506480d3 elementor-section-boxed elementor-section-height-default elementor-section-height-default\" data-id=\"506480d3\" data-element_type=\"section\" data-settings=\"{&quot;background_background&quot;:&quot;classic&quot;}\">\n\t\t\t\t\t\t<div class=\"elementor-container elementor-column-gap-default\">\n\t\t\t\t\t<div class=\"elementor-column elementor-col-100 elementor-top-column elementor-element elementor-element-4fadee06\" data-id=\"4fadee06\" data-element_type=\"column\">\n\t\t\t<div class=\"elementor-widget-wrap elementor-element-populated\">\n\t\t\t\t\t\t<div class=\"elementor-element elementor-element-ac25ecb premium-title-icon-row premium-title-color elementor-widget elementor-widget-premium-addon-title\" data-id=\"ac25ecb\" data-element_type=\"widget\" data-widget_type=\"premium-addon-title.default\">\n\t\t\t\t<div class=\"elementor-widget-container\">\n\t\t\t\r\n\t\t<div class=\"premium-title-container style2\">\r\n\t\t\t<h5 class=\"premium-title-header premium-title-style2\">\r\n\t\t\t\t\r\n\t\t\t\t\t\t\t\t\t\t\t\t\t\t\t<div class=\"premium-title-icon premium-lottie-animation\" data-lottie-url=\"https:\/\/assets8.lottiefiles.com\/packages\/lf20_pcfclxy8.json\" data-lottie-loop=\"true\" data-lottie-reverse=\"\"><\/div>\r\n\t\t\t\t\t\t\t\t\t\r\n\t\t\t\t\t\t\t\t\t\t\t\t<span class=\"premium-title-text\" >\r\n\t\t\t\t\t\u2019El Tren Maya son las v\u00edas de la educaci\u00f3n para las y los j\u00f3venes, para cortar las brechas de desigualdad\u2019\u2019, se\u00f1al\u00f3.\t\t\t\t<\/span>\r\n\t\t\t\t\t\r\n\t\t\t\t\t\t\t\t\t\t\t<\/h5>\r\n\t\t<\/div>\r\n\r\n\t\t\t\t<\/div>\n\t\t\t\t<\/div>\n\t\t\t\t\t<\/div>\n\t\t<\/div>\n\t\t\t\t\t<\/div>\n\t\t<\/section>\n\t\t\t\t<section class=\"elementor-section elementor-top-section elementor-element elementor-element-32009581 elementor-section-boxed elementor-section-height-default elementor-section-height-default\" data-id=\"32009581\" data-element_type=\"section\">\n\t\t\t\t\t\t<div class=\"elementor-container elementor-column-gap-default\">\n\t\t\t\t\t<div class=\"elementor-column elementor-col-100 elementor-top-column elementor-element elementor-element-5a0f6bff\" data-id=\"5a0f6bff\" data-element_type=\"column\">\n\t\t\t<div class=\"elementor-widget-wrap elementor-element-populated\">\n\t\t\t\t\t\t<div class=\"elementor-element elementor-element-73d580f9 elementor-widget elementor-widget-text-editor\" data-id=\"73d580f9\" data-element_type=\"widget\" data-widget_type=\"text-editor.default\">\n\t\t\t\t<div class=\"elementor-widget-container\">\n\t\t\t\t\t\t\t<p><span style=\"font-weight: 400;\">Ciudad de M\u00e9xico a 12 de junio del 2023.- La ma\u00f1ana de este lunes, la gobernadora Mara Lezama garantiz\u00f3 que la obra del Tren Maya es una obra de infraestructura que generar\u00e1 justicia social para todos los habitantes del suroeste del pa\u00eds a trav\u00e9s del desarrollo y de la distribuci\u00f3n de las riquezas, pero en especial mediante la apertura de nuevas y mejores oportunidades, *\u2018\u2019el tren maya es una obra de justicia social, esta obra va a distribuir m\u00e1s equitativamente la prosperidad que se genera\u2019\u2019.<\/span><\/p><p>\u00a0<\/p><p><span style=\"font-weight: 400;\">Al respecto, bajo la estrategia del Nuevo Acuerdo por el Bienestar y el Desarrollo de Quintana Roo, Lezama anunci\u00f3 la creaci\u00f3n de la *carrera t\u00e9cnica en Transporte Ferroviario en conjunto con el Colegio Nacional de Educaci\u00f3n Profesional T\u00e9cnica (CONALEP) a la que podr\u00e1n acceder desde agosto aproximadamente 160 estudiantes, con el objetivo de generar mano de obra profesionalizada, pero en especial *con la meta de cimentar un futuro prometedor para j\u00f3venes quintanarroenses.<\/span><\/p><p>\u00a0<\/p><p><span style=\"font-weight: 400;\">\u2018\u2019No existe precedente de una carrera en el sector ferroviario en Quintana Roo, por ello, decidimos presentar esta innovaci\u00f3n para estar en concordancia de lo que el proyecto del Tren Maya nos propone y nos ofrece\u2019\u2019, a\u00f1adi\u00f3.<\/span><\/p><p>\u00a0<\/p><p><span style=\"font-weight: 400;\">As\u00ed mismo, en colaboraci\u00f3n con el Tecnol\u00f3gico Nacional de M\u00e9xico en Canc\u00fan, alrededor de 55 estudiantes podr\u00e1n ingresar a la carrera en Ingenier\u00eda Ferroviaria, con la misi\u00f3n de formar profesionales con la capacidad de dise\u00f1ar, planear, supervisar e innovar en esta materia.<\/span><\/p><p>\u00a0<\/p><p><span style=\"font-weight: 400;\">Adem\u00e1s, con el prop\u00f3sito de generar t\u00e9cnicos en mantenimiento, supervisores, operadores, conductores, entre muchos otros profesionales ferroviarios en el norte, centro y sur de Quintana Roo, adem\u00e1s de los cursos presenciales, tambi\u00e9n la titular del ejecutivo estatal inform\u00f3 de la creaci\u00f3n del Programa de Educaci\u00f3n Superior a Distancia.<\/span><\/p><p>\u00a0<\/p><p><span style=\"font-weight: 400;\">\u2018\u2019A trav\u00e9s de esta alianza con el Tecnol\u00f3gico Nacional de M\u00e9xico, co-creamos el Programa Estatal de Educaci\u00f3n Superior a Distancia, para que la juventud contin\u00fae con su preparaci\u00f3n profesional ah\u00ed en sus lugares de origen, as\u00ed somos punta de lanza para que los j\u00f3venes de comunidades puedan seguir estudiando\u2019\u2019.<\/span><\/p><p>\u00a0<\/p><p><span style=\"font-weight: 400;\">Finalmente, Mara Lezama asever\u00f3 que con estas nuevas \u00e1reas de preparaci\u00f3n para las y los j\u00f3venes se abre un nuevo camino para generar mejores condiciones de vida, \u2018\u2019m\u00e1s all\u00e1 de los innumerables beneficios que tendr\u00e1 para el sureste mexicano, el Tren Maya debe ser entendido como un instrumento del sue\u00f1o de llevar la justicia social a todos los rincones de nuestro amado M\u00e9xico\u2019\u2019, concluy\u00f3.<\/span><\/p>\t\t\t\t\t\t<\/div>\n\t\t\t\t<\/div>\n\t\t\t\t\t<\/div>\n\t\t<\/div>\n\t\t\t\t\t<\/div>\n\t\t<\/section>\n\t\t\t\t<section class=\"elementor-section elementor-top-section elementor-element elementor-element-5c89cacb elementor-section-boxed elementor-section-height-default elementor-section-height-default\" data-id=\"5c89cacb\" data-element_type=\"section\">\n\t\t\t\t\t\t<div class=\"elementor-container elementor-column-gap-default\">\n\t\t\t\t\t<div class=\"elementor-column elementor-col-100 elementor-top-column elementor-element elementor-element-2179510\" data-id=\"2179510\" data-element_type=\"column\">\n\t\t\t<div class=\"elementor-widget-wrap elementor-element-populated\">\n\t\t\t\t\t\t<div class=\"elementor-element elementor-element-10b6b4be elementor-widget elementor-widget-gallery\" data-id=\"10b6b4be\" data-element_type=\"widget\" data-settings=\"{&quot;gallery_layout&quot;:&quot;justified&quot;,&quot;lazyload&quot;:&quot;yes&quot;,&quot;ideal_row_height&quot;:{&quot;unit&quot;:&quot;px&quot;,&quot;size&quot;:200,&quot;sizes&quot;:[]},&quot;ideal_row_height_tablet&quot;:{&quot;unit&quot;:&quot;px&quot;,&quot;size&quot;:150,&quot;sizes&quot;:[]},&quot;ideal_row_height_mobile&quot;:{&quot;unit&quot;:&quot;px&quot;,&quot;size&quot;:150,&quot;sizes&quot;:[]},&quot;gap&quot;:{&quot;unit&quot;:&quot;px&quot;,&quot;size&quot;:10,&quot;sizes&quot;:[]},&quot;gap_tablet&quot;:{&quot;unit&quot;:&quot;px&quot;,&quot;size&quot;:10,&quot;sizes&quot;:[]},&quot;gap_mobile&quot;:{&quot;unit&quot;:&quot;px&quot;,&quot;size&quot;:10,&quot;sizes&quot;:[]},&quot;link_to&quot;:&quot;file&quot;,&quot;overlay_background&quot;:&quot;yes&quot;,&quot;content_hover_animation&quot;:&quot;fade-in&quot;}\" data-widget_type=\"gallery.default\">\n\t\t\t\t<div class=\"elementor-widget-container\">\n\t\t\t\t\t<div class=\"elementor-gallery__container\">\n\t\t\t\t\t\t\t<a class=\"e-gallery-item elementor-gallery-item elementor-animated-content\" href=\"https:\/\/transformarqroo.com\/wp-content\/uploads\/2023\/06\/GOB-12_06_231.jpg\" data-elementor-open-lightbox=\"yes\" data-elementor-lightbox-slideshow=\"10b6b4be\" data-elementor-lightbox-title=\"GOB 12_06_23(1)\" data-e-action-hash=\"#elementor-action%3Aaction%3Dlightbox%26settings%3DeyJpZCI6MjM0MDQsInVybCI6Imh0dHBzOlwvXC90cmFuc2Zvcm1hcnFyb28uY29tXC93cC1jb250ZW50XC91cGxvYWRzXC8yMDIzXC8wNlwvR09CLTEyXzA2XzIzMS5qcGciLCJzbGlkZXNob3ciOiIxMGI2YjRiZSJ9\">\n\t\t\t\t\t<div class=\"e-gallery-image elementor-gallery-item__image\" data-thumbnail=\"https:\/\/transformarqroo.com\/wp-content\/uploads\/2023\/06\/GOB-12_06_231.jpg\" data-width=\"1600\" data-height=\"1066\" aria-label=\"\" role=\"img\" ><\/div>\n\t\t\t\t\t\t\t\t\t\t\t<div class=\"elementor-gallery-item__overlay\"><\/div>\n\t\t\t\t\t\t\t\t\t\t\t\t\t\t<\/a>\n\t\t\t\t\t\t\t<a class=\"e-gallery-item elementor-gallery-item elementor-animated-content\" href=\"https:\/\/transformarqroo.com\/wp-content\/uploads\/2023\/06\/GOB-12_06_232.jpg\" data-elementor-open-lightbox=\"yes\" data-elementor-lightbox-slideshow=\"10b6b4be\" data-elementor-lightbox-title=\"GOB 12_06_23(2)\" data-e-action-hash=\"#elementor-action%3Aaction%3Dlightbox%26settings%3DeyJpZCI6MjM0MDUsInVybCI6Imh0dHBzOlwvXC90cmFuc2Zvcm1hcnFyb28uY29tXC93cC1jb250ZW50XC91cGxvYWRzXC8yMDIzXC8wNlwvR09CLTEyXzA2XzIzMi5qcGciLCJzbGlkZXNob3ciOiIxMGI2YjRiZSJ9\">\n\t\t\t\t\t<div class=\"e-gallery-image elementor-gallery-item__image\" data-thumbnail=\"https:\/\/transformarqroo.com\/wp-content\/uploads\/2023\/06\/GOB-12_06_232.jpg\" data-width=\"1600\" data-height=\"1066\" aria-label=\"\" role=\"img\" ><\/div>\n\t\t\t\t\t\t\t\t\t\t\t<div class=\"elementor-gallery-item__overlay\"><\/div>\n\t\t\t\t\t\t\t\t\t\t\t\t\t\t<\/a>\n\t\t\t\t\t\t\t<a class=\"e-gallery-item elementor-gallery-item elementor-animated-content\" href=\"https:\/\/transformarqroo.com\/wp-content\/uploads\/2023\/06\/GOB-12_06_23.jpg\" data-elementor-open-lightbox=\"yes\" data-elementor-lightbox-slideshow=\"10b6b4be\" data-elementor-lightbox-title=\"GOB 12_06_23\" data-e-action-hash=\"#elementor-action%3Aaction%3Dlightbox%26settings%3DeyJpZCI6MjM0MDYsInVybCI6Imh0dHBzOlwvXC90cmFuc2Zvcm1hcnFyb28uY29tXC93cC1jb250ZW50XC91cGxvYWRzXC8yMDIzXC8wNlwvR09CLTEyXzA2XzIzLmpwZyIsInNsaWRlc2hvdyI6IjEwYjZiNGJlIn0%3D\">\n\t\t\t\t\t<div class=\"e-gallery-image elementor-gallery-item__image\" data-thumbnail=\"https:\/\/transformarqroo.com\/wp-content\/uploads\/2023\/06\/GOB-12_06_23.jpg\" data-width=\"1600\" data-height=\"1066\" aria-label=\"\" role=\"img\" ><\/div>\n\t\t\t\t\t\t\t\t\t\t\t<div class=\"elementor-gallery-item__overlay\"><\/div>\n\t\t\t\t\t\t\t\t\t\t\t\t\t\t<\/a>\n\t\t\t\t\t<\/div>\n\t\t\t<\/div>\n\t\t\t\t<\/div>\n\t\t\t\t\t<\/div>\n\t\t<\/div>\n\t\t\t\t\t<\/div>\n\t\t<\/section>\n\t\t\t\t<\/div>\n\t\t","protected":false},"excerpt":{"rendered":"<p>\u2019El Tren Maya son las v\u00edas de la educaci\u00f3n para las y los j\u00f3venes, para cortar las brechas de desigualdad\u2019\u2019, se\u00f1al\u00f3.<\/p>\n","protected":false},"author":1,"featured_media":23406,"comment_status":"closed","ping_status":"closed","sticky":false,"template":"","format":"standard","meta":{"_FSMCFIC_featured_image_caption":"","_FSMCFIC_featured_image_nocaption":"","_FSMCFIC_featured_image_hide":"1","footnotes":""},"categories":[38,32],"tags":[12],"class_list":["post-23392","post","type-post","status-publish","format-standard","has-post-thumbnail","hentry","category-gobierno-del-estado","category-municipios","tag-mara-lezama"],"aioseo_notices":[],"_links":{"self":[{"href":"https:\/\/transformarqroo.com\/index.php\/wp-json\/wp\/v2\/posts\/23392","targetHints":{"allow":["GET"]}}],"collection":[{"href":"https:\/\/transformarqroo.com\/index.php\/wp-json\/wp\/v2\/posts"}],"about":[{"href":"https:\/\/transformarqroo.com\/index.php\/wp-json\/wp\/v2\/types\/post"}],"author":[{"embeddable":true,"href":"https:\/\/transformarqroo.com\/index.php\/wp-json\/wp\/v2\/users\/1"}],"replies":[{"embeddable":true,"href":"https:\/\/transformarqroo.com\/index.php\/wp-json\/wp\/v2\/comments?post=23392"}],"version-history":[{"count":4,"href":"https:\/\/transformarqroo.com\/index.php\/wp-json\/wp\/v2\/posts\/23392\/revisions"}],"predecessor-version":[{"id":23423,"href":"https:\/\/transformarqroo.com\/index.php\/wp-json\/wp\/v2\/posts\/23392\/revisions\/23423"}],"wp:featuredmedia":[{"embeddable":true,"href":"https:\/\/transformarqroo.com\/index.php\/wp-json\/wp\/v2\/media\/23406"}],"wp:attachment":[{"href":"https:\/\/transformarqroo.com\/index.php\/wp-json\/wp\/v2\/media?parent=23392"}],"wp:term":[{"taxonomy":"category","embeddable":true,"href":"https:\/\/transformarqroo.com\/index.php\/wp-json\/wp\/v2\/categories?post=23392"},{"taxonomy":"post_tag","embeddable":true,"href":"https:\/\/transformarqroo.com\/index.php\/wp-json\/wp\/v2\/tags?post=23392"}],"curies":[{"name":"wp","href":"https:\/\/api.w.org\/{rel}","templated":true}]}}