{"id":23872,"date":"2023-06-19T10:21:28","date_gmt":"2023-06-19T15:21:28","guid":{"rendered":"https:\/\/transformarqroo.com\/?p=23872"},"modified":"2023-06-21T10:22:54","modified_gmt":"2023-06-21T15:22:54","slug":"toma-protesta-lili-campos-como-presidenta-de-la-asociacion-nacional-de-municipios-turisticos","status":"publish","type":"post","link":"https:\/\/transformarqroo.com\/index.php\/2023\/06\/19\/toma-protesta-lili-campos-como-presidenta-de-la-asociacion-nacional-de-municipios-turisticos\/","title":{"rendered":"TOMA PROTESTA LILI CAMPOS COMO PRESIDENTA DE LA ASOCIACI\u00d3N NACIONAL DE MUNICIPIOS TUR\u00cdSTICOS"},"content":{"rendered":"\t\t<div data-elementor-type=\"wp-post\" data-elementor-id=\"23872\" class=\"elementor elementor-23872\" data-elementor-post-type=\"post\">\n\t\t\t\t\t\t<section class=\"elementor-section elementor-top-section elementor-element elementor-element-47f19c13 elementor-section-boxed elementor-section-height-default elementor-section-height-default\" data-id=\"47f19c13\" data-element_type=\"section\">\n\t\t\t\t\t\t<div class=\"elementor-container elementor-column-gap-default\">\n\t\t\t\t\t<div class=\"elementor-column elementor-col-100 elementor-top-column elementor-element elementor-element-793595d\" data-id=\"793595d\" data-element_type=\"column\">\n\t\t\t<div class=\"elementor-widget-wrap elementor-element-populated\">\n\t\t\t\t\t\t<div class=\"elementor-element elementor-element-1a3886c9 elementor-widget elementor-widget-premium-addon-banner\" data-id=\"1a3886c9\" data-element_type=\"widget\" data-widget_type=\"premium-addon-banner.default\">\n\t\t\t\t<div class=\"elementor-widget-container\">\n\t\t\t\t\t<div class=\"premium-banner-ib premium-banner-min-height premium-banner-animation7 none\">\r\n\t\t\t\t\t\t\t<div class=\"premium-banner-border\">\r\n\t\t\t\t\t<div class=\"premium-banner-br premium-banner-bleft premium-banner-brlr\"><\/div>\r\n\t\t\t\t\t<div class=\"premium-banner-br premium-banner-bright premium-banner-brlr\"><\/div>\r\n\t\t\t\t\t<div class=\"premium-banner-br premium-banner-btop premium-banner-brtb\"><\/div>\r\n\t\t\t\t\t<div class=\"premium-banner-br premium-banner-bottom premium-banner-brtb\"><\/div>\r\n\t\t\t\t<\/div>\r\n\t\t\t\t\t\t\t\t\t\t\t\t\t\t\t<img fetchpriority=\"high\" decoding=\"async\" width=\"1280\" height=\"960\" src=\"https:\/\/transformarqroo.com\/wp-content\/uploads\/2023\/06\/Solidaridad-19_06_23.jpg\" class=\"attachment-full size-full wp-image-23876\" alt=\"\" srcset=\"https:\/\/transformarqroo.com\/wp-content\/uploads\/2023\/06\/Solidaridad-19_06_23.jpg 1280w, https:\/\/transformarqroo.com\/wp-content\/uploads\/2023\/06\/Solidaridad-19_06_23-300x225.jpg 300w, https:\/\/transformarqroo.com\/wp-content\/uploads\/2023\/06\/Solidaridad-19_06_23-1024x768.jpg 1024w, https:\/\/transformarqroo.com\/wp-content\/uploads\/2023\/06\/Solidaridad-19_06_23-768x576.jpg 768w\" sizes=\"(max-width: 1280px) 100vw, 1280px\" \/>\t\t\t\t\t\t\t\t\t\t<div class=\"premium-banner-ib-desc\">\r\n\t\t\t\t\t\t\t\t\t<div class=\"premium-banner-desc-centered\">\r\n\t\t\t\t\t\t\t\t\t<h3 class=\"premium-banner-ib-title premium_banner_title\"><\/h3>\t\t\t\t\t\t\t\t\t\t\t\t\t<\/div>\r\n\t\t\t\t\t\t\t<\/div>\r\n\t\t\t\t\t<\/div>\r\n\t\t\t\t\t\t<\/div>\n\t\t\t\t<\/div>\n\t\t\t\t\t<\/div>\n\t\t<\/div>\n\t\t\t\t\t<\/div>\n\t\t<\/section>\n\t\t\t\t<section class=\"elementor-section elementor-top-section elementor-element elementor-element-1e78fb31 elementor-section-boxed elementor-section-height-default elementor-section-height-default\" data-id=\"1e78fb31\" data-element_type=\"section\">\n\t\t\t\t\t\t<div class=\"elementor-container elementor-column-gap-default\">\n\t\t\t\t\t<div class=\"elementor-column elementor-col-100 elementor-top-column elementor-element elementor-element-369eb01c\" data-id=\"369eb01c\" data-element_type=\"column\">\n\t\t\t<div class=\"elementor-widget-wrap elementor-element-populated\">\n\t\t\t\t\t\t<div class=\"elementor-element elementor-element-4f829506 elementor-widget elementor-widget-text-editor\" data-id=\"4f829506\" data-element_type=\"widget\" data-widget_type=\"text-editor.default\">\n\t\t\t\t<div class=\"elementor-widget-container\">\n\t\t\t\t\t\t\t<p><span style=\"font-weight: 400;\">Ciudad de M\u00e9xico, 19 de junio del 2023.-El subsecretario de Turismo del Gobierno de M\u00e9xico Humberto Hern\u00e1ndez Haddad, tom\u00f3 protesta a Lili Campos como presidenta de la nueva Mesa Directiva de la Asociaci\u00f3n Nacional de Municipios Tur\u00edsticos (ANAMTUR) 2023- 2024, evento que se llev\u00f3 a cabo en la Secretar\u00eda de Turismo Federal en la Ciudad de M\u00e9xico.<\/span><\/p><p>\u00a0<\/p><p><span style=\"font-weight: 400;\">Lili Campos durante la toma de protesta manifest\u00f3 que \u201cHay mucho por hacer en materia tur\u00edstica por M\u00e9xico, ya que, es uno de los tesoros tur\u00edsticos del mundo, con un mosaico de opciones y alternativas para todos los gustos, esa diversificaci\u00f3n nos posiciona en un lugar privilegiado tur\u00edsticamente, con una diversidad milenaria\u201d.<\/span><\/p><p>\u00a0<\/p><p><span style=\"font-weight: 400;\">La edil comparti\u00f3 que \u201cen M\u00e9xico disponemos de una rica y diversa cultura ancestral que es conocida en todo el mundo, de tradiciones bien enraizadas en nuestras sociedades. Tenemos grandes ciudades, selvas, cenotes, playas inigualables, desiertos, una fauna muy diversa, Pueblos M\u00e1gicos, zonas arqueol\u00f3gicas, y mucho m\u00e1s\u201d.<\/span><\/p><p>\u00a0<\/p><p><span style=\"font-weight: 400;\">Aunque seamos el mismo pa\u00eds, somos pluriculturales, \u201ctan solo en Quintana Roo, somos 11 municipios y todos tan diversos. En Solidaridad por ejemplo hay muchas personas de otros pa\u00edses que han decidido hacer del municipio su casa, su hogar, su familia\u201d, dijo Lili Campos.<\/span><\/p><p>\u00a0<\/p><p><span style=\"font-weight: 400;\">Por su parte el subsecretario de Turismo del Gobierno de M\u00e9xico Humberto Hern\u00e1ndez Haddad, recalc\u00f3 que se continuar\u00e1 trabajando de la mano con la ANMTUR, ahora encabezada por Lili Campos, as\u00ed como las diferentes autoridades federales en materia tur\u00edstica, y reforzar este importante sector econ\u00f3mico del pa\u00eds.<\/span><\/p><p><span style=\"font-weight: 400;\">Finalmente, durante el evento, donde tambi\u00e9n se cont\u00f3 con la presencia de Sergio Arredondo, secretario general de la Conferencia Nacional de Municipios de M\u00e9xico (CONAMM), anunciaron que este a\u00f1o Solidaridad ser\u00e1 sede de la Cumbre Iberoamericana de Ciudades Tur\u00edsticas.<\/span><\/p>\t\t\t\t\t\t<\/div>\n\t\t\t\t<\/div>\n\t\t\t\t\t<\/div>\n\t\t<\/div>\n\t\t\t\t\t<\/div>\n\t\t<\/section>\n\t\t\t\t<section class=\"elementor-section elementor-top-section elementor-element elementor-element-35d2bb8a elementor-section-boxed elementor-section-height-default elementor-section-height-default\" data-id=\"35d2bb8a\" data-element_type=\"section\">\n\t\t\t\t\t\t<div class=\"elementor-container elementor-column-gap-default\">\n\t\t\t\t\t<div class=\"elementor-column elementor-col-100 elementor-top-column elementor-element elementor-element-77b3b010\" data-id=\"77b3b010\" data-element_type=\"column\">\n\t\t\t<div class=\"elementor-widget-wrap elementor-element-populated\">\n\t\t\t\t\t\t<div class=\"elementor-element elementor-element-1c733c7f elementor-widget elementor-widget-gallery\" data-id=\"1c733c7f\" data-element_type=\"widget\" data-settings=\"{&quot;gallery_layout&quot;:&quot;justified&quot;,&quot;lazyload&quot;:&quot;yes&quot;,&quot;ideal_row_height&quot;:{&quot;unit&quot;:&quot;px&quot;,&quot;size&quot;:200,&quot;sizes&quot;:[]},&quot;ideal_row_height_tablet&quot;:{&quot;unit&quot;:&quot;px&quot;,&quot;size&quot;:150,&quot;sizes&quot;:[]},&quot;ideal_row_height_mobile&quot;:{&quot;unit&quot;:&quot;px&quot;,&quot;size&quot;:150,&quot;sizes&quot;:[]},&quot;gap&quot;:{&quot;unit&quot;:&quot;px&quot;,&quot;size&quot;:10,&quot;sizes&quot;:[]},&quot;gap_tablet&quot;:{&quot;unit&quot;:&quot;px&quot;,&quot;size&quot;:10,&quot;sizes&quot;:[]},&quot;gap_mobile&quot;:{&quot;unit&quot;:&quot;px&quot;,&quot;size&quot;:10,&quot;sizes&quot;:[]},&quot;link_to&quot;:&quot;file&quot;,&quot;overlay_background&quot;:&quot;yes&quot;,&quot;content_hover_animation&quot;:&quot;fade-in&quot;}\" data-widget_type=\"gallery.default\">\n\t\t\t\t<div class=\"elementor-widget-container\">\n\t\t\t\t\t<div class=\"elementor-gallery__container\">\n\t\t\t\t\t\t\t<a class=\"e-gallery-item elementor-gallery-item elementor-animated-content\" href=\"https:\/\/transformarqroo.com\/wp-content\/uploads\/2023\/06\/Solidaridad-19_06_231.jpg\" data-elementor-open-lightbox=\"yes\" data-elementor-lightbox-slideshow=\"1c733c7f\" data-elementor-lightbox-title=\"Solidaridad 19_06_23(1)\" data-e-action-hash=\"#elementor-action%3Aaction%3Dlightbox%26settings%3DeyJpZCI6MjM4NzQsInVybCI6Imh0dHBzOlwvXC90cmFuc2Zvcm1hcnFyb28uY29tXC93cC1jb250ZW50XC91cGxvYWRzXC8yMDIzXC8wNlwvU29saWRhcmlkYWQtMTlfMDZfMjMxLmpwZyIsInNsaWRlc2hvdyI6IjFjNzMzYzdmIn0%3D\">\n\t\t\t\t\t<div class=\"e-gallery-image elementor-gallery-item__image\" data-thumbnail=\"https:\/\/transformarqroo.com\/wp-content\/uploads\/2023\/06\/Solidaridad-19_06_231.jpg\" data-width=\"1280\" data-height=\"720\" aria-label=\"\" role=\"img\" ><\/div>\n\t\t\t\t\t\t\t\t\t\t\t<div class=\"elementor-gallery-item__overlay\"><\/div>\n\t\t\t\t\t\t\t\t\t\t\t\t\t\t<\/a>\n\t\t\t\t\t\t\t<a class=\"e-gallery-item elementor-gallery-item elementor-animated-content\" href=\"https:\/\/transformarqroo.com\/wp-content\/uploads\/2023\/06\/Solidaridad-19_06_232.jpg\" data-elementor-open-lightbox=\"yes\" data-elementor-lightbox-slideshow=\"1c733c7f\" data-elementor-lightbox-title=\"Solidaridad 19_06_23(2)\" data-e-action-hash=\"#elementor-action%3Aaction%3Dlightbox%26settings%3DeyJpZCI6MjM4NzUsInVybCI6Imh0dHBzOlwvXC90cmFuc2Zvcm1hcnFyb28uY29tXC93cC1jb250ZW50XC91cGxvYWRzXC8yMDIzXC8wNlwvU29saWRhcmlkYWQtMTlfMDZfMjMyLmpwZyIsInNsaWRlc2hvdyI6IjFjNzMzYzdmIn0%3D\">\n\t\t\t\t\t<div class=\"e-gallery-image elementor-gallery-item__image\" data-thumbnail=\"https:\/\/transformarqroo.com\/wp-content\/uploads\/2023\/06\/Solidaridad-19_06_232.jpg\" data-width=\"1280\" data-height=\"719\" aria-label=\"\" role=\"img\" ><\/div>\n\t\t\t\t\t\t\t\t\t\t\t<div class=\"elementor-gallery-item__overlay\"><\/div>\n\t\t\t\t\t\t\t\t\t\t\t\t\t\t<\/a>\n\t\t\t\t\t\t\t<a class=\"e-gallery-item elementor-gallery-item elementor-animated-content\" href=\"https:\/\/transformarqroo.com\/wp-content\/uploads\/2023\/06\/Solidaridad-19_06_23.jpg\" data-elementor-open-lightbox=\"yes\" data-elementor-lightbox-slideshow=\"1c733c7f\" data-elementor-lightbox-title=\"Solidaridad 19_06_23\" data-e-action-hash=\"#elementor-action%3Aaction%3Dlightbox%26settings%3DeyJpZCI6MjM4NzYsInVybCI6Imh0dHBzOlwvXC90cmFuc2Zvcm1hcnFyb28uY29tXC93cC1jb250ZW50XC91cGxvYWRzXC8yMDIzXC8wNlwvU29saWRhcmlkYWQtMTlfMDZfMjMuanBnIiwic2xpZGVzaG93IjoiMWM3MzNjN2YifQ%3D%3D\">\n\t\t\t\t\t<div class=\"e-gallery-image elementor-gallery-item__image\" data-thumbnail=\"https:\/\/transformarqroo.com\/wp-content\/uploads\/2023\/06\/Solidaridad-19_06_23.jpg\" data-width=\"1280\" data-height=\"960\" aria-label=\"\" role=\"img\" ><\/div>\n\t\t\t\t\t\t\t\t\t\t\t<div class=\"elementor-gallery-item__overlay\"><\/div>\n\t\t\t\t\t\t\t\t\t\t\t\t\t\t<\/a>\n\t\t\t\t\t<\/div>\n\t\t\t<\/div>\n\t\t\t\t<\/div>\n\t\t\t\t\t<\/div>\n\t\t<\/div>\n\t\t\t\t\t<\/div>\n\t\t<\/section>\n\t\t\t\t<\/div>\n\t\t","protected":false},"excerpt":{"rendered":"<p>Ciudad de M\u00e9xico, 19 de junio del 2023.-El subsecretario de Turismo del Gobierno de M\u00e9xico Humberto Hern\u00e1ndez Haddad, tom\u00f3 protesta a Lili Campos como presidenta de la nueva Mesa Directiva de la Asociaci\u00f3n Nacional de Municipios Tur\u00edsticos (ANAMTUR) 2023- 2024, evento que se llev\u00f3 a cabo en la Secretar\u00eda de Turismo Federal en la Ciudad [&hellip;]<\/p>\n","protected":false},"author":1,"featured_media":23876,"comment_status":"closed","ping_status":"closed","sticky":false,"template":"","format":"standard","meta":{"_FSMCFIC_featured_image_caption":"","_FSMCFIC_featured_image_nocaption":"","_FSMCFIC_featured_image_hide":"1","footnotes":""},"categories":[32,30],"tags":[36],"class_list":["post-23872","post","type-post","status-publish","format-standard","has-post-thumbnail","hentry","category-municipios","category-solidaridad","tag-lili-campos-miranda"],"aioseo_notices":[],"_links":{"self":[{"href":"https:\/\/transformarqroo.com\/index.php\/wp-json\/wp\/v2\/posts\/23872","targetHints":{"allow":["GET"]}}],"collection":[{"href":"https:\/\/transformarqroo.com\/index.php\/wp-json\/wp\/v2\/posts"}],"about":[{"href":"https:\/\/transformarqroo.com\/index.php\/wp-json\/wp\/v2\/types\/post"}],"author":[{"embeddable":true,"href":"https:\/\/transformarqroo.com\/index.php\/wp-json\/wp\/v2\/users\/1"}],"replies":[{"embeddable":true,"href":"https:\/\/transformarqroo.com\/index.php\/wp-json\/wp\/v2\/comments?post=23872"}],"version-history":[{"count":4,"href":"https:\/\/transformarqroo.com\/index.php\/wp-json\/wp\/v2\/posts\/23872\/revisions"}],"predecessor-version":[{"id":23885,"href":"https:\/\/transformarqroo.com\/index.php\/wp-json\/wp\/v2\/posts\/23872\/revisions\/23885"}],"wp:featuredmedia":[{"embeddable":true,"href":"https:\/\/transformarqroo.com\/index.php\/wp-json\/wp\/v2\/media\/23876"}],"wp:attachment":[{"href":"https:\/\/transformarqroo.com\/index.php\/wp-json\/wp\/v2\/media?parent=23872"}],"wp:term":[{"taxonomy":"category","embeddable":true,"href":"https:\/\/transformarqroo.com\/index.php\/wp-json\/wp\/v2\/categories?post=23872"},{"taxonomy":"post_tag","embeddable":true,"href":"https:\/\/transformarqroo.com\/index.php\/wp-json\/wp\/v2\/tags?post=23872"}],"curies":[{"name":"wp","href":"https:\/\/api.w.org\/{rel}","templated":true}]}}