{"id":26392,"date":"2023-09-02T20:57:04","date_gmt":"2023-09-03T01:57:04","guid":{"rendered":"https:\/\/transformarqroo.com\/?p=26392"},"modified":"2023-09-02T20:58:58","modified_gmt":"2023-09-03T01:58:58","slug":"inician-actividades-del-mes-patrio-en-isla-mujeres-con-el-encendido-de-luces-del-palacio-municipal","status":"publish","type":"post","link":"https:\/\/transformarqroo.com\/index.php\/2023\/09\/02\/inician-actividades-del-mes-patrio-en-isla-mujeres-con-el-encendido-de-luces-del-palacio-municipal\/","title":{"rendered":"INICIAN ACTIVIDADES DEL MES PATRIO EN ISLA MUJERES CON EL ENCENDIDO DE LUCES DEL PALACIO MUNICIPAL"},"content":{"rendered":"\t\t<div data-elementor-type=\"wp-post\" data-elementor-id=\"26392\" class=\"elementor elementor-26392\" data-elementor-post-type=\"post\">\n\t\t\t\t\t\t<section class=\"elementor-section elementor-top-section elementor-element elementor-element-54e5c09 elementor-section-boxed elementor-section-height-default elementor-section-height-default\" data-id=\"54e5c09\" data-element_type=\"section\">\n\t\t\t\t\t\t<div class=\"elementor-container elementor-column-gap-default\">\n\t\t\t\t\t<div class=\"elementor-column elementor-col-66 elementor-top-column elementor-element elementor-element-bf91610\" data-id=\"bf91610\" data-element_type=\"column\">\n\t\t\t<div class=\"elementor-widget-wrap elementor-element-populated\">\n\t\t\t\t\t\t<div class=\"elementor-element elementor-element-69b31c85 elementor-widget elementor-widget-premium-addon-banner\" data-id=\"69b31c85\" data-element_type=\"widget\" data-widget_type=\"premium-addon-banner.default\">\n\t\t\t\t<div class=\"elementor-widget-container\">\n\t\t\t\t\t<div class=\"premium-banner-ib premium-banner-min-height premium-banner-animation7 none\">\r\n\t\t\t\t\t\t\t<div class=\"premium-banner-border\">\r\n\t\t\t\t\t<div class=\"premium-banner-br premium-banner-bleft premium-banner-brlr\"><\/div>\r\n\t\t\t\t\t<div class=\"premium-banner-br premium-banner-bright premium-banner-brlr\"><\/div>\r\n\t\t\t\t\t<div class=\"premium-banner-br premium-banner-btop premium-banner-brtb\"><\/div>\r\n\t\t\t\t\t<div class=\"premium-banner-br premium-banner-bottom premium-banner-brtb\"><\/div>\r\n\t\t\t\t<\/div>\r\n\t\t\t\t\t\t\t\t\t\t\t\t\t\t\t<img fetchpriority=\"high\" decoding=\"async\" width=\"1368\" height=\"912\" src=\"https:\/\/transformarqroo.com\/wp-content\/uploads\/2023\/09\/Isla-02_09_232.jpg\" class=\"attachment-full size-full wp-image-26410\" alt=\"\" srcset=\"https:\/\/transformarqroo.com\/wp-content\/uploads\/2023\/09\/Isla-02_09_232.jpg 1368w, https:\/\/transformarqroo.com\/wp-content\/uploads\/2023\/09\/Isla-02_09_232-300x200.jpg 300w, https:\/\/transformarqroo.com\/wp-content\/uploads\/2023\/09\/Isla-02_09_232-1024x683.jpg 1024w, https:\/\/transformarqroo.com\/wp-content\/uploads\/2023\/09\/Isla-02_09_232-768x512.jpg 768w\" sizes=\"(max-width: 1368px) 100vw, 1368px\" \/>\t\t\t\t\t\t\t\t\t\t<div class=\"premium-banner-ib-desc\">\r\n\t\t\t\t\t\t\t\t\t<div class=\"premium-banner-desc-centered\">\r\n\t\t\t\t\t\t\t\t\t<h3 class=\"premium-banner-ib-title premium_banner_title\"><\/h3>\t\t\t\t\t\t\t\t\t\t\t\t\t<\/div>\r\n\t\t\t\t\t\t\t<\/div>\r\n\t\t\t\t\t<\/div>\r\n\t\t\t\t\t\t<\/div>\n\t\t\t\t<\/div>\n\t\t\t\t\t<\/div>\n\t\t<\/div>\n\t\t\t\t<div class=\"elementor-column elementor-col-33 elementor-top-column elementor-element elementor-element-c1bbe4a\" data-id=\"c1bbe4a\" data-element_type=\"column\">\n\t\t\t<div class=\"elementor-widget-wrap elementor-element-populated\">\n\t\t\t\t\t\t<div class=\"elementor-element elementor-element-3eae56e elementor-widget elementor-widget-text-editor\" data-id=\"3eae56e\" data-element_type=\"widget\" data-widget_type=\"text-editor.default\">\n\t\t\t\t<div class=\"elementor-widget-container\">\n\t\t\t\t\t\t\t<p><span style=\"font-weight: 400;\">Isla Mujeres, Quintana Roo, a 2 de septiembre de 2023. &#8211; Con el encendido de luces del Palacio Municipal, iniciaron las actividades conmemorativas al mes patrio, que el Gobierno que encabeza la alcaldesa Atenea Gomez Ricalde, organiza a trav\u00e9s de la Direcci\u00f3n de Cultura.<\/span><\/p>\t\t\t\t\t\t<\/div>\n\t\t\t\t<\/div>\n\t\t\t\t\t<\/div>\n\t\t<\/div>\n\t\t\t\t\t<\/div>\n\t\t<\/section>\n\t\t\t\t<section class=\"elementor-section elementor-top-section elementor-element elementor-element-646cab35 elementor-section-boxed elementor-section-height-default elementor-section-height-default\" data-id=\"646cab35\" data-element_type=\"section\">\n\t\t\t\t\t\t<div class=\"elementor-container elementor-column-gap-default\">\n\t\t\t\t\t<div class=\"elementor-column elementor-col-100 elementor-top-column elementor-element elementor-element-2d95c1de\" data-id=\"2d95c1de\" data-element_type=\"column\">\n\t\t\t<div class=\"elementor-widget-wrap elementor-element-populated\">\n\t\t\t\t\t\t<div class=\"elementor-element elementor-element-3c5d73d3 elementor-widget elementor-widget-text-editor\" data-id=\"3c5d73d3\" data-element_type=\"widget\" data-widget_type=\"text-editor.default\">\n\t\t\t\t<div class=\"elementor-widget-container\">\n\t\t\t\t\t\t\t<p><span style=\"font-weight: 400;\">Cientos de familias isle\u00f1as y turistas se congregaron en la Explanada Municipal para disfrutar del programa cultural de la noche, donde tambi\u00e9n fueron presentadas las Embajadoras del Mes Patrio.<\/span><\/p><p>\u00a0<\/p><p><span style=\"font-weight: 400;\">Leilany Belem Rosado Ceme fue la Embajadora de la Libertad; Elizabeth Barros Galue represent\u00f3 la Independencia y la joven Indira Maryluz Coral Romero, fue la Embajadora de la Patria.<\/span><\/p><p>\u00a0<\/p><p><span style=\"font-weight: 400;\">Asimismo, fueron presentadas las Embajadoras del Mes Patrio del Adulto Mayor;\u00a0 Aurora Rodr\u00edguez Castro como Embajadora de la Libertad; Francisca Jim\u00e9nez Caamal, como representante de la Independencia y Edilta del Socorro Polanco Chuc, como embajadora de la Patria.<\/span><\/p><p>\u00a0<\/p><p><span style=\"font-weight: 400;\">La presentaci\u00f3n de las Embajadoras del Mes Patrio Juvenil, tambi\u00e9n form\u00f3 parte del evento. Valeria Morales Chi fue la Embajadora de la Libertad; Maylin Leilany Osorio Trejo represent\u00f3 la Independencia y Laura Isabel Osorio Rueda fue la Embajadora de la Patria.<\/span><\/p><p>\u00a0<\/p><p><span style=\"font-weight: 400;\">El programa cultural incluy\u00f3 la participaci\u00f3n de grupos de danza folkl\u00f3rica, en los que estudiantes de la Escuela Primaria Julio Sauri y la Escuela Primaria Cesar Mendoza demostraron su talento, adem\u00e1s de las agrupaciones Al son del Coraz\u00f3n, Alma Caribe\u00f1a y Tumben kiin.<\/span><\/p><p>\u00a0<\/p><p><span style=\"font-weight: 400;\">El encendido de las luces patrias fue amenizado tambi\u00e9n los cantantes Juan N\u00fa\u00f1ez, Carlos Pat, Edgar Mena y Blanca Rocabado, quienes ofrecieron un repertorio musical para el deleite de los presentes.<\/span><\/p><p>\u00a0<\/p><p><span style=\"font-weight: 400;\">Este evento destaca el compromiso y el impulso de Atenea G\u00f3mez Ricalde hacia la comunidad isle\u00f1a, con el objetivo de mantener vivas las tradiciones y promocionar la cultura y la celebraci\u00f3n de las Fiestas Patrias con motivo de la Independencia de M\u00e9xico en el municipio.<\/span><\/p>\t\t\t\t\t\t<\/div>\n\t\t\t\t<\/div>\n\t\t\t\t\t<\/div>\n\t\t<\/div>\n\t\t\t\t\t<\/div>\n\t\t<\/section>\n\t\t\t\t<section class=\"elementor-section elementor-top-section elementor-element elementor-element-3cf82efe elementor-section-boxed elementor-section-height-default elementor-section-height-default\" data-id=\"3cf82efe\" data-element_type=\"section\">\n\t\t\t\t\t\t<div class=\"elementor-container elementor-column-gap-default\">\n\t\t\t\t\t<div class=\"elementor-column elementor-col-100 elementor-top-column elementor-element elementor-element-289c71a8\" data-id=\"289c71a8\" data-element_type=\"column\">\n\t\t\t<div class=\"elementor-widget-wrap elementor-element-populated\">\n\t\t\t\t\t\t<div class=\"elementor-element elementor-element-42538f29 elementor-widget elementor-widget-gallery\" data-id=\"42538f29\" data-element_type=\"widget\" data-settings=\"{&quot;gallery_layout&quot;:&quot;justified&quot;,&quot;lazyload&quot;:&quot;yes&quot;,&quot;ideal_row_height&quot;:{&quot;unit&quot;:&quot;px&quot;,&quot;size&quot;:200,&quot;sizes&quot;:[]},&quot;ideal_row_height_tablet&quot;:{&quot;unit&quot;:&quot;px&quot;,&quot;size&quot;:150,&quot;sizes&quot;:[]},&quot;ideal_row_height_mobile&quot;:{&quot;unit&quot;:&quot;px&quot;,&quot;size&quot;:150,&quot;sizes&quot;:[]},&quot;gap&quot;:{&quot;unit&quot;:&quot;px&quot;,&quot;size&quot;:10,&quot;sizes&quot;:[]},&quot;gap_tablet&quot;:{&quot;unit&quot;:&quot;px&quot;,&quot;size&quot;:10,&quot;sizes&quot;:[]},&quot;gap_mobile&quot;:{&quot;unit&quot;:&quot;px&quot;,&quot;size&quot;:10,&quot;sizes&quot;:[]},&quot;link_to&quot;:&quot;file&quot;,&quot;overlay_background&quot;:&quot;yes&quot;,&quot;content_hover_animation&quot;:&quot;fade-in&quot;}\" data-widget_type=\"gallery.default\">\n\t\t\t\t<div class=\"elementor-widget-container\">\n\t\t\t\t\t<div class=\"elementor-gallery__container\">\n\t\t\t\t\t\t\t<a class=\"e-gallery-item elementor-gallery-item elementor-animated-content\" href=\"https:\/\/transformarqroo.com\/wp-content\/uploads\/2023\/09\/Isla-02_09_231.jpg\" data-elementor-open-lightbox=\"yes\" data-elementor-lightbox-slideshow=\"42538f29\" data-elementor-lightbox-title=\"Isla 02_09_23(1)\" data-e-action-hash=\"#elementor-action%3Aaction%3Dlightbox%26settings%3DeyJpZCI6MjY0MDksInVybCI6Imh0dHBzOlwvXC90cmFuc2Zvcm1hcnFyb28uY29tXC93cC1jb250ZW50XC91cGxvYWRzXC8yMDIzXC8wOVwvSXNsYS0wMl8wOV8yMzEuanBnIiwic2xpZGVzaG93IjoiNDI1MzhmMjkifQ%3D%3D\">\n\t\t\t\t\t<div class=\"e-gallery-image elementor-gallery-item__image\" data-thumbnail=\"https:\/\/transformarqroo.com\/wp-content\/uploads\/2023\/09\/Isla-02_09_231.jpg\" data-width=\"1280\" data-height=\"913\" aria-label=\"\" role=\"img\" ><\/div>\n\t\t\t\t\t\t\t\t\t\t\t<div class=\"elementor-gallery-item__overlay\"><\/div>\n\t\t\t\t\t\t\t\t\t\t\t\t\t\t<\/a>\n\t\t\t\t\t\t\t<a class=\"e-gallery-item elementor-gallery-item elementor-animated-content\" href=\"https:\/\/transformarqroo.com\/wp-content\/uploads\/2023\/09\/Isla-02_09_232.jpg\" data-elementor-open-lightbox=\"yes\" data-elementor-lightbox-slideshow=\"42538f29\" data-elementor-lightbox-title=\"Isla 02_09_23(2)\" data-e-action-hash=\"#elementor-action%3Aaction%3Dlightbox%26settings%3DeyJpZCI6MjY0MTAsInVybCI6Imh0dHBzOlwvXC90cmFuc2Zvcm1hcnFyb28uY29tXC93cC1jb250ZW50XC91cGxvYWRzXC8yMDIzXC8wOVwvSXNsYS0wMl8wOV8yMzIuanBnIiwic2xpZGVzaG93IjoiNDI1MzhmMjkifQ%3D%3D\">\n\t\t\t\t\t<div class=\"e-gallery-image elementor-gallery-item__image\" data-thumbnail=\"https:\/\/transformarqroo.com\/wp-content\/uploads\/2023\/09\/Isla-02_09_232.jpg\" data-width=\"1368\" data-height=\"912\" aria-label=\"\" role=\"img\" ><\/div>\n\t\t\t\t\t\t\t\t\t\t\t<div class=\"elementor-gallery-item__overlay\"><\/div>\n\t\t\t\t\t\t\t\t\t\t\t\t\t\t<\/a>\n\t\t\t\t\t\t\t<a class=\"e-gallery-item elementor-gallery-item elementor-animated-content\" href=\"https:\/\/transformarqroo.com\/wp-content\/uploads\/2023\/09\/Isla-02_09_233.jpg\" data-elementor-open-lightbox=\"yes\" data-elementor-lightbox-slideshow=\"42538f29\" data-elementor-lightbox-title=\"Isla 02_09_23(3)\" data-e-action-hash=\"#elementor-action%3Aaction%3Dlightbox%26settings%3DeyJpZCI6MjY0MTEsInVybCI6Imh0dHBzOlwvXC90cmFuc2Zvcm1hcnFyb28uY29tXC93cC1jb250ZW50XC91cGxvYWRzXC8yMDIzXC8wOVwvSXNsYS0wMl8wOV8yMzMuanBnIiwic2xpZGVzaG93IjoiNDI1MzhmMjkifQ%3D%3D\">\n\t\t\t\t\t<div class=\"e-gallery-image elementor-gallery-item__image\" data-thumbnail=\"https:\/\/transformarqroo.com\/wp-content\/uploads\/2023\/09\/Isla-02_09_233.jpg\" data-width=\"1280\" data-height=\"994\" aria-label=\"\" role=\"img\" ><\/div>\n\t\t\t\t\t\t\t\t\t\t\t<div class=\"elementor-gallery-item__overlay\"><\/div>\n\t\t\t\t\t\t\t\t\t\t\t\t\t\t<\/a>\n\t\t\t\t\t\t\t<a class=\"e-gallery-item elementor-gallery-item elementor-animated-content\" href=\"https:\/\/transformarqroo.com\/wp-content\/uploads\/2023\/09\/Isla-02_09_23.jpg\" data-elementor-open-lightbox=\"yes\" data-elementor-lightbox-slideshow=\"42538f29\" data-elementor-lightbox-title=\"Isla 02_09_23\" data-e-action-hash=\"#elementor-action%3Aaction%3Dlightbox%26settings%3DeyJpZCI6MjY0MTIsInVybCI6Imh0dHBzOlwvXC90cmFuc2Zvcm1hcnFyb28uY29tXC93cC1jb250ZW50XC91cGxvYWRzXC8yMDIzXC8wOVwvSXNsYS0wMl8wOV8yMy5qcGciLCJzbGlkZXNob3ciOiI0MjUzOGYyOSJ9\">\n\t\t\t\t\t<div class=\"e-gallery-image elementor-gallery-item__image\" data-thumbnail=\"https:\/\/transformarqroo.com\/wp-content\/uploads\/2023\/09\/Isla-02_09_23.jpg\" data-width=\"1280\" data-height=\"790\" aria-label=\"\" role=\"img\" ><\/div>\n\t\t\t\t\t\t\t\t\t\t\t<div class=\"elementor-gallery-item__overlay\"><\/div>\n\t\t\t\t\t\t\t\t\t\t\t\t\t\t<\/a>\n\t\t\t\t\t<\/div>\n\t\t\t<\/div>\n\t\t\t\t<\/div>\n\t\t\t\t\t<\/div>\n\t\t<\/div>\n\t\t\t\t\t<\/div>\n\t\t<\/section>\n\t\t\t\t<\/div>\n\t\t","protected":false},"excerpt":{"rendered":"<p>Isla Mujeres, Quintana Roo, a 2 de septiembre de 2023. &#8211; Con el encendido de luces del Palacio Municipal, iniciaron las actividades conmemorativas al mes patrio, que el Gobierno que encabeza la alcaldesa Atenea Gomez Ricalde, organiza a trav\u00e9s de la Direcci\u00f3n de Cultura. Cientos de familias isle\u00f1as y turistas se congregaron en la Explanada [&hellip;]<\/p>\n","protected":false},"author":1,"featured_media":26410,"comment_status":"closed","ping_status":"closed","sticky":false,"template":"","format":"standard","meta":{"_FSMCFIC_featured_image_caption":"","_FSMCFIC_featured_image_nocaption":"","_FSMCFIC_featured_image_hide":"1","footnotes":""},"categories":[32,25],"tags":[],"class_list":["post-26392","post","type-post","status-publish","format-standard","has-post-thumbnail","hentry","category-municipios","category-isla-mujeres"],"aioseo_notices":[],"_links":{"self":[{"href":"https:\/\/transformarqroo.com\/index.php\/wp-json\/wp\/v2\/posts\/26392","targetHints":{"allow":["GET"]}}],"collection":[{"href":"https:\/\/transformarqroo.com\/index.php\/wp-json\/wp\/v2\/posts"}],"about":[{"href":"https:\/\/transformarqroo.com\/index.php\/wp-json\/wp\/v2\/types\/post"}],"author":[{"embeddable":true,"href":"https:\/\/transformarqroo.com\/index.php\/wp-json\/wp\/v2\/users\/1"}],"replies":[{"embeddable":true,"href":"https:\/\/transformarqroo.com\/index.php\/wp-json\/wp\/v2\/comments?post=26392"}],"version-history":[{"count":7,"href":"https:\/\/transformarqroo.com\/index.php\/wp-json\/wp\/v2\/posts\/26392\/revisions"}],"predecessor-version":[{"id":26426,"href":"https:\/\/transformarqroo.com\/index.php\/wp-json\/wp\/v2\/posts\/26392\/revisions\/26426"}],"wp:featuredmedia":[{"embeddable":true,"href":"https:\/\/transformarqroo.com\/index.php\/wp-json\/wp\/v2\/media\/26410"}],"wp:attachment":[{"href":"https:\/\/transformarqroo.com\/index.php\/wp-json\/wp\/v2\/media?parent=26392"}],"wp:term":[{"taxonomy":"category","embeddable":true,"href":"https:\/\/transformarqroo.com\/index.php\/wp-json\/wp\/v2\/categories?post=26392"},{"taxonomy":"post_tag","embeddable":true,"href":"https:\/\/transformarqroo.com\/index.php\/wp-json\/wp\/v2\/tags?post=26392"}],"curies":[{"name":"wp","href":"https:\/\/api.w.org\/{rel}","templated":true}]}}