{"id":26638,"date":"2023-09-09T21:14:38","date_gmt":"2023-09-10T02:14:38","guid":{"rendered":"https:\/\/transformarqroo.com\/?p=26638"},"modified":"2023-09-10T21:17:49","modified_gmt":"2023-09-11T02:17:49","slug":"consolida-ana-paty-peralta-alianza-por-la-paz","status":"publish","type":"post","link":"https:\/\/transformarqroo.com\/index.php\/2023\/09\/09\/consolida-ana-paty-peralta-alianza-por-la-paz\/","title":{"rendered":"CONSOLIDA ANA PATY PERALTA ALIANZA POR LA PAZ"},"content":{"rendered":"\t\t<div data-elementor-type=\"wp-post\" data-elementor-id=\"26638\" class=\"elementor elementor-26638\" data-elementor-post-type=\"post\">\n\t\t\t\t\t\t<section class=\"elementor-section elementor-top-section elementor-element elementor-element-2d53257f elementor-section-boxed elementor-section-height-default elementor-section-height-default\" data-id=\"2d53257f\" data-element_type=\"section\">\n\t\t\t\t\t\t<div class=\"elementor-container elementor-column-gap-default\">\n\t\t\t\t\t<div class=\"elementor-column elementor-col-100 elementor-top-column elementor-element elementor-element-2d73c168\" data-id=\"2d73c168\" data-element_type=\"column\">\n\t\t\t<div class=\"elementor-widget-wrap elementor-element-populated\">\n\t\t\t\t\t\t<div class=\"elementor-element elementor-element-49469f77 elementor-widget elementor-widget-premium-addon-banner\" data-id=\"49469f77\" data-element_type=\"widget\" data-widget_type=\"premium-addon-banner.default\">\n\t\t\t\t<div class=\"elementor-widget-container\">\n\t\t\t\t\t<div class=\"premium-banner-ib premium-banner-min-height premium-banner-animation7 none\">\r\n\t\t\t\t\t\t\t<div class=\"premium-banner-border\">\r\n\t\t\t\t\t<div class=\"premium-banner-br premium-banner-bleft premium-banner-brlr\"><\/div>\r\n\t\t\t\t\t<div class=\"premium-banner-br premium-banner-bright premium-banner-brlr\"><\/div>\r\n\t\t\t\t\t<div class=\"premium-banner-br premium-banner-btop premium-banner-brtb\"><\/div>\r\n\t\t\t\t\t<div class=\"premium-banner-br premium-banner-bottom premium-banner-brtb\"><\/div>\r\n\t\t\t\t<\/div>\r\n\t\t\t\t\t\t\t\t\t\t\t\t\t\t\t<img fetchpriority=\"high\" decoding=\"async\" width=\"1280\" height=\"989\" src=\"https:\/\/transformarqroo.com\/wp-content\/uploads\/2023\/09\/BJ-09_09_23.jpg\" class=\"attachment-full size-full wp-image-26646\" alt=\"\" srcset=\"https:\/\/transformarqroo.com\/wp-content\/uploads\/2023\/09\/BJ-09_09_23.jpg 1280w, https:\/\/transformarqroo.com\/wp-content\/uploads\/2023\/09\/BJ-09_09_23-300x232.jpg 300w, https:\/\/transformarqroo.com\/wp-content\/uploads\/2023\/09\/BJ-09_09_23-1024x791.jpg 1024w, https:\/\/transformarqroo.com\/wp-content\/uploads\/2023\/09\/BJ-09_09_23-768x593.jpg 768w\" sizes=\"(max-width: 1280px) 100vw, 1280px\" \/>\t\t\t\t\t\t\t\t\t\t<div class=\"premium-banner-ib-desc\">\r\n\t\t\t\t\t\t\t\t\t<div class=\"premium-banner-desc-centered\">\r\n\t\t\t\t\t\t\t\t\t<h3 class=\"premium-banner-ib-title premium_banner_title\"><\/h3>\t\t\t\t\t\t\t\t\t\t\t\t\t<\/div>\r\n\t\t\t\t\t\t\t<\/div>\r\n\t\t\t\t\t<\/div>\r\n\t\t\t\t\t\t<\/div>\n\t\t\t\t<\/div>\n\t\t\t\t\t<\/div>\n\t\t<\/div>\n\t\t\t\t\t<\/div>\n\t\t<\/section>\n\t\t\t\t<section class=\"elementor-section elementor-top-section elementor-element elementor-element-5f3918d0 elementor-section-boxed elementor-section-height-default elementor-section-height-default\" data-id=\"5f3918d0\" data-element_type=\"section\" data-settings=\"{&quot;background_background&quot;:&quot;classic&quot;}\">\n\t\t\t\t\t\t<div class=\"elementor-container elementor-column-gap-default\">\n\t\t\t\t\t<div class=\"elementor-column elementor-col-100 elementor-top-column elementor-element elementor-element-19da206f\" data-id=\"19da206f\" data-element_type=\"column\">\n\t\t\t<div class=\"elementor-widget-wrap elementor-element-populated\">\n\t\t\t\t\t\t<div class=\"elementor-element elementor-element-29c3c589 premium-title-icon-row premium-title-color elementor-widget elementor-widget-premium-addon-title\" data-id=\"29c3c589\" data-element_type=\"widget\" data-widget_type=\"premium-addon-title.default\">\n\t\t\t\t<div class=\"elementor-widget-container\">\n\t\t\t\r\n\t\t<div class=\"premium-title-container style2\">\r\n\t\t\t<h5 class=\"premium-title-header premium-title-style2\">\r\n\t\t\t\t\r\n\t\t\t\t\t\t\t\t\t\t\t\t\t\t\t<div class=\"premium-title-icon premium-lottie-animation\" data-lottie-url=\"https:\/\/assets8.lottiefiles.com\/packages\/lf20_pcfclxy8.json\" data-lottie-loop=\"true\" data-lottie-reverse=\"\"><\/div>\r\n\t\t\t\t\t\t\t\t\t\r\n\t\t\t\t\t\t\t\t\t\t\t\t<span class=\"premium-title-text\" >\r\n\t\t\t\t\t La Presidenta Municipal concreta alianza con la Secretar\u00eda Permanente de la Cumbre Mundial de Premios Nobel de la Paz (PERMSEC) y la Jornada de Derechos Humanos A.C.\t\t\t\t<\/span>\r\n\t\t\t\t\t\r\n\t\t\t\t\t\t\t\t\t\t\t<\/h5>\r\n\t\t<\/div>\r\n\r\n\t\t\t\t<\/div>\n\t\t\t\t<\/div>\n\t\t\t\t\t<\/div>\n\t\t<\/div>\n\t\t\t\t\t<\/div>\n\t\t<\/section>\n\t\t\t\t<section class=\"elementor-section elementor-top-section elementor-element elementor-element-597b01dc elementor-section-boxed elementor-section-height-default elementor-section-height-default\" data-id=\"597b01dc\" data-element_type=\"section\">\n\t\t\t\t\t\t<div class=\"elementor-container elementor-column-gap-default\">\n\t\t\t\t\t<div class=\"elementor-column elementor-col-100 elementor-top-column elementor-element elementor-element-7a49fa64\" data-id=\"7a49fa64\" data-element_type=\"column\">\n\t\t\t<div class=\"elementor-widget-wrap elementor-element-populated\">\n\t\t\t\t\t\t<div class=\"elementor-element elementor-element-4f2dfff9 elementor-widget elementor-widget-text-editor\" data-id=\"4f2dfff9\" data-element_type=\"widget\" data-widget_type=\"text-editor.default\">\n\t\t\t\t<div class=\"elementor-widget-container\">\n\t\t\t\t\t\t\t<p><span style=\"font-weight: 400;\">Canc\u00fan, Q. R., a 09 de septiembre de 2023.- La Presidenta Municipal, Ana Paty Peralta, gestion\u00f3 la suma de esfuerzos entre el gobierno de Benito Ju\u00e1rez y la Secretar\u00eda Permanente de la Cumbre Mundial de Premios Nobel de la Paz (PERMSEC), para involucrar a la juventud cancunense en la convocatoria \u201cYouth Startups for Peace\u201d, cuyo premio de 10 mil d\u00f3lares busca el desarrollo de una iniciativa de beneficio social, que sea referente a nivel internacional.<\/span><\/p><p>\u00a0<\/p><p><span style=\"font-weight: 400;\">En una fruct\u00edfera reuni\u00f3n en Canc\u00fan, entre la Alcaldesa y la presidenta de la Secretar\u00eda Permanente de la Cumbre Mundial de Premios Nobel de la Paz (PERMSEC), Ekaterina Zagladina, estipularon trabajar de manera coordinada para impulsar a la juventud de la ciudad a crear iniciativas y emprendimientos sociales que permitan beneficiar a su comunidad, mediante la transformaci\u00f3n en positivo, la promoci\u00f3n de la paz y a prevenci\u00f3n de riesgos para sectores vulnerables.<\/span><\/p><p>\u00a0<\/p><p><span style=\"font-weight: 400;\">Ana Paty Peralta explic\u00f3 que la convocatoria estar\u00e1 enfocada en Canc\u00fan y M\u00e9rida, para estudiantes de 20 universidades que ser\u00e1n socias acad\u00e9micas oficiales de PERMSEC, y el mejor proyecto social juvenil, incluyendo iniciativas deportivas, ser\u00e1 premiado y apoyado por el patrocinador oficial, la Fundaci\u00f3n \u201cKrea Vitae Foundation.\u201d<\/span><\/p><p>\u00a0<\/p><p><span style=\"font-weight: 400;\">Detall\u00f3 que dicho proyecto se alinea a los objetivos del nuevo modelo de Seguridad Ciudadana, en el marco del Nuevo Acuerdo por el Bienestar y el Desarrollo de Quintana Roo y de la Estrategia Integral de Construcci\u00f3n de la Paz en el estado, el cual pone en el centro de sus acciones la prevenci\u00f3n del delito y la protecci\u00f3n de las personas.\u00a0<\/span><\/p><p>\u00a0<\/p><p><span style=\"font-weight: 400;\">De manera adicional, la Presidenta Municipal de Benito Ju\u00e1rez, Ana Paty Peralta, instruy\u00f3 a la Coordinaci\u00f3n de Asesores para que a trav\u00e9s de Daniela Torres, se cerrar\u00e1n acuerdos de este lanzamiento entre ambos municipios, en la capital de Yucat\u00e1n, en presencia del Presidente Municipal, Ren\u00e1n Alberto Barrera Concha y del presidente de la Jornada de Derechos Humanos A.C,\u00a0 Jos\u00e9 Pablo Qui\u00f1ones Guzm\u00e1n, socio oficial de PERMSEC en M\u00e9rida y Canc\u00fan.<\/span><\/p><p>\u00a0<\/p><p><span style=\"font-weight: 400;\">Las solicitudes de j\u00f3venes que describan sus empresas emergentes ser\u00e1n recibidas de septiembre a noviembre de este a\u00f1o. En noviembre se dar\u00e1 a conocer al ganador, y de diciembre de 2023 a mayo 2024, se implementar\u00e1 el proyecto en comunidades de la regi\u00f3n.\u00a0<\/span><\/p><p>\u00a0<\/p><p><span style=\"font-weight: 400;\">Para m\u00e1s informaci\u00f3n consultar la p\u00e1gina http:\/\/www.nobelpeacesummit.com\/youth-startups-for-peace\/ o contarcarse al correo: asesorespresidencia@cancun.gob.mx<\/span><\/p><p><br \/><br \/><\/p>\t\t\t\t\t\t<\/div>\n\t\t\t\t<\/div>\n\t\t\t\t\t<\/div>\n\t\t<\/div>\n\t\t\t\t\t<\/div>\n\t\t<\/section>\n\t\t\t\t<section class=\"elementor-section elementor-top-section elementor-element elementor-element-509505a9 elementor-section-boxed elementor-section-height-default elementor-section-height-default\" data-id=\"509505a9\" data-element_type=\"section\">\n\t\t\t\t\t\t<div class=\"elementor-container elementor-column-gap-default\">\n\t\t\t\t\t<div class=\"elementor-column elementor-col-100 elementor-top-column elementor-element elementor-element-22cf7595\" data-id=\"22cf7595\" data-element_type=\"column\">\n\t\t\t<div class=\"elementor-widget-wrap elementor-element-populated\">\n\t\t\t\t\t\t<div class=\"elementor-element elementor-element-27e562fc elementor-widget elementor-widget-gallery\" data-id=\"27e562fc\" data-element_type=\"widget\" data-settings=\"{&quot;gallery_layout&quot;:&quot;justified&quot;,&quot;lazyload&quot;:&quot;yes&quot;,&quot;ideal_row_height&quot;:{&quot;unit&quot;:&quot;px&quot;,&quot;size&quot;:200,&quot;sizes&quot;:[]},&quot;ideal_row_height_tablet&quot;:{&quot;unit&quot;:&quot;px&quot;,&quot;size&quot;:150,&quot;sizes&quot;:[]},&quot;ideal_row_height_mobile&quot;:{&quot;unit&quot;:&quot;px&quot;,&quot;size&quot;:150,&quot;sizes&quot;:[]},&quot;gap&quot;:{&quot;unit&quot;:&quot;px&quot;,&quot;size&quot;:10,&quot;sizes&quot;:[]},&quot;gap_tablet&quot;:{&quot;unit&quot;:&quot;px&quot;,&quot;size&quot;:10,&quot;sizes&quot;:[]},&quot;gap_mobile&quot;:{&quot;unit&quot;:&quot;px&quot;,&quot;size&quot;:10,&quot;sizes&quot;:[]},&quot;link_to&quot;:&quot;file&quot;,&quot;overlay_background&quot;:&quot;yes&quot;,&quot;content_hover_animation&quot;:&quot;fade-in&quot;}\" data-widget_type=\"gallery.default\">\n\t\t\t\t<div class=\"elementor-widget-container\">\n\t\t\t\t\t<div class=\"elementor-gallery__container\">\n\t\t\t\t\t\t\t<a class=\"e-gallery-item elementor-gallery-item elementor-animated-content\" href=\"https:\/\/transformarqroo.com\/wp-content\/uploads\/2023\/09\/BJ-09_09_231.jpg\" data-elementor-open-lightbox=\"yes\" data-elementor-lightbox-slideshow=\"27e562fc\" data-elementor-lightbox-title=\"BJ 09_09_23(1)\" data-e-action-hash=\"#elementor-action%3Aaction%3Dlightbox%26settings%3DeyJpZCI6MjY2NDQsInVybCI6Imh0dHBzOlwvXC90cmFuc2Zvcm1hcnFyb28uY29tXC93cC1jb250ZW50XC91cGxvYWRzXC8yMDIzXC8wOVwvQkotMDlfMDlfMjMxLmpwZyIsInNsaWRlc2hvdyI6IjI3ZTU2MmZjIn0%3D\">\n\t\t\t\t\t<div class=\"e-gallery-image elementor-gallery-item__image\" data-thumbnail=\"https:\/\/transformarqroo.com\/wp-content\/uploads\/2023\/09\/BJ-09_09_231.jpg\" data-width=\"1600\" data-height=\"1066\" aria-label=\"\" role=\"img\" ><\/div>\n\t\t\t\t\t\t\t\t\t\t\t<div class=\"elementor-gallery-item__overlay\"><\/div>\n\t\t\t\t\t\t\t\t\t\t\t\t\t\t<\/a>\n\t\t\t\t\t\t\t<a class=\"e-gallery-item elementor-gallery-item elementor-animated-content\" href=\"https:\/\/transformarqroo.com\/wp-content\/uploads\/2023\/09\/BJ-09_09_232.jpg\" data-elementor-open-lightbox=\"yes\" data-elementor-lightbox-slideshow=\"27e562fc\" data-elementor-lightbox-title=\"BJ 09_09_23(2)\" data-e-action-hash=\"#elementor-action%3Aaction%3Dlightbox%26settings%3DeyJpZCI6MjY2NDUsInVybCI6Imh0dHBzOlwvXC90cmFuc2Zvcm1hcnFyb28uY29tXC93cC1jb250ZW50XC91cGxvYWRzXC8yMDIzXC8wOVwvQkotMDlfMDlfMjMyLmpwZyIsInNsaWRlc2hvdyI6IjI3ZTU2MmZjIn0%3D\">\n\t\t\t\t\t<div class=\"e-gallery-image elementor-gallery-item__image\" data-thumbnail=\"https:\/\/transformarqroo.com\/wp-content\/uploads\/2023\/09\/BJ-09_09_232.jpg\" data-width=\"1600\" data-height=\"1066\" aria-label=\"\" role=\"img\" ><\/div>\n\t\t\t\t\t\t\t\t\t\t\t<div class=\"elementor-gallery-item__overlay\"><\/div>\n\t\t\t\t\t\t\t\t\t\t\t\t\t\t<\/a>\n\t\t\t\t\t\t\t<a class=\"e-gallery-item elementor-gallery-item elementor-animated-content\" href=\"https:\/\/transformarqroo.com\/wp-content\/uploads\/2023\/09\/BJ-09_09_23.jpg\" data-elementor-open-lightbox=\"yes\" data-elementor-lightbox-slideshow=\"27e562fc\" data-elementor-lightbox-title=\"BJ 09_09_23\" data-e-action-hash=\"#elementor-action%3Aaction%3Dlightbox%26settings%3DeyJpZCI6MjY2NDYsInVybCI6Imh0dHBzOlwvXC90cmFuc2Zvcm1hcnFyb28uY29tXC93cC1jb250ZW50XC91cGxvYWRzXC8yMDIzXC8wOVwvQkotMDlfMDlfMjMuanBnIiwic2xpZGVzaG93IjoiMjdlNTYyZmMifQ%3D%3D\">\n\t\t\t\t\t<div class=\"e-gallery-image elementor-gallery-item__image\" data-thumbnail=\"https:\/\/transformarqroo.com\/wp-content\/uploads\/2023\/09\/BJ-09_09_23.jpg\" data-width=\"1280\" data-height=\"989\" aria-label=\"\" role=\"img\" ><\/div>\n\t\t\t\t\t\t\t\t\t\t\t<div class=\"elementor-gallery-item__overlay\"><\/div>\n\t\t\t\t\t\t\t\t\t\t\t\t\t\t<\/a>\n\t\t\t\t\t<\/div>\n\t\t\t<\/div>\n\t\t\t\t<\/div>\n\t\t\t\t\t<\/div>\n\t\t<\/div>\n\t\t\t\t\t<\/div>\n\t\t<\/section>\n\t\t\t\t<\/div>\n\t\t","protected":false},"excerpt":{"rendered":"<p> La Presidenta Municipal concreta alianza con la Secretar\u00eda Permanente de la Cumbre Mundial de Premios Nobel de la Paz (PERMSEC) y la Jornada de Derechos Humanos A.C.<\/p>\n","protected":false},"author":1,"featured_media":26646,"comment_status":"closed","ping_status":"closed","sticky":false,"template":"","format":"standard","meta":{"_FSMCFIC_featured_image_caption":"","_FSMCFIC_featured_image_nocaption":"","_FSMCFIC_featured_image_hide":"1","footnotes":""},"categories":[32,21],"tags":[63],"class_list":["post-26638","post","type-post","status-publish","format-standard","has-post-thumbnail","hentry","category-municipios","category-benito-juarez","tag-ana-patricia-peralta"],"aioseo_notices":[],"_links":{"self":[{"href":"https:\/\/transformarqroo.com\/index.php\/wp-json\/wp\/v2\/posts\/26638","targetHints":{"allow":["GET"]}}],"collection":[{"href":"https:\/\/transformarqroo.com\/index.php\/wp-json\/wp\/v2\/posts"}],"about":[{"href":"https:\/\/transformarqroo.com\/index.php\/wp-json\/wp\/v2\/types\/post"}],"author":[{"embeddable":true,"href":"https:\/\/transformarqroo.com\/index.php\/wp-json\/wp\/v2\/users\/1"}],"replies":[{"embeddable":true,"href":"https:\/\/transformarqroo.com\/index.php\/wp-json\/wp\/v2\/comments?post=26638"}],"version-history":[{"count":4,"href":"https:\/\/transformarqroo.com\/index.php\/wp-json\/wp\/v2\/posts\/26638\/revisions"}],"predecessor-version":[{"id":26663,"href":"https:\/\/transformarqroo.com\/index.php\/wp-json\/wp\/v2\/posts\/26638\/revisions\/26663"}],"wp:featuredmedia":[{"embeddable":true,"href":"https:\/\/transformarqroo.com\/index.php\/wp-json\/wp\/v2\/media\/26646"}],"wp:attachment":[{"href":"https:\/\/transformarqroo.com\/index.php\/wp-json\/wp\/v2\/media?parent=26638"}],"wp:term":[{"taxonomy":"category","embeddable":true,"href":"https:\/\/transformarqroo.com\/index.php\/wp-json\/wp\/v2\/categories?post=26638"},{"taxonomy":"post_tag","embeddable":true,"href":"https:\/\/transformarqroo.com\/index.php\/wp-json\/wp\/v2\/tags?post=26638"}],"curies":[{"name":"wp","href":"https:\/\/api.w.org\/{rel}","templated":true}]}}