{"id":26869,"date":"2023-09-15T16:30:47","date_gmt":"2023-09-15T21:30:47","guid":{"rendered":"https:\/\/transformarqroo.com\/?p=26869"},"modified":"2023-09-17T16:44:49","modified_gmt":"2023-09-17T21:44:49","slug":"que-viva-la-transformacion-ofrece-ana-paty-peralta-espectacular-grito-de-independencia-a-cancunenses","status":"publish","type":"post","link":"https:\/\/transformarqroo.com\/index.php\/2023\/09\/15\/que-viva-la-transformacion-ofrece-ana-paty-peralta-espectacular-grito-de-independencia-a-cancunenses\/","title":{"rendered":"\u00a1QUE VIVA LA TRANSFORMACI\u00d3N!, OFRECE ANA PATY PERALTA ESPECTACULAR GRITO DE INDEPENDENCIA A CANCUNENSES"},"content":{"rendered":"\t\t<div data-elementor-type=\"wp-post\" data-elementor-id=\"26869\" class=\"elementor elementor-26869\" data-elementor-post-type=\"post\">\n\t\t\t\t\t\t<section class=\"elementor-section elementor-top-section elementor-element elementor-element-35723e41 elementor-section-boxed elementor-section-height-default elementor-section-height-default\" data-id=\"35723e41\" data-element_type=\"section\">\n\t\t\t\t\t\t<div class=\"elementor-container elementor-column-gap-default\">\n\t\t\t\t\t<div class=\"elementor-column elementor-col-100 elementor-top-column elementor-element elementor-element-48102ebe\" data-id=\"48102ebe\" data-element_type=\"column\">\n\t\t\t<div class=\"elementor-widget-wrap elementor-element-populated\">\n\t\t\t\t\t\t<div class=\"elementor-element elementor-element-55d19385 elementor-widget elementor-widget-premium-addon-banner\" data-id=\"55d19385\" data-element_type=\"widget\" data-widget_type=\"premium-addon-banner.default\">\n\t\t\t\t<div class=\"elementor-widget-container\">\n\t\t\t\t\t<div class=\"premium-banner-ib premium-banner-min-height premium-banner-animation7 none\">\r\n\t\t\t\t\t\t\t<div class=\"premium-banner-border\">\r\n\t\t\t\t\t<div class=\"premium-banner-br premium-banner-bleft premium-banner-brlr\"><\/div>\r\n\t\t\t\t\t<div class=\"premium-banner-br premium-banner-bright premium-banner-brlr\"><\/div>\r\n\t\t\t\t\t<div class=\"premium-banner-br premium-banner-btop premium-banner-brtb\"><\/div>\r\n\t\t\t\t\t<div class=\"premium-banner-br premium-banner-bottom premium-banner-brtb\"><\/div>\r\n\t\t\t\t<\/div>\r\n\t\t\t\t\t\t\t\t\t\t\t\t\t\t\t<img fetchpriority=\"high\" decoding=\"async\" width=\"1280\" height=\"853\" src=\"https:\/\/transformarqroo.com\/wp-content\/uploads\/2023\/09\/BJ-15_09_233.jpg\" class=\"attachment-full size-full wp-image-26888\" alt=\"\" srcset=\"https:\/\/transformarqroo.com\/wp-content\/uploads\/2023\/09\/BJ-15_09_233.jpg 1280w, https:\/\/transformarqroo.com\/wp-content\/uploads\/2023\/09\/BJ-15_09_233-300x200.jpg 300w, https:\/\/transformarqroo.com\/wp-content\/uploads\/2023\/09\/BJ-15_09_233-1024x682.jpg 1024w, https:\/\/transformarqroo.com\/wp-content\/uploads\/2023\/09\/BJ-15_09_233-768x512.jpg 768w\" sizes=\"(max-width: 1280px) 100vw, 1280px\" \/>\t\t\t\t\t\t\t\t\t\t<div class=\"premium-banner-ib-desc\">\r\n\t\t\t\t\t\t\t\t\t<div class=\"premium-banner-desc-centered\">\r\n\t\t\t\t\t\t\t\t\t<h3 class=\"premium-banner-ib-title premium_banner_title\"><\/h3>\t\t\t\t\t\t\t\t\t\t\t\t\t<\/div>\r\n\t\t\t\t\t\t\t<\/div>\r\n\t\t\t\t\t<\/div>\r\n\t\t\t\t\t\t<\/div>\n\t\t\t\t<\/div>\n\t\t\t\t\t<\/div>\n\t\t<\/div>\n\t\t\t\t\t<\/div>\n\t\t<\/section>\n\t\t\t\t<section class=\"elementor-section elementor-top-section elementor-element elementor-element-79ddf68a elementor-section-boxed elementor-section-height-default elementor-section-height-default\" data-id=\"79ddf68a\" data-element_type=\"section\" data-settings=\"{&quot;background_background&quot;:&quot;classic&quot;}\">\n\t\t\t\t\t\t<div class=\"elementor-container elementor-column-gap-default\">\n\t\t\t\t\t<div class=\"elementor-column elementor-col-100 elementor-top-column elementor-element elementor-element-18fa12c4\" data-id=\"18fa12c4\" data-element_type=\"column\">\n\t\t\t<div class=\"elementor-widget-wrap elementor-element-populated\">\n\t\t\t\t\t\t<div class=\"elementor-element elementor-element-3b6d04cf premium-title-icon-row premium-title-color elementor-widget elementor-widget-premium-addon-title\" data-id=\"3b6d04cf\" data-element_type=\"widget\" data-widget_type=\"premium-addon-title.default\">\n\t\t\t\t<div class=\"elementor-widget-container\">\n\t\t\t\r\n\t\t<div class=\"premium-title-container style2\">\r\n\t\t\t<h5 class=\"premium-title-header premium-title-style2\">\r\n\t\t\t\t\r\n\t\t\t\t\t\t\t\t\t\t\t\t\t\t\t<div class=\"premium-title-icon premium-lottie-animation\" data-lottie-url=\"https:\/\/assets8.lottiefiles.com\/packages\/lf20_pcfclxy8.json\" data-lottie-loop=\"true\" data-lottie-reverse=\"\"><\/div>\r\n\t\t\t\t\t\t\t\t\t\r\n\t\t\t\t\t\t\t\t\t\t\t\t<span class=\"premium-title-text\" >\r\n\t\t\t\t\t15 mil cancunenses asisten a la ceremonia del 213 Grito de Independencia en el Palacio Municipal.\t\t\t\t<\/span>\r\n\t\t\t\t\t\r\n\t\t\t\t\t\t\t\t\t\t\t<\/h5>\r\n\t\t<\/div>\r\n\r\n\t\t\t\t<\/div>\n\t\t\t\t<\/div>\n\t\t\t\t\t<\/div>\n\t\t<\/div>\n\t\t\t\t\t<\/div>\n\t\t<\/section>\n\t\t\t\t<section class=\"elementor-section elementor-top-section elementor-element elementor-element-67fcba4a elementor-section-boxed elementor-section-height-default elementor-section-height-default\" data-id=\"67fcba4a\" data-element_type=\"section\">\n\t\t\t\t\t\t<div class=\"elementor-container elementor-column-gap-default\">\n\t\t\t\t\t<div class=\"elementor-column elementor-col-100 elementor-top-column elementor-element elementor-element-7921c0d5\" data-id=\"7921c0d5\" data-element_type=\"column\">\n\t\t\t<div class=\"elementor-widget-wrap elementor-element-populated\">\n\t\t\t\t\t\t<div class=\"elementor-element elementor-element-24fc1355 elementor-widget elementor-widget-text-editor\" data-id=\"24fc1355\" data-element_type=\"widget\" data-widget_type=\"text-editor.default\">\n\t\t\t\t<div class=\"elementor-widget-container\">\n\t\t\t\t\t\t\t<p><span style=\"font-weight: 400;\">Canc\u00fan, Q. R., a 15 de septiembre de 2023.- Ante m\u00e1s de 15 mil personas que se dieron cita en la Plaza de la Reforma del Palacio Municipal, para mostrar su fervor patrio en esta fecha, la Presidenta Municipal, Ana Paty Peralta, emul\u00f3 a los h\u00e9roes que hicieron libre a la Naci\u00f3n, al encabezar la ceremonia del 213 Grito de Independencia con una fiesta colorida y sana para las familias cancunenses sin pirotecnia ni alcohol.\u00a0<\/span><\/p><p>\u00a0<\/p><p><span style=\"font-weight: 400;\">Tal como lo indica el protocolo oficial, a las 22:50 horas, despu\u00e9s de la lectura de un extracto del documento \u201cSentimientos de la Naci\u00f3n\u201d, por parte del secretario general del Ayuntamiento, Pablo Guti\u00e9rrez Fern\u00e1ndez, que reuni\u00f3 en 23 puntos la esencia de la lucha independentista, Ana Paty Peralta sali\u00f3 al balc\u00f3n central del recinto de gobierno, particip\u00f3 en el homenaje al L\u00e1baro Patrio, para posteriormente pronunciar con firmeza las arengas de los ilustres personajes de la historia del pa\u00eds.\u00a0<\/span><\/p><p>\u00a0<\/p><p><span style=\"font-weight: 400;\">\u201cCancunenses: \u00a1Vivan los h\u00e9roes que nos dieron patria y libertad!, \u00a1Viva Don Miguel Hidalgo y Costilla!, \u00a1Viva Jos\u00e9 Mar\u00eda Morelos y Pav\u00f3n!, \u00a1Viva la Corregidora Josefa Ortiz de Dom\u00ednguez!, \u00a1Viva Allende!, \u00a1Viva Aldama!, \u00a1Viva la transformaci\u00f3n de nuestra ciudad!, \u00a1Vivan las ni\u00f1as y los ni\u00f1os!, \u00a1Viva la paz!, \u00a1Viva el municipio de Benito Ju\u00e1rez!, \u00a1Viva Canc\u00fan!, \u00a1Viva la Independencia Nacional!, \u00a1Viva M\u00e9xico!\u201d, proclamas que fueron repetidas con euforia al un\u00edsono por la poblaci\u00f3n, seguidas de porras y aplausos.\u00a0<\/span><\/p><p>\u00a0<\/p><p><span style=\"font-weight: 400;\">Para continuar con la patri\u00f3tica tradici\u00f3n, la Primera Autoridad Municipal de Benito Ju\u00e1rez hizo sonar con fuerza la campana principal del Palacio Municipal, tal como lo hiciera el cura Miguel Hidalgo y Costilla con el Grito de Dolores para llamar al pueblo mexicano a iniciar la guerra de Independencia; tambi\u00e9n, la Primera Autoridad Municipal onde\u00f3 el L\u00e1baro Patrio tricolor con sus colores verde, blanco y rojo que enarbolan el legado cultural de M\u00e9xico para el mundo.\u00a0<\/span><\/p><p>\u00a0<\/p><p><span style=\"font-weight: 400;\">Este a\u00f1o, por primera vez en su historia, en sinton\u00eda con las pol\u00edticas p\u00fablicas de la gobernadora Mara Lezama y por instrucci\u00f3n de la Presidenta Municipal, se innov\u00f3 el festejo, ya que posteriormente a la parte solemne, se pudo ver un colorido y llamativo espect\u00e1culo sonorizado de 100 drones, con el que no se gener\u00f3 contaminaci\u00f3n de residuos de p\u00f3lvora, ni auditiva para no da\u00f1ar a las mascotas de lugares cercanos.\u00a0<\/span><\/p><p>\u00a0<\/p><p><span style=\"font-weight: 400;\">De esta forma, comenz\u00f3 la verbena popular en la que los miles de ciudadanos que arroparon a la Primera Edil en la celebraci\u00f3n, disfrutaron de los drones, los cuales se iban alineando con precisi\u00f3n en el cielo para formar diferentes figuras caracter\u00edsticas como la Bandera de M\u00e9xico, la campana de Dolores, la silueta de la Rep\u00fablica Mexicana, as\u00ed como el escudo del municipio y la leyenda: \u201cCanc\u00fan nos une\u201d, entre otros.\u00a0<\/span><\/p><p>\u00a0<\/p><p><span style=\"font-weight: 400;\">En entrevista, la Primera Autoridad Municipal destac\u00f3 que para resguardo de las y los cancunenses en el recinto del Grito de Independencia, se cont\u00f3 en todo momento con la presencia de elementos de la Secretar\u00eda de Seguridad P\u00fablica y Tr\u00e1nsito, Protecci\u00f3n Civil, Bomberos y el apoyo de la Cruz Roja Mexicana, para vigilancia en los alrededores o atenci\u00f3n de incidentes, en caso de requerirse.\u00a0<\/span><\/p><p>\u00a0<\/p><p><span style=\"font-weight: 400;\">Previamente, desde temprana hora, las familias comenzaron a llegar a la Plaza de la Reforma para vivir un momento de j\u00fabilo con el amplio programa musical y cultural que presentaron artistas locales para exaltar las tradiciones, bajo la animaci\u00f3n de los conductores de radio y televisi\u00f3n Alex Y\u00e1\u00f1ez y Chucho Robles, conocidos como \u201cLos compadres\u201d, que fueron presentando uno a uno a los invitados al escenario.\u00a0<\/span><\/p><p>\u00a0<\/p><p><span style=\"font-weight: 400;\">De esta forma, en el \u00e1mbito musical estuvieron los cantantes de m\u00fasica vern\u00e1cula Erick Palma y Anashely Corona; los tr\u00edos femenil \u201cAroma mexicano\u201d y jarocho \u201cFina estampa\u201d; la banda norte\u00f1a \u201cLa Salvaje banda Vakeros\u201d; el mariachi \u201cGala de Canc\u00fan\u201d y la Banda de M\u00fasica del Ayuntamiento de Benito Ju\u00e1rez, que en todos sus g\u00e9neros interpretaron las melod\u00edas m\u00e1s representativas de la cultura popular, junto con las estampas de folclor por parte del ballet \u201cMixcoacalli\u201d, el floreador Rodrigo V\u00e1zquez; cerrando la velada con broche de oro, con los \u00e9xitos de la cantante Yuri, quien puso a cantar y bailar a los presentes.<\/span><\/p>\t\t\t\t\t\t<\/div>\n\t\t\t\t<\/div>\n\t\t\t\t\t<\/div>\n\t\t<\/div>\n\t\t\t\t\t<\/div>\n\t\t<\/section>\n\t\t\t\t<section class=\"elementor-section elementor-top-section elementor-element elementor-element-38349d81 elementor-section-boxed elementor-section-height-default elementor-section-height-default\" data-id=\"38349d81\" data-element_type=\"section\">\n\t\t\t\t\t\t<div class=\"elementor-container elementor-column-gap-default\">\n\t\t\t\t\t<div class=\"elementor-column elementor-col-100 elementor-top-column elementor-element elementor-element-68b90726\" data-id=\"68b90726\" data-element_type=\"column\">\n\t\t\t<div class=\"elementor-widget-wrap elementor-element-populated\">\n\t\t\t\t\t\t<div class=\"elementor-element elementor-element-536945c5 elementor-widget elementor-widget-gallery\" data-id=\"536945c5\" data-element_type=\"widget\" data-settings=\"{&quot;gallery_layout&quot;:&quot;justified&quot;,&quot;lazyload&quot;:&quot;yes&quot;,&quot;ideal_row_height&quot;:{&quot;unit&quot;:&quot;px&quot;,&quot;size&quot;:200,&quot;sizes&quot;:[]},&quot;ideal_row_height_tablet&quot;:{&quot;unit&quot;:&quot;px&quot;,&quot;size&quot;:150,&quot;sizes&quot;:[]},&quot;ideal_row_height_mobile&quot;:{&quot;unit&quot;:&quot;px&quot;,&quot;size&quot;:150,&quot;sizes&quot;:[]},&quot;gap&quot;:{&quot;unit&quot;:&quot;px&quot;,&quot;size&quot;:10,&quot;sizes&quot;:[]},&quot;gap_tablet&quot;:{&quot;unit&quot;:&quot;px&quot;,&quot;size&quot;:10,&quot;sizes&quot;:[]},&quot;gap_mobile&quot;:{&quot;unit&quot;:&quot;px&quot;,&quot;size&quot;:10,&quot;sizes&quot;:[]},&quot;link_to&quot;:&quot;file&quot;,&quot;overlay_background&quot;:&quot;yes&quot;,&quot;content_hover_animation&quot;:&quot;fade-in&quot;}\" data-widget_type=\"gallery.default\">\n\t\t\t\t<div class=\"elementor-widget-container\">\n\t\t\t\t\t<div class=\"elementor-gallery__container\">\n\t\t\t\t\t\t\t<a class=\"e-gallery-item elementor-gallery-item elementor-animated-content\" href=\"https:\/\/transformarqroo.com\/wp-content\/uploads\/2023\/09\/BJ-15_09_231.jpg\" data-elementor-open-lightbox=\"yes\" data-elementor-lightbox-slideshow=\"536945c5\" data-elementor-lightbox-title=\"BJ 15_09_23(1)\" data-e-action-hash=\"#elementor-action%3Aaction%3Dlightbox%26settings%3DeyJpZCI6MjY4ODYsInVybCI6Imh0dHBzOlwvXC90cmFuc2Zvcm1hcnFyb28uY29tXC93cC1jb250ZW50XC91cGxvYWRzXC8yMDIzXC8wOVwvQkotMTVfMDlfMjMxLmpwZyIsInNsaWRlc2hvdyI6IjUzNjk0NWM1In0%3D\">\n\t\t\t\t\t<div class=\"e-gallery-image elementor-gallery-item__image\" data-thumbnail=\"https:\/\/transformarqroo.com\/wp-content\/uploads\/2023\/09\/BJ-15_09_231.jpg\" data-width=\"1024\" data-height=\"682\" aria-label=\"\" role=\"img\" ><\/div>\n\t\t\t\t\t\t\t\t\t\t\t<div class=\"elementor-gallery-item__overlay\"><\/div>\n\t\t\t\t\t\t\t\t\t\t\t\t\t\t<\/a>\n\t\t\t\t\t\t\t<a class=\"e-gallery-item elementor-gallery-item elementor-animated-content\" href=\"https:\/\/transformarqroo.com\/wp-content\/uploads\/2023\/09\/BJ-15_09_232.jpg\" data-elementor-open-lightbox=\"yes\" data-elementor-lightbox-slideshow=\"536945c5\" data-elementor-lightbox-title=\"BJ 15_09_23(2)\" data-e-action-hash=\"#elementor-action%3Aaction%3Dlightbox%26settings%3DeyJpZCI6MjY4ODcsInVybCI6Imh0dHBzOlwvXC90cmFuc2Zvcm1hcnFyb28uY29tXC93cC1jb250ZW50XC91cGxvYWRzXC8yMDIzXC8wOVwvQkotMTVfMDlfMjMyLmpwZyIsInNsaWRlc2hvdyI6IjUzNjk0NWM1In0%3D\">\n\t\t\t\t\t<div class=\"e-gallery-image elementor-gallery-item__image\" data-thumbnail=\"https:\/\/transformarqroo.com\/wp-content\/uploads\/2023\/09\/BJ-15_09_232.jpg\" data-width=\"1024\" data-height=\"739\" aria-label=\"\" role=\"img\" ><\/div>\n\t\t\t\t\t\t\t\t\t\t\t<div class=\"elementor-gallery-item__overlay\"><\/div>\n\t\t\t\t\t\t\t\t\t\t\t\t\t\t<\/a>\n\t\t\t\t\t\t\t<a class=\"e-gallery-item elementor-gallery-item elementor-animated-content\" href=\"https:\/\/transformarqroo.com\/wp-content\/uploads\/2023\/09\/BJ-15_09_233.jpg\" data-elementor-open-lightbox=\"yes\" data-elementor-lightbox-slideshow=\"536945c5\" data-elementor-lightbox-title=\"BJ 15_09_23(3)\" data-e-action-hash=\"#elementor-action%3Aaction%3Dlightbox%26settings%3DeyJpZCI6MjY4ODgsInVybCI6Imh0dHBzOlwvXC90cmFuc2Zvcm1hcnFyb28uY29tXC93cC1jb250ZW50XC91cGxvYWRzXC8yMDIzXC8wOVwvQkotMTVfMDlfMjMzLmpwZyIsInNsaWRlc2hvdyI6IjUzNjk0NWM1In0%3D\">\n\t\t\t\t\t<div class=\"e-gallery-image elementor-gallery-item__image\" data-thumbnail=\"https:\/\/transformarqroo.com\/wp-content\/uploads\/2023\/09\/BJ-15_09_233.jpg\" data-width=\"1280\" data-height=\"853\" aria-label=\"\" role=\"img\" ><\/div>\n\t\t\t\t\t\t\t\t\t\t\t<div class=\"elementor-gallery-item__overlay\"><\/div>\n\t\t\t\t\t\t\t\t\t\t\t\t\t\t<\/a>\n\t\t\t\t\t\t\t<a class=\"e-gallery-item elementor-gallery-item elementor-animated-content\" href=\"https:\/\/transformarqroo.com\/wp-content\/uploads\/2023\/09\/BJ-15_09_23.jpg\" data-elementor-open-lightbox=\"yes\" data-elementor-lightbox-slideshow=\"536945c5\" data-elementor-lightbox-title=\"BJ 15_09_23\" data-e-action-hash=\"#elementor-action%3Aaction%3Dlightbox%26settings%3DeyJpZCI6MjY4ODksInVybCI6Imh0dHBzOlwvXC90cmFuc2Zvcm1hcnFyb28uY29tXC93cC1jb250ZW50XC91cGxvYWRzXC8yMDIzXC8wOVwvQkotMTVfMDlfMjMuanBnIiwic2xpZGVzaG93IjoiNTM2OTQ1YzUifQ%3D%3D\">\n\t\t\t\t\t<div class=\"e-gallery-image elementor-gallery-item__image\" data-thumbnail=\"https:\/\/transformarqroo.com\/wp-content\/uploads\/2023\/09\/BJ-15_09_23.jpg\" data-width=\"1024\" data-height=\"682\" aria-label=\"\" role=\"img\" ><\/div>\n\t\t\t\t\t\t\t\t\t\t\t<div class=\"elementor-gallery-item__overlay\"><\/div>\n\t\t\t\t\t\t\t\t\t\t\t\t\t\t<\/a>\n\t\t\t\t\t<\/div>\n\t\t\t<\/div>\n\t\t\t\t<\/div>\n\t\t\t\t\t<\/div>\n\t\t<\/div>\n\t\t\t\t\t<\/div>\n\t\t<\/section>\n\t\t\t\t<\/div>\n\t\t","protected":false},"excerpt":{"rendered":"<p>15 mil cancunenses asisten a la ceremonia del 213 Grito de Independencia en el Palacio Municipal.<\/p>\n","protected":false},"author":1,"featured_media":26888,"comment_status":"closed","ping_status":"closed","sticky":false,"template":"","format":"standard","meta":{"_FSMCFIC_featured_image_caption":"","_FSMCFIC_featured_image_nocaption":"","_FSMCFIC_featured_image_hide":"1","footnotes":""},"categories":[32,21],"tags":[63],"class_list":["post-26869","post","type-post","status-publish","format-standard","has-post-thumbnail","hentry","category-municipios","category-benito-juarez","tag-ana-patricia-peralta"],"aioseo_notices":[],"_links":{"self":[{"href":"https:\/\/transformarqroo.com\/index.php\/wp-json\/wp\/v2\/posts\/26869","targetHints":{"allow":["GET"]}}],"collection":[{"href":"https:\/\/transformarqroo.com\/index.php\/wp-json\/wp\/v2\/posts"}],"about":[{"href":"https:\/\/transformarqroo.com\/index.php\/wp-json\/wp\/v2\/types\/post"}],"author":[{"embeddable":true,"href":"https:\/\/transformarqroo.com\/index.php\/wp-json\/wp\/v2\/users\/1"}],"replies":[{"embeddable":true,"href":"https:\/\/transformarqroo.com\/index.php\/wp-json\/wp\/v2\/comments?post=26869"}],"version-history":[{"count":4,"href":"https:\/\/transformarqroo.com\/index.php\/wp-json\/wp\/v2\/posts\/26869\/revisions"}],"predecessor-version":[{"id":26893,"href":"https:\/\/transformarqroo.com\/index.php\/wp-json\/wp\/v2\/posts\/26869\/revisions\/26893"}],"wp:featuredmedia":[{"embeddable":true,"href":"https:\/\/transformarqroo.com\/index.php\/wp-json\/wp\/v2\/media\/26888"}],"wp:attachment":[{"href":"https:\/\/transformarqroo.com\/index.php\/wp-json\/wp\/v2\/media?parent=26869"}],"wp:term":[{"taxonomy":"category","embeddable":true,"href":"https:\/\/transformarqroo.com\/index.php\/wp-json\/wp\/v2\/categories?post=26869"},{"taxonomy":"post_tag","embeddable":true,"href":"https:\/\/transformarqroo.com\/index.php\/wp-json\/wp\/v2\/tags?post=26869"}],"curies":[{"name":"wp","href":"https:\/\/api.w.org\/{rel}","templated":true}]}}