{"id":28720,"date":"2023-11-07T09:30:24","date_gmt":"2023-11-07T14:30:24","guid":{"rendered":"https:\/\/transformarqroo.com\/?p=28720"},"modified":"2023-11-09T09:37:02","modified_gmt":"2023-11-09T14:37:02","slug":"extraordinaria-exhibicion-artistica-y-cultural-en-el-tercer-festival-luz-y-vida-entre-vivos-y-muertos-2023-de-isla-mujeres","status":"publish","type":"post","link":"https:\/\/transformarqroo.com\/index.php\/2023\/11\/07\/extraordinaria-exhibicion-artistica-y-cultural-en-el-tercer-festival-luz-y-vida-entre-vivos-y-muertos-2023-de-isla-mujeres\/","title":{"rendered":"EXTRAORDINARIA EXHIBICI\u00d3N ART\u00cdSTICA Y CULTURAL EN EL TERCER FESTIVAL \u201cLUZ Y VIDA, ENTRE VIVOS Y MUERTOS 2023\u201d DE ISLA MUJERES"},"content":{"rendered":"\t\t<div data-elementor-type=\"wp-post\" data-elementor-id=\"28720\" class=\"elementor elementor-28720\" data-elementor-post-type=\"post\">\n\t\t\t\t\t\t<section class=\"elementor-section elementor-top-section elementor-element elementor-element-5fb22af5 elementor-section-boxed elementor-section-height-default elementor-section-height-default\" data-id=\"5fb22af5\" data-element_type=\"section\">\n\t\t\t\t\t\t<div class=\"elementor-container elementor-column-gap-default\">\n\t\t\t\t\t<div class=\"elementor-column elementor-col-66 elementor-top-column elementor-element elementor-element-6390bae6\" data-id=\"6390bae6\" data-element_type=\"column\">\n\t\t\t<div class=\"elementor-widget-wrap elementor-element-populated\">\n\t\t\t\t\t\t<div class=\"elementor-element elementor-element-57743193 elementor-widget elementor-widget-premium-addon-banner\" data-id=\"57743193\" data-element_type=\"widget\" data-widget_type=\"premium-addon-banner.default\">\n\t\t\t\t<div class=\"elementor-widget-container\">\n\t\t\t\t\t<div class=\"premium-banner-ib premium-banner-min-height premium-banner-animation7 none\">\r\n\t\t\t\t\t\t\t<div class=\"premium-banner-border\">\r\n\t\t\t\t\t<div class=\"premium-banner-br premium-banner-bleft premium-banner-brlr\"><\/div>\r\n\t\t\t\t\t<div class=\"premium-banner-br premium-banner-bright premium-banner-brlr\"><\/div>\r\n\t\t\t\t\t<div class=\"premium-banner-br premium-banner-btop premium-banner-brtb\"><\/div>\r\n\t\t\t\t\t<div class=\"premium-banner-br premium-banner-bottom premium-banner-brtb\"><\/div>\r\n\t\t\t\t<\/div>\r\n\t\t\t\t\t\t\t\t\t\t\t\t\t\t\t<img fetchpriority=\"high\" decoding=\"async\" width=\"1280\" height=\"853\" src=\"https:\/\/transformarqroo.com\/wp-content\/uploads\/2023\/11\/Isla-07_11_23.jpg\" class=\"attachment-full size-full wp-image-28730\" alt=\"\" srcset=\"https:\/\/transformarqroo.com\/wp-content\/uploads\/2023\/11\/Isla-07_11_23.jpg 1280w, https:\/\/transformarqroo.com\/wp-content\/uploads\/2023\/11\/Isla-07_11_23-300x200.jpg 300w, https:\/\/transformarqroo.com\/wp-content\/uploads\/2023\/11\/Isla-07_11_23-1024x682.jpg 1024w, https:\/\/transformarqroo.com\/wp-content\/uploads\/2023\/11\/Isla-07_11_23-768x512.jpg 768w\" sizes=\"(max-width: 1280px) 100vw, 1280px\" \/>\t\t\t\t\t\t\t\t\t\t<div class=\"premium-banner-ib-desc\">\r\n\t\t\t\t\t\t\t\t\t<div class=\"premium-banner-desc-centered\">\r\n\t\t\t\t\t\t\t\t\t<h3 class=\"premium-banner-ib-title premium_banner_title\"><\/h3>\t\t\t\t\t\t\t\t\t\t\t\t\t<\/div>\r\n\t\t\t\t\t\t\t<\/div>\r\n\t\t\t\t\t<\/div>\r\n\t\t\t\t\t\t<\/div>\n\t\t\t\t<\/div>\n\t\t\t\t\t<\/div>\n\t\t<\/div>\n\t\t\t\t<div class=\"elementor-column elementor-col-33 elementor-top-column elementor-element elementor-element-436ac55f\" data-id=\"436ac55f\" data-element_type=\"column\">\n\t\t\t<div class=\"elementor-widget-wrap elementor-element-populated\">\n\t\t\t\t\t\t<div class=\"elementor-element elementor-element-1e4561e1 elementor-widget elementor-widget-text-editor\" data-id=\"1e4561e1\" data-element_type=\"widget\" data-widget_type=\"text-editor.default\">\n\t\t\t\t<div class=\"elementor-widget-container\">\n\t\t\t\t\t\t\t<p><span style=\"font-weight: 400;\">Isla Mujeres, Quintana Roo a 7 de noviembre.- Con una participaci\u00f3n de m\u00e1s de 30 artistas y grupos, el Gobierno Municipal de Isla Mujeres, encabezado por Atenea G\u00f3mez Ricalde, refrend\u00f3 su apoyo al rescate de las tradiciones con el Festival \u00abLuz y Vida, entre Vivos y Muertos 2023\u00bb. El evento, con seis d\u00edas de actividades, reuni\u00f3 a una amplia variedad de artistas, escuelas y grupos de danza, quienes dieron vida a esta festividad tan especial.<\/span><\/p>\t\t\t\t\t\t<\/div>\n\t\t\t\t<\/div>\n\t\t\t\t\t<\/div>\n\t\t<\/div>\n\t\t\t\t\t<\/div>\n\t\t<\/section>\n\t\t\t\t<section class=\"elementor-section elementor-top-section elementor-element elementor-element-21cb5795 elementor-section-boxed elementor-section-height-default elementor-section-height-default\" data-id=\"21cb5795\" data-element_type=\"section\">\n\t\t\t\t\t\t<div class=\"elementor-container elementor-column-gap-default\">\n\t\t\t\t\t<div class=\"elementor-column elementor-col-100 elementor-top-column elementor-element elementor-element-77379b6c\" data-id=\"77379b6c\" data-element_type=\"column\">\n\t\t\t<div class=\"elementor-widget-wrap elementor-element-populated\">\n\t\t\t\t\t\t<div class=\"elementor-element elementor-element-5a45799d elementor-widget elementor-widget-text-editor\" data-id=\"5a45799d\" data-element_type=\"widget\" data-widget_type=\"text-editor.default\">\n\t\t\t\t<div class=\"elementor-widget-container\">\n\t\t\t\t\t\t\t<p><span style=\"font-weight: 400;\">El escenario se llen\u00f3 de energ\u00eda y talento, con la participaci\u00f3n de artistas que deleitaron al p\u00fablico asistente. Entre los cantantes y grupos de m\u00fasica que se destacaron se encuentran Nasly D\u00e1vila, Juvenal Villa, Addy Arg\u00fcelles, Landy Yanet M\u00e9ndez, Ra\u00fal Azcorra Rodr\u00edguez, Mia Azcorra Rodr\u00edguez, Julieta Rosado Chan, Miguel Salvador D\u00edaz Amaya, Sof\u00eda Meneses, la Orquesta Municipal, el Paraescolar de M\u00fasica del Liceo del Caribe Jean Piaget y el Grupo Musical Curripiti.<\/span><\/p><p>\u00a0<\/p><p><span style=\"font-weight: 400;\">Adem\u00e1s, diversas escuelas del municipio se unieron a la celebraci\u00f3n, incluyendo al Colegio de Bachilleres Plantel Isla Mujeres y al Liceo del Caribe Jean Piaget. Sus estudiantes demostraron un gran talento y dedicaci\u00f3n en sus presentaciones, enriqueciendo a\u00fan m\u00e1s el evento.<\/span><\/p><p>\u00a0<\/p><p><span style=\"font-weight: 400;\">Los grupos de danza deslumbraron al p\u00fablico con sus actuaciones. Entre ellos se destacan los Itzaes, Tumben Kin, Tumben Ha, A\u00f1oranzas de Isla Mujeres, Danza y Pasi\u00f3n Isle\u00f1a, La Familia, Renatta Dance Studio, Be Dance Studio, Mestizas de Agua Salada, Al Son del Coraz\u00f3n, Alma Caribe\u00f1a, Alejandra Casta\u00f1\u00f3n, el D\u00fao de Danz\u00f3n compuesto por Beatriz Cuevas Tovar y Oscar Garc\u00eda Salazar, el Ballet Folkl\u00f3rico \u00abM\u00e9xico Lindo y Querido\u00bb, y la Ronda Infantil del Liceo del Caribe.<\/span><\/p><p>\u00a0<\/p><p><span style=\"font-weight: 400;\">Los artistas y grupos de danza que representaron la zona continental incluyeron a Semilleros creativos de Isla Mujeres, la actriz Mitzy Betzabeh Gomez, la cantante Nadia Trinchan, el Grupo de danza Huellas del pasado, la Escuela de danza hermanos Narv\u00e1ez, el Grupo de baile de la casa del adulto mayor, la Escuela de danza aeria carol, Luz y sonido Dj Dany, el Ballet folcl\u00f3rico M\u00e9xico lindo y querido, y el Ballet profesional Acadanz.\u00a0<\/span><\/p><p>\u00a0<\/p><p><span style=\"font-weight: 400;\">El Gobierno Municipal de Isla Mujeres, a trav\u00e9s de la Direccion de Cultura y Artes que dirige Renata Rodr\u00edguez y la Direcci\u00f3n de Atenci\u00f3n a la Juventud con su titular Paloma Pe\u00f1a Olivares, extendi\u00f3 su agradecimiento a todos los participantes, as\u00ed como a las familias isle\u00f1as y visitantes que se unieron para celebrar y rescatar las tradiciones.<\/span><\/p><p>\u00a0<\/p><p><span style=\"font-weight: 400;\">El Festival \u00abLuz y Vida, entre Vivos y Muertos 2023\u00bb se convirti\u00f3 en un exitoso homenaje a la cultura y en un espacio para la expresi\u00f3n art\u00edstica, donde el Gobierno Municipal refrend\u00f3 su compromiso con el Nuevo Acuerdo por el Bienestar y Desarrollo de Quintana Roo que impulsa la gobernadora Mara Lezama, donde se trabaja para construir ese camino de prosperidad compartida con paz social.<\/span><\/p>\t\t\t\t\t\t<\/div>\n\t\t\t\t<\/div>\n\t\t\t\t\t<\/div>\n\t\t<\/div>\n\t\t\t\t\t<\/div>\n\t\t<\/section>\n\t\t\t\t<section class=\"elementor-section elementor-top-section elementor-element elementor-element-56a10130 elementor-section-boxed elementor-section-height-default elementor-section-height-default\" data-id=\"56a10130\" data-element_type=\"section\">\n\t\t\t\t\t\t<div class=\"elementor-container elementor-column-gap-default\">\n\t\t\t\t\t<div class=\"elementor-column elementor-col-100 elementor-top-column elementor-element elementor-element-48fd112f\" data-id=\"48fd112f\" data-element_type=\"column\">\n\t\t\t<div class=\"elementor-widget-wrap elementor-element-populated\">\n\t\t\t\t\t\t<div class=\"elementor-element elementor-element-7c4db223 elementor-widget elementor-widget-gallery\" data-id=\"7c4db223\" data-element_type=\"widget\" data-settings=\"{&quot;gallery_layout&quot;:&quot;justified&quot;,&quot;lazyload&quot;:&quot;yes&quot;,&quot;ideal_row_height&quot;:{&quot;unit&quot;:&quot;px&quot;,&quot;size&quot;:200,&quot;sizes&quot;:[]},&quot;ideal_row_height_tablet&quot;:{&quot;unit&quot;:&quot;px&quot;,&quot;size&quot;:150,&quot;sizes&quot;:[]},&quot;ideal_row_height_mobile&quot;:{&quot;unit&quot;:&quot;px&quot;,&quot;size&quot;:150,&quot;sizes&quot;:[]},&quot;gap&quot;:{&quot;unit&quot;:&quot;px&quot;,&quot;size&quot;:10,&quot;sizes&quot;:[]},&quot;gap_tablet&quot;:{&quot;unit&quot;:&quot;px&quot;,&quot;size&quot;:10,&quot;sizes&quot;:[]},&quot;gap_mobile&quot;:{&quot;unit&quot;:&quot;px&quot;,&quot;size&quot;:10,&quot;sizes&quot;:[]},&quot;link_to&quot;:&quot;file&quot;,&quot;overlay_background&quot;:&quot;yes&quot;,&quot;content_hover_animation&quot;:&quot;fade-in&quot;}\" data-widget_type=\"gallery.default\">\n\t\t\t\t<div class=\"elementor-widget-container\">\n\t\t\t\t\t<div class=\"elementor-gallery__container\">\n\t\t\t\t\t\t\t<a class=\"e-gallery-item elementor-gallery-item elementor-animated-content\" href=\"https:\/\/transformarqroo.com\/wp-content\/uploads\/2023\/11\/Isla-07_11_231.jpg\" data-elementor-open-lightbox=\"yes\" data-elementor-lightbox-slideshow=\"7c4db223\" data-elementor-lightbox-title=\"Isla 07_11_23(1)\" data-e-action-hash=\"#elementor-action%3Aaction%3Dlightbox%26settings%3DeyJpZCI6Mjg3MjgsInVybCI6Imh0dHBzOlwvXC90cmFuc2Zvcm1hcnFyb28uY29tXC93cC1jb250ZW50XC91cGxvYWRzXC8yMDIzXC8xMVwvSXNsYS0wN18xMV8yMzEuanBnIiwic2xpZGVzaG93IjoiN2M0ZGIyMjMifQ%3D%3D\">\n\t\t\t\t\t<div class=\"e-gallery-image elementor-gallery-item__image\" data-thumbnail=\"https:\/\/transformarqroo.com\/wp-content\/uploads\/2023\/11\/Isla-07_11_231.jpg\" data-width=\"1599\" data-height=\"1066\" aria-label=\"\" role=\"img\" ><\/div>\n\t\t\t\t\t\t\t\t\t\t\t<div class=\"elementor-gallery-item__overlay\"><\/div>\n\t\t\t\t\t\t\t\t\t\t\t\t\t\t<\/a>\n\t\t\t\t\t\t\t<a class=\"e-gallery-item elementor-gallery-item elementor-animated-content\" href=\"https:\/\/transformarqroo.com\/wp-content\/uploads\/2023\/11\/Isla-07_11_232.jpg\" data-elementor-open-lightbox=\"yes\" data-elementor-lightbox-slideshow=\"7c4db223\" data-elementor-lightbox-title=\"Isla 07_11_23(2)\" data-e-action-hash=\"#elementor-action%3Aaction%3Dlightbox%26settings%3DeyJpZCI6Mjg3MjksInVybCI6Imh0dHBzOlwvXC90cmFuc2Zvcm1hcnFyb28uY29tXC93cC1jb250ZW50XC91cGxvYWRzXC8yMDIzXC8xMVwvSXNsYS0wN18xMV8yMzIuanBnIiwic2xpZGVzaG93IjoiN2M0ZGIyMjMifQ%3D%3D\">\n\t\t\t\t\t<div class=\"e-gallery-image elementor-gallery-item__image\" data-thumbnail=\"https:\/\/transformarqroo.com\/wp-content\/uploads\/2023\/11\/Isla-07_11_232.jpg\" data-width=\"1280\" data-height=\"853\" aria-label=\"\" role=\"img\" ><\/div>\n\t\t\t\t\t\t\t\t\t\t\t<div class=\"elementor-gallery-item__overlay\"><\/div>\n\t\t\t\t\t\t\t\t\t\t\t\t\t\t<\/a>\n\t\t\t\t\t\t\t<a class=\"e-gallery-item elementor-gallery-item elementor-animated-content\" href=\"https:\/\/transformarqroo.com\/wp-content\/uploads\/2023\/11\/Isla-07_11_23.jpg\" data-elementor-open-lightbox=\"yes\" data-elementor-lightbox-slideshow=\"7c4db223\" data-elementor-lightbox-title=\"Isla 07_11_23\" data-e-action-hash=\"#elementor-action%3Aaction%3Dlightbox%26settings%3DeyJpZCI6Mjg3MzAsInVybCI6Imh0dHBzOlwvXC90cmFuc2Zvcm1hcnFyb28uY29tXC93cC1jb250ZW50XC91cGxvYWRzXC8yMDIzXC8xMVwvSXNsYS0wN18xMV8yMy5qcGciLCJzbGlkZXNob3ciOiI3YzRkYjIyMyJ9\">\n\t\t\t\t\t<div class=\"e-gallery-image elementor-gallery-item__image\" data-thumbnail=\"https:\/\/transformarqroo.com\/wp-content\/uploads\/2023\/11\/Isla-07_11_23.jpg\" data-width=\"1280\" data-height=\"853\" aria-label=\"\" role=\"img\" ><\/div>\n\t\t\t\t\t\t\t\t\t\t\t<div class=\"elementor-gallery-item__overlay\"><\/div>\n\t\t\t\t\t\t\t\t\t\t\t\t\t\t<\/a>\n\t\t\t\t\t<\/div>\n\t\t\t<\/div>\n\t\t\t\t<\/div>\n\t\t\t\t\t<\/div>\n\t\t<\/div>\n\t\t\t\t\t<\/div>\n\t\t<\/section>\n\t\t\t\t<\/div>\n\t\t","protected":false},"excerpt":{"rendered":"<p>Isla Mujeres, Quintana Roo a 7 de noviembre.- Con una participaci\u00f3n de m\u00e1s de 30 artistas y grupos, el Gobierno Municipal de Isla Mujeres, encabezado por Atenea G\u00f3mez Ricalde, refrend\u00f3 su apoyo al rescate de las tradiciones con el Festival \u00abLuz y Vida, entre Vivos y Muertos 2023\u00bb. El evento, con seis d\u00edas de actividades, [&hellip;]<\/p>\n","protected":false},"author":1,"featured_media":28730,"comment_status":"closed","ping_status":"closed","sticky":false,"template":"","format":"standard","meta":{"_FSMCFIC_featured_image_caption":"","_FSMCFIC_featured_image_nocaption":"","_FSMCFIC_featured_image_hide":"1","footnotes":""},"categories":[32,25],"tags":[],"class_list":["post-28720","post","type-post","status-publish","format-standard","has-post-thumbnail","hentry","category-municipios","category-isla-mujeres"],"aioseo_notices":[],"_links":{"self":[{"href":"https:\/\/transformarqroo.com\/index.php\/wp-json\/wp\/v2\/posts\/28720","targetHints":{"allow":["GET"]}}],"collection":[{"href":"https:\/\/transformarqroo.com\/index.php\/wp-json\/wp\/v2\/posts"}],"about":[{"href":"https:\/\/transformarqroo.com\/index.php\/wp-json\/wp\/v2\/types\/post"}],"author":[{"embeddable":true,"href":"https:\/\/transformarqroo.com\/index.php\/wp-json\/wp\/v2\/users\/1"}],"replies":[{"embeddable":true,"href":"https:\/\/transformarqroo.com\/index.php\/wp-json\/wp\/v2\/comments?post=28720"}],"version-history":[{"count":4,"href":"https:\/\/transformarqroo.com\/index.php\/wp-json\/wp\/v2\/posts\/28720\/revisions"}],"predecessor-version":[{"id":28756,"href":"https:\/\/transformarqroo.com\/index.php\/wp-json\/wp\/v2\/posts\/28720\/revisions\/28756"}],"wp:featuredmedia":[{"embeddable":true,"href":"https:\/\/transformarqroo.com\/index.php\/wp-json\/wp\/v2\/media\/28730"}],"wp:attachment":[{"href":"https:\/\/transformarqroo.com\/index.php\/wp-json\/wp\/v2\/media?parent=28720"}],"wp:term":[{"taxonomy":"category","embeddable":true,"href":"https:\/\/transformarqroo.com\/index.php\/wp-json\/wp\/v2\/categories?post=28720"},{"taxonomy":"post_tag","embeddable":true,"href":"https:\/\/transformarqroo.com\/index.php\/wp-json\/wp\/v2\/tags?post=28720"}],"curies":[{"name":"wp","href":"https:\/\/api.w.org\/{rel}","templated":true}]}}