{"id":29294,"date":"2023-11-20T13:05:25","date_gmt":"2023-11-20T18:05:25","guid":{"rendered":"https:\/\/transformarqroo.com\/?p=29294"},"modified":"2023-11-25T13:09:26","modified_gmt":"2023-11-25T18:09:26","slug":"encabeza-atenea-gomez-ricalde-el-desfile-civico-deportivo-con-motivo-del-cxiii-aniversario-de-la-revolucion-mexicana-en-isla-mujeres","status":"publish","type":"post","link":"https:\/\/transformarqroo.com\/index.php\/2023\/11\/20\/encabeza-atenea-gomez-ricalde-el-desfile-civico-deportivo-con-motivo-del-cxiii-aniversario-de-la-revolucion-mexicana-en-isla-mujeres\/","title":{"rendered":"ENCABEZA ATENEA G\u00d3MEZ RICALDE EL DESFILE C\u00cdVICO-DEPORTIVO CON MOTIVO DEL CXIII ANIVERSARIO DE LA REVOLUCI\u00d3N MEXICANA EN ISLA MUJERES"},"content":{"rendered":"\t\t<div data-elementor-type=\"wp-post\" data-elementor-id=\"29294\" class=\"elementor elementor-29294\" data-elementor-post-type=\"post\">\n\t\t\t\t\t\t<section class=\"elementor-section elementor-top-section elementor-element elementor-element-31371f91 elementor-section-boxed elementor-section-height-default elementor-section-height-default\" data-id=\"31371f91\" data-element_type=\"section\">\n\t\t\t\t\t\t<div class=\"elementor-container elementor-column-gap-default\">\n\t\t\t\t\t<div class=\"elementor-column elementor-col-66 elementor-top-column elementor-element elementor-element-6ef1e9d2\" data-id=\"6ef1e9d2\" data-element_type=\"column\">\n\t\t\t<div class=\"elementor-widget-wrap elementor-element-populated\">\n\t\t\t\t\t\t<div class=\"elementor-element elementor-element-2032728f elementor-widget elementor-widget-premium-addon-banner\" data-id=\"2032728f\" data-element_type=\"widget\" data-widget_type=\"premium-addon-banner.default\">\n\t\t\t\t<div class=\"elementor-widget-container\">\n\t\t\t\t\t<div class=\"premium-banner-ib premium-banner-min-height premium-banner-animation7 none\">\r\n\t\t\t\t\t\t\t<div class=\"premium-banner-border\">\r\n\t\t\t\t\t<div class=\"premium-banner-br premium-banner-bleft premium-banner-brlr\"><\/div>\r\n\t\t\t\t\t<div class=\"premium-banner-br premium-banner-bright premium-banner-brlr\"><\/div>\r\n\t\t\t\t\t<div class=\"premium-banner-br premium-banner-btop premium-banner-brtb\"><\/div>\r\n\t\t\t\t\t<div class=\"premium-banner-br premium-banner-bottom premium-banner-brtb\"><\/div>\r\n\t\t\t\t<\/div>\r\n\t\t\t\t\t\t\t\t\t\t\t\t\t\t\t<img fetchpriority=\"high\" decoding=\"async\" width=\"1024\" height=\"683\" src=\"https:\/\/transformarqroo.com\/wp-content\/uploads\/2023\/11\/Isla-20_11_23.jpg\" class=\"attachment-full size-full wp-image-29301\" alt=\"\" srcset=\"https:\/\/transformarqroo.com\/wp-content\/uploads\/2023\/11\/Isla-20_11_23.jpg 1024w, https:\/\/transformarqroo.com\/wp-content\/uploads\/2023\/11\/Isla-20_11_23-300x200.jpg 300w, https:\/\/transformarqroo.com\/wp-content\/uploads\/2023\/11\/Isla-20_11_23-768x512.jpg 768w\" sizes=\"(max-width: 1024px) 100vw, 1024px\" \/>\t\t\t\t\t\t\t\t\t\t<div class=\"premium-banner-ib-desc\">\r\n\t\t\t\t\t\t\t\t\t<div class=\"premium-banner-desc-centered\">\r\n\t\t\t\t\t\t\t\t\t<h3 class=\"premium-banner-ib-title premium_banner_title\"><\/h3>\t\t\t\t\t\t\t\t\t\t\t\t\t<\/div>\r\n\t\t\t\t\t\t\t<\/div>\r\n\t\t\t\t\t<\/div>\r\n\t\t\t\t\t\t<\/div>\n\t\t\t\t<\/div>\n\t\t\t\t\t<\/div>\n\t\t<\/div>\n\t\t\t\t<div class=\"elementor-column elementor-col-33 elementor-top-column elementor-element elementor-element-515d9783\" data-id=\"515d9783\" data-element_type=\"column\">\n\t\t\t<div class=\"elementor-widget-wrap elementor-element-populated\">\n\t\t\t\t\t\t<div class=\"elementor-element elementor-element-22aad8a elementor-widget elementor-widget-text-editor\" data-id=\"22aad8a\" data-element_type=\"widget\" data-widget_type=\"text-editor.default\">\n\t\t\t\t<div class=\"elementor-widget-container\">\n\t\t\t\t\t\t\t<p><span style=\"font-weight: 400;\">Isla Mujeres, Quintana Roo, 20 de noviembre de 2023.- En un ambiente familiar y con la asistencia de m\u00e1s de mil 500 personas esta ma\u00f1ana, la presidenta municipal de Isla Mujeres, Atenea G\u00f3mez Ricalde, encabez\u00f3 el tradicional desfile c\u00edvico-deportivo en conmemoraci\u00f3n del CXIII (113) Aniversario de la Revoluci\u00f3n Mexicana en la zona insular del municipio.<\/span><\/p>\t\t\t\t\t\t<\/div>\n\t\t\t\t<\/div>\n\t\t\t\t\t<\/div>\n\t\t<\/div>\n\t\t\t\t\t<\/div>\n\t\t<\/section>\n\t\t\t\t<section class=\"elementor-section elementor-top-section elementor-element elementor-element-4d9cdfc4 elementor-section-boxed elementor-section-height-default elementor-section-height-default\" data-id=\"4d9cdfc4\" data-element_type=\"section\">\n\t\t\t\t\t\t<div class=\"elementor-container elementor-column-gap-default\">\n\t\t\t\t\t<div class=\"elementor-column elementor-col-100 elementor-top-column elementor-element elementor-element-76be47a6\" data-id=\"76be47a6\" data-element_type=\"column\">\n\t\t\t<div class=\"elementor-widget-wrap elementor-element-populated\">\n\t\t\t\t\t\t<div class=\"elementor-element elementor-element-60961303 elementor-widget elementor-widget-text-editor\" data-id=\"60961303\" data-element_type=\"widget\" data-widget_type=\"text-editor.default\">\n\t\t\t\t<div class=\"elementor-widget-container\">\n\t\t\t\t\t\t\t<p><span style=\"font-weight: 400;\">La Presidenta Municipal agradeci\u00f3 a cada uno de los, estudiantes, deportistas, a la Novena Regi\u00f3n Naval y a los charros y escaramuzas, quienes deleitaron con sus tablas r\u00edtmicas y rutinas deportivas.<\/span><\/p><p>\u00a0<\/p><p><span style=\"font-weight: 400;\">Los contingentes que participaron durante el desfile son la Novena Regi\u00f3n Naval y una ambulancia marina, el del Adulto Mayor del DIF, las primarias Andr\u00e9s Quintana Roo (4to, 5to y 6to grado), C\u00e9sar Mendoza (5to y 6to grado y los padres de familia), Julio Sauri Espinosa (1ero a 6to grado), Jean Piaget (1ero a 6to grado), la escuela Secundaria T\u00e9cnica N\u00famero 1 \u201cBenito Ju\u00e1rez\u201d (3ros), Colegio de Bachilleres (Medio Superior 1ero a 6to), Escuela de Tae Kwon Do Phil Sung y la SNTE Escuela Secundaria T\u00e9cnica (docentes).<\/span><\/p><p>\u00a0<\/p><p><span style=\"font-weight: 400;\">El desfile inici\u00f3 a la altura de la calle Bravo, sobre la avenida Rueda Medina, el presidium se ubic\u00f3 frente al monumento del Pez Vela-Barracuda para concluir en contraflujo a la altura de la gasolinera. Asimismo, se dispusieron tres puntos de hidrataci\u00f3n para quienes as\u00ed lo requirieron, ubicados en las antiguas oficinas de Turismo, en Perla Negra y en Muelle 7 en contraflujo.<\/span><\/p><p>\u00a0<\/p><p><span style=\"font-weight: 400;\">Con estas acciones, el gobierno municipal que encabeza la presidenta Atenea G\u00f3mez Ricalde fomenta el orgullo c\u00edvico y la uni\u00f3n entre la comunidad para fortalecer el tejido social, como lo marca el Nuevo Acuerdo por el Bienestar y el Desarrollo de Quintana Roo que impulsa la gobernadora Mara Lezama.<\/span><\/p>\t\t\t\t\t\t<\/div>\n\t\t\t\t<\/div>\n\t\t\t\t\t<\/div>\n\t\t<\/div>\n\t\t\t\t\t<\/div>\n\t\t<\/section>\n\t\t\t\t<section class=\"elementor-section elementor-top-section elementor-element elementor-element-366e438b elementor-section-boxed elementor-section-height-default elementor-section-height-default\" data-id=\"366e438b\" data-element_type=\"section\">\n\t\t\t\t\t\t<div class=\"elementor-container elementor-column-gap-default\">\n\t\t\t\t\t<div class=\"elementor-column elementor-col-100 elementor-top-column elementor-element elementor-element-656913f6\" data-id=\"656913f6\" data-element_type=\"column\">\n\t\t\t<div class=\"elementor-widget-wrap elementor-element-populated\">\n\t\t\t\t\t\t<div class=\"elementor-element elementor-element-4d08e35 elementor-widget elementor-widget-gallery\" data-id=\"4d08e35\" data-element_type=\"widget\" data-settings=\"{&quot;gallery_layout&quot;:&quot;justified&quot;,&quot;lazyload&quot;:&quot;yes&quot;,&quot;ideal_row_height&quot;:{&quot;unit&quot;:&quot;px&quot;,&quot;size&quot;:200,&quot;sizes&quot;:[]},&quot;ideal_row_height_tablet&quot;:{&quot;unit&quot;:&quot;px&quot;,&quot;size&quot;:150,&quot;sizes&quot;:[]},&quot;ideal_row_height_mobile&quot;:{&quot;unit&quot;:&quot;px&quot;,&quot;size&quot;:150,&quot;sizes&quot;:[]},&quot;gap&quot;:{&quot;unit&quot;:&quot;px&quot;,&quot;size&quot;:10,&quot;sizes&quot;:[]},&quot;gap_tablet&quot;:{&quot;unit&quot;:&quot;px&quot;,&quot;size&quot;:10,&quot;sizes&quot;:[]},&quot;gap_mobile&quot;:{&quot;unit&quot;:&quot;px&quot;,&quot;size&quot;:10,&quot;sizes&quot;:[]},&quot;link_to&quot;:&quot;file&quot;,&quot;overlay_background&quot;:&quot;yes&quot;,&quot;content_hover_animation&quot;:&quot;fade-in&quot;}\" data-widget_type=\"gallery.default\">\n\t\t\t\t<div class=\"elementor-widget-container\">\n\t\t\t\t\t<div class=\"elementor-gallery__container\">\n\t\t\t\t\t\t\t<a class=\"e-gallery-item elementor-gallery-item elementor-animated-content\" href=\"https:\/\/transformarqroo.com\/wp-content\/uploads\/2023\/11\/Isla-20_11_231.jpg\" data-elementor-open-lightbox=\"yes\" data-elementor-lightbox-slideshow=\"4d08e35\" data-elementor-lightbox-title=\"Isla 20_11_23(1)\" data-e-action-hash=\"#elementor-action%3Aaction%3Dlightbox%26settings%3DeyJpZCI6MjkyOTksInVybCI6Imh0dHBzOlwvXC90cmFuc2Zvcm1hcnFyb28uY29tXC93cC1jb250ZW50XC91cGxvYWRzXC8yMDIzXC8xMVwvSXNsYS0yMF8xMV8yMzEuanBnIiwic2xpZGVzaG93IjoiNGQwOGUzNSJ9\">\n\t\t\t\t\t<div class=\"e-gallery-image elementor-gallery-item__image\" data-thumbnail=\"https:\/\/transformarqroo.com\/wp-content\/uploads\/2023\/11\/Isla-20_11_231.jpg\" data-width=\"1600\" data-height=\"1066\" aria-label=\"\" role=\"img\" ><\/div>\n\t\t\t\t\t\t\t\t\t\t\t<div class=\"elementor-gallery-item__overlay\"><\/div>\n\t\t\t\t\t\t\t\t\t\t\t\t\t\t<\/a>\n\t\t\t\t\t\t\t<a class=\"e-gallery-item elementor-gallery-item elementor-animated-content\" href=\"https:\/\/transformarqroo.com\/wp-content\/uploads\/2023\/11\/Isla-20_11_232.jpg\" data-elementor-open-lightbox=\"yes\" data-elementor-lightbox-slideshow=\"4d08e35\" data-elementor-lightbox-title=\"Isla 20_11_23(2)\" data-e-action-hash=\"#elementor-action%3Aaction%3Dlightbox%26settings%3DeyJpZCI6MjkzMDAsInVybCI6Imh0dHBzOlwvXC90cmFuc2Zvcm1hcnFyb28uY29tXC93cC1jb250ZW50XC91cGxvYWRzXC8yMDIzXC8xMVwvSXNsYS0yMF8xMV8yMzIuanBnIiwic2xpZGVzaG93IjoiNGQwOGUzNSJ9\">\n\t\t\t\t\t<div class=\"e-gallery-image elementor-gallery-item__image\" data-thumbnail=\"https:\/\/transformarqroo.com\/wp-content\/uploads\/2023\/11\/Isla-20_11_232.jpg\" data-width=\"1600\" data-height=\"1066\" aria-label=\"\" role=\"img\" ><\/div>\n\t\t\t\t\t\t\t\t\t\t\t<div class=\"elementor-gallery-item__overlay\"><\/div>\n\t\t\t\t\t\t\t\t\t\t\t\t\t\t<\/a>\n\t\t\t\t\t\t\t<a class=\"e-gallery-item elementor-gallery-item elementor-animated-content\" href=\"https:\/\/transformarqroo.com\/wp-content\/uploads\/2023\/11\/Isla-20_11_23.jpg\" data-elementor-open-lightbox=\"yes\" data-elementor-lightbox-slideshow=\"4d08e35\" data-elementor-lightbox-title=\"Isla 20_11_23\" data-e-action-hash=\"#elementor-action%3Aaction%3Dlightbox%26settings%3DeyJpZCI6MjkzMDEsInVybCI6Imh0dHBzOlwvXC90cmFuc2Zvcm1hcnFyb28uY29tXC93cC1jb250ZW50XC91cGxvYWRzXC8yMDIzXC8xMVwvSXNsYS0yMF8xMV8yMy5qcGciLCJzbGlkZXNob3ciOiI0ZDA4ZTM1In0%3D\">\n\t\t\t\t\t<div class=\"e-gallery-image elementor-gallery-item__image\" data-thumbnail=\"https:\/\/transformarqroo.com\/wp-content\/uploads\/2023\/11\/Isla-20_11_23.jpg\" data-width=\"1024\" data-height=\"683\" aria-label=\"\" role=\"img\" ><\/div>\n\t\t\t\t\t\t\t\t\t\t\t<div class=\"elementor-gallery-item__overlay\"><\/div>\n\t\t\t\t\t\t\t\t\t\t\t\t\t\t<\/a>\n\t\t\t\t\t<\/div>\n\t\t\t<\/div>\n\t\t\t\t<\/div>\n\t\t\t\t\t<\/div>\n\t\t<\/div>\n\t\t\t\t\t<\/div>\n\t\t<\/section>\n\t\t\t\t<\/div>\n\t\t","protected":false},"excerpt":{"rendered":"<p>Isla Mujeres, Quintana Roo, 20 de noviembre de 2023.- En un ambiente familiar y con la asistencia de m\u00e1s de mil 500 personas esta ma\u00f1ana, la presidenta municipal de Isla Mujeres, Atenea G\u00f3mez Ricalde, encabez\u00f3 el tradicional desfile c\u00edvico-deportivo en conmemoraci\u00f3n del CXIII (113) Aniversario de la Revoluci\u00f3n Mexicana en la zona insular del municipio. [&hellip;]<\/p>\n","protected":false},"author":1,"featured_media":29301,"comment_status":"closed","ping_status":"closed","sticky":false,"template":"","format":"standard","meta":{"_FSMCFIC_featured_image_caption":"","_FSMCFIC_featured_image_nocaption":"","_FSMCFIC_featured_image_hide":"1","footnotes":""},"categories":[32,25],"tags":[48],"class_list":["post-29294","post","type-post","status-publish","format-standard","has-post-thumbnail","hentry","category-municipios","category-isla-mujeres","tag-atenea-gomez-ricalde"],"aioseo_notices":[],"_links":{"self":[{"href":"https:\/\/transformarqroo.com\/index.php\/wp-json\/wp\/v2\/posts\/29294","targetHints":{"allow":["GET"]}}],"collection":[{"href":"https:\/\/transformarqroo.com\/index.php\/wp-json\/wp\/v2\/posts"}],"about":[{"href":"https:\/\/transformarqroo.com\/index.php\/wp-json\/wp\/v2\/types\/post"}],"author":[{"embeddable":true,"href":"https:\/\/transformarqroo.com\/index.php\/wp-json\/wp\/v2\/users\/1"}],"replies":[{"embeddable":true,"href":"https:\/\/transformarqroo.com\/index.php\/wp-json\/wp\/v2\/comments?post=29294"}],"version-history":[{"count":4,"href":"https:\/\/transformarqroo.com\/index.php\/wp-json\/wp\/v2\/posts\/29294\/revisions"}],"predecessor-version":[{"id":29321,"href":"https:\/\/transformarqroo.com\/index.php\/wp-json\/wp\/v2\/posts\/29294\/revisions\/29321"}],"wp:featuredmedia":[{"embeddable":true,"href":"https:\/\/transformarqroo.com\/index.php\/wp-json\/wp\/v2\/media\/29301"}],"wp:attachment":[{"href":"https:\/\/transformarqroo.com\/index.php\/wp-json\/wp\/v2\/media?parent=29294"}],"wp:term":[{"taxonomy":"category","embeddable":true,"href":"https:\/\/transformarqroo.com\/index.php\/wp-json\/wp\/v2\/categories?post=29294"},{"taxonomy":"post_tag","embeddable":true,"href":"https:\/\/transformarqroo.com\/index.php\/wp-json\/wp\/v2\/tags?post=29294"}],"curies":[{"name":"wp","href":"https:\/\/api.w.org\/{rel}","templated":true}]}}