{"id":324,"date":"2021-11-04T00:01:00","date_gmt":"2021-11-04T00:01:00","guid":{"rendered":"https:\/\/transformarqroo.com\/?p=324"},"modified":"2021-12-08T00:11:27","modified_gmt":"2021-12-08T00:11:27","slug":"dif-othon-p-blanco-recibe-donativo-de-enseres-domesticos","status":"publish","type":"post","link":"https:\/\/transformarqroo.com\/index.php\/2021\/11\/04\/dif-othon-p-blanco-recibe-donativo-de-enseres-domesticos\/","title":{"rendered":"DIF OTH\u00d3N P. BLANCO, RECIBE DONATIVO DE ENSERES DOM\u00c9STICOS"},"content":{"rendered":"\n<p>Hacer lazos fuertes con quienes puedan coadyuvar a cumplir con las acciones proyectadas en favor de los sectores m\u00e1s vulnerables: David Hern\u00e1ndez.<\/p>\n\n\n\n<!--more-->\n\n\n\n<p>Como un gesto de agradecimiento, este jueves, el presidente honorario del Sistema DIF Oth\u00f3n P. Blanco, David Hern\u00e1ndez Sol\u00eds, recibi\u00f3 de manos de representante del grupo de trasteros que se encuentran en las instalaciones de la feria Expofer, un importante donativo de enseres dom\u00e9sticos.<\/p>\n\n\n\n<div class=\"wp-block-media-text alignwide is-stacked-on-mobile\"><figure class=\"wp-block-media-text__media\"><img fetchpriority=\"high\" decoding=\"async\" width=\"624\" height=\"429\" src=\"https:\/\/transformarqroo.com\/wp-content\/uploads\/2021\/12\/03-5.jpg\" alt=\"\" class=\"wp-image-327 size-full\" srcset=\"https:\/\/transformarqroo.com\/wp-content\/uploads\/2021\/12\/03-5.jpg 624w, https:\/\/transformarqroo.com\/wp-content\/uploads\/2021\/12\/03-5-300x206.jpg 300w\" sizes=\"(max-width: 624px) 100vw, 624px\" \/><\/figure><div class=\"wp-block-media-text__content\">\n<p>En su mensaje, el presidente agradeci\u00f3 a los trasteros por su apoyo, y se\u00f1al\u00f3 que lo donado ser\u00e1 utilizado para rehabilitar los comedores de comunidades rurales, as\u00ed como los escolares que as\u00ed lo requieran.<\/p>\n\n\n\n<blockquote class=\"wp-block-quote is-style-default is-layout-flow wp-block-quote-is-layout-flow\"><p>Buscamos hacer lazos fuertes con quienes puedan coadyuvar las acciones que tenemos proyectadas en favor de los sectores m\u00e1s vulnerables, de esta forma seguir avanzando de la mano con nuestra presidente municipal Yensunni Mart\u00ednez para consolidar el municipio que todos queremos<\/p><cite>, puntualiz\u00f3 David Hern\u00e1ndez.<\/cite><\/blockquote>\n<\/div><\/div>\n\n\n\n<p>De igual forma, se\u00f1al\u00f3 que en la medida de lo posible se atender\u00e1n las preocupaciones de los trasteros, quienes han solicitado la extensi\u00f3n de su estad\u00eda para exponer sus productos en el \u00e1rea de la Expofer.<\/p>\n\n\n\n<p>Por su parte, en representaci\u00f3n de la presidenta municipal de Oth\u00f3n P. Blanco, Yensunni Mart\u00ednez Hern\u00e1ndez; el secretario general del Ayuntamiento, Adri\u00e1n S\u00e1nchez Dom\u00ednguez, destac\u00f3 el importante apoyo recibido, aun con las condiciones econ\u00f3micas en las que se encuentra la ciudadan\u00eda, y se comprometi\u00f3 a continuar trabajando en sinergia para garantizar que los pr\u00f3ximos a\u00f1os vuelvan a visitar Chetumal, como tradicionalmente se ha hecho.<br>En el evento estuvieron presentes; la directora general del DIF Oth\u00f3n P. Blanco, Silvia Rueda Alvarado; la jefa del departamento del voluntariado, Mar\u00eda Jos\u00e9 Uc\u00e1n Irola; el coordinador de atenci\u00f3n y gesti\u00f3n social, Juan Pablo Gardu\u00f1o Castro; as\u00ed como el encargado del comit\u00e9 permanente de la de la Feria de la Frontera Sur Manuel, Jes\u00fas Medina Victurin.<\/p>\n\n\n<div><strong>Robo Gallery<\/strong>: You didn&#8217;t select any Robo Gallery item in editor. Please select one from the list or create new gallery<\/div>","protected":false},"excerpt":{"rendered":"<p>Hacer lazos fuertes con quienes puedan coadyuvar a cumplir con las acciones proyectadas en favor de los sectores m\u00e1s vulnerables: David Hern\u00e1ndez.<\/p>\n","protected":false},"author":1,"featured_media":328,"comment_status":"closed","ping_status":"closed","sticky":false,"template":"","format":"standard","meta":{"_FSMCFIC_featured_image_caption":"","_FSMCFIC_featured_image_nocaption":"","_FSMCFIC_featured_image_hide":"1","footnotes":""},"categories":[28],"tags":[35],"class_list":["post-324","post","type-post","status-publish","format-standard","has-post-thumbnail","hentry","category-othon-pompeyo-blanco","tag-yensunni-martinez"],"aioseo_notices":[],"_links":{"self":[{"href":"https:\/\/transformarqroo.com\/index.php\/wp-json\/wp\/v2\/posts\/324","targetHints":{"allow":["GET"]}}],"collection":[{"href":"https:\/\/transformarqroo.com\/index.php\/wp-json\/wp\/v2\/posts"}],"about":[{"href":"https:\/\/transformarqroo.com\/index.php\/wp-json\/wp\/v2\/types\/post"}],"author":[{"embeddable":true,"href":"https:\/\/transformarqroo.com\/index.php\/wp-json\/wp\/v2\/users\/1"}],"replies":[{"embeddable":true,"href":"https:\/\/transformarqroo.com\/index.php\/wp-json\/wp\/v2\/comments?post=324"}],"version-history":[{"count":2,"href":"https:\/\/transformarqroo.com\/index.php\/wp-json\/wp\/v2\/posts\/324\/revisions"}],"predecessor-version":[{"id":962,"href":"https:\/\/transformarqroo.com\/index.php\/wp-json\/wp\/v2\/posts\/324\/revisions\/962"}],"wp:featuredmedia":[{"embeddable":true,"href":"https:\/\/transformarqroo.com\/index.php\/wp-json\/wp\/v2\/media\/328"}],"wp:attachment":[{"href":"https:\/\/transformarqroo.com\/index.php\/wp-json\/wp\/v2\/media?parent=324"}],"wp:term":[{"taxonomy":"category","embeddable":true,"href":"https:\/\/transformarqroo.com\/index.php\/wp-json\/wp\/v2\/categories?post=324"},{"taxonomy":"post_tag","embeddable":true,"href":"https:\/\/transformarqroo.com\/index.php\/wp-json\/wp\/v2\/tags?post=324"}],"curies":[{"name":"wp","href":"https:\/\/api.w.org\/{rel}","templated":true}]}}