{"id":33181,"date":"2024-03-04T23:33:16","date_gmt":"2024-03-05T04:33:16","guid":{"rendered":"https:\/\/transformarqroo.com\/?p=33181"},"modified":"2024-03-12T00:28:46","modified_gmt":"2024-03-12T05:28:46","slug":"mensaje-de-claudia-sheinbaum-pardo-candidata-a-la-presidencia-de-la-republica","status":"publish","type":"post","link":"https:\/\/transformarqroo.com\/index.php\/2024\/03\/04\/mensaje-de-claudia-sheinbaum-pardo-candidata-a-la-presidencia-de-la-republica\/","title":{"rendered":"MENSAJE DE CLAUDIA SHEINBAUM PARDO, CANDIDATA A LA PRESIDENCIA DE LA REP\u00daBLICA"},"content":{"rendered":"\t\t<div data-elementor-type=\"wp-post\" data-elementor-id=\"33181\" class=\"elementor elementor-33181\" data-elementor-post-type=\"post\">\n\t\t\t\t\t\t<section class=\"elementor-section elementor-top-section elementor-element elementor-element-27eeca4f elementor-section-boxed elementor-section-height-default elementor-section-height-default\" data-id=\"27eeca4f\" data-element_type=\"section\">\n\t\t\t\t\t\t<div class=\"elementor-container elementor-column-gap-default\">\n\t\t\t\t\t<div class=\"elementor-column elementor-col-100 elementor-top-column elementor-element elementor-element-2737432d\" data-id=\"2737432d\" data-element_type=\"column\">\n\t\t\t<div class=\"elementor-widget-wrap elementor-element-populated\">\n\t\t\t\t\t\t<div class=\"elementor-element elementor-element-3b773a12 elementor-widget elementor-widget-premium-addon-banner\" data-id=\"3b773a12\" data-element_type=\"widget\" data-widget_type=\"premium-addon-banner.default\">\n\t\t\t\t<div class=\"elementor-widget-container\">\n\t\t\t\t\t<div class=\"premium-banner-ib premium-banner-min-height premium-banner-animation7 none\">\r\n\t\t\t\t\t\t\t<div class=\"premium-banner-border\">\r\n\t\t\t\t\t<div class=\"premium-banner-br premium-banner-bleft premium-banner-brlr\"><\/div>\r\n\t\t\t\t\t<div class=\"premium-banner-br premium-banner-bright premium-banner-brlr\"><\/div>\r\n\t\t\t\t\t<div class=\"premium-banner-br premium-banner-btop premium-banner-brtb\"><\/div>\r\n\t\t\t\t\t<div class=\"premium-banner-br premium-banner-bottom premium-banner-brtb\"><\/div>\r\n\t\t\t\t<\/div>\r\n\t\t\t\t\t\t\t\t\t\t\t\t\t\t\t<img fetchpriority=\"high\" decoding=\"async\" width=\"2560\" height=\"1422\" src=\"https:\/\/transformarqroo.com\/wp-content\/uploads\/2024\/03\/Claudia-04-03-2024-scaled.jpg\" class=\"attachment-full size-full wp-image-33187\" alt=\"\" srcset=\"https:\/\/transformarqroo.com\/wp-content\/uploads\/2024\/03\/Claudia-04-03-2024-scaled.jpg 2560w, https:\/\/transformarqroo.com\/wp-content\/uploads\/2024\/03\/Claudia-04-03-2024-300x167.jpg 300w, https:\/\/transformarqroo.com\/wp-content\/uploads\/2024\/03\/Claudia-04-03-2024-1024x569.jpg 1024w, https:\/\/transformarqroo.com\/wp-content\/uploads\/2024\/03\/Claudia-04-03-2024-768x426.jpg 768w, https:\/\/transformarqroo.com\/wp-content\/uploads\/2024\/03\/Claudia-04-03-2024-1536x853.jpg 1536w, https:\/\/transformarqroo.com\/wp-content\/uploads\/2024\/03\/Claudia-04-03-2024-2048x1137.jpg 2048w\" sizes=\"(max-width: 2560px) 100vw, 2560px\" \/>\t\t\t\t\t\t\t\t\t\t<div class=\"premium-banner-ib-desc\">\r\n\t\t\t\t\t\t\t\t\t<div class=\"premium-banner-desc-centered\">\r\n\t\t\t\t\t\t\t\t\t<h3 class=\"premium-banner-ib-title premium_banner_title\"><\/h3>\t\t\t\t\t\t\t\t\t\t\t\t\t<\/div>\r\n\t\t\t\t\t\t\t<\/div>\r\n\t\t\t\t\t<\/div>\r\n\t\t\t\t\t\t<\/div>\n\t\t\t\t<\/div>\n\t\t\t\t\t<\/div>\n\t\t<\/div>\n\t\t\t\t\t<\/div>\n\t\t<\/section>\n\t\t\t\t<section class=\"elementor-section elementor-top-section elementor-element elementor-element-31f64962 elementor-section-boxed elementor-section-height-default elementor-section-height-default\" data-id=\"31f64962\" data-element_type=\"section\" data-settings=\"{&quot;background_background&quot;:&quot;classic&quot;}\">\n\t\t\t\t\t\t<div class=\"elementor-container elementor-column-gap-default\">\n\t\t\t\t\t<div class=\"elementor-column elementor-col-100 elementor-top-column elementor-element elementor-element-24ce09ea\" data-id=\"24ce09ea\" data-element_type=\"column\">\n\t\t\t<div class=\"elementor-widget-wrap elementor-element-populated\">\n\t\t\t\t\t\t<div class=\"elementor-element elementor-element-a9f807c premium-title-icon-row premium-title-color elementor-widget elementor-widget-premium-addon-title\" data-id=\"a9f807c\" data-element_type=\"widget\" data-widget_type=\"premium-addon-title.default\">\n\t\t\t\t<div class=\"elementor-widget-container\">\n\t\t\t\r\n\t\t<div class=\"premium-title-container style2\">\r\n\t\t\t<h5 class=\"premium-title-header premium-title-style2\">\r\n\t\t\t\t\r\n\t\t\t\t\t\t\t\t\t\t\t\t\t\t\t<div class=\"premium-title-icon premium-lottie-animation\" data-lottie-url=\"https:\/\/assets8.lottiefiles.com\/packages\/lf20_pcfclxy8.json\" data-lottie-loop=\"true\" data-lottie-reverse=\"\"><\/div>\r\n\t\t\t\t\t\t\t\t\t\r\n\t\t\t\t\t\t\t\t\t\t\t\t<span class=\"premium-title-text\" >\r\n\t\t\t\t\tMENSAJE DE CLAUDIA SHEINBAUM PARDO, CANDIDATA A LA PRESIDENCIA DE LA REP\u00daBLICA POR LA COALICI\u00d3N SIGAMOS HACIENDO HISTORIA Y DE MARIO DELGADO, PRESIDENTE NACIONAL DE MORENA Y COORDINADOR DE CAMPA\u00d1A, EN LA PRESENTACI\u00d3N DEL PRIMER EJE DE GOBIERNO DEL PROYECTO DE NACI\u00d3N.\t\t\t\t<\/span>\r\n\t\t\t\t\t\r\n\t\t\t\t\t\t\t\t\t\t\t<\/h5>\r\n\t\t<\/div>\r\n\r\n\t\t\t\t<\/div>\n\t\t\t\t<\/div>\n\t\t\t\t\t<\/div>\n\t\t<\/div>\n\t\t\t\t\t<\/div>\n\t\t<\/section>\n\t\t\t\t<section class=\"elementor-section elementor-top-section elementor-element elementor-element-5a1433d3 elementor-section-boxed elementor-section-height-default elementor-section-height-default\" data-id=\"5a1433d3\" data-element_type=\"section\">\n\t\t\t\t\t\t<div class=\"elementor-container elementor-column-gap-default\">\n\t\t\t\t\t<div class=\"elementor-column elementor-col-100 elementor-top-column elementor-element elementor-element-1463fecf\" data-id=\"1463fecf\" data-element_type=\"column\">\n\t\t\t<div class=\"elementor-widget-wrap elementor-element-populated\">\n\t\t\t\t\t\t<div class=\"elementor-element elementor-element-71653cdc elementor-widget elementor-widget-text-editor\" data-id=\"71653cdc\" data-element_type=\"widget\" data-widget_type=\"text-editor.default\">\n\t\t\t\t<div class=\"elementor-widget-container\">\n\t\t\t\t\t\t\t<p><b>PRESENTADOR:<\/b><span style=\"font-weight: 400;\"> Buena tarde les damos la m\u00e1s cordial de las bienvenidas a la presentaci\u00f3n del Eje tem\u00e1tico Rep\u00fablica Segura y con Justicia nos acompa\u00f1an y damos la bienvenida al licenciado Omar Garc\u00eda Harfuch, candidato a senador por la Ciudad de M\u00e9xico por la coalici\u00f3n Sigamos Haciendo Historia; licenciada Ernestina Godoy Ramos, candidata a senadora por la Ciudad de M\u00e9xico por la coalici\u00f3n Sigamos Haciendo Historia; ministro Arturo Zald\u00edvar, coordinador de las mesas de justicia en el proyecto de naci\u00f3n; maestra Renata Turrent, coordinadora de enlace con sectores acad\u00e9micos; doctor Jos\u00e9 Antonio Pe\u00f1a Merino coordinador t\u00e9cnico de Di\u00e1logos por la Transformaci\u00f3n; licenciada Beatriz Adriana Olivares, exdirectora del Injuve de la Ciudad de M\u00e9xico y equipo de la doctora Claudia Sheinbaum; Mario Delgado Carrillo, presidente Nacional de Morena. Preside este acto la candidata a la Presidencia por la coalici\u00f3n Sigamos Haciendo Historia, la doctora Claudia Sheinbaum Pardo.<\/span><\/p><p>\u00a0<\/p><p><span style=\"font-weight: 400;\">Asimismo agradecemos la presencia de todas las personas que se encuentran con nosotros, saludando a las y los representantes de medios de comunicaci\u00f3n y a todas las personas que siguen esta transmisi\u00f3n por plataformas digitales. Bienvenidas y bienvenidos. A continuaci\u00f3n, cedemos el uso de la voz a la candidata a la Presidencia de la Rep\u00fablica por la coalici\u00f3n Sigamos Haciendo Historia: Claudia Sheinbaum Pardo.\u00a0<\/span><\/p><p>\u00a0<\/p><p><b>Claudia Sheinbaum Pardo (CSP): <\/b><span style=\"font-weight: 400;\">Muy buenos d\u00edas, tardes ya, disculpe, tardes, muchas gracias por su presencia. El d\u00eda de hoy queremos presentarles las l\u00edneas generales de la estrategia de seguridad y justicia para nuestro pa\u00eds. En primer lugar. Queremos presentarles los avances que ha habido en M\u00e9xico, es injusto decir que no ha habido avances. Segundo hablar de los resultados y la experiencia que tuvimos en la Ciudad de M\u00e9xico y tercero la propuesta. Ah\u00ed vamos a dividir la presentaci\u00f3n\u00a0<\/span><\/p><p>\u00a0<\/p><p><span style=\"font-weight: 400;\">Los cinco ejes de la estrategia de seguridad y justicia que estamos planteando, la primera es honestidad y atenci\u00f3n a las causas. La estrategia m\u00e1s importante por m\u00e1s que se quiera minimizar por parte de la oposici\u00f3n y vamos a mostrar los resultados que tuvimos en la Ciudad de M\u00e9xico con ello. Es la atenci\u00f3n a las causas, es darle acceso a derechos, no oportunidades, sino acceso a derechos a las y a los j\u00f3venes en nuestro pa\u00eds. El Presidente desarrollado el programa J\u00f3venes construyendo el futuro, m\u00e1s universidades y por supuesto los programas sociales que hoy son derechos muchos de ellos, pero nosotros queremos ampliar todav\u00eda m\u00e1s las acciones para atender a los j\u00f3venes de nuestro pa\u00eds.<\/span><\/p><p>\u00a0<\/p><p><span style=\"font-weight: 400;\">Y evidentemente la honestidad, porque no puede haber un estrategia de seguridad. Si hay un corrupto, una corrupta al frente a la estrategia de seguridad. No hay un equipo vinculado con la corrupci\u00f3n. Segundo la consolidaci\u00f3n de la Guardia Nacional. Tercero, el fortalecimiento de la inteligencia y la investigaci\u00f3n. El cuarto es la coordinaci\u00f3n con polic\u00edas estatales, fiscales, estatales y Fiscal\u00eda General de la Rep\u00fablica y el quinto es lo que tiene que ver con la seguridad en la reforma al Poder Judicial.<\/span><\/p><p>\u00a0<\/p><p><span style=\"font-weight: 400;\">En lo que tiene que ver con honestidad y atenci\u00f3n a las causas. Vamos a presentar lo que estamos planteando, pero adem\u00e1s le ped\u00eda Bety Olivares que est\u00e1 aqu\u00ed con nosotros. Ella fue directora del Injuve en la Ciudad de M\u00e9xico. Aqu\u00ed hay muchos chicos y chicas compa\u00f1eros, compa\u00f1eras que fueron parte del programa o son parte posiblemente todav\u00eda del programa J\u00f3venes Unen al Barrio para que nos platique lo que signific\u00f3 ese programa y por qu\u00e9 lo queremos llevar a nivel nacional. Despu\u00e9s de la consolidaci\u00f3n de la Guardia y el fortalecimiento de inteligencia e investigaci\u00f3n, le voy a pedir a Omar Garc\u00eda Harfuch que nos exponga estos dos puntos de la coordinaci\u00f3n y principalmente vinculado con la experiencia que tuvimos en coordinaci\u00f3n. Porque el que haya autonom\u00eda de las fiscal\u00edas, no quiere decir que no exista la coordinaci\u00f3n. Todos los poderes son responsables de la pacificaci\u00f3n y la seguridad en el pa\u00eds, y finalmente el ministro Zald\u00edvar va a exponer lo que tiene que ver con el Poder Judicial, y despu\u00e9s por supuesto abrir\u00edamos a las preguntas de todas y todos ustedes a los medios de comunicaci\u00f3n, entonces si podemos pasar a la primera presentaci\u00f3n.\u00a0<\/span><\/p><p>\u00a0<\/p><p><span style=\"font-weight: 400;\">Es muy muy importante, porque vista as\u00ed la gr\u00e1fica desde enero del 2018 hasta enero del 2024 hay una reducci\u00f3n en los homicidios dolosos del 18 por ciento. Se ha dicho mucho que en qu\u00e9 sexenio hay m\u00e1s n\u00famero de homicidios, el tema centrales que si la tendencia que tra\u00edamos del anterior gobierno hubiera seguido, el aumento en los homicidios hubiera sido m\u00e1s del 30 por ciento y lo que ha hecho el gobierno de M\u00e9xico ha permitido una reducci\u00f3n del 18 por ciento.\u00a0<\/span><\/p><p>\u00a0<\/p><p><span style=\"font-weight: 400;\">Y los delitos del fuero federal se han reducido en 26 por ciento y el robo de veh\u00edculo con violencia por nombrar algunos de los delitos que duelen m\u00e1s a la poblaci\u00f3n, una disminuci\u00f3n del 36 por ciento. Siempre hemos dicho que, ahora paso a la Encuesta Nacional de Seguridad P\u00fablica y Urbana, que esta idea que se tiene que el gobierno de M\u00e9xico no est\u00e1 haciendo m\u00e1s que s\u00f3lo atenci\u00f3n a las causas es falsa. Hay un trabajo muy importante que se presenta todos los mi\u00e9rcoles en el gabinete y en La Ma\u00f1anera del Presidente que inicia con una secci\u00f3n que se llama Cero Impunidad y se exponen las detenciones, los laboratorios incautados, la incautaci\u00f3n de droga y todo el trabajo que se hace en conjunto en el gabinete. Lo que nosotros proponemos es seguir atendiendo las causas y avanzar m\u00e1s en la disminuci\u00f3n de la impunidad.<\/span><\/p><p>\u00a0<\/p><p><span style=\"font-weight: 400;\">Esta es la encuesta que a m\u00ed me parece fundamental que la conozca el pueblo de M\u00e9xico, que la conozcan todos y que los medios m\u00e1s all\u00e1 de dar a conocer los delitos que pueden ocurrir en el pa\u00eds, es fundamental. Aqu\u00ed no son ni siquiera los datos del Sistema Nacional de Seguridad en cuanto a delitos, es la percepci\u00f3n ciudadana de la inseguridad en las principales ciudades del pa\u00eds y en el caso de nacional pas\u00f3 la percepci\u00f3n de 78 por ciento de personas que dec\u00edan que viv\u00eda en un lugar inseguro a una disminuci\u00f3n del 64.9 por ciento. En el caso de la ciudad es todav\u00eda m\u00e1s importante, pasamos del 98 por ciento de las personas que pensaban que viv\u00edan en una ciudad insegura al 53 por ciento, una reducci\u00f3n del 45 por ciento.<\/span><\/p><p>\u00a0<\/p><p><span style=\"font-weight: 400;\">Pero este dato nacional es sustantivo porque habla de la percepci\u00f3n de la ciudadan\u00eda en la mayor\u00eda o en la ciudades m\u00e1s importantes del pa\u00eds. Quiere decir que la ciudadan\u00eda reconoce que hoy vive en unas circunstancias m\u00e1s segura que la que se viv\u00eda a finales del 2018. Estos son los resultados que obtuvimos en el gobierno de la ciudad, y quiero insistirlo, lo digo en el spot que tengo de la campa\u00f1a, pero de qui\u00e9n es participamos en la contienda, soy la \u00fanica que tiene experiencia en bajar los \u00edndices delictivos en un lugar como la Ciudad de M\u00e9xico, que es la ciudad m\u00e1s importante del pa\u00eds. Cuando nosotros llegamos a la ciudad, llegamos en el momento hist\u00f3rico de mayor inseguridad. Los homicidios estaban en el nivel m\u00e1s alto, con una tendencia a la alza. Llegamos a tener en mayo del 2019, 5.2 homicidios diarios, lo que nunca hab\u00eda existido en la ciudad. Nosotros dejamos la Ciudad de M\u00e9xico con dos homicidios diarios. 2022 fue el a\u00f1o de menor n\u00famero de homicidios desde 1989 en la Ciudad de M\u00e9xico.<\/span><\/p><p>\u00a0<\/p><p><span style=\"font-weight: 400;\">Es decir, hay experiencia y hay resultados en el tema de seguridad. En los delitos de alto impacto. La disminuci\u00f3n fue todav\u00eda mayor, fue una reducci\u00f3n del 58 por ciento y en robo de veh\u00edculo con violencia una disminuci\u00f3n del 69 por ciento, o sea, pasamos de que se robaban con violencia 16 veh\u00edculos a 4.4. Veh\u00edculos cuando dej\u00f3 la Ciudad de M\u00e9xico a principios de junio del 2023.<\/span><\/p><p>\u00a0<\/p><p><span style=\"font-weight: 400;\">Esta es la propuesta que estamos presentando: Rep\u00fablica Segura y con Justicia, no puede separarse, el Presidente tiene una frase que dice: \u201dLa paz y la seguridad son fruto de la justicia\u201d y pensamos que es as\u00ed. Nosotros vemos la justicia en un sentido amplio, no solo la justicia social, sino tambi\u00e9n un sistema de procuraci\u00f3n de justicia y de justicia que funcione adecuadamente vinculado con las fuerzas de seguridad, honestidad y atenci\u00f3n a las causas. Evidentemente la honestidad es\u00a0 la esencia de cualquier propuesta de seguridad y lo recalcamos: cuando hay corrupci\u00f3n, no hay seguridad y la mejor muestra de ello es la guerra contra el narco en donde quien estaba al frente de la guerra contra el narco hoy est\u00e1 preso en Estados Unidos<\/span><\/p><p>\u00a0<\/p><p><span style=\"font-weight: 400;\">\u00bfQu\u00e9 proponemos nosotros en la en la propuesta que estamos haciendo? Dar continuidad al programa J\u00f3venes construyendo el futuro, pero vamos a incorporar otros dos programas de atenci\u00f3n a los j\u00f3venes. Uno tiene que ver con m\u00e1s universidades y m\u00e1s preparatorias m\u00e1s educaci\u00f3n, lo que Plante en el Z\u00f3calo de la Ciudad de M\u00e9xico, vamos a hacer la Universidad Rosario Castellanos y la Universidad de la salud nacionales, Vamos a aumentar el n\u00famero de preparatorias Conaleps y todos los sistemas de educaci\u00f3n media superior, pero adem\u00e1s vamos a buscar una reforma en la educaci\u00f3n media superior donde disminuya todav\u00eda m\u00e1s, aparte del apoyo que est\u00e1 dando el presidente, la deserci\u00f3n escolar. Hoy hay 23 programas distintos en educaci\u00f3n media superior y pensamos unificarlos en sus diferentes v\u00edas, pero hay dos temas centrales que nos funcionaron mucho en la Ciudad de M\u00e9xico: uno es J\u00f3venes Unen al Barrio y el otro es Reconecta con la Paz. Son dos programas que nos vamos a llevar a nivel nacional. J\u00f3venes Unen al Barrio es un programa en donde Mujeres y hombres j\u00f3venes que de alguna manera estaban involucrados en alg\u00fan acto delictivo, cercanos a involucrarse a una banda delincuencial, se les da la opci\u00f3n con un apoyo de 3 mil pesos en el caso de la ciudad de M\u00e9xico, de tener actividad culturales y deportivas con tutores. Nosotros tenemos la certeza de qu\u00e9 gracias a ese programa nosotros sacamos a cerca de 11 mil j\u00f3venes que pudieran haber estado vinculados con la delincuencia, y ahora le paso la palabra Bety para que lo pueda explicar. Y el segundo Reconecta con la Paz que son j\u00f3venes primodelincuentes que tienen su primera, por primera vez son detenidos, sea que lleven su sentencia en libertad, firmando cada semana o privados de su libertad, y en un programa especial que se desarroll\u00f3 en la Secretar\u00eda de Seguridad Ciudadana, se les sac\u00f3 de la delincuencia y se les involucr\u00f3 en programas distintos a trav\u00e9s de un programa integral de atenci\u00f3n a los j\u00f3venes. Entonces, atenci\u00f3n a las causas es educaci\u00f3n J\u00f3venes construyendo el futuro, J\u00f3venes Unen al Barrio y Reconecta con la Paz y si me permiten le doy la palabra a Bety para que nos pueda explicar c\u00f3mo fue que llev\u00f3 el programa de j\u00f3venes Unen al Barrio<\/span><\/p><p><br \/><br \/><\/p><p><b>BEATRIZ OLIVARES (BO):<\/b><span style=\"font-weight: 400;\"> Muchas gracias buenas tardes. El programa los y las J\u00f3venes Unen al Barrio en la Ciudad de M\u00e9xico, es un programa que atiende a las y los j\u00f3venes de 12 a 29 a\u00f1os de edad, pero a diferencia de otras pol\u00edticas p\u00fablicas en anteriores gobiernos, nosotros salimos a buscar a las y los j\u00f3venes a trav\u00e9s de una estrategia que se llama Barrio adentro y tocamos casa por casa las puertas de las colonias con mayor \u00edndice de violencia, pero tambi\u00e9n con menor \u00edndice, desarrollo econ\u00f3mico y busc\u00e1bamos a los j\u00f3venes que hab\u00edan tenido alg\u00fan problema o con la justicia, o un problema con adicciones, o que no hab\u00edan continuado sus procesos acad\u00e9micos para que se integraran al programa de J\u00f3venes Unen al Barrio. No solo se trata de entregarles un apoyo econ\u00f3mico mensual, se trata particularmente de reconstruir el tejido social a trav\u00e9s de la y de los j\u00f3venes que viven en los barrios m\u00e1s complicados, se trata de generar comunidad, pero sobre todo de tener la identidad y la dignidad de venir de los barrios de la Ciudad de M\u00e9xico. Fuimos y tocamos casa por casa de estas colonias que lo hicimos a trav\u00e9s de la Secretaria Seguridad Ciudadana para saber qu\u00e9 colonias eran las que ten\u00edan mayor \u00edndice de violencia, pero tambi\u00e9n las colonias que aportaban m\u00e1s j\u00f3venes a la violencia que no es necesariamente lo mismo. Cuando estos j\u00f3venes se acercan al instituto y ellos adem\u00e1s le aportan 90 horas de trabajo comunitario mensual al Gobierno de la ciudad, a sus comunidades, pero muchos de ellos son grandes artistas, son grandes atletas y decidimos buscar que dentro de sus actividades tuvieran ellos procesos de reconstrucci\u00f3n de su propia identidad.\u00a0<\/span><\/p><p>\u00a0<\/p><p><span style=\"font-weight: 400;\">El programa se basa particularmente en tres razones inamovibles: no criminaliza, no discrimina y por supuesto que no es estigmatiza a nadie. De los m\u00e1s de 11 mil j\u00f3venes que se atendieron durante el periodo del gobierno de la doctora Claudia, mil de ellos fueron dirigidos directamente procesos penales, o del sistema penal, o de procesos de adolescentes y el Instituto de la juventud a trav\u00e9s del programa J\u00f3venes Unen el Barrio se volvi\u00f3 una medida cautelar para adolescentes en conflicto con la ley.\u00a0<\/span><\/p><p>\u00a0<\/p><p><span style=\"font-weight: 400;\">Atendimos m\u00e1s de mil j\u00f3venes, y m\u00e1s del 55 por ciento de estos j\u00f3venes, que ya ven\u00edan dirigidos a trav\u00e9s de la Fiscal\u00eda, a trav\u00e9s de los jueces que ordenan alguna alguna sanci\u00f3n estos j\u00f3venes, m\u00e1s del 55 por ciento, regresaron a sus actividades acad\u00e9micas. \u00bfComo logramos que ellos trabajaran de manera comunitaria? La doctora Claudia le dio la confianza al Instituto de la Juventud de dirigir uno de los dos centros m\u00e1s grandes de vacunaci\u00f3n en el momento en que la Ciudad de M\u00e9xico m\u00e1s necesitaba a las y los j\u00f3venes y dirigieron el centro de vacunaci\u00f3n del Estadio Ol\u00edmpico Universitario, donde muchas veces se vacunaron a m\u00e1s de 40 mil personas. No se trat\u00f3 s\u00f3lo de participar en apoyar a vacunar a la gente, que ven\u00eda de muchos lugares que no necesariamente ven\u00edan del barrio de cada uno de los chavos, sino que ven\u00edan de otros lugares. Lo que trabajamos con ellos fue la identidad, el saber que juntos podr\u00edamos no solamente reconstruir el tejido social, sino aportar a\u00fan m\u00e1s a la sociedad, apoy\u00e1ndola como en los momentos m\u00e1s dif\u00edciles los necesitaba. Tenemos dentro del programa se construy\u00f3 una orquesta sinf\u00f3nica, una banda sinf\u00f3nica, la orquesta de guitarras m\u00e1s grande de este pa\u00eds, una big bang jazz. Tambi\u00e9n se construy\u00f3 una banda de regional mexicana, cinco compa\u00f1\u00edas de danza, cinco compa\u00f1\u00edas de teatro. Tuvimos brigadas de protecci\u00f3n civil, de Cogiendo Educaci\u00f3n Sexual que tiene que ver con que los j\u00f3venes hablen abiertamente sexualidad para prevenir muchos temas.\u00a0<\/span><\/p><p>\u00a0<\/p><p><span style=\"font-weight: 400;\">Creamos m\u00e1s de 100 brigadas que se hicieron a trav\u00e9s de las y los j\u00f3venes. Las creamos a trav\u00e9s de las necesidades, pero tambi\u00e9n de lo que las y los j\u00f3venes en la ciudad quer\u00edan. Insisto en que de los m\u00e1s de 11 mil j\u00f3venes que se apoyaron a trav\u00e9s de este programa, 4 mil 900 de ellos tuvieron acercamiento con el consumo de sustancias y no se trata de criminalizar, de lo que se trate de concientizar en procesos de consumo, y eso ayuda a que los procesos de construcci\u00f3n de paz se hagan verdaderamente con las personas que est\u00e1n en los territorios.\u00a0<\/span><\/p><p>\u00a0<\/p><p><span style=\"font-weight: 400;\">Hoy es un orgullo hablar de esos 11 mil j\u00f3venes. Hoy hay compa\u00f1eros aqu\u00ed que est\u00e1n compa\u00f1eros y compa\u00f1eras que est\u00e1n representando a m\u00e1s de esos 11 mil j\u00f3venes, sobre todo sabiendo que cuando el gobierno gobierno apuesta en sus j\u00f3venes, el resultado es imperativo, pero adem\u00e1s es de largo plazo. El resultado de la construcci\u00f3n de paz, de la disminuci\u00f3n de la violencia en los barrios es gracias a que, si los j\u00f3venes son sujetos de derecho, en este gobierno fueron reales actores de la transformaci\u00f3n, y gracias a ellos, ellos pudieron ayudarnos s\u00f3lo a otros j\u00f3venes tambi\u00e9n a los adultos mayores, a las mujeres que en alg\u00fan momento tuvieron procesos de violencia porque estos j\u00f3venes y el nombre de los J\u00f3venes Unen al Barrio no es que lo unan entre las y los j\u00f3venes es que lo unen con el gobierno, es que lo unen con otras generaciones, y es que lo unen a trav\u00e9s de poder ayudar al pr\u00f3jimo como una manera mucho m\u00e1s visual de lo que implique el Humanismo Mexicano a trav\u00e9s de ellas y a trav\u00e9s de ellos.\u00a0<\/span><\/p><p>\u00a0<\/p><p><span style=\"font-weight: 400;\">Las y los j\u00f3venes son realmente un actor de transformaci\u00f3n y la mejor pol\u00edtica p\u00fablica que puede existir en un gobierno es creer en las y los j\u00f3venes de nuestro pa\u00eds de nuestra ciudad, es apostar por los j\u00f3venes, pero sobre todo es invertir en las y los j\u00f3venes de nuestros barrios, de nuestros pueblos que han sido muy marginados y decir \u201caqu\u00ed estamos\u201d y lo podemos lograr como lo hicimos en el instituto de la juventud, sacando a m\u00e1s de 11 mil j\u00f3venes de la delincuencia, sin que adem\u00e1s tuvi\u00e9ramos ninguno de ellos volvi\u00f3 a reincidir.\u00a0<\/span><\/p><p>\u00a0<\/p><p><span style=\"font-weight: 400;\">Todos, ellos tienen ahora sus caminos acad\u00e9micos, algunos de ellos ya est\u00e1n trabajando. Algunos otros tambi\u00e9n se mantuvieron dentro del programa y decirles que siguen los muchachos trabajando a trav\u00e9s de este proceso y lo mejor que se puede hacer en una pol\u00edtica p\u00fablica en materia juventud, siempre ser\u00e1 creer en las y los j\u00f3venes como lo hizo el programa de Las y los J\u00f3venes unen al barrio en la ciudad de M\u00e9xico. Much\u00edsimas gracias<\/span><\/p><p><br \/><br \/><\/p><p><b>CSP: <\/b><span style=\"font-weight: 400;\">Por qu\u00e9 no se levantan los chicos y chicas, compa\u00f1eros, compa\u00f1eras, que los vean en los Medios. Para que los reporteros y reporteras y ellos lo permitan puedan platicar con ellos y en alg\u00fan momento entrevistar. Muchas gracias.<\/span><\/p><p>\u00a0<\/p><p><span style=\"font-weight: 400;\">Consolidaci\u00f3n de la Guardia Nacional y fortalecimiento de la inteligencia e investigaci\u00f3n, Omar.<\/span><\/p><p>\u00a0<\/p><p><b>OMAR GARC\u00cdA HARFUCH (OGH): <\/b><span style=\"font-weight: 400;\">Gracias, muy buenos d\u00edas, para ser muy breve vamos a hablar de cinco puntos:<\/span><\/p><p>\u00a0<\/p><p><span style=\"font-weight: 400;\">La consolidaci\u00f3n de la Guardia Nacional, la reestructuraci\u00f3n y fortalecimiento de las instancias de seguridad, el fortalecimiento del Sistema Nacional de Inteligencia para la seguridad p\u00fablica, obviamente cuidando y respetando la autonom\u00eda de la Fiscal\u00eda General de la Rep\u00fablica que sientan todo el apoyo del Gobierno de M\u00e9xico para poder potencializar las capacidades y fortalecer sus \u00e1reas que ellos consideren, as\u00ed como el Plan integral de combate al crimen organizado.<\/span><\/p><p>\u00a0<\/p><p><span style=\"font-weight: 400;\">Siguiente por favor. Antes de entrar en la parte de la consolidaci\u00f3n de la Guardia Nacional, es muy importante, tenemos un Plan Integral de Seguridad en las v\u00edas generales de comunicaci\u00f3n. Creemos que gran parte para que este pa\u00eds est\u00e9 seguro tenemos que asegurar y continuar con lo que ha hecho el Gobierno de M\u00e9xico en la vigilancia que tienen en las v\u00edas generales de comunicaci\u00f3n.\u00a0<\/span><\/p><p>\u00a0<\/p><p><span style=\"font-weight: 400;\">Se va a seleccionar personal especializado dentro de la Guardia Nacional, obviamente por SEDENA para que tengan una vigilancia espec\u00edfica en las carreteras, as\u00ed como la creaci\u00f3n de grupos espec\u00edficos para que no s\u00f3lo sea un tema preventivo en las v\u00edas de comunicaci\u00f3n, sino que cuando haya robos pueda este mismo grupo, que pertenezca a la Guardia Nacional, aumentar la vigilancia, pero al mismo tiempo tambi\u00e9n investigar los delitos que se hayan cometido en las v\u00edas generales de comunicaci\u00f3n.\u00a0<\/span><\/p><p>\u00a0<\/p><p><span style=\"font-weight: 400;\">Establecer los puntos de revisi\u00f3n preventiva con tecnolog\u00eda que sea no intrusiva, es decir, para no molestar a los usuarios aumentar la tecnolog\u00eda en las v\u00edas generales de comunicaci\u00f3n; consolidar las unidades especializadas de supervisores, que son lo mismo que el punto uno, y las estaciones de verificaciones y, lo m\u00e1s importante: el Grupo interinstitucional.<\/span><\/p><p>\u00a0<\/p><p><span style=\"font-weight: 400;\">Necesitamos\u2026 toda esta estrategia se basa en lo que hicimos en la Ciudad de M\u00e9xico: la coordinaci\u00f3n, no irnos solos. La coordinaci\u00f3n entre el Gobierno de M\u00e9xico y las entidades federativas. Si algo aqu\u00ed nos dio resultado en la Ciudad de M\u00e9xico es que hab\u00eda una absoluta coordinaci\u00f3n entre la Fiscal\u00eda General de Justicia de la Ciudad de M\u00e9xico, la Secretar\u00eda de Seguridad, pero tambi\u00e9n con el Gobierno Federal, ten\u00edamos todos los d\u00edas una mesa con el Centro Nacional de Inteligencia, con la Secretar\u00eda de la Defensa Nacional, con la Secretar\u00eda de Marina.<\/span><\/p><p>\u00a0<\/p><p><span style=\"font-weight: 400;\">El fortalecimiento de instancias de seguridad en qu\u00e9 consiste. Primero. Necesitamos hacer lo que se hizo aqu\u00ed en la Ciudad de M\u00e9xico, aumentar el estado de fuerza de la polic\u00eda, pero tambi\u00e9n aumentar \u00e1reas que ten\u00eda la Fiscal\u00eda y reconfigurarlas para una mejor atenci\u00f3n. Lo que queremos es volver a las instancias de seguridad m\u00e1s \u00fatiles para la Polic\u00eda, perd\u00f3n para la Fiscal\u00eda y para la ciudadan\u00eda, necesitamos incrementar el estado de fuerza de la polic\u00eda a nivel nacional, basado en las capacidades y necesidades tambi\u00e9n de las polic\u00edas estatales, es decir la consolidaci\u00f3n de la Guardia Nacional que ahorita la Secretar\u00eda de la Defensa Nacional ha aumentado su estado de fuerza.\u00a0<\/span><\/p><p>\u00a0<\/p><p><span style=\"font-weight: 400;\">Tambi\u00e9n queremos dar todo el apoyo a las entidades federativas, donde m\u00e1s se concentran los delitos de alto impacto, hoy por ejemplo, son 10 entidades federativas, las que concentran la mayor cantidad de homicidios en el pa\u00eds y la mayor cantidad de delitos de alto impacto. Ah\u00ed es donde nosotros como gobierno debemos de apoyar a las entidades federativas para que puedan fortalecer a sus polic\u00edas estatales, \u00bfc\u00f3mo se apoyar\u00eda?, con capacitaci\u00f3n, tecnolog\u00eda, etc.\u00a0<\/span><\/p><p>\u00a0<\/p><p><span style=\"font-weight: 400;\">Abajo donde mencionamos el fortalecer las capacidades de investigaci\u00f3n de las instancias locales. Un ejemplo que ha dado resultados en este gobierno son las unidades de atenci\u00f3n especializadas al secuestro. Hay una coordinaci\u00f3n desde la Secretar\u00eda de Seguridad P\u00fablica del Gobierno de M\u00e9xico, con las fiscal\u00edas locales tambi\u00e9n y las polic\u00edas estatales. Al fin es necesario dotar de facultades de investigaci\u00f3n a las polic\u00edas estatales. Esto las vuelve, en pocas palabras, m\u00e1s \u00fatiles para la Fiscal\u00eda, pero tambi\u00e9n para la ciudadan\u00eda y sobre todo que dejen de ser polic\u00edas reactivas. Recordemos que cuando llegamos a la Ciudad de M\u00e9xico, esta polic\u00eda, que es la m\u00e1s grande del pa\u00eds, era una polic\u00eda que s\u00f3lo pod\u00eda detener a personas en flagrancia, no ten\u00eda facultades de investigaci\u00f3n. Cuando se env\u00eda una iniciativa al Congreso de la Ciudad de M\u00e9xico para aprobar la iniciativa que le diera facultades a la polic\u00eda inmediatamente nos volvi\u00f3 mucho m\u00e1s \u00fatiles para la Ciudad de M\u00e9xico.<\/span><\/p><p>\u00a0<\/p><p><span style=\"font-weight: 400;\">El siguiente por favor, el fortalecimiento del Centro Nacional de Inteligencia, esto principalmente es fortalecer las capacidades del Centro Nacional de Inteligencia, que es una un centro que ayuda much\u00edsimo a las entidades federativas, a la Secretar\u00eda de la Defensa Nacional, a la Secretar\u00eda de Marina, la gran mayor\u00eda de las operaciones que se realizaron en Ciudad de M\u00e9xico fue en coordinaci\u00f3n con el Centro Nacional de Inteligencia, lo que buscaremos es aumentar las capacidades tecnol\u00f3gicas del Centro, as\u00ed como aumentar la capacitaci\u00f3n de sus analistas.<\/span><\/p><p>\u00a0<\/p><p><span style=\"font-weight: 400;\">Tambi\u00e9n buscaremos fortalecer las capacidades para generar inteligencia y crear el Sistema de Nacional de Inteligencia. \u00bfQu\u00e9 es el Sistema Nacional de Inteligencia? Es un conjunto de normas y principios que establecen las bases de coordinaci\u00f3n militar, civil, de procuraci\u00f3n de justicia y financiera, es decir, aumentar la coordinaci\u00f3n de todas las instituciones federales que est\u00e1n en b\u00fasqueda de lo mismo que es disminuir la violencia y detener a los generadores de violencia.\u00a0<\/span><\/p><p>\u00a0<\/p><p><span style=\"font-weight: 400;\">Por favor, aqu\u00ed muy breve, porque esto es, obviamente se har\u00e1 siempre respetando la autonom\u00eda de la Fiscal\u00eda General de la Rep\u00fablica, pero creemos que para batir la impunidad tenemos que tener una Fiscal\u00eda fuerte. Por eso buscaremos fortalecer las capacidades de procuraci\u00f3n de justicia para disminuir la impunidad, as\u00ed como incrementar las capacidades operativas y t\u00e1cticas y, sobre todo, el recurso humano de la Fiscal\u00eda General de la Rep\u00fablica.<\/span><\/p><p>\u00a0<\/p><p><span style=\"font-weight: 400;\">Al final viene una serie de consideraciones que hicieron aqu\u00ed en la Fiscal\u00eda General de Justicia, como el incremento de las capacidades de los sistemas AFI, que son principalmente de huellas dactilares y que son para identificaci\u00f3n bal\u00edstica y una serie de programas que ya en su momento nos dir\u00e1 la Fiscal\u00eda, d\u00f3nde es donde se tiene que reforzar. Tambi\u00e9n parte de la Fiscal\u00eda el fortalecimiento de la Agencia de Investigaci\u00f3n Criminal.<\/span><\/p><p>\u00a0<\/p><p><span style=\"font-weight: 400;\">Aqu\u00ed es muy importante que necesitamos que el Servicio de Protecci\u00f3n Federal que est\u00e1 dedicado, que est\u00e1 adscrito a la Secretar\u00eda de Seguridad se encargue de la protecci\u00f3n de personas para que la Agencia de Investigaci\u00f3n, la Polic\u00eda Federal Ministerial se dedique solamente a la investigaci\u00f3n de delitos.\u00a0<\/span><\/p><p>\u00a0<\/p><p><span style=\"font-weight: 400;\">Es una puesta en marcha de un Plan integral de combate al crimen organizado. La primera es la vigilancia y reconocimiento en zonas y lugares de presencia de grupos armados, por vigilancia y reconocimiento porque si no va a pasar lo que ha sucedido en otras administraciones anteriores, que si no hay un diagn\u00f3stico claro de lo que se tiene que hacer s\u00f3lo vamos a generar m\u00e1s violencia.<\/span><\/p><p>\u00a0<\/p><p><span style=\"font-weight: 400;\">El gobierno actual del presidente L\u00f3pez Obrador ha tenido much\u00edsimos programas sociales en las zonas donde m\u00e1s violencia ha habido y se ha logrado tambi\u00e9n la detenci\u00f3n de varios generadores de violencia.\u00a0<\/span><\/p><p>\u00a0<\/p><p><span style=\"font-weight: 400;\">El segundo es contener el flujo de armas hacia los grupos criminales, est\u00e1 muy identificado, la mayor\u00eda de las fronteras por donde entra la mayor cantidad de armas. Necesitamos fortalecer e incrementar la vigilancia junto con Estados Unidos de la frontera.<\/span><\/p><p>\u00a0<\/p><p><span style=\"font-weight: 400;\">El Plan de combate a las finanzas del crimen organizado. Necesitamos que la Unidad Inteligencia Financiera, la Procuradur\u00eda, la Fiscal\u00eda trabajen de manera conjunta junto con la Fiscal\u00eda General de la Rep\u00fablica y la propia Secretar\u00eda de Seguridad para lograr cortar el flujo econ\u00f3mico al crimen organizado.<\/span><\/p><p>\u00a0<\/p><p><span style=\"font-weight: 400;\">Y, por \u00faltimo, afectar las cadenas de suministro de drogas sint\u00e9ticas. Todos los precursores de fentanilo, todos los precursores de drogas sint\u00e9ticas que entran a nuestro pa\u00eds. Tambi\u00e9n aumentar la vigilancia y aumentar la capacidad de operaci\u00f3n para frenar las mismas.\u00a0<\/span><\/p><p><br \/><br \/><\/p><p><b>ERNESTINA GODOY (EG): <\/b><span style=\"font-weight: 400;\">Muchas gracias, muy buenos d\u00edas, muy buenas tardes, a todos, a todos, a los medios de comunicaci\u00f3n. Estamos aqu\u00ed en la presentaci\u00f3n que hace nuestra pr\u00f3xima Presidenta, de lo que va a ser la estrategia, de lo que se va a hacer y quiero solamente comentarles que el tema de la autonom\u00eda de las fiscal\u00edas no impide que se tenga una coordinaci\u00f3n como lo ha dicho la Dra. Claudia Sheinbaum y que lo echamos a andar en la Ciudad de M\u00e9xico, con respeto pleno a la autonom\u00eda de la Fiscal\u00eda, pero no puede estar aislada de las pol\u00edticas, de los programas, de una estrategia en materia de seguridad y de paz. Ante eso puedo decirles sobre la Ciudad de M\u00e9xico, es la \u00fanica entidad que por Constituci\u00f3n, la Fiscal\u00eda tiene que presentar anualmente al Congreso de la ciudad, un plan de pol\u00edtica criminal y un programa de persecuci\u00f3n penal, nadie m\u00e1s ni la Fiscal\u00eda. General tiene obligaci\u00f3n. Lo que permite hacer es primero es que se tiene un programa, que se tiene un programa en el que se establecen metas, evaluables, acciones y estas acciones, estos programas salen de un diagn\u00f3stico que se hace en el gabinete, en el gabinete de paz y lo compartimos con los con los legisladores que a su vez los someten a una gran consulta. Cada a\u00f1o tiene que hacerse esa consulta y participaron a lo largo de estos a\u00f1os de muchos sectores, de modo que se tiene un programa, un programa con metas muy claras y estos programas de pol\u00edtica criminal y de persecuci\u00f3n se alinearon con la pol\u00edtica y la estrategia de la ciudad y del gobierno federal, lo que se hizo fue buscar que toda la fuerza de una Fiscal\u00eda, est\u00e9 apoyada por toda la fuerza de una Secretar\u00eda de Seguridad Ciudadana, de una Secretar\u00eda de Bienestar, de Bety, o sea de todos es de una una gran coordinaci\u00f3n y eso hace que la fuerza de una instituci\u00f3n que podr\u00eda estar aislada sea mucho mayor.\u00a0<\/span><\/p><p>\u00a0<\/p><p><span style=\"font-weight: 400;\">Entonces hicieron los planes de pol\u00edticas criminal y de persecuci\u00f3n penal. Creo que es una de las cosas que se tiene que hacer a nivel federal, que todas las fiscal\u00edas deb\u00edan tener la obligaci\u00f3n, por ley de de tener este programa de pol\u00edtica criminal y que sea evaluado no solamente por la por por los servidores p\u00fablicos, sino por la ciudadan\u00eda y tambi\u00e9n la Fiscal\u00eda General de la Rep\u00fablica para que sepamos todos los ciudadanos qu\u00e9 va a ser, c\u00f3mo lo va a hacer, d\u00f3nde lo va a hacer y cu\u00e1ndo va a ser ese es un primer, un primer paso que se hizo en la Fiscal\u00eda de la Ciudad de M\u00e9xico, que es perfectamente replicable en todo el pa\u00eds y que da resultados. \u00bfPorque qu\u00e9 definimos de acuerdo a la estrategia de la ciudad y la estrategia nacional? Dos grandes puntos de atenci\u00f3n: los delitos de impacto que no solamente son secuestro y homicidio que son muy fuertes y ahora la extorsi\u00f3n y eso, sino el robo. Por ejemplo el robo que\u00a0 sufre la gente todos los d\u00edas en las colonias, de los barrios para nosotros fue delitos de alto impacto, entonces atender con toda la fuerza los delitos de alto impacto, y tambi\u00e9n hubo una definici\u00f3n de atender los delitos contra las mujeres.\u00a0<\/span><\/p><p>\u00a0<\/p><p><span style=\"font-weight: 400;\">Todo lo dem\u00e1s, claro que se tiene que atender, todas las fiscal\u00edas tienen que atender todos los delitos, pero se atienden, los atendimos, le llamamos segmentaci\u00f3n desde el punto de vista puede ser desde justicia restaurativa, desde las mediciones, desde la atenci\u00f3n, desde otras instancias de gobierno, y claro que donde ten\u00edamos todos los elementos entr\u00e1bamos a las judicializaciones, pero entonces fue eso con esos dos grandes dos grandes espacios de definici\u00f3n, con la coordinaci\u00f3n interinstitucional, que eso lo m\u00e1s virtuoso, creo yo de esta gran estrategia. La coordinaci\u00f3n cotidiana abierta, nada de vamos a ponernos la estrellita nosotros, aqu\u00ed la estrellita se la ten\u00eda que llevar la ciudadan\u00eda, la paz y la tranquilidad de la gente.\u00a0<\/span><\/p><p>\u00a0<\/p><p><span style=\"font-weight: 400;\">\u00bfQue hicimos entonces para atender estas definiciones? Primero fue la creaci\u00f3n de un nuevo modelo policial. Primero nos organizamos internamente para que hubiera una coordinaci\u00f3n. Somos coordinaci\u00f3n lo que son las procuradur\u00edas, las fiscal\u00edas, una coordinaci\u00f3n especializada en la investigaci\u00f3n de delitos de impacto y una coordinaci\u00f3n especializada en delitos de g\u00e9nero, cometidos contra las mujeres. Esta parte que no se ve, toda la parte de la tuber\u00eda institucional, nos reorganizamos y lo que hicimos fue crear un nuevo modelo de investigaci\u00f3n policial.\u00a0<\/span><\/p><p>\u00a0<\/p><p><span style=\"font-weight: 400;\">Esto como lo dec\u00eda Omar a trav\u00e9s del trabajo de inteligencia, de an\u00e1lisis de patrones delictivos, de sistematizaci\u00f3n de la informaci\u00f3n, que nos ayud\u00f3 mucho la ADIP con toda su plataforma y la manera en que todos los d\u00edas ten\u00edamos la informaci\u00f3n y la analiz\u00e1bamo,s y un segundo punto que se dijo de la estrategia m\u00e1s y mejores polic\u00edas: refrescar el cuerpo de polic\u00edas de Investigaci\u00f3n, con un nuevo perfil, con una nueva manera de investigar, donde aunque no existe en la ley son verdaderos detectives, utilizan ya la fuerza de la inteligencia para dar, digamos, tiros de precisi\u00f3n. Entonces ah\u00ed se incorporaron en convocatoria abierta mil nuevos polic\u00edas, se fortaleci\u00f3 nuestro Instituto de Formaci\u00f3n Profesional para que tuvieran una preparaci\u00f3n diferente, refrescar ese cuerpo fue important\u00edsimo. Un gran acierto, con una nueva metodolog\u00eda, con una investigaci\u00f3n cient\u00edfica y adem\u00e1s con la posibilidad de coordinarnos con la Secretar\u00eda a partir de las facultades que le dio el Congreso para hacer investigaci\u00f3n tambi\u00e9n, investigaci\u00f3n criminal, investigaci\u00f3n policial, de manera coordinada. Eso potenci\u00f3 las investigaciones que t\u00fa vives. Esto tambi\u00e9n a los peritos, hubo que crearles una nueva manera. Creamos el banco de perfiles gen\u00e9ticos, el m\u00e1s grande de latinoam\u00e9rica, creamos una es la creaci\u00f3n de adquirimos mucho equipo tecnol\u00f3gico que permite tanto al polic\u00eda de Investigaci\u00f3n, como al perito tener pruebas, que esas son pruebas cient\u00edficas, son pruebas irrefutables, ah\u00ed no son de interpretaci\u00f3n y mucho menos. Eso nos permiti\u00f3 tener carpetas mucho m\u00e1s s\u00f3lidas para poder judicializar y buscar obtener sentencias.\u00a0<\/span><\/p><p>\u00a0<\/p><p><span style=\"font-weight: 400;\">Digamos fue el gran planteamiento, pero tambi\u00e9n nos dedicamos e hicimos un modelo de combate a la corrupci\u00f3n, que no lo pasaron, por ah\u00ed se los van a dar, que es estar constantemente revisando, atendiendo todas las denuncias ciudadanas, investigando y llevando hasta los tribunales, cuando ten\u00edamos todas las pruebas. Desarrollamos un nuevo modelo de atenci\u00f3n a los delitos contra las mujeres con perspectiva de g\u00e9nero, con unidades de an\u00e1lisis de contexto, con fiscal especializadas en violencia familiar, etc. etc. Buscamos para nosotros saldar una deuda hist\u00f3rica que hay que seguirle porque es atender muy bien a la gente para no perderla cuando llega por fin a pisar una instalaci\u00f3n de la Fiscal\u00eda.\u00a0<\/span><\/p><p>\u00a0<\/p><p><span style=\"font-weight: 400;\">Entonces creamos el modelo de atenci\u00f3n temprana, un modelo de atenci\u00f3n primaria que est\u00e1n en consolidaci\u00f3n. Tambi\u00e9n trabajamos mucho y esto fueron las principales preocupaciones que compart\u00edamos en el gabinete. El tema de las personas que son reportadas como desaparecidas. De aqu\u00ed de esta ciudad sali\u00f3 la metodolog\u00eda para la b\u00fasqueda generalizada que se sigue trabajando, pero tambi\u00e9n la atenci\u00f3n al personal, crear todas las posibilidades para que el personal no solamente se capacite, si no se certifique y se especialice porque no es lo mismo investigar un feminicidio, que investigar un robo de veh\u00edculo. Entonces tiene que hacer modelos especiales, especialistas para la atenci\u00f3n de los delitos. Nada m\u00e1s comentarles medio minuto en relaci\u00f3n a la relaci\u00f3n que tiene que haber entre las distintas fiscal\u00edas estatales y la Fiscal\u00eda General de la Rep\u00fablica, de acuerdo a la ley y una conferencia de procuraci\u00f3n de justicia ah\u00ed es donde creo que se tiene que hacer un gran trabajo para avanzar en lo que se ha venido haciendo. Porque compartimos problemas similares, porque nada m\u00e1s les daba un ejemplo: una sentencia, dijo que ya no puede haber prisi\u00f3n preventiva oficiosa que tiene que ser justificada. Eso lo compartimos todos, y en este momento est\u00e1 desarroll\u00e1ndose una propuesta de iniciativa para ver qu\u00e9 hacemos porque las fiscal\u00edas necesitan herramientas para poder justificar las prisiones cuando es necesario que est\u00e9n en la c\u00e1rcel, pero como ese hay varios temas. Entonces la<\/span><\/p><p><span style=\"font-weight: 400;\">relaci\u00f3n tiene que ser muy cercana y tiene que ser de mucha colaboraci\u00f3n y de mucho intercambio. Est\u00e1n tambi\u00e9n todo lo propusimos desde la Ciudad de M\u00e9xico. La homologaci\u00f3n de el tipo penal de feminicidio en todo el pa\u00eds, porque es incre\u00edble que no, no lo sea, pero eso m\u00e1s o menos y grandes rasgos algunos de los temas que trabajamos que creemos que pueden ser r\u00e9plicados.\u00a0<\/span><\/p><p><br \/><br \/><\/p><p><b>ARTURO ZALD\u00cdVAR (AZ): <\/b><span style=\"font-weight: 400;\">Buenas tardes a todas y a todos lo primero que me gustar\u00eda destacar es una idea que se olvida con frecuencia, y es que en la construcci\u00f3n de paz, todos los actores y todos los poderes del Estado tienen una responsabilidad, no es una responsabilidad s\u00f3lo de los ejecutivos, mucho menos s\u00f3lo del Presidente de la Rep\u00fablica. Lejos de esta responsabilidad que emana de la Constituci\u00f3n, porque somos poderes del Estado, el Ejecutivo, el Legislativo y el Judicial pareciera ser, bajo una concepci\u00f3n desde mi punto de vista, equivocada del autonom\u00eda y de la independencia judicial, se rompe el di\u00e1logo y la coordinaci\u00f3n con los otros poderes, instituciones del Estado. \u00bfY esto a qui\u00e9n beneficia?, pues beneficia a minor\u00edas privilegiadas, econ\u00f3micas; beneficia al crimen organizado, y claro que tambi\u00e9n hemos visto en la Corte en los \u00faltimos a\u00f1os, una tendencia muy notoria a empatar su agenda con la agenda de la oposici\u00f3n y de los grupos adversarios al gobierno.\u00a0<\/span><\/p><p>\u00a0<\/p><p><span style=\"font-weight: 400;\">La verdad es que el crimen organizado es un desaf\u00edo al Estado. Es un desaf\u00edo a todas y a todos, y para solventar ese desaf\u00edo, se requiere di\u00e1logo y coordinaci\u00f3n e instrumentos adecuados. Por ello, el Presidente de la Rep\u00fablica presenta una iniciativa de reforma al Poder Judicial en el cual propone la elecci\u00f3n mediante voto popular, a trav\u00e9s de una elecci\u00f3n indirecta, de todas las personas juzgador del poder judicial, ministros, ministras, magistrados, magistradas, jueces y juezas, este es un ejercicio que obviamente est\u00e1 sujeto debate para tratar de arribar a un mejor Poder Judicial porque lo cierto es que el mecanismo que tenemos hasta ahora como ha sucedido, adem\u00e1s en otros pa\u00edses, no ha sido del todo adecuado para alejar sobre todas las ministras y ministros de los actores pol\u00edticos o partidos pol\u00edticos que los han postulado.\u00a0<\/span><\/p><p>\u00a0<\/p><p><span style=\"font-weight: 400;\">La Corte, me parece, que est\u00e1 viviendo una \u00e9poca muy partidizada, pero lo m\u00e1s importante me parece que es la reforma al Consejo de la Judicatura Federal, en primer lugar, se propone separar, por fin, la presidencia del Consejo de la presidencia de la Corte, algo que todos los partidos y toda la academia ha pedido por m\u00e1s de 25 a\u00f1os, pero lo m\u00e1s original es que se divide el Consejo entre un tribunal de disciplina judicial para que vea los temas de disciplina y un \u00f3rgano administrador. Actualmente el consejo de la administraci\u00f3n y la disciplina, ahora se propone separar la disciplina de la administraci\u00f3n y este tribunal, obviamente respetando la autonom\u00eda y la independencia de juezas y jueces, tendr\u00e1 mayor atribuciones para que se examinen, se estudie, se investiguen y se sancionen actos de corrupci\u00f3n y ejercicio indebido de la funci\u00f3n judicial.\u00a0<\/span><\/p><p>\u00a0<\/p><p><span style=\"font-weight: 400;\">Porque pr\u00e1cticamente esta actividad del Poder Judicial Federal, sobre todos los \u00faltimos tiempos, pues pr\u00e1cticamente se encuentra olvidada, pero no bastar\u00eda reformar al Poder Judicial Federal, realmente sin un sistema de justicia eficaz, no puede haber seguridad. Sin justicia, no hay seguridad. Requerimos una reforma integral del sistema de justicia en M\u00e9xico y se proponen algunos caminos. Lo m\u00e1s importante es: son modelos nacionales de coordinaci\u00f3n entre las diferentes esferas, que la coordinaci\u00f3n se lleve a nivel constitucional. Ya vimos que la coordinaci\u00f3n puede hacer diferencia, nos lo acaban de demostrar una vez m\u00e1s lo que sucedi\u00f3 en la Ciudad de M\u00e9xico.\u00a0<\/span><\/p><p>\u00a0<\/p><p><span style=\"font-weight: 400;\">Entonces generemos varios mecanismos: un mecanismo nacional de procuraci\u00f3n de justicia, donde haya una coordinaci\u00f3n entre la Fiscal\u00eda General de la Rep\u00fablica, las fiscal\u00eda de las entidades federativas, se ajusten protocolos, requisitos de ingreso, etc. y que pueda haberse todo el planteamiento de la procuraci\u00f3n como un problema, como una pol\u00edtica p\u00fablica de Estado. Por el otro lado, se requiere tambi\u00e9n un modelo nacional o un mecanismo nacional. De impartici\u00f3n de justicia. La justicia local tenemos que voltear a ver el 80 por ciento los asuntos son de la justicia local y en la mayor\u00eda de las entidades federativas, seg\u00fan los ha dicho la gente en los Di\u00e1logos por la Transformaci\u00f3n, no funcionan, de tal suerte que requerimos un modelo nacional para homologar requisitos, para generar coordinaci\u00f3n y para que cualquier tribunal del Estado tenga una calidad \u00e9tica y profesional que responda las necesidades de la gente.<\/span><\/p><p>\u00a0<\/p><p><span style=\"font-weight: 400;\">Pero por supuesto que no todo puede ser penal, la justicia c\u00edvica y la justicia alternativa, es tambi\u00e9n importante. Requerimos un modelo nacional de justicia c\u00edvica, tambi\u00e9n en la Ciudad de M\u00e9xico se avanz\u00f3 mucho en este sentido. \u00bfPorque es importante la justicia c\u00edvica? porque ayuda a restaurar tejido social, ayuda a pacificar y quita presi\u00f3n al modelo penal.\u00a0<\/span><\/p><p>\u00a0<\/p><p><span style=\"font-weight: 400;\">No se trata de tener saturadas las expresiones de personas, se trata de prevenir con las causas, de investigar todo lo que ya se dijo aqu\u00ed, pero adem\u00e1s dar salidas a ciertos hechos que no tienen que ser de materia penal. Si queremos construir un mejor sistema de justicia, \u00edntegro profesional, independiente y eficaz es indispensable abatir la impunidad. Cero impunidad ha sido la pol\u00edtica en la Ciudad de M\u00e9xico, cero impunidad, debe ser la pol\u00edtica en todo el pa\u00eds, y esto s\u00f3lo se logra con coordinaci\u00f3n, con una reforma integral del sistema de justicia, y como ustedes pueden ver de esta presentaci\u00f3n, todas las \u00e1reas estamos coordinados para tratar de hacer una propuesta integral, seria, viable, no de ocurrencias, sino basada en experiencias en estudios, y sobretodo en lo que la gente nos ha venido diciendo en cuanto a su dolor y sufrimiento. No tengo dudas de que este programa va a llevar la justicia en M\u00e9xico todav\u00eda m\u00e1s all\u00e1 y que se seguir\u00e1n abatiendo la impunidad y la delincuencia y la inseguridad porque nosotros apostamos a la esperanza y no al miedo. Muchas gracias.<\/span><\/p><p><br \/><br \/><\/p><p><b>CSP: <\/b><span style=\"font-weight: 400;\">Esta es la presentaci\u00f3n general. La estrategia de nuevo consiste de cinco ejes que nos dieron resultado en la Ciudad de M\u00e9xico, y que sabemos que a nivel nacional podemos avanzar todav\u00eda m\u00e1s en los resultados. Por supuesto honestidad al frente, siempre; lo segundo es la atenci\u00f3n a las causas, no dejarlo, educaci\u00f3n y atenci\u00f3n y acceso a derechos a las y los j\u00f3venes de nuestro pa\u00eds; la consolidaci\u00f3n de la Guardia Nacional antes de qu\u00e9 nos lo pregunten, estamos de acuerdo que sea parte de la Secretar\u00eda de la Defensa Nacional y fortalecerla en sus distintas atribuciones y caracter\u00edsticas, avanzar en la proximidad de la Guardia, avanzar en la vigilancia de caminos y carreteras, avanzar en la Guardia como primeros respondientes, el fortalecimiento de la Guardia Nacional; lo tercero, el fortalecimiento del inteligencia y la investigaci\u00f3n. Como bien explic\u00f3 Omar, vamos a un sistema nacional de inteligencia e investigaci\u00f3n para la seguridad p\u00fablica que permita la coordinaci\u00f3n de las diferentes \u00e1reas; la siguientes la coordinaci\u00f3n en todos sentidos, coordinaci\u00f3n con fiscal\u00edas estatales, coordinaci\u00f3n con polic\u00edas estatales. Desde el Ejecutivo se hace la coordinaci\u00f3n, pero queremos fortalecerla todav\u00eda m\u00e1s. Incluso, como bien dice el ministro Zaldivar, llevarlo en t\u00e9rminos legales, la coordinaci\u00f3n con la Fiscal\u00eda General de la Rep\u00fablica Rep\u00fablica, lo dijo en el la coordinaci\u00f3n con la Fiscal\u00eda General de la Rep\u00fablica, lo dijo en el Z\u00f3calo, lo he dicho en otras ocasiones: vamos a invitar al Fiscal General de la Rep\u00fablica a que sea parte del gabinete de seguridad. Eso como bien explica Ernestina Godoy, no rompe la autonom\u00eda de la Fiscal\u00eda, pero establece muchos mejores condicionamientos para la coordinaci\u00f3n, para la atenci\u00f3n a la ciudadan\u00eda y la disminuci\u00f3n de impunidad y finalmente la reforma al Poder Judicial que tiene que ver no solamente con la elecci\u00f3n de jueces y ministros, sino que tiene que ver con la divisi\u00f3n y un verdadero sistema de sanci\u00f3n a los jueces que no est\u00e9 hoy como est\u00e1 en el Consejo de la Judicatura y que sea parte tambi\u00e9n de alcanzar todav\u00eda mayores resultados en seguridad y paz en nuestro pa\u00eds.<\/span><\/p><p>\u00a0<\/p><p><span style=\"font-weight: 400;\">Estamos convencidos que esto nos va a dar resultados, nos dio resultados en la ciudad. Estamos fortaleciendo esta estrategia para que a partir del 1 de octubre. La podamos aplicar en todo el pa\u00eds. Muchas gracias.<\/span><\/p>\t\t\t\t\t\t<\/div>\n\t\t\t\t<\/div>\n\t\t\t\t\t<\/div>\n\t\t<\/div>\n\t\t\t\t\t<\/div>\n\t\t<\/section>\n\t\t\t\t<section class=\"elementor-section elementor-top-section elementor-element elementor-element-56fbc506 elementor-section-boxed elementor-section-height-default elementor-section-height-default\" data-id=\"56fbc506\" data-element_type=\"section\">\n\t\t\t\t\t\t<div class=\"elementor-container elementor-column-gap-default\">\n\t\t\t\t\t<div class=\"elementor-column elementor-col-100 elementor-top-column elementor-element elementor-element-5a90385e\" data-id=\"5a90385e\" data-element_type=\"column\">\n\t\t\t<div class=\"elementor-widget-wrap elementor-element-populated\">\n\t\t\t\t\t\t<div class=\"elementor-element elementor-element-62e26686 elementor-widget elementor-widget-gallery\" data-id=\"62e26686\" data-element_type=\"widget\" data-settings=\"{&quot;gallery_layout&quot;:&quot;justified&quot;,&quot;lazyload&quot;:&quot;yes&quot;,&quot;ideal_row_height&quot;:{&quot;unit&quot;:&quot;px&quot;,&quot;size&quot;:200,&quot;sizes&quot;:[]},&quot;ideal_row_height_tablet&quot;:{&quot;unit&quot;:&quot;px&quot;,&quot;size&quot;:150,&quot;sizes&quot;:[]},&quot;ideal_row_height_mobile&quot;:{&quot;unit&quot;:&quot;px&quot;,&quot;size&quot;:150,&quot;sizes&quot;:[]},&quot;gap&quot;:{&quot;unit&quot;:&quot;px&quot;,&quot;size&quot;:10,&quot;sizes&quot;:[]},&quot;gap_tablet&quot;:{&quot;unit&quot;:&quot;px&quot;,&quot;size&quot;:10,&quot;sizes&quot;:[]},&quot;gap_mobile&quot;:{&quot;unit&quot;:&quot;px&quot;,&quot;size&quot;:10,&quot;sizes&quot;:[]},&quot;link_to&quot;:&quot;file&quot;,&quot;overlay_background&quot;:&quot;yes&quot;,&quot;content_hover_animation&quot;:&quot;fade-in&quot;}\" data-widget_type=\"gallery.default\">\n\t\t\t\t<div class=\"elementor-widget-container\">\n\t\t\t\t\t<div class=\"elementor-gallery__container\">\n\t\t\t\t\t\t\t<a class=\"e-gallery-item elementor-gallery-item elementor-animated-content\" href=\"https:\/\/transformarqroo.com\/wp-content\/uploads\/2024\/03\/Claudia-04-03-20241-scaled.jpg\" data-elementor-open-lightbox=\"yes\" data-elementor-lightbox-slideshow=\"62e26686\" data-elementor-lightbox-title=\"Claudia 04-03-2024(1)\" data-e-action-hash=\"#elementor-action%3Aaction%3Dlightbox%26settings%3DeyJpZCI6MzMxODIsInVybCI6Imh0dHBzOlwvXC90cmFuc2Zvcm1hcnFyb28uY29tXC93cC1jb250ZW50XC91cGxvYWRzXC8yMDI0XC8wM1wvQ2xhdWRpYS0wNC0wMy0yMDI0MS1zY2FsZWQuanBnIiwic2xpZGVzaG93IjoiNjJlMjY2ODYifQ%3D%3D\">\n\t\t\t\t\t<div class=\"e-gallery-image elementor-gallery-item__image\" data-thumbnail=\"https:\/\/transformarqroo.com\/wp-content\/uploads\/2024\/03\/Claudia-04-03-20241-scaled.jpg\" data-width=\"2560\" data-height=\"1436\" aria-label=\"\" role=\"img\" ><\/div>\n\t\t\t\t\t\t\t\t\t\t\t<div class=\"elementor-gallery-item__overlay\"><\/div>\n\t\t\t\t\t\t\t\t\t\t\t\t\t\t<\/a>\n\t\t\t\t\t\t\t<a class=\"e-gallery-item elementor-gallery-item elementor-animated-content\" href=\"https:\/\/transformarqroo.com\/wp-content\/uploads\/2024\/03\/Claudia-04-03-20242-scaled.jpg\" data-elementor-open-lightbox=\"yes\" data-elementor-lightbox-slideshow=\"62e26686\" data-elementor-lightbox-title=\"Claudia 04-03-2024(2)\" data-e-action-hash=\"#elementor-action%3Aaction%3Dlightbox%26settings%3DeyJpZCI6MzMxODMsInVybCI6Imh0dHBzOlwvXC90cmFuc2Zvcm1hcnFyb28uY29tXC93cC1jb250ZW50XC91cGxvYWRzXC8yMDI0XC8wM1wvQ2xhdWRpYS0wNC0wMy0yMDI0Mi1zY2FsZWQuanBnIiwic2xpZGVzaG93IjoiNjJlMjY2ODYifQ%3D%3D\">\n\t\t\t\t\t<div class=\"e-gallery-image elementor-gallery-item__image\" data-thumbnail=\"https:\/\/transformarqroo.com\/wp-content\/uploads\/2024\/03\/Claudia-04-03-20242-scaled.jpg\" data-width=\"2560\" data-height=\"1707\" aria-label=\"\" role=\"img\" ><\/div>\n\t\t\t\t\t\t\t\t\t\t\t<div class=\"elementor-gallery-item__overlay\"><\/div>\n\t\t\t\t\t\t\t\t\t\t\t\t\t\t<\/a>\n\t\t\t\t\t\t\t<a class=\"e-gallery-item elementor-gallery-item elementor-animated-content\" href=\"https:\/\/transformarqroo.com\/wp-content\/uploads\/2024\/03\/Claudia-04-03-20243-scaled.jpg\" data-elementor-open-lightbox=\"yes\" data-elementor-lightbox-slideshow=\"62e26686\" data-elementor-lightbox-title=\"Claudia 04-03-2024(3)\" data-e-action-hash=\"#elementor-action%3Aaction%3Dlightbox%26settings%3DeyJpZCI6MzMxODQsInVybCI6Imh0dHBzOlwvXC90cmFuc2Zvcm1hcnFyb28uY29tXC93cC1jb250ZW50XC91cGxvYWRzXC8yMDI0XC8wM1wvQ2xhdWRpYS0wNC0wMy0yMDI0My1zY2FsZWQuanBnIiwic2xpZGVzaG93IjoiNjJlMjY2ODYifQ%3D%3D\">\n\t\t\t\t\t<div class=\"e-gallery-image elementor-gallery-item__image\" data-thumbnail=\"https:\/\/transformarqroo.com\/wp-content\/uploads\/2024\/03\/Claudia-04-03-20243-scaled.jpg\" data-width=\"2560\" data-height=\"1707\" aria-label=\"\" role=\"img\" ><\/div>\n\t\t\t\t\t\t\t\t\t\t\t<div class=\"elementor-gallery-item__overlay\"><\/div>\n\t\t\t\t\t\t\t\t\t\t\t\t\t\t<\/a>\n\t\t\t\t\t\t\t<a class=\"e-gallery-item elementor-gallery-item elementor-animated-content\" href=\"https:\/\/transformarqroo.com\/wp-content\/uploads\/2024\/03\/Claudia-04-03-20244-scaled.jpg\" data-elementor-open-lightbox=\"yes\" data-elementor-lightbox-slideshow=\"62e26686\" data-elementor-lightbox-title=\"Claudia 04-03-2024(4)\" data-e-action-hash=\"#elementor-action%3Aaction%3Dlightbox%26settings%3DeyJpZCI6MzMxODUsInVybCI6Imh0dHBzOlwvXC90cmFuc2Zvcm1hcnFyb28uY29tXC93cC1jb250ZW50XC91cGxvYWRzXC8yMDI0XC8wM1wvQ2xhdWRpYS0wNC0wMy0yMDI0NC1zY2FsZWQuanBnIiwic2xpZGVzaG93IjoiNjJlMjY2ODYifQ%3D%3D\">\n\t\t\t\t\t<div class=\"e-gallery-image elementor-gallery-item__image\" data-thumbnail=\"https:\/\/transformarqroo.com\/wp-content\/uploads\/2024\/03\/Claudia-04-03-20244-scaled.jpg\" data-width=\"2560\" data-height=\"1697\" aria-label=\"\" role=\"img\" ><\/div>\n\t\t\t\t\t\t\t\t\t\t\t<div class=\"elementor-gallery-item__overlay\"><\/div>\n\t\t\t\t\t\t\t\t\t\t\t\t\t\t<\/a>\n\t\t\t\t\t\t\t<a class=\"e-gallery-item elementor-gallery-item elementor-animated-content\" href=\"https:\/\/transformarqroo.com\/wp-content\/uploads\/2024\/03\/Claudia-04-03-20245-scaled.jpg\" data-elementor-open-lightbox=\"yes\" data-elementor-lightbox-slideshow=\"62e26686\" data-elementor-lightbox-title=\"Claudia 04-03-2024(5)\" data-e-action-hash=\"#elementor-action%3Aaction%3Dlightbox%26settings%3DeyJpZCI6MzMxODYsInVybCI6Imh0dHBzOlwvXC90cmFuc2Zvcm1hcnFyb28uY29tXC93cC1jb250ZW50XC91cGxvYWRzXC8yMDI0XC8wM1wvQ2xhdWRpYS0wNC0wMy0yMDI0NS1zY2FsZWQuanBnIiwic2xpZGVzaG93IjoiNjJlMjY2ODYifQ%3D%3D\">\n\t\t\t\t\t<div class=\"e-gallery-image elementor-gallery-item__image\" data-thumbnail=\"https:\/\/transformarqroo.com\/wp-content\/uploads\/2024\/03\/Claudia-04-03-20245-scaled.jpg\" data-width=\"2560\" data-height=\"1271\" aria-label=\"\" role=\"img\" ><\/div>\n\t\t\t\t\t\t\t\t\t\t\t<div class=\"elementor-gallery-item__overlay\"><\/div>\n\t\t\t\t\t\t\t\t\t\t\t\t\t\t<\/a>\n\t\t\t\t\t\t\t<a class=\"e-gallery-item elementor-gallery-item elementor-animated-content\" href=\"https:\/\/transformarqroo.com\/wp-content\/uploads\/2024\/03\/Claudia-04-03-2024-scaled.jpg\" data-elementor-open-lightbox=\"yes\" data-elementor-lightbox-slideshow=\"62e26686\" data-elementor-lightbox-title=\"Claudia 04-03-2024\" data-e-action-hash=\"#elementor-action%3Aaction%3Dlightbox%26settings%3DeyJpZCI6MzMxODcsInVybCI6Imh0dHBzOlwvXC90cmFuc2Zvcm1hcnFyb28uY29tXC93cC1jb250ZW50XC91cGxvYWRzXC8yMDI0XC8wM1wvQ2xhdWRpYS0wNC0wMy0yMDI0LXNjYWxlZC5qcGciLCJzbGlkZXNob3ciOiI2MmUyNjY4NiJ9\">\n\t\t\t\t\t<div class=\"e-gallery-image elementor-gallery-item__image\" data-thumbnail=\"https:\/\/transformarqroo.com\/wp-content\/uploads\/2024\/03\/Claudia-04-03-2024-scaled.jpg\" data-width=\"2560\" data-height=\"1422\" aria-label=\"\" role=\"img\" ><\/div>\n\t\t\t\t\t\t\t\t\t\t\t<div class=\"elementor-gallery-item__overlay\"><\/div>\n\t\t\t\t\t\t\t\t\t\t\t\t\t\t<\/a>\n\t\t\t\t\t<\/div>\n\t\t\t<\/div>\n\t\t\t\t<\/div>\n\t\t\t\t\t<\/div>\n\t\t<\/div>\n\t\t\t\t\t<\/div>\n\t\t<\/section>\n\t\t\t\t<\/div>\n\t\t","protected":false},"excerpt":{"rendered":"<p>MENSAJE DE CLAUDIA SHEINBAUM PARDO, CANDIDATA A LA PRESIDENCIA DE LA REP\u00daBLICA POR LA COALICI\u00d3N SIGAMOS HACIENDO HISTORIA Y DE MARIO DELGADO, PRESIDENTE NACIONAL DE MORENA Y COORDINADOR DE CAMPA\u00d1A, EN LA PRESENTACI\u00d3N DEL PRIMER EJE DE GOBIERNO DEL PROYECTO DE NACI\u00d3N. PRESENTADOR: Buena tarde les damos la m\u00e1s cordial de las bienvenidas a la [&hellip;]<\/p>\n","protected":false},"author":1,"featured_media":33187,"comment_status":"closed","ping_status":"closed","sticky":false,"template":"","format":"standard","meta":{"_FSMCFIC_featured_image_caption":"","_FSMCFIC_featured_image_nocaption":"","_FSMCFIC_featured_image_hide":"1","footnotes":""},"categories":[49],"tags":[62],"class_list":["post-33181","post","type-post","status-publish","format-standard","has-post-thumbnail","hentry","category-nacional","tag-claudia-sheinbaum"],"aioseo_notices":[],"_links":{"self":[{"href":"https:\/\/transformarqroo.com\/index.php\/wp-json\/wp\/v2\/posts\/33181","targetHints":{"allow":["GET"]}}],"collection":[{"href":"https:\/\/transformarqroo.com\/index.php\/wp-json\/wp\/v2\/posts"}],"about":[{"href":"https:\/\/transformarqroo.com\/index.php\/wp-json\/wp\/v2\/types\/post"}],"author":[{"embeddable":true,"href":"https:\/\/transformarqroo.com\/index.php\/wp-json\/wp\/v2\/users\/1"}],"replies":[{"embeddable":true,"href":"https:\/\/transformarqroo.com\/index.php\/wp-json\/wp\/v2\/comments?post=33181"}],"version-history":[{"count":4,"href":"https:\/\/transformarqroo.com\/index.php\/wp-json\/wp\/v2\/posts\/33181\/revisions"}],"predecessor-version":[{"id":33191,"href":"https:\/\/transformarqroo.com\/index.php\/wp-json\/wp\/v2\/posts\/33181\/revisions\/33191"}],"wp:featuredmedia":[{"embeddable":true,"href":"https:\/\/transformarqroo.com\/index.php\/wp-json\/wp\/v2\/media\/33187"}],"wp:attachment":[{"href":"https:\/\/transformarqroo.com\/index.php\/wp-json\/wp\/v2\/media?parent=33181"}],"wp:term":[{"taxonomy":"category","embeddable":true,"href":"https:\/\/transformarqroo.com\/index.php\/wp-json\/wp\/v2\/categories?post=33181"},{"taxonomy":"post_tag","embeddable":true,"href":"https:\/\/transformarqroo.com\/index.php\/wp-json\/wp\/v2\/tags?post=33181"}],"curies":[{"name":"wp","href":"https:\/\/api.w.org\/{rel}","templated":true}]}}