{"id":332,"date":"2021-11-06T00:14:00","date_gmt":"2021-11-06T00:14:00","guid":{"rendered":"https:\/\/transformarqroo.com\/?p=332"},"modified":"2021-12-08T00:31:02","modified_gmt":"2021-12-08T00:31:02","slug":"dif-opb-en-seguimiento-a-gestiones-para-apertura-de-comedores-comunitarios","status":"publish","type":"post","link":"https:\/\/transformarqroo.com\/index.php\/2021\/11\/06\/dif-opb-en-seguimiento-a-gestiones-para-apertura-de-comedores-comunitarios\/","title":{"rendered":"DIF OPB EN SEGUIMIENTO A GESTIONES PARA APERTURA DE COMEDORES COMUNITARIOS"},"content":{"rendered":"\n<p>El Ayuntamiento de la transformaci\u00f3n dise\u00f1a esquemas para atender necesidades alimentarias de las y los othonenses en vulnerabilidad.<\/p>\n\n\n\n<!--more-->\n\n\n\n<p>Avanzan las gestiones para la apertura y funcionamiento de aproximadamente 20 comedores comunitarios en diversos puntos del municipio que todos queremos, para ello, el presidente del sistema DIF Oth\u00f3n P. Blanco, David Hern\u00e1ndez Sol\u00eds, al cierre de la presente semana, sostuvo una reuni\u00f3n de trabajo con instancias solidarias al proyecto.<\/p>\n\n\n\n<div class=\"wp-block-media-text alignwide is-stacked-on-mobile\"><figure class=\"wp-block-media-text__media\"><img fetchpriority=\"high\" decoding=\"async\" width=\"624\" height=\"429\" src=\"https:\/\/transformarqroo.com\/wp-content\/uploads\/2021\/12\/02-9.jpg\" alt=\"\" class=\"wp-image-334 size-full\" srcset=\"https:\/\/transformarqroo.com\/wp-content\/uploads\/2021\/12\/02-9.jpg 624w, https:\/\/transformarqroo.com\/wp-content\/uploads\/2021\/12\/02-9-300x206.jpg 300w\" sizes=\"(max-width: 624px) 100vw, 624px\" \/><\/figure><div class=\"wp-block-media-text__content\">\n<p class=\"has-normal-font-size\">Autoridades de las direcciones de alcald\u00edas, desarrollo social, desarrollo rural y participaci\u00f3n ciudadana del Ayuntamiento capitalino que preside Yensunni Mart\u00ednez Hern\u00e1ndez, realizaron la reuni\u00f3n de trabajo donde presentaron la disposici\u00f3n a trabajar en equipo y reactivar los comedores comunitarios de diversas poblaciones, desde las cercanas a Chetumal hasta de la zona lim\u00edtrofe.<\/p>\n\n\n\n<blockquote class=\"wp-block-quote is-style-default is-layout-flow wp-block-quote-is-layout-flow\"><p>Los comedores deben ser atendidos como un compromiso moral y social con los habitantes de la zona rural, para muchas personas ser\u00e1 la oportunidad de brindar alimentaci\u00f3n a sus ni\u00f1as y ni\u00f1os, eso nos motiva a cuidar todos los detalles para realizar el proyecto que es en equipo y compromiso de todos los involucrados,<\/p><cite>indic\u00f3 el presidente del sistema DIF othonense.<\/cite><\/blockquote>\n<\/div><\/div>\n\n\n\n<div class=\"wp-block-media-text alignwide has-media-on-the-right is-stacked-on-mobile\"><figure class=\"wp-block-media-text__media\"><img decoding=\"async\" width=\"624\" height=\"429\" src=\"https:\/\/transformarqroo.com\/wp-content\/uploads\/2021\/12\/01-9.jpg\" alt=\"\" class=\"wp-image-333 size-full\" srcset=\"https:\/\/transformarqroo.com\/wp-content\/uploads\/2021\/12\/01-9.jpg 624w, https:\/\/transformarqroo.com\/wp-content\/uploads\/2021\/12\/01-9-300x206.jpg 300w\" sizes=\"(max-width: 624px) 100vw, 624px\" \/><\/figure><div class=\"wp-block-media-text__content\">\n<p>De igual manera, detall\u00f3 que, los proyectos de comedores comunitarios buscan beneficiar en especial a familias que tienen integrantes con alg\u00fan tipo de discapacidad; adultos mayores que han sido abandonados; madres cabeza de familia; as\u00ed como a personas que han perdido sus empleos, por mencionar algunos de los grupos vulnerables tanto de poblaciones como de la zona rural.<\/p>\n\n\n\n<p>David Hern\u00e1ndez a\u00f1adi\u00f3 que la visi\u00f3n de instalar comedores comunitarios en el municipio que todos queremos, es el aportar atenci\u00f3n de calidad a colonias y localidades de escasos recursos; contribuir al proyecto de transformaci\u00f3n del Ayuntamiento othonense con la sensibilidad y calidad humana que las y los othonenses se merecen, concluy\u00f3.<\/p>\n<\/div><\/div>\n\n\n\n<p><\/p>\n","protected":false},"excerpt":{"rendered":"<p>El Ayuntamiento de la transformaci\u00f3n dise\u00f1a esquemas para atender necesidades alimentarias de las y los othonenses en vulnerabilidad.<\/p>\n","protected":false},"author":1,"featured_media":335,"comment_status":"closed","ping_status":"closed","sticky":false,"template":"","format":"standard","meta":{"_FSMCFIC_featured_image_caption":"","_FSMCFIC_featured_image_nocaption":"","_FSMCFIC_featured_image_hide":"1","footnotes":""},"categories":[28],"tags":[35],"class_list":["post-332","post","type-post","status-publish","format-standard","has-post-thumbnail","hentry","category-othon-pompeyo-blanco","tag-yensunni-martinez"],"aioseo_notices":[],"_links":{"self":[{"href":"https:\/\/transformarqroo.com\/index.php\/wp-json\/wp\/v2\/posts\/332","targetHints":{"allow":["GET"]}}],"collection":[{"href":"https:\/\/transformarqroo.com\/index.php\/wp-json\/wp\/v2\/posts"}],"about":[{"href":"https:\/\/transformarqroo.com\/index.php\/wp-json\/wp\/v2\/types\/post"}],"author":[{"embeddable":true,"href":"https:\/\/transformarqroo.com\/index.php\/wp-json\/wp\/v2\/users\/1"}],"replies":[{"embeddable":true,"href":"https:\/\/transformarqroo.com\/index.php\/wp-json\/wp\/v2\/comments?post=332"}],"version-history":[{"count":2,"href":"https:\/\/transformarqroo.com\/index.php\/wp-json\/wp\/v2\/posts\/332\/revisions"}],"predecessor-version":[{"id":337,"href":"https:\/\/transformarqroo.com\/index.php\/wp-json\/wp\/v2\/posts\/332\/revisions\/337"}],"wp:featuredmedia":[{"embeddable":true,"href":"https:\/\/transformarqroo.com\/index.php\/wp-json\/wp\/v2\/media\/335"}],"wp:attachment":[{"href":"https:\/\/transformarqroo.com\/index.php\/wp-json\/wp\/v2\/media?parent=332"}],"wp:term":[{"taxonomy":"category","embeddable":true,"href":"https:\/\/transformarqroo.com\/index.php\/wp-json\/wp\/v2\/categories?post=332"},{"taxonomy":"post_tag","embeddable":true,"href":"https:\/\/transformarqroo.com\/index.php\/wp-json\/wp\/v2\/tags?post=332"}],"curies":[{"name":"wp","href":"https:\/\/api.w.org\/{rel}","templated":true}]}}