{"id":34343,"date":"2024-05-02T14:14:12","date_gmt":"2024-05-02T19:14:12","guid":{"rendered":"https:\/\/transformarqroo.com\/?p=34343"},"modified":"2024-06-03T14:16:03","modified_gmt":"2024-06-03T19:16:03","slug":"inauguran-el-10o-congreso-internacional-de-diseno-un-espacio-que-reune-a-los-futuros-lideres-de-cancun-en-el-54-aniversario-de-la-ciudad","status":"publish","type":"post","link":"https:\/\/transformarqroo.com\/index.php\/2024\/05\/02\/inauguran-el-10o-congreso-internacional-de-diseno-un-espacio-que-reune-a-los-futuros-lideres-de-cancun-en-el-54-aniversario-de-la-ciudad\/","title":{"rendered":"INAUGURAN EL 10\u00ba CONGRESO INTERNACIONAL DE DISE\u00d1O, UN ESPACIO QUE RE\u00daNE A LOS FUTUROS L\u00cdDERES DE CANC\u00daN, EN EL 54 ANIVERSARIO DE LA CIUDAD"},"content":{"rendered":"\t\t<div data-elementor-type=\"wp-post\" data-elementor-id=\"34343\" class=\"elementor elementor-34343\" data-elementor-post-type=\"post\">\n\t\t\t\t\t\t<section class=\"elementor-section elementor-top-section elementor-element elementor-element-71be2b58 elementor-section-boxed elementor-section-height-default elementor-section-height-default\" data-id=\"71be2b58\" data-element_type=\"section\">\n\t\t\t\t\t\t<div class=\"elementor-container elementor-column-gap-default\">\n\t\t\t\t\t<div class=\"elementor-column elementor-col-100 elementor-top-column elementor-element elementor-element-1fbb928e\" data-id=\"1fbb928e\" data-element_type=\"column\">\n\t\t\t<div class=\"elementor-widget-wrap elementor-element-populated\">\n\t\t\t\t\t\t<div class=\"elementor-element elementor-element-44f54a88 elementor-widget elementor-widget-premium-addon-banner\" data-id=\"44f54a88\" data-element_type=\"widget\" data-widget_type=\"premium-addon-banner.default\">\n\t\t\t\t<div class=\"elementor-widget-container\">\n\t\t\t\t\t<div class=\"premium-banner-ib premium-banner-min-height premium-banner-animation7 none\">\r\n\t\t\t\t\t\t\t<div class=\"premium-banner-border\">\r\n\t\t\t\t\t<div class=\"premium-banner-br premium-banner-bleft premium-banner-brlr\"><\/div>\r\n\t\t\t\t\t<div class=\"premium-banner-br premium-banner-bright premium-banner-brlr\"><\/div>\r\n\t\t\t\t\t<div class=\"premium-banner-br premium-banner-btop premium-banner-brtb\"><\/div>\r\n\t\t\t\t\t<div class=\"premium-banner-br premium-banner-bottom premium-banner-brtb\"><\/div>\r\n\t\t\t\t<\/div>\r\n\t\t\t\t\t\t\t\t\t\t\t\t\t\t\t<img fetchpriority=\"high\" decoding=\"async\" width=\"1600\" height=\"1066\" src=\"https:\/\/transformarqroo.com\/wp-content\/uploads\/2024\/06\/GOB-02_05_24.jpg\" class=\"attachment-full size-full wp-image-34346\" alt=\"\" srcset=\"https:\/\/transformarqroo.com\/wp-content\/uploads\/2024\/06\/GOB-02_05_24.jpg 1600w, https:\/\/transformarqroo.com\/wp-content\/uploads\/2024\/06\/GOB-02_05_24-300x200.jpg 300w, https:\/\/transformarqroo.com\/wp-content\/uploads\/2024\/06\/GOB-02_05_24-1024x682.jpg 1024w, https:\/\/transformarqroo.com\/wp-content\/uploads\/2024\/06\/GOB-02_05_24-768x512.jpg 768w, https:\/\/transformarqroo.com\/wp-content\/uploads\/2024\/06\/GOB-02_05_24-1536x1023.jpg 1536w\" sizes=\"(max-width: 1600px) 100vw, 1600px\" \/>\t\t\t\t\t\t\t\t\t\t<div class=\"premium-banner-ib-desc\">\r\n\t\t\t\t\t\t\t\t\t<div class=\"premium-banner-desc-centered\">\r\n\t\t\t\t\t\t\t\t\t<h3 class=\"premium-banner-ib-title premium_banner_title\"><\/h3>\t\t\t\t\t\t\t\t\t\t\t\t\t<\/div>\r\n\t\t\t\t\t\t\t<\/div>\r\n\t\t\t\t\t<\/div>\r\n\t\t\t\t\t\t<\/div>\n\t\t\t\t<\/div>\n\t\t\t\t\t<\/div>\n\t\t<\/div>\n\t\t\t\t\t<\/div>\n\t\t<\/section>\n\t\t\t\t<section class=\"elementor-section elementor-top-section elementor-element elementor-element-344377f5 elementor-section-boxed elementor-section-height-default elementor-section-height-default\" data-id=\"344377f5\" data-element_type=\"section\" data-settings=\"{&quot;background_background&quot;:&quot;classic&quot;}\">\n\t\t\t\t\t\t<div class=\"elementor-container elementor-column-gap-default\">\n\t\t\t\t\t<div class=\"elementor-column elementor-col-100 elementor-top-column elementor-element elementor-element-41cf208b\" data-id=\"41cf208b\" data-element_type=\"column\">\n\t\t\t<div class=\"elementor-widget-wrap elementor-element-populated\">\n\t\t\t\t\t\t<div class=\"elementor-element elementor-element-4460b534 premium-title-icon-row premium-title-color elementor-widget elementor-widget-premium-addon-title\" data-id=\"4460b534\" data-element_type=\"widget\" data-widget_type=\"premium-addon-title.default\">\n\t\t\t\t<div class=\"elementor-widget-container\">\n\t\t\t\r\n\t\t<div class=\"premium-title-container style2\">\r\n\t\t\t<h5 class=\"premium-title-header premium-title-style2\">\r\n\t\t\t\t\r\n\t\t\t\t\t\t\t\t\t\t\t\t\t\t\t<div class=\"premium-title-icon premium-lottie-animation\" data-lottie-url=\"https:\/\/assets8.lottiefiles.com\/packages\/lf20_pcfclxy8.json\" data-lottie-loop=\"true\" data-lottie-reverse=\"\"><\/div>\r\n\t\t\t\t\t\t\t\t\t\r\n\t\t\t\t\t\t\t\t\t\t\t\t<span class=\"premium-title-text\" >\r\n\t\t\t\t\tLa gobernadora Mara Lezama destac\u00f3 la importancia de reflexionar para dise\u00f1ar un futuro m\u00e1s pr\u00f3spero a las futuras generaciones.\t\t\t\t<\/span>\r\n\t\t\t\t\t\r\n\t\t\t\t\t\t\t\t\t\t\t<\/h5>\r\n\t\t<\/div>\r\n\r\n\t\t\t\t<\/div>\n\t\t\t\t<\/div>\n\t\t\t\t\t<\/div>\n\t\t<\/div>\n\t\t\t\t\t<\/div>\n\t\t<\/section>\n\t\t\t\t<section class=\"elementor-section elementor-top-section elementor-element elementor-element-3ab2b169 elementor-section-boxed elementor-section-height-default elementor-section-height-default\" data-id=\"3ab2b169\" data-element_type=\"section\">\n\t\t\t\t\t\t<div class=\"elementor-container elementor-column-gap-default\">\n\t\t\t\t\t<div class=\"elementor-column elementor-col-100 elementor-top-column elementor-element elementor-element-12239cd2\" data-id=\"12239cd2\" data-element_type=\"column\">\n\t\t\t<div class=\"elementor-widget-wrap elementor-element-populated\">\n\t\t\t\t\t\t<div class=\"elementor-element elementor-element-e61d7bd elementor-widget elementor-widget-text-editor\" data-id=\"e61d7bd\" data-element_type=\"widget\" data-widget_type=\"text-editor.default\">\n\t\t\t\t<div class=\"elementor-widget-container\">\n\t\t\t\t\t\t\t<p><span style=\"font-weight: 400;\">Canc\u00fan.- Durante la inauguraci\u00f3n de la d\u00e9cima edici\u00f3n del Congreso Internacional de Dise\u00f1o LATENTE, organizado por estudiantes del octavo semestre de las carreras de Dise\u00f1o Gr\u00e1fico, Dise\u00f1o Multimedia y Dise\u00f1o Industrial de la Universidad An\u00e1huac, la gobernadora de Quintana Roo, Mara Lezama Espinosa destac\u00f3 el papel que desempe\u00f1an las y los alumnos como futuros l\u00edderes para dise\u00f1ar el pr\u00f3ximo cap\u00edtulo de nuestro entorno urbano, en el marco del 54 Aniversario de la Ciudad, donde resalt\u00f3 el valor de sus ideas, talento e ingenio.<\/span><\/p><p>\u00a0<\/p><p><span style=\"font-weight: 400;\">\u201cEste Congreso Internacional de Dise\u00f1o \u201cLatente\u201d -en su d\u00e9cima edici\u00f3n- nos encuentra en el momento de hacer una importante y profunda reflexi\u00f3n de qu\u00e9 queremos hacer con nuestro entorno y de pensar qu\u00e9vamos a entregar como aporte para las generaciones, ahora que estamos cumpliendo el 54 Aniversario de Canc\u00fan\u201d destac\u00f3 la titular del Ejecutivo.<\/span><\/p><p>\u00a0<\/p><p><span style=\"font-weight: 400;\">Ante alumnos, congresistas, conferencistas y talleristas de Espa\u00f1a, Ecuador, Colombia, Italia y M\u00e9xico, la gobernadora de Quintana Roo los invit\u00f3 a que sigan enamor\u00e1ndose de Quintana Roo, dise\u00f1ando su presente y su futuro \u201cy me acompa\u00f1en a so\u00f1ar y trabajar por esta patria chica que debemos proteger y nos permite escribir juntas y juntos las p\u00e1ginas m\u00e1s hermosas en la historia de nuestra querida tierra\u201d.<\/span><\/p><p>\u00a0<\/p><p><span style=\"font-weight: 400;\">Al proceder a la inauguraci\u00f3n formal, la gobernadora Mara Lezama convoc\u00f3 a los participantes a que sigan creando para que cada uno pueda conseguir su sue\u00f1o, un sue\u00f1o que permita dise\u00f1ar un nuevo sistema productivo y social, m\u00e1s humano, que brinde acceso al bienestar, a la educaci\u00f3n y a esa prosperidad tan deseada para todas y todos.<\/span><\/p><p>\u00a0<\/p><p><span style=\"font-weight: 400;\">De acuerdo con los organizadores, este Congreso Internacional llega a diferentes sectores, universitario, empresarial, escuelas preparatorias y personas afines al \u00e1rea de dise\u00f1o. La organizaci\u00f3n incluye log\u00edstica, promoci\u00f3n, relaciones p\u00fablicas y el uso de los conocimientos adquiridos en las diferentes \u00e1reas de dise\u00f1o que se imparten en la Universidad.<\/span><\/p><p>\u00a0<\/p><p><span style=\"font-weight: 400;\">El director de la Escuela Internacional de Dise\u00f1o, Eric Castillo Falc\u00f3n, dio a conocer que m\u00e1s de 100 expertos se encuentran en el Congreso para inspirar a los casi 2 mil alumnos interactuando en conferencias y talleres, compartiendo conocimientos.<\/span><\/p><p>\u00a0<\/p><p><span style=\"font-weight: 400;\">Por su parte, el vicerrector de la Universidad An\u00e1huac, Tomasz Bogdanski dio la bienvenida a todas y todos al destacar que este evento es importante, pues el ser humano siempre quiere aprender m\u00e1s del otro. Dijo que a 14 a\u00f1os de su creaci\u00f3n, la Escuela ha demostrado pasi\u00f3n por sus alumnos, que no ser\u00e1 la excepci\u00f3n en esta ocasi\u00f3n.Tras la ceremonia protocolaria, dieron inicio conferencias y talleres.<\/span><\/p><p><br \/><br \/><\/p>\t\t\t\t\t\t<\/div>\n\t\t\t\t<\/div>\n\t\t\t\t\t<\/div>\n\t\t<\/div>\n\t\t\t\t\t<\/div>\n\t\t<\/section>\n\t\t\t\t<section class=\"elementor-section elementor-top-section elementor-element elementor-element-39c48014 elementor-section-boxed elementor-section-height-default elementor-section-height-default\" data-id=\"39c48014\" data-element_type=\"section\">\n\t\t\t\t\t\t<div class=\"elementor-container elementor-column-gap-default\">\n\t\t\t\t\t<div class=\"elementor-column elementor-col-100 elementor-top-column elementor-element elementor-element-18ca51e8\" data-id=\"18ca51e8\" data-element_type=\"column\">\n\t\t\t<div class=\"elementor-widget-wrap elementor-element-populated\">\n\t\t\t\t\t\t<div class=\"elementor-element elementor-element-3c786457 elementor-widget elementor-widget-gallery\" data-id=\"3c786457\" data-element_type=\"widget\" data-settings=\"{&quot;gallery_layout&quot;:&quot;justified&quot;,&quot;lazyload&quot;:&quot;yes&quot;,&quot;ideal_row_height&quot;:{&quot;unit&quot;:&quot;px&quot;,&quot;size&quot;:200,&quot;sizes&quot;:[]},&quot;ideal_row_height_tablet&quot;:{&quot;unit&quot;:&quot;px&quot;,&quot;size&quot;:150,&quot;sizes&quot;:[]},&quot;ideal_row_height_mobile&quot;:{&quot;unit&quot;:&quot;px&quot;,&quot;size&quot;:150,&quot;sizes&quot;:[]},&quot;gap&quot;:{&quot;unit&quot;:&quot;px&quot;,&quot;size&quot;:10,&quot;sizes&quot;:[]},&quot;gap_tablet&quot;:{&quot;unit&quot;:&quot;px&quot;,&quot;size&quot;:10,&quot;sizes&quot;:[]},&quot;gap_mobile&quot;:{&quot;unit&quot;:&quot;px&quot;,&quot;size&quot;:10,&quot;sizes&quot;:[]},&quot;link_to&quot;:&quot;file&quot;,&quot;overlay_background&quot;:&quot;yes&quot;,&quot;content_hover_animation&quot;:&quot;fade-in&quot;}\" data-widget_type=\"gallery.default\">\n\t\t\t\t<div class=\"elementor-widget-container\">\n\t\t\t\t\t<div class=\"elementor-gallery__container\">\n\t\t\t\t\t\t\t<a class=\"e-gallery-item elementor-gallery-item elementor-animated-content\" href=\"https:\/\/transformarqroo.com\/wp-content\/uploads\/2024\/06\/GOB-02_05_241.jpg\" data-elementor-open-lightbox=\"yes\" data-elementor-lightbox-slideshow=\"3c786457\" data-elementor-lightbox-title=\"GOB 02_05_24(1)\" data-e-action-hash=\"#elementor-action%3Aaction%3Dlightbox%26settings%3DeyJpZCI6MzQzNDQsInVybCI6Imh0dHBzOlwvXC90cmFuc2Zvcm1hcnFyb28uY29tXC93cC1jb250ZW50XC91cGxvYWRzXC8yMDI0XC8wNlwvR09CLTAyXzA1XzI0MS5qcGciLCJzbGlkZXNob3ciOiIzYzc4NjQ1NyJ9\">\n\t\t\t\t\t<div class=\"e-gallery-image elementor-gallery-item__image\" data-thumbnail=\"https:\/\/transformarqroo.com\/wp-content\/uploads\/2024\/06\/GOB-02_05_241.jpg\" data-width=\"1600\" data-height=\"884\" aria-label=\"\" role=\"img\" ><\/div>\n\t\t\t\t\t\t\t\t\t\t\t<div class=\"elementor-gallery-item__overlay\"><\/div>\n\t\t\t\t\t\t\t\t\t\t\t\t\t\t<\/a>\n\t\t\t\t\t\t\t<a class=\"e-gallery-item elementor-gallery-item elementor-animated-content\" href=\"https:\/\/transformarqroo.com\/wp-content\/uploads\/2024\/06\/GOB-02_05_242.jpg\" data-elementor-open-lightbox=\"yes\" data-elementor-lightbox-slideshow=\"3c786457\" data-elementor-lightbox-title=\"GOB 02_05_24(2)\" data-e-action-hash=\"#elementor-action%3Aaction%3Dlightbox%26settings%3DeyJpZCI6MzQzNDUsInVybCI6Imh0dHBzOlwvXC90cmFuc2Zvcm1hcnFyb28uY29tXC93cC1jb250ZW50XC91cGxvYWRzXC8yMDI0XC8wNlwvR09CLTAyXzA1XzI0Mi5qcGciLCJzbGlkZXNob3ciOiIzYzc4NjQ1NyJ9\">\n\t\t\t\t\t<div class=\"e-gallery-image elementor-gallery-item__image\" data-thumbnail=\"https:\/\/transformarqroo.com\/wp-content\/uploads\/2024\/06\/GOB-02_05_242.jpg\" data-width=\"1600\" data-height=\"1066\" aria-label=\"\" role=\"img\" ><\/div>\n\t\t\t\t\t\t\t\t\t\t\t<div class=\"elementor-gallery-item__overlay\"><\/div>\n\t\t\t\t\t\t\t\t\t\t\t\t\t\t<\/a>\n\t\t\t\t\t\t\t<a class=\"e-gallery-item elementor-gallery-item elementor-animated-content\" href=\"https:\/\/transformarqroo.com\/wp-content\/uploads\/2024\/06\/GOB-02_05_24.jpg\" data-elementor-open-lightbox=\"yes\" data-elementor-lightbox-slideshow=\"3c786457\" data-elementor-lightbox-title=\"GOB 02_05_24\" data-e-action-hash=\"#elementor-action%3Aaction%3Dlightbox%26settings%3DeyJpZCI6MzQzNDYsInVybCI6Imh0dHBzOlwvXC90cmFuc2Zvcm1hcnFyb28uY29tXC93cC1jb250ZW50XC91cGxvYWRzXC8yMDI0XC8wNlwvR09CLTAyXzA1XzI0LmpwZyIsInNsaWRlc2hvdyI6IjNjNzg2NDU3In0%3D\">\n\t\t\t\t\t<div class=\"e-gallery-image elementor-gallery-item__image\" data-thumbnail=\"https:\/\/transformarqroo.com\/wp-content\/uploads\/2024\/06\/GOB-02_05_24.jpg\" data-width=\"1600\" data-height=\"1066\" aria-label=\"\" role=\"img\" ><\/div>\n\t\t\t\t\t\t\t\t\t\t\t<div class=\"elementor-gallery-item__overlay\"><\/div>\n\t\t\t\t\t\t\t\t\t\t\t\t\t\t<\/a>\n\t\t\t\t\t<\/div>\n\t\t\t<\/div>\n\t\t\t\t<\/div>\n\t\t\t\t\t<\/div>\n\t\t<\/div>\n\t\t\t\t\t<\/div>\n\t\t<\/section>\n\t\t\t\t<\/div>\n\t\t","protected":false},"excerpt":{"rendered":"<p>La gobernadora Mara Lezama destac\u00f3 la importancia de reflexionar para dise\u00f1ar un futuro m\u00e1s pr\u00f3spero a las futuras generaciones.<\/p>\n","protected":false},"author":1,"featured_media":34346,"comment_status":"closed","ping_status":"closed","sticky":false,"template":"","format":"standard","meta":{"_FSMCFIC_featured_image_caption":"","_FSMCFIC_featured_image_nocaption":"","_FSMCFIC_featured_image_hide":"1","footnotes":""},"categories":[38,32],"tags":[12],"class_list":["post-34343","post","type-post","status-publish","format-standard","has-post-thumbnail","hentry","category-gobierno-del-estado","category-municipios","tag-mara-lezama"],"aioseo_notices":[],"_links":{"self":[{"href":"https:\/\/transformarqroo.com\/index.php\/wp-json\/wp\/v2\/posts\/34343","targetHints":{"allow":["GET"]}}],"collection":[{"href":"https:\/\/transformarqroo.com\/index.php\/wp-json\/wp\/v2\/posts"}],"about":[{"href":"https:\/\/transformarqroo.com\/index.php\/wp-json\/wp\/v2\/types\/post"}],"author":[{"embeddable":true,"href":"https:\/\/transformarqroo.com\/index.php\/wp-json\/wp\/v2\/users\/1"}],"replies":[{"embeddable":true,"href":"https:\/\/transformarqroo.com\/index.php\/wp-json\/wp\/v2\/comments?post=34343"}],"version-history":[{"count":4,"href":"https:\/\/transformarqroo.com\/index.php\/wp-json\/wp\/v2\/posts\/34343\/revisions"}],"predecessor-version":[{"id":34350,"href":"https:\/\/transformarqroo.com\/index.php\/wp-json\/wp\/v2\/posts\/34343\/revisions\/34350"}],"wp:featuredmedia":[{"embeddable":true,"href":"https:\/\/transformarqroo.com\/index.php\/wp-json\/wp\/v2\/media\/34346"}],"wp:attachment":[{"href":"https:\/\/transformarqroo.com\/index.php\/wp-json\/wp\/v2\/media?parent=34343"}],"wp:term":[{"taxonomy":"category","embeddable":true,"href":"https:\/\/transformarqroo.com\/index.php\/wp-json\/wp\/v2\/categories?post=34343"},{"taxonomy":"post_tag","embeddable":true,"href":"https:\/\/transformarqroo.com\/index.php\/wp-json\/wp\/v2\/tags?post=34343"}],"curies":[{"name":"wp","href":"https:\/\/api.w.org\/{rel}","templated":true}]}}