{"id":36474,"date":"2024-10-20T23:13:20","date_gmt":"2024-10-21T04:13:20","guid":{"rendered":"https:\/\/transformarqroo.com\/?p=36474"},"modified":"2024-10-27T23:51:25","modified_gmt":"2024-10-28T04:51:25","slug":"myriam-montemayor-y-kika-edgar-engalanaran-la-noche-de-animas-en-isla-mujeres","status":"publish","type":"post","link":"https:\/\/transformarqroo.com\/index.php\/2024\/10\/20\/myriam-montemayor-y-kika-edgar-engalanaran-la-noche-de-animas-en-isla-mujeres\/","title":{"rendered":"MYRIAM MONTEMAYOR Y KIKA EDGAR ENGALANAR\u00c1N LA NOCHE DE \u00c1NIMAS EN ISLA MUJERES"},"content":{"rendered":"\t\t<div data-elementor-type=\"wp-post\" data-elementor-id=\"36474\" class=\"elementor elementor-36474\" data-elementor-post-type=\"post\">\n\t\t\t\t\t\t<section class=\"elementor-section elementor-top-section elementor-element elementor-element-63302a42 elementor-section-boxed elementor-section-height-default elementor-section-height-default\" data-id=\"63302a42\" data-element_type=\"section\">\n\t\t\t\t\t\t<div class=\"elementor-container elementor-column-gap-default\">\n\t\t\t\t\t<div class=\"elementor-column elementor-col-100 elementor-top-column elementor-element elementor-element-2dfbfa54\" data-id=\"2dfbfa54\" data-element_type=\"column\">\n\t\t\t<div class=\"elementor-widget-wrap elementor-element-populated\">\n\t\t\t\t\t\t<div class=\"elementor-element elementor-element-174f5e48 elementor-widget elementor-widget-premium-addon-banner\" data-id=\"174f5e48\" data-element_type=\"widget\" data-widget_type=\"premium-addon-banner.default\">\n\t\t\t\t<div class=\"elementor-widget-container\">\n\t\t\t\t\t<div class=\"premium-banner-ib premium-banner-min-height premium-banner-animation7 none\">\r\n\t\t\t\t\t\t\t<div class=\"premium-banner-border\">\r\n\t\t\t\t\t<div class=\"premium-banner-br premium-banner-bleft premium-banner-brlr\"><\/div>\r\n\t\t\t\t\t<div class=\"premium-banner-br premium-banner-bright premium-banner-brlr\"><\/div>\r\n\t\t\t\t\t<div class=\"premium-banner-br premium-banner-btop premium-banner-brtb\"><\/div>\r\n\t\t\t\t\t<div class=\"premium-banner-br premium-banner-bottom premium-banner-brtb\"><\/div>\r\n\t\t\t\t<\/div>\r\n\t\t\t\t\t\t\t\t\t\t\t\t\t\t\t<img fetchpriority=\"high\" decoding=\"async\" width=\"1600\" height=\"1264\" src=\"https:\/\/transformarqroo.com\/wp-content\/uploads\/2024\/10\/20_10_24.jpg\" class=\"attachment-full size-full wp-image-36506\" alt=\"\" srcset=\"https:\/\/transformarqroo.com\/wp-content\/uploads\/2024\/10\/20_10_24.jpg 1600w, https:\/\/transformarqroo.com\/wp-content\/uploads\/2024\/10\/20_10_24-300x237.jpg 300w, https:\/\/transformarqroo.com\/wp-content\/uploads\/2024\/10\/20_10_24-1024x809.jpg 1024w, https:\/\/transformarqroo.com\/wp-content\/uploads\/2024\/10\/20_10_24-768x607.jpg 768w, https:\/\/transformarqroo.com\/wp-content\/uploads\/2024\/10\/20_10_24-1536x1213.jpg 1536w\" sizes=\"(max-width: 1600px) 100vw, 1600px\" \/>\t\t\t\t\t\t\t\t\t\t<div class=\"premium-banner-ib-desc\">\r\n\t\t\t\t\t\t\t\t\t<div class=\"premium-banner-desc-centered\">\r\n\t\t\t\t\t\t\t\t\t<h3 class=\"premium-banner-ib-title premium_banner_title\"><\/h3>\t\t\t\t\t\t\t\t\t\t\t\t\t<\/div>\r\n\t\t\t\t\t\t\t<\/div>\r\n\t\t\t\t\t<\/div>\r\n\t\t\t\t\t\t<\/div>\n\t\t\t\t<\/div>\n\t\t\t\t\t<\/div>\n\t\t<\/div>\n\t\t\t\t\t<\/div>\n\t\t<\/section>\n\t\t\t\t<section class=\"elementor-section elementor-top-section elementor-element elementor-element-65219618 elementor-section-boxed elementor-section-height-default elementor-section-height-default\" data-id=\"65219618\" data-element_type=\"section\" data-settings=\"{&quot;background_background&quot;:&quot;classic&quot;}\">\n\t\t\t\t\t\t<div class=\"elementor-container elementor-column-gap-default\">\n\t\t\t\t\t<div class=\"elementor-column elementor-col-100 elementor-top-column elementor-element elementor-element-3a00f24a\" data-id=\"3a00f24a\" data-element_type=\"column\">\n\t\t\t<div class=\"elementor-widget-wrap elementor-element-populated\">\n\t\t\t\t\t\t<div class=\"elementor-element elementor-element-5fc8eae4 premium-title-icon-row premium-title-color elementor-widget elementor-widget-premium-addon-title\" data-id=\"5fc8eae4\" data-element_type=\"widget\" data-widget_type=\"premium-addon-title.default\">\n\t\t\t\t<div class=\"elementor-widget-container\">\n\t\t\t\r\n\t\t<div class=\"premium-title-container style2\">\r\n\t\t\t<h5 class=\"premium-title-header premium-title-style2\">\r\n\t\t\t\t\r\n\t\t\t\t\t\t\t\t\t\t\t\t\t\t\t<div class=\"premium-title-icon premium-lottie-animation\" data-lottie-url=\"https:\/\/assets8.lottiefiles.com\/packages\/lf20_pcfclxy8.json\" data-lottie-loop=\"true\" data-lottie-reverse=\"\"><\/div>\r\n\t\t\t\t\t\t\t\t\t\r\n\t\t\t\t\t\t\t\t\t\t\t\t<span class=\"premium-title-text\" >\r\n\t\t\t\t\t\t\t\t\t<\/span>\r\n\t\t\t\t\t\r\n\t\t\t\t\t\t\t\t\t\t\t<\/h5>\r\n\t\t<\/div>\r\n\r\n\t\t\t\t<\/div>\n\t\t\t\t<\/div>\n\t\t\t\t\t<\/div>\n\t\t<\/div>\n\t\t\t\t\t<\/div>\n\t\t<\/section>\n\t\t\t\t<section class=\"elementor-section elementor-top-section elementor-element elementor-element-3653d6b2 elementor-section-boxed elementor-section-height-default elementor-section-height-default\" data-id=\"3653d6b2\" data-element_type=\"section\">\n\t\t\t\t\t\t<div class=\"elementor-container elementor-column-gap-default\">\n\t\t\t\t\t<div class=\"elementor-column elementor-col-100 elementor-top-column elementor-element elementor-element-30a7a10\" data-id=\"30a7a10\" data-element_type=\"column\">\n\t\t\t<div class=\"elementor-widget-wrap elementor-element-populated\">\n\t\t\t\t\t\t<div class=\"elementor-element elementor-element-117b9e20 elementor-widget elementor-widget-text-editor\" data-id=\"117b9e20\" data-element_type=\"widget\" data-widget_type=\"text-editor.default\">\n\t\t\t\t<div class=\"elementor-widget-container\">\n\t\t\t\t\t\t\t<p><span style=\"font-weight: 400;\">Isla Mujeres, Quintana Roo, 20 de octubre de 2024.- El Gobierno Municipal de Isla Mujeres, que encabeza Atenea G\u00f3mez Ricalde, a trav\u00e9s de la Direcci\u00f3n de Cultura, anunci\u00f3 que Myriam Montemayor y Kika Edgar, ser\u00e1n las encargadas de cerrar con broche de oro la cuarta edici\u00f3n del Festival Luz y Vida \u201cEntre Vivos y Muertos\u201d.\u00a0<\/span><\/p><p>\u00a0<\/p><p><span style=\"font-weight: 400;\">Las int\u00e9rpretes deleitar\u00e1n a las y los asistentes en la gran Noche de \u00c1nimas en la Explanada Municipal a las 21:30 horas, uniendo sus grandes voces y talentos para ofrecer un show lleno de emociones.\u00a0<\/span><\/p><p>\u00a0<\/p><p><span style=\"font-weight: 400;\">Cabe mencionar, que para este s\u00e1bado 02 de noviembre en la \u201cNoche de las Animas\u201d, se realizar\u00e1 tambi\u00e9n el desfile \u201cCaminando con las \u00c1nimas\u201d a las 18:30 horas, iniciando desde el Pante\u00f3n Municipal del Centro; habr\u00e1 Concurso de Catrinas y presentaci\u00f3n de bailables.<\/span><\/p><p>\u00a0<\/p><p><span style=\"font-weight: 400;\">El Gobierno Municipal reafirma su compromiso de mantener vivas las tradiciones y de ofrecer a las familias isle\u00f1as y visitantes, experiencias \u00fanicas que celebren la rica herencia cultural de M\u00e9xico.<\/span><\/p>\t\t\t\t\t\t<\/div>\n\t\t\t\t<\/div>\n\t\t\t\t\t<\/div>\n\t\t<\/div>\n\t\t\t\t\t<\/div>\n\t\t<\/section>\n\t\t\t\t<section class=\"elementor-section elementor-top-section elementor-element elementor-element-5c1b6852 elementor-section-boxed elementor-section-height-default elementor-section-height-default\" data-id=\"5c1b6852\" data-element_type=\"section\">\n\t\t\t\t\t\t<div class=\"elementor-container elementor-column-gap-default\">\n\t\t\t\t\t<div class=\"elementor-column elementor-col-100 elementor-top-column elementor-element elementor-element-65f8c9a4\" data-id=\"65f8c9a4\" data-element_type=\"column\">\n\t\t\t<div class=\"elementor-widget-wrap elementor-element-populated\">\n\t\t\t\t\t\t<div class=\"elementor-element elementor-element-3c75d1db elementor-widget elementor-widget-gallery\" data-id=\"3c75d1db\" data-element_type=\"widget\" data-settings=\"{&quot;gallery_layout&quot;:&quot;justified&quot;,&quot;lazyload&quot;:&quot;yes&quot;,&quot;ideal_row_height&quot;:{&quot;unit&quot;:&quot;px&quot;,&quot;size&quot;:200,&quot;sizes&quot;:[]},&quot;ideal_row_height_tablet&quot;:{&quot;unit&quot;:&quot;px&quot;,&quot;size&quot;:150,&quot;sizes&quot;:[]},&quot;ideal_row_height_mobile&quot;:{&quot;unit&quot;:&quot;px&quot;,&quot;size&quot;:150,&quot;sizes&quot;:[]},&quot;gap&quot;:{&quot;unit&quot;:&quot;px&quot;,&quot;size&quot;:10,&quot;sizes&quot;:[]},&quot;gap_tablet&quot;:{&quot;unit&quot;:&quot;px&quot;,&quot;size&quot;:10,&quot;sizes&quot;:[]},&quot;gap_mobile&quot;:{&quot;unit&quot;:&quot;px&quot;,&quot;size&quot;:10,&quot;sizes&quot;:[]},&quot;link_to&quot;:&quot;file&quot;,&quot;overlay_background&quot;:&quot;yes&quot;,&quot;content_hover_animation&quot;:&quot;fade-in&quot;}\" data-widget_type=\"gallery.default\">\n\t\t\t\t<div class=\"elementor-widget-container\">\n\t\t\t\t\t<div class=\"elementor-gallery__container\">\n\t\t\t\t\t\t\t<a class=\"e-gallery-item elementor-gallery-item elementor-animated-content\" href=\"https:\/\/transformarqroo.com\/wp-content\/uploads\/2024\/10\/20_10_24.jpg\" data-elementor-open-lightbox=\"yes\" data-elementor-lightbox-slideshow=\"3c75d1db\" data-elementor-lightbox-title=\"20_10_24\" data-e-action-hash=\"#elementor-action%3Aaction%3Dlightbox%26settings%3DeyJpZCI6MzY1MDYsInVybCI6Imh0dHBzOlwvXC90cmFuc2Zvcm1hcnFyb28uY29tXC93cC1jb250ZW50XC91cGxvYWRzXC8yMDI0XC8xMFwvMjBfMTBfMjQuanBnIiwic2xpZGVzaG93IjoiM2M3NWQxZGIifQ%3D%3D\">\n\t\t\t\t\t<div class=\"e-gallery-image elementor-gallery-item__image\" data-thumbnail=\"https:\/\/transformarqroo.com\/wp-content\/uploads\/2024\/10\/20_10_24.jpg\" data-width=\"1600\" data-height=\"1264\" aria-label=\"\" role=\"img\" ><\/div>\n\t\t\t\t\t\t\t\t\t\t\t<div class=\"elementor-gallery-item__overlay\"><\/div>\n\t\t\t\t\t\t\t\t\t\t\t\t\t\t<\/a>\n\t\t\t\t\t<\/div>\n\t\t\t<\/div>\n\t\t\t\t<\/div>\n\t\t\t\t\t<\/div>\n\t\t<\/div>\n\t\t\t\t\t<\/div>\n\t\t<\/section>\n\t\t\t\t<\/div>\n\t\t","protected":false},"excerpt":{"rendered":"<p>Isla Mujeres, Quintana Roo, 20 de octubre de 2024.- El Gobierno Municipal de Isla Mujeres, que encabeza Atenea G\u00f3mez Ricalde, a trav\u00e9s de la Direcci\u00f3n de Cultura, anunci\u00f3 que Myriam Montemayor y Kika Edgar, ser\u00e1n las encargadas de cerrar con broche de oro la cuarta edici\u00f3n del Festival Luz y Vida \u201cEntre Vivos y Muertos\u201d.\u00a0 [&hellip;]<\/p>\n","protected":false},"author":1,"featured_media":36506,"comment_status":"closed","ping_status":"closed","sticky":false,"template":"","format":"standard","meta":{"_FSMCFIC_featured_image_caption":"","_FSMCFIC_featured_image_nocaption":"","_FSMCFIC_featured_image_hide":"","footnotes":""},"categories":[32,21],"tags":[],"class_list":["post-36474","post","type-post","status-publish","format-standard","has-post-thumbnail","hentry","category-municipios","category-benito-juarez"],"aioseo_notices":[],"_links":{"self":[{"href":"https:\/\/transformarqroo.com\/index.php\/wp-json\/wp\/v2\/posts\/36474","targetHints":{"allow":["GET"]}}],"collection":[{"href":"https:\/\/transformarqroo.com\/index.php\/wp-json\/wp\/v2\/posts"}],"about":[{"href":"https:\/\/transformarqroo.com\/index.php\/wp-json\/wp\/v2\/types\/post"}],"author":[{"embeddable":true,"href":"https:\/\/transformarqroo.com\/index.php\/wp-json\/wp\/v2\/users\/1"}],"replies":[{"embeddable":true,"href":"https:\/\/transformarqroo.com\/index.php\/wp-json\/wp\/v2\/comments?post=36474"}],"version-history":[{"count":4,"href":"https:\/\/transformarqroo.com\/index.php\/wp-json\/wp\/v2\/posts\/36474\/revisions"}],"predecessor-version":[{"id":36510,"href":"https:\/\/transformarqroo.com\/index.php\/wp-json\/wp\/v2\/posts\/36474\/revisions\/36510"}],"wp:featuredmedia":[{"embeddable":true,"href":"https:\/\/transformarqroo.com\/index.php\/wp-json\/wp\/v2\/media\/36506"}],"wp:attachment":[{"href":"https:\/\/transformarqroo.com\/index.php\/wp-json\/wp\/v2\/media?parent=36474"}],"wp:term":[{"taxonomy":"category","embeddable":true,"href":"https:\/\/transformarqroo.com\/index.php\/wp-json\/wp\/v2\/categories?post=36474"},{"taxonomy":"post_tag","embeddable":true,"href":"https:\/\/transformarqroo.com\/index.php\/wp-json\/wp\/v2\/tags?post=36474"}],"curies":[{"name":"wp","href":"https:\/\/api.w.org\/{rel}","templated":true}]}}