{"id":39176,"date":"2025-04-15T09:17:28","date_gmt":"2025-04-15T14:17:28","guid":{"rendered":"https:\/\/transformarqroo.com\/?p=39176"},"modified":"2025-04-16T09:20:59","modified_gmt":"2025-04-16T14:20:59","slug":"gobierno-de-playa-del-carmen-conmemora-el-174-aniversario-luctuoso-de-don-andres-quintana-roo","status":"publish","type":"post","link":"https:\/\/transformarqroo.com\/index.php\/2025\/04\/15\/gobierno-de-playa-del-carmen-conmemora-el-174-aniversario-luctuoso-de-don-andres-quintana-roo\/","title":{"rendered":"GOBIERNO DE PLAYA DEL CARMEN CONMEMORA EL 174 ANIVERSARIO LUCTUOSO DE DON ANDR\u00c9S QUINTANA ROO"},"content":{"rendered":"\t\t<div data-elementor-type=\"wp-post\" data-elementor-id=\"39176\" class=\"elementor elementor-39176\" data-elementor-post-type=\"post\">\n\t\t\t\t\t\t<section class=\"elementor-section elementor-top-section elementor-element elementor-element-4550cbf4 elementor-section-boxed elementor-section-height-default elementor-section-height-default\" data-id=\"4550cbf4\" data-element_type=\"section\">\n\t\t\t\t\t\t<div class=\"elementor-container elementor-column-gap-default\">\n\t\t\t\t\t<div class=\"elementor-column elementor-col-100 elementor-top-column elementor-element elementor-element-7ba22fac\" data-id=\"7ba22fac\" data-element_type=\"column\">\n\t\t\t<div class=\"elementor-widget-wrap elementor-element-populated\">\n\t\t\t\t\t\t<div class=\"elementor-element elementor-element-40f25984 elementor-widget elementor-widget-premium-addon-banner\" data-id=\"40f25984\" data-element_type=\"widget\" data-widget_type=\"premium-addon-banner.default\">\n\t\t\t\t<div class=\"elementor-widget-container\">\n\t\t\t\t\t<div class=\"premium-banner-ib premium-banner-min-height premium-banner-animation7 none\">\r\n\t\t\t\t\t\t\t<div class=\"premium-banner-border\">\r\n\t\t\t\t\t<div class=\"premium-banner-br premium-banner-bleft premium-banner-brlr\"><\/div>\r\n\t\t\t\t\t<div class=\"premium-banner-br premium-banner-bright premium-banner-brlr\"><\/div>\r\n\t\t\t\t\t<div class=\"premium-banner-br premium-banner-btop premium-banner-brtb\"><\/div>\r\n\t\t\t\t\t<div class=\"premium-banner-br premium-banner-bottom premium-banner-brtb\"><\/div>\r\n\t\t\t\t<\/div>\r\n\t\t\t\t\t\t\t\t\t\t\t\t\t\t\t<img fetchpriority=\"high\" decoding=\"async\" width=\"1367\" height=\"1020\" src=\"https:\/\/transformarqroo.com\/wp-content\/uploads\/2025\/04\/PLAYA-15_ABRIL.jpg\" class=\"attachment-full size-full wp-image-39186\" alt=\"\" srcset=\"https:\/\/transformarqroo.com\/wp-content\/uploads\/2025\/04\/PLAYA-15_ABRIL.jpg 1367w, https:\/\/transformarqroo.com\/wp-content\/uploads\/2025\/04\/PLAYA-15_ABRIL-300x224.jpg 300w, https:\/\/transformarqroo.com\/wp-content\/uploads\/2025\/04\/PLAYA-15_ABRIL-1024x764.jpg 1024w, https:\/\/transformarqroo.com\/wp-content\/uploads\/2025\/04\/PLAYA-15_ABRIL-768x573.jpg 768w\" sizes=\"(max-width: 1367px) 100vw, 1367px\" \/>\t\t\t\t\t\t\t\t\t\t<div class=\"premium-banner-ib-desc\">\r\n\t\t\t\t\t\t\t\t\t<div class=\"premium-banner-desc-centered\">\r\n\t\t\t\t\t\t\t\t\t<h3 class=\"premium-banner-ib-title premium_banner_title\"><\/h3>\t\t\t\t\t\t\t\t\t\t\t\t\t<\/div>\r\n\t\t\t\t\t\t\t<\/div>\r\n\t\t\t\t\t<\/div>\r\n\t\t\t\t\t\t<\/div>\n\t\t\t\t<\/div>\n\t\t\t\t\t<\/div>\n\t\t<\/div>\n\t\t\t\t\t<\/div>\n\t\t<\/section>\n\t\t\t\t<section class=\"elementor-section elementor-top-section elementor-element elementor-element-74a5451f elementor-section-boxed elementor-section-height-default elementor-section-height-default\" data-id=\"74a5451f\" data-element_type=\"section\" data-settings=\"{&quot;background_background&quot;:&quot;classic&quot;}\">\n\t\t\t\t\t\t<div class=\"elementor-container elementor-column-gap-default\">\n\t\t\t\t\t<div class=\"elementor-column elementor-col-100 elementor-top-column elementor-element elementor-element-627df299\" data-id=\"627df299\" data-element_type=\"column\">\n\t\t\t<div class=\"elementor-widget-wrap elementor-element-populated\">\n\t\t\t\t\t\t<div class=\"elementor-element elementor-element-4eeb50f0 premium-title-icon-row premium-title-color elementor-widget elementor-widget-premium-addon-title\" data-id=\"4eeb50f0\" data-element_type=\"widget\" data-widget_type=\"premium-addon-title.default\">\n\t\t\t\t<div class=\"elementor-widget-container\">\n\t\t\t\r\n\t\t<div class=\"premium-title-container style2\">\r\n\t\t\t<h5 class=\"premium-title-header premium-title-style2\">\r\n\t\t\t\t\r\n\t\t\t\t\t\t\t\t\t\t\t\t\t\t\t<div class=\"premium-title-icon premium-lottie-animation\" data-lottie-url=\"https:\/\/assets8.lottiefiles.com\/packages\/lf20_pcfclxy8.json\" data-lottie-loop=\"true\" data-lottie-reverse=\"\"><\/div>\r\n\t\t\t\t\t\t\t\t\t\r\n\t\t\t\t\t\t\t\t\t\t\t\t<span class=\"premium-title-text\" >\r\n\t\t\t\t\t\t\t\t\t<\/span>\r\n\t\t\t\t\t\r\n\t\t\t\t\t\t\t\t\t\t\t<\/h5>\r\n\t\t<\/div>\r\n\r\n\t\t\t\t<\/div>\n\t\t\t\t<\/div>\n\t\t\t\t\t<\/div>\n\t\t<\/div>\n\t\t\t\t\t<\/div>\n\t\t<\/section>\n\t\t\t\t<section class=\"elementor-section elementor-top-section elementor-element elementor-element-6b7ce558 elementor-section-boxed elementor-section-height-default elementor-section-height-default\" data-id=\"6b7ce558\" data-element_type=\"section\">\n\t\t\t\t\t\t<div class=\"elementor-container elementor-column-gap-default\">\n\t\t\t\t\t<div class=\"elementor-column elementor-col-100 elementor-top-column elementor-element elementor-element-780f6597\" data-id=\"780f6597\" data-element_type=\"column\">\n\t\t\t<div class=\"elementor-widget-wrap elementor-element-populated\">\n\t\t\t\t\t\t<div class=\"elementor-element elementor-element-4c650de1 elementor-widget elementor-widget-text-editor\" data-id=\"4c650de1\" data-element_type=\"widget\" data-widget_type=\"text-editor.default\">\n\t\t\t\t<div class=\"elementor-widget-container\">\n\t\t\t\t\t\t\t<p><span style=\"font-weight: 400;\">Playa del Carmen, Quintana Roo, 15 de abril de 2025.\u2014 En el marco del 174 aniversario luctuoso de Don Andr\u00e9s Quintana Roo, cuya ceremonia c\u00edvica se realiz\u00f3 en la Plaza 28 de Julio, el gobierno de Playa del Carmen refrend\u00f3 su compromiso con la transformaci\u00f3n profunda que vive el pa\u00eds, el estado y el municipio.<\/span><\/p><p>\u00a0<\/p><p><span style=\"font-weight: 400;\">\u201cHoy m\u00e1s que nunca necesitamos mirar hacia nuestra historia para fortalecer el presente y proyectar el futuro. El ejemplo de Don Andr\u00e9s Quintana Roo nos inspira a seguir trabajando con justicia, progreso y dignidad para todos\u201d, dijo el secretario de Salud Municipal, Jos\u00e9 Antonio Uribe Trujillo, orador oficial en la ceremonia en que se record\u00f3 el legado de quien es considerado \u201cun ilustre patriota\u201d.<\/span><\/p><p>\u00a0<\/p><p><span style=\"font-weight: 400;\">\u201cHonrar la memoria de Andr\u00e9s Quintana Roo es tambi\u00e9n refrendar nuestro compromiso con la transformaci\u00f3n profunda que nuestro pa\u00eds vive y que aqu\u00ed, en Playa del Carmen, se construye d\u00eda a d\u00eda con hechos; que este homenaje no s\u00f3lo sea una ceremonia, sino un acto de conciencia de que estamos unidos por la transformaci\u00f3n\u201d, agreg\u00f3 el funcionario.<\/span><\/p><p>\u00a0<\/p><p><span style=\"font-weight: 400;\">Subray\u00f3 que Andr\u00e9s Quintana Roo, el hombre que dio nombre a nuestro Estado y cuyo legado sigue guiando el rumbo de M\u00e9xico y de esta tierra, no s\u00f3lo fue un destacado abogado, pol\u00edtico y escritor, fue un patriota cuya vida estuvo marcada por la lucha por la libertad, la justicia y la soberan\u00eda nacional.<\/span><\/p><p>\u00a0<\/p><p><span style=\"font-weight: 400;\">Andr\u00e9s Quintana Roo particip\u00f3 como diputado en el Congreso de Chilpancingo y contribuy\u00f3 a la redacci\u00f3n del Acta de Independencia en 1821.<\/span><\/p><p>\u00a0<\/p><p><span style=\"font-weight: 400;\">En la ceremonia c\u00edvica se rindieron honores a la Bandera Nacional y se entonaron los himnos a Quintana Roo y Nacional Mexicano.<\/span><\/p><p>\u00a0<\/p><p><span style=\"font-weight: 400;\">En el pres\u00eddium estuvieron Luis Herrera Quiam, secretario general del Ayuntamiento, en representaci\u00f3n de la presidenta municipal Estefan\u00eda Mercado; Guillermo Brahms Gonz\u00e1lez, oficial Mayor; Deyanira Mart\u00ednez Estrada, secretaria de Justicia Social y Participaci\u00f3n Ciudadana, as\u00ed como la regidora Alma Angelina Rodr\u00edguez Medina, presidenta de la Comisi\u00f3n de Desarrollo Familiar y Grupos Vulnerables, entre otros invitados.<\/span><\/p>\t\t\t\t\t\t<\/div>\n\t\t\t\t<\/div>\n\t\t\t\t\t<\/div>\n\t\t<\/div>\n\t\t\t\t\t<\/div>\n\t\t<\/section>\n\t\t\t\t<section class=\"elementor-section elementor-top-section elementor-element elementor-element-1aac5c31 elementor-section-boxed elementor-section-height-default elementor-section-height-default\" data-id=\"1aac5c31\" data-element_type=\"section\">\n\t\t\t\t\t\t<div class=\"elementor-container elementor-column-gap-default\">\n\t\t\t\t\t<div class=\"elementor-column elementor-col-100 elementor-top-column elementor-element elementor-element-2b569810\" data-id=\"2b569810\" data-element_type=\"column\">\n\t\t\t<div class=\"elementor-widget-wrap elementor-element-populated\">\n\t\t\t\t\t\t<div class=\"elementor-element elementor-element-1f08ee0b elementor-widget elementor-widget-gallery\" data-id=\"1f08ee0b\" data-element_type=\"widget\" data-settings=\"{&quot;gallery_layout&quot;:&quot;justified&quot;,&quot;lazyload&quot;:&quot;yes&quot;,&quot;ideal_row_height&quot;:{&quot;unit&quot;:&quot;px&quot;,&quot;size&quot;:200,&quot;sizes&quot;:[]},&quot;ideal_row_height_tablet&quot;:{&quot;unit&quot;:&quot;px&quot;,&quot;size&quot;:150,&quot;sizes&quot;:[]},&quot;ideal_row_height_mobile&quot;:{&quot;unit&quot;:&quot;px&quot;,&quot;size&quot;:150,&quot;sizes&quot;:[]},&quot;gap&quot;:{&quot;unit&quot;:&quot;px&quot;,&quot;size&quot;:10,&quot;sizes&quot;:[]},&quot;gap_tablet&quot;:{&quot;unit&quot;:&quot;px&quot;,&quot;size&quot;:10,&quot;sizes&quot;:[]},&quot;gap_mobile&quot;:{&quot;unit&quot;:&quot;px&quot;,&quot;size&quot;:10,&quot;sizes&quot;:[]},&quot;link_to&quot;:&quot;file&quot;,&quot;overlay_background&quot;:&quot;yes&quot;,&quot;content_hover_animation&quot;:&quot;fade-in&quot;}\" data-widget_type=\"gallery.default\">\n\t\t\t\t<div class=\"elementor-widget-container\">\n\t\t\t\t\t<div class=\"elementor-gallery__container\">\n\t\t\t\t\t\t\t<a class=\"e-gallery-item elementor-gallery-item elementor-animated-content\" href=\"https:\/\/transformarqroo.com\/wp-content\/uploads\/2025\/04\/PLAYA-15_ABRIL1.jpg\" data-elementor-open-lightbox=\"yes\" data-elementor-lightbox-slideshow=\"1f08ee0b\" data-elementor-lightbox-title=\"PLAYA 15_ABRIL(1)\" data-e-action-hash=\"#elementor-action%3Aaction%3Dlightbox%26settings%3DeyJpZCI6MzkxODEsInVybCI6Imh0dHBzOlwvXC90cmFuc2Zvcm1hcnFyb28uY29tXC93cC1jb250ZW50XC91cGxvYWRzXC8yMDI1XC8wNFwvUExBWUEtMTVfQUJSSUwxLmpwZyIsInNsaWRlc2hvdyI6IjFmMDhlZTBiIn0%3D\">\n\t\t\t\t\t<div class=\"e-gallery-image elementor-gallery-item__image\" data-thumbnail=\"https:\/\/transformarqroo.com\/wp-content\/uploads\/2025\/04\/PLAYA-15_ABRIL1.jpg\" data-width=\"1600\" data-height=\"1066\" aria-label=\"\" role=\"img\" ><\/div>\n\t\t\t\t\t\t\t\t\t\t\t<div class=\"elementor-gallery-item__overlay\"><\/div>\n\t\t\t\t\t\t\t\t\t\t\t\t\t\t<\/a>\n\t\t\t\t\t\t\t<a class=\"e-gallery-item elementor-gallery-item elementor-animated-content\" href=\"https:\/\/transformarqroo.com\/wp-content\/uploads\/2025\/04\/PLAYA-15_ABRIL2.jpg\" data-elementor-open-lightbox=\"yes\" data-elementor-lightbox-slideshow=\"1f08ee0b\" data-elementor-lightbox-title=\"PLAYA 15_ABRIL(2)\" data-e-action-hash=\"#elementor-action%3Aaction%3Dlightbox%26settings%3DeyJpZCI6MzkxODIsInVybCI6Imh0dHBzOlwvXC90cmFuc2Zvcm1hcnFyb28uY29tXC93cC1jb250ZW50XC91cGxvYWRzXC8yMDI1XC8wNFwvUExBWUEtMTVfQUJSSUwyLmpwZyIsInNsaWRlc2hvdyI6IjFmMDhlZTBiIn0%3D\">\n\t\t\t\t\t<div class=\"e-gallery-image elementor-gallery-item__image\" data-thumbnail=\"https:\/\/transformarqroo.com\/wp-content\/uploads\/2025\/04\/PLAYA-15_ABRIL2.jpg\" data-width=\"1397\" data-height=\"1080\" aria-label=\"\" role=\"img\" ><\/div>\n\t\t\t\t\t\t\t\t\t\t\t<div class=\"elementor-gallery-item__overlay\"><\/div>\n\t\t\t\t\t\t\t\t\t\t\t\t\t\t<\/a>\n\t\t\t\t\t\t\t<a class=\"e-gallery-item elementor-gallery-item elementor-animated-content\" href=\"https:\/\/transformarqroo.com\/wp-content\/uploads\/2025\/04\/PLAYA-15_ABRIL3.jpg\" data-elementor-open-lightbox=\"yes\" data-elementor-lightbox-slideshow=\"1f08ee0b\" data-elementor-lightbox-title=\"PLAYA 15_ABRIL(3)\" data-e-action-hash=\"#elementor-action%3Aaction%3Dlightbox%26settings%3DeyJpZCI6MzkxODQsInVybCI6Imh0dHBzOlwvXC90cmFuc2Zvcm1hcnFyb28uY29tXC93cC1jb250ZW50XC91cGxvYWRzXC8yMDI1XC8wNFwvUExBWUEtMTVfQUJSSUwzLmpwZyIsInNsaWRlc2hvdyI6IjFmMDhlZTBiIn0%3D\">\n\t\t\t\t\t<div class=\"e-gallery-image elementor-gallery-item__image\" data-thumbnail=\"https:\/\/transformarqroo.com\/wp-content\/uploads\/2025\/04\/PLAYA-15_ABRIL3.jpg\" data-width=\"1600\" data-height=\"1066\" aria-label=\"\" role=\"img\" ><\/div>\n\t\t\t\t\t\t\t\t\t\t\t<div class=\"elementor-gallery-item__overlay\"><\/div>\n\t\t\t\t\t\t\t\t\t\t\t\t\t\t<\/a>\n\t\t\t\t\t\t\t<a class=\"e-gallery-item elementor-gallery-item elementor-animated-content\" href=\"https:\/\/transformarqroo.com\/wp-content\/uploads\/2025\/04\/PLAYA-15_ABRIL4.jpg\" data-elementor-open-lightbox=\"yes\" data-elementor-lightbox-slideshow=\"1f08ee0b\" data-elementor-lightbox-title=\"PLAYA 15_ABRIL(4)\" data-e-action-hash=\"#elementor-action%3Aaction%3Dlightbox%26settings%3DeyJpZCI6MzkxODUsInVybCI6Imh0dHBzOlwvXC90cmFuc2Zvcm1hcnFyb28uY29tXC93cC1jb250ZW50XC91cGxvYWRzXC8yMDI1XC8wNFwvUExBWUEtMTVfQUJSSUw0LmpwZyIsInNsaWRlc2hvdyI6IjFmMDhlZTBiIn0%3D\">\n\t\t\t\t\t<div class=\"e-gallery-image elementor-gallery-item__image\" data-thumbnail=\"https:\/\/transformarqroo.com\/wp-content\/uploads\/2025\/04\/PLAYA-15_ABRIL4.jpg\" data-width=\"1540\" data-height=\"1027\" aria-label=\"\" role=\"img\" ><\/div>\n\t\t\t\t\t\t\t\t\t\t\t<div class=\"elementor-gallery-item__overlay\"><\/div>\n\t\t\t\t\t\t\t\t\t\t\t\t\t\t<\/a>\n\t\t\t\t\t\t\t<a class=\"e-gallery-item elementor-gallery-item elementor-animated-content\" href=\"https:\/\/transformarqroo.com\/wp-content\/uploads\/2025\/04\/PLAYA-15_ABRIL.jpg\" data-elementor-open-lightbox=\"yes\" data-elementor-lightbox-slideshow=\"1f08ee0b\" data-elementor-lightbox-title=\"PLAYA 15_ABRIL\" data-e-action-hash=\"#elementor-action%3Aaction%3Dlightbox%26settings%3DeyJpZCI6MzkxODYsInVybCI6Imh0dHBzOlwvXC90cmFuc2Zvcm1hcnFyb28uY29tXC93cC1jb250ZW50XC91cGxvYWRzXC8yMDI1XC8wNFwvUExBWUEtMTVfQUJSSUwuanBnIiwic2xpZGVzaG93IjoiMWYwOGVlMGIifQ%3D%3D\">\n\t\t\t\t\t<div class=\"e-gallery-image elementor-gallery-item__image\" data-thumbnail=\"https:\/\/transformarqroo.com\/wp-content\/uploads\/2025\/04\/PLAYA-15_ABRIL.jpg\" data-width=\"1367\" data-height=\"1020\" aria-label=\"\" role=\"img\" ><\/div>\n\t\t\t\t\t\t\t\t\t\t\t<div class=\"elementor-gallery-item__overlay\"><\/div>\n\t\t\t\t\t\t\t\t\t\t\t\t\t\t<\/a>\n\t\t\t\t\t<\/div>\n\t\t\t<\/div>\n\t\t\t\t<\/div>\n\t\t\t\t\t<\/div>\n\t\t<\/div>\n\t\t\t\t\t<\/div>\n\t\t<\/section>\n\t\t\t\t<\/div>\n\t\t","protected":false},"excerpt":{"rendered":"<p>Playa del Carmen, Quintana Roo, 15 de abril de 2025.\u2014 En el marco del 174 aniversario luctuoso de Don Andr\u00e9s Quintana Roo, cuya ceremonia c\u00edvica se realiz\u00f3 en la Plaza 28 de Julio, el gobierno de Playa del Carmen refrend\u00f3 su compromiso con la transformaci\u00f3n profunda que vive el pa\u00eds, el estado y el municipio. [&hellip;]<\/p>\n","protected":false},"author":1,"featured_media":39186,"comment_status":"closed","ping_status":"closed","sticky":false,"template":"","format":"standard","meta":{"_FSMCFIC_featured_image_caption":"","_FSMCFIC_featured_image_nocaption":"","_FSMCFIC_featured_image_hide":"","footnotes":""},"categories":[32,30],"tags":[],"class_list":["post-39176","post","type-post","status-publish","format-standard","has-post-thumbnail","hentry","category-municipios","category-solidaridad"],"aioseo_notices":[],"_links":{"self":[{"href":"https:\/\/transformarqroo.com\/index.php\/wp-json\/wp\/v2\/posts\/39176","targetHints":{"allow":["GET"]}}],"collection":[{"href":"https:\/\/transformarqroo.com\/index.php\/wp-json\/wp\/v2\/posts"}],"about":[{"href":"https:\/\/transformarqroo.com\/index.php\/wp-json\/wp\/v2\/types\/post"}],"author":[{"embeddable":true,"href":"https:\/\/transformarqroo.com\/index.php\/wp-json\/wp\/v2\/users\/1"}],"replies":[{"embeddable":true,"href":"https:\/\/transformarqroo.com\/index.php\/wp-json\/wp\/v2\/comments?post=39176"}],"version-history":[{"count":4,"href":"https:\/\/transformarqroo.com\/index.php\/wp-json\/wp\/v2\/posts\/39176\/revisions"}],"predecessor-version":[{"id":39193,"href":"https:\/\/transformarqroo.com\/index.php\/wp-json\/wp\/v2\/posts\/39176\/revisions\/39193"}],"wp:featuredmedia":[{"embeddable":true,"href":"https:\/\/transformarqroo.com\/index.php\/wp-json\/wp\/v2\/media\/39186"}],"wp:attachment":[{"href":"https:\/\/transformarqroo.com\/index.php\/wp-json\/wp\/v2\/media?parent=39176"}],"wp:term":[{"taxonomy":"category","embeddable":true,"href":"https:\/\/transformarqroo.com\/index.php\/wp-json\/wp\/v2\/categories?post=39176"},{"taxonomy":"post_tag","embeddable":true,"href":"https:\/\/transformarqroo.com\/index.php\/wp-json\/wp\/v2\/tags?post=39176"}],"curies":[{"name":"wp","href":"https:\/\/api.w.org\/{rel}","templated":true}]}}