{"id":39812,"date":"2025-05-19T12:35:49","date_gmt":"2025-05-19T17:35:49","guid":{"rendered":"https:\/\/transformarqroo.com\/?p=39812"},"modified":"2025-05-20T12:41:57","modified_gmt":"2025-05-20T17:41:57","slug":"brindan-mara-y-vero-lezama-estancia-humanista-digna-y-feliz-a-residentes-de-la-casa-hogar-de-chetumal","status":"publish","type":"post","link":"https:\/\/transformarqroo.com\/index.php\/2025\/05\/19\/brindan-mara-y-vero-lezama-estancia-humanista-digna-y-feliz-a-residentes-de-la-casa-hogar-de-chetumal\/","title":{"rendered":"BRINDAN MARA Y VERO LEZAMA ESTANCIA HUMANISTA, DIGNA Y FELIZ A RESIDENTES DE LA CASA\u202fHOGAR DE CHETUMAL"},"content":{"rendered":"\t\t<div data-elementor-type=\"wp-post\" data-elementor-id=\"39812\" class=\"elementor elementor-39812\" data-elementor-post-type=\"post\">\n\t\t\t\t\t\t<section class=\"elementor-section elementor-top-section elementor-element elementor-element-4d744604 elementor-section-boxed elementor-section-height-default elementor-section-height-default\" data-id=\"4d744604\" data-element_type=\"section\">\n\t\t\t\t\t\t<div class=\"elementor-container elementor-column-gap-default\">\n\t\t\t\t\t<div class=\"elementor-column elementor-col-100 elementor-top-column elementor-element elementor-element-6ba23928\" data-id=\"6ba23928\" data-element_type=\"column\">\n\t\t\t<div class=\"elementor-widget-wrap elementor-element-populated\">\n\t\t\t\t\t\t<div class=\"elementor-element elementor-element-2d397f36 elementor-widget elementor-widget-premium-addon-banner\" data-id=\"2d397f36\" data-element_type=\"widget\" data-widget_type=\"premium-addon-banner.default\">\n\t\t\t\t<div class=\"elementor-widget-container\">\n\t\t\t\t\t<div class=\"premium-banner-ib premium-banner-min-height premium-banner-animation7 none\">\r\n\t\t\t\t\t\t\t<div class=\"premium-banner-border\">\r\n\t\t\t\t\t<div class=\"premium-banner-br premium-banner-bleft premium-banner-brlr\"><\/div>\r\n\t\t\t\t\t<div class=\"premium-banner-br premium-banner-bright premium-banner-brlr\"><\/div>\r\n\t\t\t\t\t<div class=\"premium-banner-br premium-banner-btop premium-banner-brtb\"><\/div>\r\n\t\t\t\t\t<div class=\"premium-banner-br premium-banner-bottom premium-banner-brtb\"><\/div>\r\n\t\t\t\t<\/div>\r\n\t\t\t\t\t\t\t\t\t\t\t\t\t\t\t<img fetchpriority=\"high\" decoding=\"async\" width=\"2560\" height=\"1707\" src=\"https:\/\/transformarqroo.com\/wp-content\/uploads\/2025\/05\/GOB-19_MAY-scaled.jpg\" class=\"attachment-full size-full wp-image-39825\" alt=\"\" srcset=\"https:\/\/transformarqroo.com\/wp-content\/uploads\/2025\/05\/GOB-19_MAY-scaled.jpg 2560w, https:\/\/transformarqroo.com\/wp-content\/uploads\/2025\/05\/GOB-19_MAY-300x200.jpg 300w, https:\/\/transformarqroo.com\/wp-content\/uploads\/2025\/05\/GOB-19_MAY-1024x683.jpg 1024w, https:\/\/transformarqroo.com\/wp-content\/uploads\/2025\/05\/GOB-19_MAY-768x512.jpg 768w, https:\/\/transformarqroo.com\/wp-content\/uploads\/2025\/05\/GOB-19_MAY-1536x1024.jpg 1536w, https:\/\/transformarqroo.com\/wp-content\/uploads\/2025\/05\/GOB-19_MAY-2048x1366.jpg 2048w\" sizes=\"(max-width: 2560px) 100vw, 2560px\" \/>\t\t\t\t\t\t\t\t\t\t<div class=\"premium-banner-ib-desc\">\r\n\t\t\t\t\t\t\t\t\t<div class=\"premium-banner-desc-centered\">\r\n\t\t\t\t\t\t\t\t\t<h3 class=\"premium-banner-ib-title premium_banner_title\"><\/h3>\t\t\t\t\t\t\t\t\t\t\t\t\t<\/div>\r\n\t\t\t\t\t\t\t<\/div>\r\n\t\t\t\t\t<\/div>\r\n\t\t\t\t\t\t<\/div>\n\t\t\t\t<\/div>\n\t\t\t\t\t<\/div>\n\t\t<\/div>\n\t\t\t\t\t<\/div>\n\t\t<\/section>\n\t\t\t\t<section class=\"elementor-section elementor-top-section elementor-element elementor-element-3bd436b elementor-section-boxed elementor-section-height-default elementor-section-height-default\" data-id=\"3bd436b\" data-element_type=\"section\" data-settings=\"{&quot;background_background&quot;:&quot;classic&quot;}\">\n\t\t\t\t\t\t<div class=\"elementor-container elementor-column-gap-default\">\n\t\t\t\t\t<div class=\"elementor-column elementor-col-100 elementor-top-column elementor-element elementor-element-1c726f0f\" data-id=\"1c726f0f\" data-element_type=\"column\">\n\t\t\t<div class=\"elementor-widget-wrap elementor-element-populated\">\n\t\t\t\t\t\t<div class=\"elementor-element elementor-element-505a30e2 premium-title-icon-row premium-title-color elementor-widget elementor-widget-premium-addon-title\" data-id=\"505a30e2\" data-element_type=\"widget\" data-widget_type=\"premium-addon-title.default\">\n\t\t\t\t<div class=\"elementor-widget-container\">\n\t\t\t\r\n\t\t<div class=\"premium-title-container style2\">\r\n\t\t\t<h5 class=\"premium-title-header premium-title-style2\">\r\n\t\t\t\t\r\n\t\t\t\t\t\t\t\t\t\t\t\t\t\t\t<div class=\"premium-title-icon premium-lottie-animation\" data-lottie-url=\"https:\/\/assets8.lottiefiles.com\/packages\/lf20_pcfclxy8.json\" data-lottie-loop=\"true\" data-lottie-reverse=\"\"><\/div>\r\n\t\t\t\t\t\t\t\t\t\r\n\t\t\t\t\t\t\t\t\t\t\t\t<span class=\"premium-title-text\" >\r\n\t\t\t\t\t\t\t\t\t<\/span>\r\n\t\t\t\t\t\r\n\t\t\t\t\t\t\t\t\t\t\t<\/h5>\r\n\t\t<\/div>\r\n\r\n\t\t\t\t<\/div>\n\t\t\t\t<\/div>\n\t\t\t\t\t<\/div>\n\t\t<\/div>\n\t\t\t\t\t<\/div>\n\t\t<\/section>\n\t\t\t\t<section class=\"elementor-section elementor-top-section elementor-element elementor-element-6c703238 elementor-section-boxed elementor-section-height-default elementor-section-height-default\" data-id=\"6c703238\" data-element_type=\"section\">\n\t\t\t\t\t\t<div class=\"elementor-container elementor-column-gap-default\">\n\t\t\t\t\t<div class=\"elementor-column elementor-col-100 elementor-top-column elementor-element elementor-element-71823ca8\" data-id=\"71823ca8\" data-element_type=\"column\">\n\t\t\t<div class=\"elementor-widget-wrap elementor-element-populated\">\n\t\t\t\t\t\t<div class=\"elementor-element elementor-element-61c7c942 elementor-widget elementor-widget-text-editor\" data-id=\"61c7c942\" data-element_type=\"widget\" data-widget_type=\"text-editor.default\">\n\t\t\t\t<div class=\"elementor-widget-container\">\n\t\t\t\t\t\t\t<p><span style=\"font-weight: 400;\">Chetumal. \u2013 Para darles a los residentes una atenci\u00f3n humanista y digna, la gobernadora Mara Lezama Espinosa y la presidenta honoraria del DIF Quintana Roo, Ver\u00f3nica Lezama Espinosa, encabezaron la ceremonia inaugural de las obras de rehabilitaci\u00f3n, construcci\u00f3n y equipamiento de la Casa Hogar de Personas Mayores en Chetumal.<\/span><\/p><p>\u00a0<\/p><p><span style=\"font-weight: 400;\">Acompa\u00f1adas de autoridades del DIF y de la propia Casa Hogar, Mara y Ver\u00f3nica develaron la placa inaugural y recorrieron las renovadas instalaciones, con inversi\u00f3n total de 23 millones 604 mil pesos, en dos etapas, en las que hoy residen 53 personas mayores, de un total de capacidad para 60 hu\u00e9spedes.<\/span><\/p><p>\u00a0<\/p><p><span style=\"font-weight: 400;\">Entre los residentes, saludaron a don L\u00e1zaro, de 98 a\u00f1os de edad y es el m\u00e1s longevo; Mar\u00eda Morales, de 74 a\u00f1os que fue rescatada durante las lluvias at\u00edpicas de la colonia Pacto Obrero, y do\u00f1a Candelaria, de 74 a\u00f1os, que fue rescatada durante las lluvias at\u00edpicas, pues ella viv\u00eda en la parte baja de Chetumal.<\/span><\/p><p>\u00a0<\/p><p><span style=\"font-weight: 400;\">Las obras incluyeron la rehabilitaci\u00f3n y equipamiento de \u00e1reas m\u00e9dicas, de terapia f\u00edsica, cocina, lavander\u00eda, oficinas y zonas de actividades ocupacionales. Actualmente, las personas mayores disfrutan de espacios confortables como la sala de estar, sal\u00f3n de televisi\u00f3n, \u00e1reas de rehabilitaci\u00f3n y zonas para actividades recreativas y de terapia f\u00edsica.<\/span><\/p><p>\u00a0<\/p><p><span style=\"font-weight: 400;\">Durante la inauguraci\u00f3n, se present\u00f3 un video que evidenci\u00f3 las condiciones cr\u00edticas en las que se encontraba anteriormente la Casa Hogar: abandono, falta de personal, equipamiento deficiente y espacios deteriorados.<\/span><\/p><p>\u00a0<\/p><p><span style=\"font-weight: 400;\">La gobernadora Mara Lezama afirm\u00f3 que hoy se salda una deuda hist\u00f3rica al recordar que en recorrido previo se constat\u00f3 que era complicado caminar por los senderos, lleno de obst\u00e1culos; se dieron cuenta del abandono de la casa en donde viven seres humanos que han pasado su vida, viendo crecer a los hijos, nietos.<\/span><\/p><p>\u00a0<\/p><p><span style=\"font-weight: 400;\">\u201cTienen derecho a vivir con amor, por eso hoy aqu\u00ed, en donde se respira paz, justicia social, estamos devolviendo gratitud a estas abuelitas y abuelitos. Somos un gobierno diferente, humanista con coraz\u00f3n feminista, en el que tenemos claro que el gobierno del pueblo regresa al pueblo. Venimos a decirles que no vamos a descansar, vamos a seguir haciendo justicia social, con el apoyo del equipo del DIF a quien le damos un fuerte aplauso\u201d afirm\u00f3 la gobernadora de Quintana Roo.<\/span><\/p><p>\u00a0<\/p><p><span style=\"font-weight: 400;\">Por su parte la presidenta honoraria del DIF estatal, Ver\u00f3nica Lezama Espinosa destac\u00f3 que las obras inauguradas recuerdan algo importante: que no solo hay que cuidar el cuerpo, sino tambi\u00e9n el alma, y hoy este espacio es para la calma, la memoria, la escucha y sobre todo el afecto.<\/span><\/p><p>\u00a0<\/p><p><span style=\"font-weight: 400;\">\u201cCelebramos con hechos el reconocimiento al valor de la vida en todas sus etapas. Creemos firmemente que nuestras personas mayores merecen vivir con respeto, cuidado y con mucho cari\u00f1o. Esta Casa Hogar es m\u00e1s segura, est\u00e1 m\u00e1s equipada y digna, y cuenta con \u00e1reas de atenci\u00f3n m\u00e9dica, enfermer\u00eda, terap\u00e9utica, lavander\u00eda y espacios donde se puede convivir, descansar y vivir en plenitud\u201d, expres\u00f3 Ver\u00f3nica Lezama.<\/span><\/p><p>\u00a0<\/p><p><span style=\"font-weight: 400;\">La directora del DIF estatal, Abril Sabido Alc\u00e9rreca explic\u00f3 que la Casa Hogar opera las 24 horas del d\u00eda, mediante seis turnos, incluyendo fines de semana y d\u00edas festivos, otorgando servicios de atenci\u00f3n m\u00e9dica, psicol\u00f3gica, trabajo social, enfermer\u00eda, alimentaci\u00f3n balanceada y acompa\u00f1amiento integral.<\/span><\/p><p>\u00a0<\/p><p><span style=\"font-weight: 400;\">Estuvieron en esta inauguraci\u00f3n Monse\u00f1or Pedro Pablo Elizondo, quien hizo una oraci\u00f3n por todos los presentes; el magistrado Heyden Cebada Rivas, presidente del Tribunal Superior de Justicia; el diputado Jorge San\u00e9n Cervantes, presidente de Junta de Gobierno y Coordinaci\u00f3n Pol\u00edtica del Congreso del Estado; la presidenta municipal de Oth\u00f3n P. Blanco, Yensunni Mart\u00ednez Hern\u00e1ndez; la directora general del DIF, Abril Sabido Alc\u00e9rreca, y la subsecretaria de Obras, Keyla Estefan\u00eda Reyes Soto.<\/span><\/p>\t\t\t\t\t\t<\/div>\n\t\t\t\t<\/div>\n\t\t\t\t\t<\/div>\n\t\t<\/div>\n\t\t\t\t\t<\/div>\n\t\t<\/section>\n\t\t\t\t<section class=\"elementor-section elementor-top-section elementor-element elementor-element-294773af elementor-section-boxed elementor-section-height-default elementor-section-height-default\" data-id=\"294773af\" data-element_type=\"section\">\n\t\t\t\t\t\t<div class=\"elementor-container elementor-column-gap-default\">\n\t\t\t\t\t<div class=\"elementor-column elementor-col-100 elementor-top-column elementor-element elementor-element-329adee1\" data-id=\"329adee1\" data-element_type=\"column\">\n\t\t\t<div class=\"elementor-widget-wrap elementor-element-populated\">\n\t\t\t\t\t\t<div class=\"elementor-element elementor-element-19a8613a elementor-widget elementor-widget-gallery\" data-id=\"19a8613a\" data-element_type=\"widget\" data-settings=\"{&quot;gallery_layout&quot;:&quot;justified&quot;,&quot;lazyload&quot;:&quot;yes&quot;,&quot;ideal_row_height&quot;:{&quot;unit&quot;:&quot;px&quot;,&quot;size&quot;:200,&quot;sizes&quot;:[]},&quot;ideal_row_height_tablet&quot;:{&quot;unit&quot;:&quot;px&quot;,&quot;size&quot;:150,&quot;sizes&quot;:[]},&quot;ideal_row_height_mobile&quot;:{&quot;unit&quot;:&quot;px&quot;,&quot;size&quot;:150,&quot;sizes&quot;:[]},&quot;gap&quot;:{&quot;unit&quot;:&quot;px&quot;,&quot;size&quot;:10,&quot;sizes&quot;:[]},&quot;gap_tablet&quot;:{&quot;unit&quot;:&quot;px&quot;,&quot;size&quot;:10,&quot;sizes&quot;:[]},&quot;gap_mobile&quot;:{&quot;unit&quot;:&quot;px&quot;,&quot;size&quot;:10,&quot;sizes&quot;:[]},&quot;link_to&quot;:&quot;file&quot;,&quot;overlay_background&quot;:&quot;yes&quot;,&quot;content_hover_animation&quot;:&quot;fade-in&quot;}\" data-widget_type=\"gallery.default\">\n\t\t\t\t<div class=\"elementor-widget-container\">\n\t\t\t\t\t<div class=\"elementor-gallery__container\">\n\t\t\t\t\t\t\t<a class=\"e-gallery-item elementor-gallery-item elementor-animated-content\" href=\"https:\/\/transformarqroo.com\/wp-content\/uploads\/2025\/05\/GOB-19_MAY1-scaled.jpg\" data-elementor-open-lightbox=\"yes\" data-elementor-lightbox-slideshow=\"19a8613a\" data-elementor-lightbox-title=\"GOB 19_MAY(1)\" data-e-action-hash=\"#elementor-action%3Aaction%3Dlightbox%26settings%3DeyJpZCI6Mzk4MTUsInVybCI6Imh0dHBzOlwvXC90cmFuc2Zvcm1hcnFyb28uY29tXC93cC1jb250ZW50XC91cGxvYWRzXC8yMDI1XC8wNVwvR09CLTE5X01BWTEtc2NhbGVkLmpwZyIsInNsaWRlc2hvdyI6IjE5YTg2MTNhIn0%3D\">\n\t\t\t\t\t<div class=\"e-gallery-image elementor-gallery-item__image\" data-thumbnail=\"https:\/\/transformarqroo.com\/wp-content\/uploads\/2025\/05\/GOB-19_MAY1-scaled.jpg\" data-width=\"2560\" data-height=\"1707\" aria-label=\"\" role=\"img\" ><\/div>\n\t\t\t\t\t\t\t\t\t\t\t<div class=\"elementor-gallery-item__overlay\"><\/div>\n\t\t\t\t\t\t\t\t\t\t\t\t\t\t<\/a>\n\t\t\t\t\t\t\t<a class=\"e-gallery-item elementor-gallery-item elementor-animated-content\" href=\"https:\/\/transformarqroo.com\/wp-content\/uploads\/2025\/05\/GOB-19_MAY2-scaled.jpg\" data-elementor-open-lightbox=\"yes\" data-elementor-lightbox-slideshow=\"19a8613a\" data-elementor-lightbox-title=\"GOB 19_MAY(2)\" data-e-action-hash=\"#elementor-action%3Aaction%3Dlightbox%26settings%3DeyJpZCI6Mzk4MTYsInVybCI6Imh0dHBzOlwvXC90cmFuc2Zvcm1hcnFyb28uY29tXC93cC1jb250ZW50XC91cGxvYWRzXC8yMDI1XC8wNVwvR09CLTE5X01BWTItc2NhbGVkLmpwZyIsInNsaWRlc2hvdyI6IjE5YTg2MTNhIn0%3D\">\n\t\t\t\t\t<div class=\"e-gallery-image elementor-gallery-item__image\" data-thumbnail=\"https:\/\/transformarqroo.com\/wp-content\/uploads\/2025\/05\/GOB-19_MAY2-scaled.jpg\" data-width=\"2560\" data-height=\"1707\" aria-label=\"\" role=\"img\" ><\/div>\n\t\t\t\t\t\t\t\t\t\t\t<div class=\"elementor-gallery-item__overlay\"><\/div>\n\t\t\t\t\t\t\t\t\t\t\t\t\t\t<\/a>\n\t\t\t\t\t\t\t<a class=\"e-gallery-item elementor-gallery-item elementor-animated-content\" href=\"https:\/\/transformarqroo.com\/wp-content\/uploads\/2025\/05\/GOB-19_MAY3-scaled.jpg\" data-elementor-open-lightbox=\"yes\" data-elementor-lightbox-slideshow=\"19a8613a\" data-elementor-lightbox-title=\"GOB 19_MAY(3)\" data-e-action-hash=\"#elementor-action%3Aaction%3Dlightbox%26settings%3DeyJpZCI6Mzk4MTksInVybCI6Imh0dHBzOlwvXC90cmFuc2Zvcm1hcnFyb28uY29tXC93cC1jb250ZW50XC91cGxvYWRzXC8yMDI1XC8wNVwvR09CLTE5X01BWTMtc2NhbGVkLmpwZyIsInNsaWRlc2hvdyI6IjE5YTg2MTNhIn0%3D\">\n\t\t\t\t\t<div class=\"e-gallery-image elementor-gallery-item__image\" data-thumbnail=\"https:\/\/transformarqroo.com\/wp-content\/uploads\/2025\/05\/GOB-19_MAY3-scaled.jpg\" data-width=\"2560\" data-height=\"1707\" aria-label=\"\" role=\"img\" ><\/div>\n\t\t\t\t\t\t\t\t\t\t\t<div class=\"elementor-gallery-item__overlay\"><\/div>\n\t\t\t\t\t\t\t\t\t\t\t\t\t\t<\/a>\n\t\t\t\t\t\t\t<a class=\"e-gallery-item elementor-gallery-item elementor-animated-content\" href=\"https:\/\/transformarqroo.com\/wp-content\/uploads\/2025\/05\/GOB-19_MAY4-scaled.jpg\" data-elementor-open-lightbox=\"yes\" data-elementor-lightbox-slideshow=\"19a8613a\" data-elementor-lightbox-title=\"GOB 19_MAY(4)\" data-e-action-hash=\"#elementor-action%3Aaction%3Dlightbox%26settings%3DeyJpZCI6Mzk4MjIsInVybCI6Imh0dHBzOlwvXC90cmFuc2Zvcm1hcnFyb28uY29tXC93cC1jb250ZW50XC91cGxvYWRzXC8yMDI1XC8wNVwvR09CLTE5X01BWTQtc2NhbGVkLmpwZyIsInNsaWRlc2hvdyI6IjE5YTg2MTNhIn0%3D\">\n\t\t\t\t\t<div class=\"e-gallery-image elementor-gallery-item__image\" data-thumbnail=\"https:\/\/transformarqroo.com\/wp-content\/uploads\/2025\/05\/GOB-19_MAY4-scaled.jpg\" data-width=\"2560\" data-height=\"1707\" aria-label=\"\" role=\"img\" ><\/div>\n\t\t\t\t\t\t\t\t\t\t\t<div class=\"elementor-gallery-item__overlay\"><\/div>\n\t\t\t\t\t\t\t\t\t\t\t\t\t\t<\/a>\n\t\t\t\t\t\t\t<a class=\"e-gallery-item elementor-gallery-item elementor-animated-content\" href=\"https:\/\/transformarqroo.com\/wp-content\/uploads\/2025\/05\/GOB-19_MAY-scaled.jpg\" data-elementor-open-lightbox=\"yes\" data-elementor-lightbox-slideshow=\"19a8613a\" data-elementor-lightbox-title=\"GOB 19_MAY\" data-e-action-hash=\"#elementor-action%3Aaction%3Dlightbox%26settings%3DeyJpZCI6Mzk4MjUsInVybCI6Imh0dHBzOlwvXC90cmFuc2Zvcm1hcnFyb28uY29tXC93cC1jb250ZW50XC91cGxvYWRzXC8yMDI1XC8wNVwvR09CLTE5X01BWS1zY2FsZWQuanBnIiwic2xpZGVzaG93IjoiMTlhODYxM2EifQ%3D%3D\">\n\t\t\t\t\t<div class=\"e-gallery-image elementor-gallery-item__image\" data-thumbnail=\"https:\/\/transformarqroo.com\/wp-content\/uploads\/2025\/05\/GOB-19_MAY-scaled.jpg\" data-width=\"2560\" data-height=\"1707\" aria-label=\"\" role=\"img\" ><\/div>\n\t\t\t\t\t\t\t\t\t\t\t<div class=\"elementor-gallery-item__overlay\"><\/div>\n\t\t\t\t\t\t\t\t\t\t\t\t\t\t<\/a>\n\t\t\t\t\t<\/div>\n\t\t\t<\/div>\n\t\t\t\t<\/div>\n\t\t\t\t\t<\/div>\n\t\t<\/div>\n\t\t\t\t\t<\/div>\n\t\t<\/section>\n\t\t\t\t<\/div>\n\t\t","protected":false},"excerpt":{"rendered":"<p>Chetumal. \u2013 Para darles a los residentes una atenci\u00f3n humanista y digna, la gobernadora Mara Lezama Espinosa y la presidenta honoraria del DIF Quintana Roo, Ver\u00f3nica Lezama Espinosa, encabezaron la ceremonia inaugural de las obras de rehabilitaci\u00f3n, construcci\u00f3n y equipamiento de la Casa Hogar de Personas Mayores en Chetumal. \u00a0 Acompa\u00f1adas de autoridades del DIF [&hellip;]<\/p>\n","protected":false},"author":1,"featured_media":39825,"comment_status":"closed","ping_status":"closed","sticky":false,"template":"","format":"standard","meta":{"_FSMCFIC_featured_image_caption":"","_FSMCFIC_featured_image_nocaption":"","_FSMCFIC_featured_image_hide":"","footnotes":""},"categories":[38,32],"tags":[],"class_list":["post-39812","post","type-post","status-publish","format-standard","has-post-thumbnail","hentry","category-gobierno-del-estado","category-municipios"],"aioseo_notices":[],"_links":{"self":[{"href":"https:\/\/transformarqroo.com\/index.php\/wp-json\/wp\/v2\/posts\/39812","targetHints":{"allow":["GET"]}}],"collection":[{"href":"https:\/\/transformarqroo.com\/index.php\/wp-json\/wp\/v2\/posts"}],"about":[{"href":"https:\/\/transformarqroo.com\/index.php\/wp-json\/wp\/v2\/types\/post"}],"author":[{"embeddable":true,"href":"https:\/\/transformarqroo.com\/index.php\/wp-json\/wp\/v2\/users\/1"}],"replies":[{"embeddable":true,"href":"https:\/\/transformarqroo.com\/index.php\/wp-json\/wp\/v2\/comments?post=39812"}],"version-history":[{"count":4,"href":"https:\/\/transformarqroo.com\/index.php\/wp-json\/wp\/v2\/posts\/39812\/revisions"}],"predecessor-version":[{"id":39850,"href":"https:\/\/transformarqroo.com\/index.php\/wp-json\/wp\/v2\/posts\/39812\/revisions\/39850"}],"wp:featuredmedia":[{"embeddable":true,"href":"https:\/\/transformarqroo.com\/index.php\/wp-json\/wp\/v2\/media\/39825"}],"wp:attachment":[{"href":"https:\/\/transformarqroo.com\/index.php\/wp-json\/wp\/v2\/media?parent=39812"}],"wp:term":[{"taxonomy":"category","embeddable":true,"href":"https:\/\/transformarqroo.com\/index.php\/wp-json\/wp\/v2\/categories?post=39812"},{"taxonomy":"post_tag","embeddable":true,"href":"https:\/\/transformarqroo.com\/index.php\/wp-json\/wp\/v2\/tags?post=39812"}],"curies":[{"name":"wp","href":"https:\/\/api.w.org\/{rel}","templated":true}]}}