{"id":39906,"date":"2025-05-14T14:44:34","date_gmt":"2025-05-14T19:44:34","guid":{"rendered":"https:\/\/transformarqroo.com\/?p=39906"},"modified":"2025-05-20T14:51:11","modified_gmt":"2025-05-20T19:51:11","slug":"atenea-gomez-ricalde-reconoce-legado-de-maestras-y-maestros-jubilados-con-emotiva-convivencia-en-isla-mujeres","status":"publish","type":"post","link":"https:\/\/transformarqroo.com\/index.php\/2025\/05\/14\/atenea-gomez-ricalde-reconoce-legado-de-maestras-y-maestros-jubilados-con-emotiva-convivencia-en-isla-mujeres\/","title":{"rendered":"ATENEA G\u00d3MEZ RICALDE RECONOCE LEGADO DE MAESTRAS Y MAESTROS JUBILADOS CON EMOTIVA CONVIVENCIA EN ISLA MUJERES"},"content":{"rendered":"\t\t<div data-elementor-type=\"wp-post\" data-elementor-id=\"39906\" class=\"elementor elementor-39906\" data-elementor-post-type=\"post\">\n\t\t\t\t\t\t<section class=\"elementor-section elementor-top-section elementor-element elementor-element-6a93e8c5 elementor-section-boxed elementor-section-height-default elementor-section-height-default\" data-id=\"6a93e8c5\" data-element_type=\"section\">\n\t\t\t\t\t\t<div class=\"elementor-container elementor-column-gap-default\">\n\t\t\t\t\t<div class=\"elementor-column elementor-col-100 elementor-top-column elementor-element elementor-element-2cc04602\" data-id=\"2cc04602\" data-element_type=\"column\">\n\t\t\t<div class=\"elementor-widget-wrap elementor-element-populated\">\n\t\t\t\t\t\t<div class=\"elementor-element elementor-element-14bfebdc elementor-widget elementor-widget-premium-addon-banner\" data-id=\"14bfebdc\" data-element_type=\"widget\" data-widget_type=\"premium-addon-banner.default\">\n\t\t\t\t<div class=\"elementor-widget-container\">\n\t\t\t\t\t<div class=\"premium-banner-ib premium-banner-min-height premium-banner-animation7 none\">\r\n\t\t\t\t\t\t\t<div class=\"premium-banner-border\">\r\n\t\t\t\t\t<div class=\"premium-banner-br premium-banner-bleft premium-banner-brlr\"><\/div>\r\n\t\t\t\t\t<div class=\"premium-banner-br premium-banner-bright premium-banner-brlr\"><\/div>\r\n\t\t\t\t\t<div class=\"premium-banner-br premium-banner-btop premium-banner-brtb\"><\/div>\r\n\t\t\t\t\t<div class=\"premium-banner-br premium-banner-bottom premium-banner-brtb\"><\/div>\r\n\t\t\t\t<\/div>\r\n\t\t\t\t\t\t\t\t\t\t\t\t\t\t\t<img fetchpriority=\"high\" decoding=\"async\" width=\"1600\" height=\"1008\" src=\"https:\/\/transformarqroo.com\/wp-content\/uploads\/2025\/05\/Isla-14_MAY.jpg\" class=\"attachment-full size-full wp-image-39917\" alt=\"\" srcset=\"https:\/\/transformarqroo.com\/wp-content\/uploads\/2025\/05\/Isla-14_MAY.jpg 1600w, https:\/\/transformarqroo.com\/wp-content\/uploads\/2025\/05\/Isla-14_MAY-300x189.jpg 300w, https:\/\/transformarqroo.com\/wp-content\/uploads\/2025\/05\/Isla-14_MAY-1024x645.jpg 1024w, https:\/\/transformarqroo.com\/wp-content\/uploads\/2025\/05\/Isla-14_MAY-768x484.jpg 768w, https:\/\/transformarqroo.com\/wp-content\/uploads\/2025\/05\/Isla-14_MAY-1536x968.jpg 1536w\" sizes=\"(max-width: 1600px) 100vw, 1600px\" \/>\t\t\t\t\t\t\t\t\t\t<div class=\"premium-banner-ib-desc\">\r\n\t\t\t\t\t\t\t\t\t<div class=\"premium-banner-desc-centered\">\r\n\t\t\t\t\t\t\t\t\t<h3 class=\"premium-banner-ib-title premium_banner_title\"><\/h3>\t\t\t\t\t\t\t\t\t\t\t\t\t<\/div>\r\n\t\t\t\t\t\t\t<\/div>\r\n\t\t\t\t\t<\/div>\r\n\t\t\t\t\t\t<\/div>\n\t\t\t\t<\/div>\n\t\t\t\t\t<\/div>\n\t\t<\/div>\n\t\t\t\t\t<\/div>\n\t\t<\/section>\n\t\t\t\t<section class=\"elementor-section elementor-top-section elementor-element elementor-element-6f854ce8 elementor-section-boxed elementor-section-height-default elementor-section-height-default\" data-id=\"6f854ce8\" data-element_type=\"section\" data-settings=\"{&quot;background_background&quot;:&quot;classic&quot;}\">\n\t\t\t\t\t\t<div class=\"elementor-container elementor-column-gap-default\">\n\t\t\t\t\t<div class=\"elementor-column elementor-col-100 elementor-top-column elementor-element elementor-element-7ae237ed\" data-id=\"7ae237ed\" data-element_type=\"column\">\n\t\t\t<div class=\"elementor-widget-wrap elementor-element-populated\">\n\t\t\t\t\t\t<div class=\"elementor-element elementor-element-75be452 premium-title-icon-row premium-title-color elementor-widget elementor-widget-premium-addon-title\" data-id=\"75be452\" data-element_type=\"widget\" data-widget_type=\"premium-addon-title.default\">\n\t\t\t\t<div class=\"elementor-widget-container\">\n\t\t\t\r\n\t\t<div class=\"premium-title-container style2\">\r\n\t\t\t<h5 class=\"premium-title-header premium-title-style2\">\r\n\t\t\t\t\r\n\t\t\t\t\t\t\t\t\t\t\t\t\t\t\t<div class=\"premium-title-icon premium-lottie-animation\" data-lottie-url=\"https:\/\/assets8.lottiefiles.com\/packages\/lf20_pcfclxy8.json\" data-lottie-loop=\"true\" data-lottie-reverse=\"\"><\/div>\r\n\t\t\t\t\t\t\t\t\t\r\n\t\t\t\t\t\t\t\t\t\t\t\t<span class=\"premium-title-text\" >\r\n\t\t\t\t\t\t\t\t\t<\/span>\r\n\t\t\t\t\t\r\n\t\t\t\t\t\t\t\t\t\t\t<\/h5>\r\n\t\t<\/div>\r\n\r\n\t\t\t\t<\/div>\n\t\t\t\t<\/div>\n\t\t\t\t\t<\/div>\n\t\t<\/div>\n\t\t\t\t\t<\/div>\n\t\t<\/section>\n\t\t\t\t<section class=\"elementor-section elementor-top-section elementor-element elementor-element-247862d1 elementor-section-boxed elementor-section-height-default elementor-section-height-default\" data-id=\"247862d1\" data-element_type=\"section\">\n\t\t\t\t\t\t<div class=\"elementor-container elementor-column-gap-default\">\n\t\t\t\t\t<div class=\"elementor-column elementor-col-100 elementor-top-column elementor-element elementor-element-50101d97\" data-id=\"50101d97\" data-element_type=\"column\">\n\t\t\t<div class=\"elementor-widget-wrap elementor-element-populated\">\n\t\t\t\t\t\t<div class=\"elementor-element elementor-element-5444672d elementor-widget elementor-widget-text-editor\" data-id=\"5444672d\" data-element_type=\"widget\" data-widget_type=\"text-editor.default\">\n\t\t\t\t<div class=\"elementor-widget-container\">\n\t\t\t\t\t\t\t<p><span style=\"font-weight: 400;\">Isla Mujeres, Quintana Roo, 14 mayo de 2025. \u2013 En el marco de las celebraciones por el D\u00eda de la Maestra y del Maestro Jubilado, la Presidenta Municipal de Isla Mujeres, Atenea G\u00f3mez Ricalde, encabez\u00f3 un emotivo desayuno para reconocer su invaluable legado en la formaci\u00f3n de las generaciones isle\u00f1as.\u00a0<\/span><\/p><p>\u00a0<\/p><p><span style=\"font-weight: 400;\">El evento se llev\u00f3 a cabo en el Restaurante Coco&#8217;s, donde la presidenta convivi\u00f3 con las y los docentes retirados, en un ambiente de cercan\u00eda, respeto y recuerdos compartidos.<\/span><\/p><p>\u00a0<\/p><p><span style=\"font-weight: 400;\">La convivencia, organizada a trav\u00e9s de la Direcci\u00f3n de Educaci\u00f3n del Municipio, tuvo como objetivo rendir un homenaje a quienes entregaron su vida al servicio de la ense\u00f1anza, y que con amor, paciencia y vocaci\u00f3n dejaron huella en las aulas y en la vida de cientos de ni\u00f1as, ni\u00f1os y j\u00f3venes de Isla Mujeres.<\/span><\/p><p>\u00a0<\/p><p><span style=\"font-weight: 400;\">\u201cEn el marco del D\u00eda del Maestro Jubilado celebramos con una bonita convivencia llena de an\u00e9cdotas y recuerdos, a las mujeres y hombres que dedicaron toda su vida a la docencia, dejando a las isle\u00f1as e isle\u00f1os un legado de valores y ense\u00f1anzas\u201d, dijo la alcaldesa isle\u00f1a.<\/span><\/p><p>\u00a0<\/p><p><span style=\"font-weight: 400;\">Adem\u00e1s, destac\u00f3 el papel que desempe\u00f1an las y los maestros jubilados como parte de la historia viva del municipio y como pilares de una mejor sociedad.<\/span><\/p><p>\u00a0<\/p><p><span style=\"font-weight: 400;\">\u201cGracias a todas y todos por su amor, paciencia y dedicaci\u00f3n. Son ustedes un pilar importante para la construcci\u00f3n de una mejor sociedad\u201d, a\u00f1adi\u00f3.<\/span><\/p><p>\u00a0<\/p><p><span style=\"font-weight: 400;\">Acompa\u00f1aron a la presidenta municipal en este homenaje, el profesor Santiago Balam, representante de los jubilados; Diana Del Mar S\u00e1nchez, encargada de la Direcci\u00f3n de Educaci\u00f3n; el profesor Jorge Tadeo Dur\u00e1n, secretario de Organizaci\u00f3n 7 en representaci\u00f3n del Sindicato Sindicato Nacional de Trabajadores de la Educaci\u00f3n (SNTE) y la profesora Rosa Elena R\u00edos Fern\u00e1ndez, Directora General de Cultura, Deporte y Juventud.<\/span><\/p>\t\t\t\t\t\t<\/div>\n\t\t\t\t<\/div>\n\t\t\t\t\t<\/div>\n\t\t<\/div>\n\t\t\t\t\t<\/div>\n\t\t<\/section>\n\t\t\t\t<section class=\"elementor-section elementor-top-section elementor-element elementor-element-4f66527 elementor-section-boxed elementor-section-height-default elementor-section-height-default\" data-id=\"4f66527\" data-element_type=\"section\">\n\t\t\t\t\t\t<div class=\"elementor-container elementor-column-gap-default\">\n\t\t\t\t\t<div class=\"elementor-column elementor-col-100 elementor-top-column elementor-element elementor-element-a8f3aff\" data-id=\"a8f3aff\" data-element_type=\"column\">\n\t\t\t<div class=\"elementor-widget-wrap elementor-element-populated\">\n\t\t\t\t\t\t<div class=\"elementor-element elementor-element-7bc74244 elementor-widget elementor-widget-gallery\" data-id=\"7bc74244\" data-element_type=\"widget\" data-settings=\"{&quot;gallery_layout&quot;:&quot;justified&quot;,&quot;lazyload&quot;:&quot;yes&quot;,&quot;ideal_row_height&quot;:{&quot;unit&quot;:&quot;px&quot;,&quot;size&quot;:200,&quot;sizes&quot;:[]},&quot;ideal_row_height_tablet&quot;:{&quot;unit&quot;:&quot;px&quot;,&quot;size&quot;:150,&quot;sizes&quot;:[]},&quot;ideal_row_height_mobile&quot;:{&quot;unit&quot;:&quot;px&quot;,&quot;size&quot;:150,&quot;sizes&quot;:[]},&quot;gap&quot;:{&quot;unit&quot;:&quot;px&quot;,&quot;size&quot;:10,&quot;sizes&quot;:[]},&quot;gap_tablet&quot;:{&quot;unit&quot;:&quot;px&quot;,&quot;size&quot;:10,&quot;sizes&quot;:[]},&quot;gap_mobile&quot;:{&quot;unit&quot;:&quot;px&quot;,&quot;size&quot;:10,&quot;sizes&quot;:[]},&quot;link_to&quot;:&quot;file&quot;,&quot;overlay_background&quot;:&quot;yes&quot;,&quot;content_hover_animation&quot;:&quot;fade-in&quot;}\" data-widget_type=\"gallery.default\">\n\t\t\t\t<div class=\"elementor-widget-container\">\n\t\t\t\t\t<div class=\"elementor-gallery__container\">\n\t\t\t\t\t\t\t<a class=\"e-gallery-item elementor-gallery-item elementor-animated-content\" href=\"https:\/\/transformarqroo.com\/wp-content\/uploads\/2025\/05\/Isla-14_MAY1.jpg\" data-elementor-open-lightbox=\"yes\" data-elementor-lightbox-slideshow=\"7bc74244\" data-elementor-lightbox-title=\"Isla 14_MAY(1)\" data-e-action-hash=\"#elementor-action%3Aaction%3Dlightbox%26settings%3DeyJpZCI6Mzk5MTQsInVybCI6Imh0dHBzOlwvXC90cmFuc2Zvcm1hcnFyb28uY29tXC93cC1jb250ZW50XC91cGxvYWRzXC8yMDI1XC8wNVwvSXNsYS0xNF9NQVkxLmpwZyIsInNsaWRlc2hvdyI6IjdiYzc0MjQ0In0%3D\">\n\t\t\t\t\t<div class=\"e-gallery-image elementor-gallery-item__image\" data-thumbnail=\"https:\/\/transformarqroo.com\/wp-content\/uploads\/2025\/05\/Isla-14_MAY1.jpg\" data-width=\"1600\" data-height=\"1136\" aria-label=\"\" role=\"img\" ><\/div>\n\t\t\t\t\t\t\t\t\t\t\t<div class=\"elementor-gallery-item__overlay\"><\/div>\n\t\t\t\t\t\t\t\t\t\t\t\t\t\t<\/a>\n\t\t\t\t\t\t\t<a class=\"e-gallery-item elementor-gallery-item elementor-animated-content\" href=\"https:\/\/transformarqroo.com\/wp-content\/uploads\/2025\/05\/Isla-14_MAY2.jpg\" data-elementor-open-lightbox=\"yes\" data-elementor-lightbox-slideshow=\"7bc74244\" data-elementor-lightbox-title=\"Isla 14_MAY(2)\" data-e-action-hash=\"#elementor-action%3Aaction%3Dlightbox%26settings%3DeyJpZCI6Mzk5MTUsInVybCI6Imh0dHBzOlwvXC90cmFuc2Zvcm1hcnFyb28uY29tXC93cC1jb250ZW50XC91cGxvYWRzXC8yMDI1XC8wNVwvSXNsYS0xNF9NQVkyLmpwZyIsInNsaWRlc2hvdyI6IjdiYzc0MjQ0In0%3D\">\n\t\t\t\t\t<div class=\"e-gallery-image elementor-gallery-item__image\" data-thumbnail=\"https:\/\/transformarqroo.com\/wp-content\/uploads\/2025\/05\/Isla-14_MAY2.jpg\" data-width=\"1600\" data-height=\"1066\" aria-label=\"\" role=\"img\" ><\/div>\n\t\t\t\t\t\t\t\t\t\t\t<div class=\"elementor-gallery-item__overlay\"><\/div>\n\t\t\t\t\t\t\t\t\t\t\t\t\t\t<\/a>\n\t\t\t\t\t\t\t<a class=\"e-gallery-item elementor-gallery-item elementor-animated-content\" href=\"https:\/\/transformarqroo.com\/wp-content\/uploads\/2025\/05\/Isla-14_MAY3.jpg\" data-elementor-open-lightbox=\"yes\" data-elementor-lightbox-slideshow=\"7bc74244\" data-elementor-lightbox-title=\"Isla 14_MAY(3)\" data-e-action-hash=\"#elementor-action%3Aaction%3Dlightbox%26settings%3DeyJpZCI6Mzk5MTYsInVybCI6Imh0dHBzOlwvXC90cmFuc2Zvcm1hcnFyb28uY29tXC93cC1jb250ZW50XC91cGxvYWRzXC8yMDI1XC8wNVwvSXNsYS0xNF9NQVkzLmpwZyIsInNsaWRlc2hvdyI6IjdiYzc0MjQ0In0%3D\">\n\t\t\t\t\t<div class=\"e-gallery-image elementor-gallery-item__image\" data-thumbnail=\"https:\/\/transformarqroo.com\/wp-content\/uploads\/2025\/05\/Isla-14_MAY3.jpg\" data-width=\"1600\" data-height=\"1220\" aria-label=\"\" role=\"img\" ><\/div>\n\t\t\t\t\t\t\t\t\t\t\t<div class=\"elementor-gallery-item__overlay\"><\/div>\n\t\t\t\t\t\t\t\t\t\t\t\t\t\t<\/a>\n\t\t\t\t\t\t\t<a class=\"e-gallery-item elementor-gallery-item elementor-animated-content\" href=\"https:\/\/transformarqroo.com\/wp-content\/uploads\/2025\/05\/Isla-14_MAY.jpg\" data-elementor-open-lightbox=\"yes\" data-elementor-lightbox-slideshow=\"7bc74244\" data-elementor-lightbox-title=\"Isla 14_MAY\" data-e-action-hash=\"#elementor-action%3Aaction%3Dlightbox%26settings%3DeyJpZCI6Mzk5MTcsInVybCI6Imh0dHBzOlwvXC90cmFuc2Zvcm1hcnFyb28uY29tXC93cC1jb250ZW50XC91cGxvYWRzXC8yMDI1XC8wNVwvSXNsYS0xNF9NQVkuanBnIiwic2xpZGVzaG93IjoiN2JjNzQyNDQifQ%3D%3D\">\n\t\t\t\t\t<div class=\"e-gallery-image elementor-gallery-item__image\" data-thumbnail=\"https:\/\/transformarqroo.com\/wp-content\/uploads\/2025\/05\/Isla-14_MAY.jpg\" data-width=\"1600\" data-height=\"1008\" aria-label=\"\" role=\"img\" ><\/div>\n\t\t\t\t\t\t\t\t\t\t\t<div class=\"elementor-gallery-item__overlay\"><\/div>\n\t\t\t\t\t\t\t\t\t\t\t\t\t\t<\/a>\n\t\t\t\t\t<\/div>\n\t\t\t<\/div>\n\t\t\t\t<\/div>\n\t\t\t\t\t<\/div>\n\t\t<\/div>\n\t\t\t\t\t<\/div>\n\t\t<\/section>\n\t\t\t\t<\/div>\n\t\t","protected":false},"excerpt":{"rendered":"<p>Isla Mujeres, Quintana Roo, 14 mayo de 2025. \u2013 En el marco de las celebraciones por el D\u00eda de la Maestra y del Maestro Jubilado, la Presidenta Municipal de Isla Mujeres, Atenea G\u00f3mez Ricalde, encabez\u00f3 un emotivo desayuno para reconocer su invaluable legado en la formaci\u00f3n de las generaciones isle\u00f1as.\u00a0 \u00a0 El evento se llev\u00f3 [&hellip;]<\/p>\n","protected":false},"author":1,"featured_media":39917,"comment_status":"closed","ping_status":"closed","sticky":false,"template":"","format":"standard","meta":{"_FSMCFIC_featured_image_caption":"","_FSMCFIC_featured_image_nocaption":"","_FSMCFIC_featured_image_hide":"","footnotes":""},"categories":[32,25],"tags":[],"class_list":["post-39906","post","type-post","status-publish","format-standard","has-post-thumbnail","hentry","category-municipios","category-isla-mujeres"],"aioseo_notices":[],"_links":{"self":[{"href":"https:\/\/transformarqroo.com\/index.php\/wp-json\/wp\/v2\/posts\/39906","targetHints":{"allow":["GET"]}}],"collection":[{"href":"https:\/\/transformarqroo.com\/index.php\/wp-json\/wp\/v2\/posts"}],"about":[{"href":"https:\/\/transformarqroo.com\/index.php\/wp-json\/wp\/v2\/types\/post"}],"author":[{"embeddable":true,"href":"https:\/\/transformarqroo.com\/index.php\/wp-json\/wp\/v2\/users\/1"}],"replies":[{"embeddable":true,"href":"https:\/\/transformarqroo.com\/index.php\/wp-json\/wp\/v2\/comments?post=39906"}],"version-history":[{"count":4,"href":"https:\/\/transformarqroo.com\/index.php\/wp-json\/wp\/v2\/posts\/39906\/revisions"}],"predecessor-version":[{"id":39929,"href":"https:\/\/transformarqroo.com\/index.php\/wp-json\/wp\/v2\/posts\/39906\/revisions\/39929"}],"wp:featuredmedia":[{"embeddable":true,"href":"https:\/\/transformarqroo.com\/index.php\/wp-json\/wp\/v2\/media\/39917"}],"wp:attachment":[{"href":"https:\/\/transformarqroo.com\/index.php\/wp-json\/wp\/v2\/media?parent=39906"}],"wp:term":[{"taxonomy":"category","embeddable":true,"href":"https:\/\/transformarqroo.com\/index.php\/wp-json\/wp\/v2\/categories?post=39906"},{"taxonomy":"post_tag","embeddable":true,"href":"https:\/\/transformarqroo.com\/index.php\/wp-json\/wp\/v2\/tags?post=39906"}],"curies":[{"name":"wp","href":"https:\/\/api.w.org\/{rel}","templated":true}]}}