{"id":40186,"date":"2025-05-27T02:49:55","date_gmt":"2025-05-27T07:49:55","guid":{"rendered":"https:\/\/transformarqroo.com\/?p=40186"},"modified":"2025-05-29T02:51:50","modified_gmt":"2025-05-29T07:51:50","slug":"atenea-gomez-ricalde-continua-impulsando-el-empoderamiento-y-emprendimiento-femenino","status":"publish","type":"post","link":"https:\/\/transformarqroo.com\/index.php\/2025\/05\/27\/atenea-gomez-ricalde-continua-impulsando-el-empoderamiento-y-emprendimiento-femenino\/","title":{"rendered":"ATENEA G\u00d3MEZ RICALDE CONTIN\u00daA IMPULSANDO EL EMPODERAMIENTO Y EMPRENDIMIENTO FEMENINO"},"content":{"rendered":"\t\t<div data-elementor-type=\"wp-post\" data-elementor-id=\"40186\" class=\"elementor elementor-40186\" data-elementor-post-type=\"post\">\n\t\t\t\t\t\t<section class=\"elementor-section elementor-top-section elementor-element elementor-element-440709b7 elementor-section-boxed elementor-section-height-default elementor-section-height-default\" data-id=\"440709b7\" data-element_type=\"section\">\n\t\t\t\t\t\t<div class=\"elementor-container elementor-column-gap-default\">\n\t\t\t\t\t<div class=\"elementor-column elementor-col-100 elementor-top-column elementor-element elementor-element-7b927396\" data-id=\"7b927396\" data-element_type=\"column\">\n\t\t\t<div class=\"elementor-widget-wrap elementor-element-populated\">\n\t\t\t\t\t\t<div class=\"elementor-element elementor-element-1db62a29 elementor-widget elementor-widget-premium-addon-banner\" data-id=\"1db62a29\" data-element_type=\"widget\" data-widget_type=\"premium-addon-banner.default\">\n\t\t\t\t<div class=\"elementor-widget-container\">\n\t\t\t\t\t<div class=\"premium-banner-ib premium-banner-min-height premium-banner-animation7 none\">\r\n\t\t\t\t\t\t\t<div class=\"premium-banner-border\">\r\n\t\t\t\t\t<div class=\"premium-banner-br premium-banner-bleft premium-banner-brlr\"><\/div>\r\n\t\t\t\t\t<div class=\"premium-banner-br premium-banner-bright premium-banner-brlr\"><\/div>\r\n\t\t\t\t\t<div class=\"premium-banner-br premium-banner-btop premium-banner-brtb\"><\/div>\r\n\t\t\t\t\t<div class=\"premium-banner-br premium-banner-bottom premium-banner-brtb\"><\/div>\r\n\t\t\t\t<\/div>\r\n\t\t\t\t\t\t\t\t\t\t\t\t\t\t\t<img fetchpriority=\"high\" decoding=\"async\" width=\"1600\" height=\"1066\" src=\"https:\/\/transformarqroo.com\/wp-content\/uploads\/2025\/05\/Isla-27_MAY.jpg\" class=\"attachment-full size-full wp-image-40191\" alt=\"\" srcset=\"https:\/\/transformarqroo.com\/wp-content\/uploads\/2025\/05\/Isla-27_MAY.jpg 1600w, https:\/\/transformarqroo.com\/wp-content\/uploads\/2025\/05\/Isla-27_MAY-300x200.jpg 300w, https:\/\/transformarqroo.com\/wp-content\/uploads\/2025\/05\/Isla-27_MAY-1024x682.jpg 1024w, https:\/\/transformarqroo.com\/wp-content\/uploads\/2025\/05\/Isla-27_MAY-768x512.jpg 768w, https:\/\/transformarqroo.com\/wp-content\/uploads\/2025\/05\/Isla-27_MAY-1536x1023.jpg 1536w\" sizes=\"(max-width: 1600px) 100vw, 1600px\" \/>\t\t\t\t\t\t\t\t\t\t<div class=\"premium-banner-ib-desc\">\r\n\t\t\t\t\t\t\t\t\t<div class=\"premium-banner-desc-centered\">\r\n\t\t\t\t\t\t\t\t\t<h3 class=\"premium-banner-ib-title premium_banner_title\"><\/h3>\t\t\t\t\t\t\t\t\t\t\t\t\t<\/div>\r\n\t\t\t\t\t\t\t<\/div>\r\n\t\t\t\t\t<\/div>\r\n\t\t\t\t\t\t<\/div>\n\t\t\t\t<\/div>\n\t\t\t\t\t<\/div>\n\t\t<\/div>\n\t\t\t\t\t<\/div>\n\t\t<\/section>\n\t\t\t\t<section class=\"elementor-section elementor-top-section elementor-element elementor-element-bc69e0e elementor-section-boxed elementor-section-height-default elementor-section-height-default\" data-id=\"bc69e0e\" data-element_type=\"section\" data-settings=\"{&quot;background_background&quot;:&quot;classic&quot;}\">\n\t\t\t\t\t\t<div class=\"elementor-container elementor-column-gap-default\">\n\t\t\t\t\t<div class=\"elementor-column elementor-col-100 elementor-top-column elementor-element elementor-element-79b5660c\" data-id=\"79b5660c\" data-element_type=\"column\">\n\t\t\t<div class=\"elementor-widget-wrap elementor-element-populated\">\n\t\t\t\t\t\t<div class=\"elementor-element elementor-element-f3d8282 premium-title-icon-row premium-title-color elementor-widget elementor-widget-premium-addon-title\" data-id=\"f3d8282\" data-element_type=\"widget\" data-widget_type=\"premium-addon-title.default\">\n\t\t\t\t<div class=\"elementor-widget-container\">\n\t\t\t\r\n\t\t<div class=\"premium-title-container style2\">\r\n\t\t\t<h5 class=\"premium-title-header premium-title-style2\">\r\n\t\t\t\t\r\n\t\t\t\t\t\t\t\t\t\t\t\t\t\t\t<div class=\"premium-title-icon premium-lottie-animation\" data-lottie-url=\"https:\/\/assets8.lottiefiles.com\/packages\/lf20_pcfclxy8.json\" data-lottie-loop=\"true\" data-lottie-reverse=\"\"><\/div>\r\n\t\t\t\t\t\t\t\t\t\r\n\t\t\t\t\t\t\t\t\t\t\t\t<span class=\"premium-title-text\" >\r\n\t\t\t\t\t\t\t\t\t<\/span>\r\n\t\t\t\t\t\r\n\t\t\t\t\t\t\t\t\t\t\t<\/h5>\r\n\t\t<\/div>\r\n\r\n\t\t\t\t<\/div>\n\t\t\t\t<\/div>\n\t\t\t\t\t<\/div>\n\t\t<\/div>\n\t\t\t\t\t<\/div>\n\t\t<\/section>\n\t\t\t\t<section class=\"elementor-section elementor-top-section elementor-element elementor-element-41faaf60 elementor-section-boxed elementor-section-height-default elementor-section-height-default\" data-id=\"41faaf60\" data-element_type=\"section\">\n\t\t\t\t\t\t<div class=\"elementor-container elementor-column-gap-default\">\n\t\t\t\t\t<div class=\"elementor-column elementor-col-100 elementor-top-column elementor-element elementor-element-207b8f76\" data-id=\"207b8f76\" data-element_type=\"column\">\n\t\t\t<div class=\"elementor-widget-wrap elementor-element-populated\">\n\t\t\t\t\t\t<div class=\"elementor-element elementor-element-5bde78e7 elementor-widget elementor-widget-text-editor\" data-id=\"5bde78e7\" data-element_type=\"widget\" data-widget_type=\"text-editor.default\">\n\t\t\t\t<div class=\"elementor-widget-container\">\n\t\t\t\t\t\t\t<p><span style=\"font-weight: 400;\">Isla Mujeres, Quintana Roo a 27 de mayo de 2025.\u2013 El Gobierno de Isla Mujeres, encabezado por la Presidenta Municipal, Atenea G\u00f3mez Ricalde, llev\u00f3 a cabo la clausura de los Cursos Municipales de Primavera en el Centro Comunitario de la colonia La Gloria, donde decenas de mujeres y hombres recibieron sus constancias de participaci\u00f3n tras haber culminado su proceso de capacitaci\u00f3n.<\/span><\/p><p>\u00a0<\/p><p><span style=\"font-weight: 400;\">Durante la ceremonia, la Presidenta Municipal destac\u00f3 que este tipo de programas tienen como principal objetivo empoderar a las mujeres y fortalecer el tejido social de Isla Mujeres, brindando herramientas para el desarrollo personal, familiar y econ\u00f3mico.\u00a0<\/span><\/p><p>\u00a0<\/p><p><span style=\"font-weight: 400;\">Destac\u00f3 que uno de los pilares de su administraci\u00f3n ha sido el impulso a las pol\u00edticas sociales con rostro humano, que abren oportunidades y bienestar a quienes m\u00e1s lo necesitan.<\/span><\/p><p>\u00a0<\/p><p><span style=\"font-weight: 400;\">En esta edici\u00f3n de primavera, se impartieron 11 cursos dirigidos a habitantes de la Isla, quienes durante varias semanas aprendieron oficios y habilidades pr\u00e1cticas que podr\u00e1n convertir en fuentes de ingreso o aplicar en su vida cotidiana.\u00a0<\/span><\/p><p>\u00a0<\/p><p><span style=\"font-weight: 400;\">Entre los cursos ofrecidos estuvieron pintura textil, manicure con gel semipermanente, pedicure con acripi\u00e9, corte y confecci\u00f3n, reposter\u00eda, canap\u00e9s y bocadillos fr\u00edos, velas artesanales, tejido a gancho b\u00e1sico, jabones artesanales, extensi\u00f3n de pesta\u00f1as t\u00e9cnica cl\u00e1sica y masaje de tejido profundo.<\/span><\/p><p>\u00a0<\/p><p><span style=\"font-weight: 400;\">En total, cerca de 200 personas, en su mayor\u00eda mujeres, se capacitaron a trav\u00e9s de los programas sociales promovidos por el Gobierno Municipal, con el respaldo de la Direcci\u00f3n General de Desarrollo Social.\u00a0<\/span><\/p><p>\u00a0<\/p><p><span style=\"font-weight: 400;\">Cada una de ellas recibi\u00f3 su constancia de manos de las autoridades, reconociendo as\u00ed su esfuerzo, constancia y ganas de salir adelante.<\/span><\/p><p>\u00a0<\/p><p><span style=\"font-weight: 400;\">Al evento, el S\u00edndico Municipal, Jos\u00e9 Aguilar Rodr\u00edguez; Suemi Beatriz Gonz\u00e1lez S\u00e1nchez, Directora de Participaci\u00f3n Ciudadana; as\u00ed como la instructora del curso de pintura textil, Nayeli Chunab Palma, quienes acompa\u00f1aron a la alcaldesa en la entrega de reconocimientos.<\/span><\/p>\t\t\t\t\t\t<\/div>\n\t\t\t\t<\/div>\n\t\t\t\t\t<\/div>\n\t\t<\/div>\n\t\t\t\t\t<\/div>\n\t\t<\/section>\n\t\t\t\t<section class=\"elementor-section elementor-top-section elementor-element elementor-element-6c801374 elementor-section-boxed elementor-section-height-default elementor-section-height-default\" data-id=\"6c801374\" data-element_type=\"section\">\n\t\t\t\t\t\t<div class=\"elementor-container elementor-column-gap-default\">\n\t\t\t\t\t<div class=\"elementor-column elementor-col-100 elementor-top-column elementor-element elementor-element-787e1353\" data-id=\"787e1353\" data-element_type=\"column\">\n\t\t\t<div class=\"elementor-widget-wrap elementor-element-populated\">\n\t\t\t\t\t\t<div class=\"elementor-element elementor-element-21eac155 elementor-widget elementor-widget-gallery\" data-id=\"21eac155\" data-element_type=\"widget\" data-settings=\"{&quot;gallery_layout&quot;:&quot;justified&quot;,&quot;lazyload&quot;:&quot;yes&quot;,&quot;ideal_row_height&quot;:{&quot;unit&quot;:&quot;px&quot;,&quot;size&quot;:200,&quot;sizes&quot;:[]},&quot;ideal_row_height_tablet&quot;:{&quot;unit&quot;:&quot;px&quot;,&quot;size&quot;:150,&quot;sizes&quot;:[]},&quot;ideal_row_height_mobile&quot;:{&quot;unit&quot;:&quot;px&quot;,&quot;size&quot;:150,&quot;sizes&quot;:[]},&quot;gap&quot;:{&quot;unit&quot;:&quot;px&quot;,&quot;size&quot;:10,&quot;sizes&quot;:[]},&quot;gap_tablet&quot;:{&quot;unit&quot;:&quot;px&quot;,&quot;size&quot;:10,&quot;sizes&quot;:[]},&quot;gap_mobile&quot;:{&quot;unit&quot;:&quot;px&quot;,&quot;size&quot;:10,&quot;sizes&quot;:[]},&quot;link_to&quot;:&quot;file&quot;,&quot;overlay_background&quot;:&quot;yes&quot;,&quot;content_hover_animation&quot;:&quot;fade-in&quot;}\" data-widget_type=\"gallery.default\">\n\t\t\t\t<div class=\"elementor-widget-container\">\n\t\t\t\t\t<div class=\"elementor-gallery__container\">\n\t\t\t\t\t\t\t<a class=\"e-gallery-item elementor-gallery-item elementor-animated-content\" href=\"https:\/\/transformarqroo.com\/wp-content\/uploads\/2025\/05\/Isla-27_MAY1.jpg\" data-elementor-open-lightbox=\"yes\" data-elementor-lightbox-slideshow=\"21eac155\" data-elementor-lightbox-title=\"Isla 27_MAY(1)\" data-e-action-hash=\"#elementor-action%3Aaction%3Dlightbox%26settings%3DeyJpZCI6NDAxODgsInVybCI6Imh0dHBzOlwvXC90cmFuc2Zvcm1hcnFyb28uY29tXC93cC1jb250ZW50XC91cGxvYWRzXC8yMDI1XC8wNVwvSXNsYS0yN19NQVkxLmpwZyIsInNsaWRlc2hvdyI6IjIxZWFjMTU1In0%3D\">\n\t\t\t\t\t<div class=\"e-gallery-image elementor-gallery-item__image\" data-thumbnail=\"https:\/\/transformarqroo.com\/wp-content\/uploads\/2025\/05\/Isla-27_MAY1.jpg\" data-width=\"1600\" data-height=\"1060\" aria-label=\"\" role=\"img\" ><\/div>\n\t\t\t\t\t\t\t\t\t\t\t<div class=\"elementor-gallery-item__overlay\"><\/div>\n\t\t\t\t\t\t\t\t\t\t\t\t\t\t<\/a>\n\t\t\t\t\t\t\t<a class=\"e-gallery-item elementor-gallery-item elementor-animated-content\" href=\"https:\/\/transformarqroo.com\/wp-content\/uploads\/2025\/05\/Isla-27_MAY2.jpg\" data-elementor-open-lightbox=\"yes\" data-elementor-lightbox-slideshow=\"21eac155\" data-elementor-lightbox-title=\"Isla 27_MAY(2)\" data-e-action-hash=\"#elementor-action%3Aaction%3Dlightbox%26settings%3DeyJpZCI6NDAxODksInVybCI6Imh0dHBzOlwvXC90cmFuc2Zvcm1hcnFyb28uY29tXC93cC1jb250ZW50XC91cGxvYWRzXC8yMDI1XC8wNVwvSXNsYS0yN19NQVkyLmpwZyIsInNsaWRlc2hvdyI6IjIxZWFjMTU1In0%3D\">\n\t\t\t\t\t<div class=\"e-gallery-image elementor-gallery-item__image\" data-thumbnail=\"https:\/\/transformarqroo.com\/wp-content\/uploads\/2025\/05\/Isla-27_MAY2.jpg\" data-width=\"1600\" data-height=\"1046\" aria-label=\"\" role=\"img\" ><\/div>\n\t\t\t\t\t\t\t\t\t\t\t<div class=\"elementor-gallery-item__overlay\"><\/div>\n\t\t\t\t\t\t\t\t\t\t\t\t\t\t<\/a>\n\t\t\t\t\t\t\t<a class=\"e-gallery-item elementor-gallery-item elementor-animated-content\" href=\"https:\/\/transformarqroo.com\/wp-content\/uploads\/2025\/05\/Isla-27_MAY3.jpg\" data-elementor-open-lightbox=\"yes\" data-elementor-lightbox-slideshow=\"21eac155\" data-elementor-lightbox-title=\"Isla 27_MAY(3)\" data-e-action-hash=\"#elementor-action%3Aaction%3Dlightbox%26settings%3DeyJpZCI6NDAxOTAsInVybCI6Imh0dHBzOlwvXC90cmFuc2Zvcm1hcnFyb28uY29tXC93cC1jb250ZW50XC91cGxvYWRzXC8yMDI1XC8wNVwvSXNsYS0yN19NQVkzLmpwZyIsInNsaWRlc2hvdyI6IjIxZWFjMTU1In0%3D\">\n\t\t\t\t\t<div class=\"e-gallery-image elementor-gallery-item__image\" data-thumbnail=\"https:\/\/transformarqroo.com\/wp-content\/uploads\/2025\/05\/Isla-27_MAY3.jpg\" data-width=\"1600\" data-height=\"1300\" aria-label=\"\" role=\"img\" ><\/div>\n\t\t\t\t\t\t\t\t\t\t\t<div class=\"elementor-gallery-item__overlay\"><\/div>\n\t\t\t\t\t\t\t\t\t\t\t\t\t\t<\/a>\n\t\t\t\t\t\t\t<a class=\"e-gallery-item elementor-gallery-item elementor-animated-content\" href=\"https:\/\/transformarqroo.com\/wp-content\/uploads\/2025\/05\/Isla-27_MAY.jpg\" data-elementor-open-lightbox=\"yes\" data-elementor-lightbox-slideshow=\"21eac155\" data-elementor-lightbox-title=\"Isla 27_MAY\" data-e-action-hash=\"#elementor-action%3Aaction%3Dlightbox%26settings%3DeyJpZCI6NDAxOTEsInVybCI6Imh0dHBzOlwvXC90cmFuc2Zvcm1hcnFyb28uY29tXC93cC1jb250ZW50XC91cGxvYWRzXC8yMDI1XC8wNVwvSXNsYS0yN19NQVkuanBnIiwic2xpZGVzaG93IjoiMjFlYWMxNTUifQ%3D%3D\">\n\t\t\t\t\t<div class=\"e-gallery-image elementor-gallery-item__image\" data-thumbnail=\"https:\/\/transformarqroo.com\/wp-content\/uploads\/2025\/05\/Isla-27_MAY.jpg\" data-width=\"1600\" data-height=\"1066\" aria-label=\"\" role=\"img\" ><\/div>\n\t\t\t\t\t\t\t\t\t\t\t<div class=\"elementor-gallery-item__overlay\"><\/div>\n\t\t\t\t\t\t\t\t\t\t\t\t\t\t<\/a>\n\t\t\t\t\t<\/div>\n\t\t\t<\/div>\n\t\t\t\t<\/div>\n\t\t\t\t\t<\/div>\n\t\t<\/div>\n\t\t\t\t\t<\/div>\n\t\t<\/section>\n\t\t\t\t<\/div>\n\t\t","protected":false},"excerpt":{"rendered":"<p>Isla Mujeres, Quintana Roo a 27 de mayo de 2025.\u2013 El Gobierno de Isla Mujeres, encabezado por la Presidenta Municipal, Atenea G\u00f3mez Ricalde, llev\u00f3 a cabo la clausura de los Cursos Municipales de Primavera en el Centro Comunitario de la colonia La Gloria, donde decenas de mujeres y hombres recibieron sus constancias de participaci\u00f3n tras [&hellip;]<\/p>\n","protected":false},"author":1,"featured_media":40191,"comment_status":"closed","ping_status":"closed","sticky":false,"template":"","format":"standard","meta":{"_FSMCFIC_featured_image_caption":"","_FSMCFIC_featured_image_nocaption":"","_FSMCFIC_featured_image_hide":"","footnotes":""},"categories":[32,25],"tags":[],"class_list":["post-40186","post","type-post","status-publish","format-standard","has-post-thumbnail","hentry","category-municipios","category-isla-mujeres"],"aioseo_notices":[],"_links":{"self":[{"href":"https:\/\/transformarqroo.com\/index.php\/wp-json\/wp\/v2\/posts\/40186","targetHints":{"allow":["GET"]}}],"collection":[{"href":"https:\/\/transformarqroo.com\/index.php\/wp-json\/wp\/v2\/posts"}],"about":[{"href":"https:\/\/transformarqroo.com\/index.php\/wp-json\/wp\/v2\/types\/post"}],"author":[{"embeddable":true,"href":"https:\/\/transformarqroo.com\/index.php\/wp-json\/wp\/v2\/users\/1"}],"replies":[{"embeddable":true,"href":"https:\/\/transformarqroo.com\/index.php\/wp-json\/wp\/v2\/comments?post=40186"}],"version-history":[{"count":4,"href":"https:\/\/transformarqroo.com\/index.php\/wp-json\/wp\/v2\/posts\/40186\/revisions"}],"predecessor-version":[{"id":40200,"href":"https:\/\/transformarqroo.com\/index.php\/wp-json\/wp\/v2\/posts\/40186\/revisions\/40200"}],"wp:featuredmedia":[{"embeddable":true,"href":"https:\/\/transformarqroo.com\/index.php\/wp-json\/wp\/v2\/media\/40191"}],"wp:attachment":[{"href":"https:\/\/transformarqroo.com\/index.php\/wp-json\/wp\/v2\/media?parent=40186"}],"wp:term":[{"taxonomy":"category","embeddable":true,"href":"https:\/\/transformarqroo.com\/index.php\/wp-json\/wp\/v2\/categories?post=40186"},{"taxonomy":"post_tag","embeddable":true,"href":"https:\/\/transformarqroo.com\/index.php\/wp-json\/wp\/v2\/tags?post=40186"}],"curies":[{"name":"wp","href":"https:\/\/api.w.org\/{rel}","templated":true}]}}