{"id":40351,"date":"2025-06-03T01:16:01","date_gmt":"2025-06-03T06:16:01","guid":{"rendered":"https:\/\/transformarqroo.com\/?p=40351"},"modified":"2025-06-08T01:20:03","modified_gmt":"2025-06-08T06:20:03","slug":"en-playa-del-carmen-la-prevencion-es-prioridad-y-la-proteccion-de-la-vida-es-nuestra-mayor-responsabilidad-estefania-mercado","status":"publish","type":"post","link":"https:\/\/transformarqroo.com\/index.php\/2025\/06\/03\/en-playa-del-carmen-la-prevencion-es-prioridad-y-la-proteccion-de-la-vida-es-nuestra-mayor-responsabilidad-estefania-mercado\/","title":{"rendered":"EN PLAYA DEL CARMEN LA PREVENCI\u00d3N ES PRIORIDAD Y LA PROTECCI\u00d3N DE LA VIDA ES NUESTRA MAYOR RESPONSABILIDAD: ESTEFAN\u00cdA MERCADO"},"content":{"rendered":"\t\t<div data-elementor-type=\"wp-post\" data-elementor-id=\"40351\" class=\"elementor elementor-40351\" data-elementor-post-type=\"post\">\n\t\t\t\t\t\t<section class=\"elementor-section elementor-top-section elementor-element elementor-element-51db1c59 elementor-section-boxed elementor-section-height-default elementor-section-height-default\" data-id=\"51db1c59\" data-element_type=\"section\">\n\t\t\t\t\t\t<div class=\"elementor-container elementor-column-gap-default\">\n\t\t\t\t\t<div class=\"elementor-column elementor-col-100 elementor-top-column elementor-element elementor-element-28e23a39\" data-id=\"28e23a39\" data-element_type=\"column\">\n\t\t\t<div class=\"elementor-widget-wrap elementor-element-populated\">\n\t\t\t\t\t\t<div class=\"elementor-element elementor-element-67d50f63 elementor-widget elementor-widget-premium-addon-banner\" data-id=\"67d50f63\" data-element_type=\"widget\" data-widget_type=\"premium-addon-banner.default\">\n\t\t\t\t<div class=\"elementor-widget-container\">\n\t\t\t\t\t<div class=\"premium-banner-ib premium-banner-min-height premium-banner-animation7 none\">\r\n\t\t\t\t\t\t\t<div class=\"premium-banner-border\">\r\n\t\t\t\t\t<div class=\"premium-banner-br premium-banner-bleft premium-banner-brlr\"><\/div>\r\n\t\t\t\t\t<div class=\"premium-banner-br premium-banner-bright premium-banner-brlr\"><\/div>\r\n\t\t\t\t\t<div class=\"premium-banner-br premium-banner-btop premium-banner-brtb\"><\/div>\r\n\t\t\t\t\t<div class=\"premium-banner-br premium-banner-bottom premium-banner-brtb\"><\/div>\r\n\t\t\t\t<\/div>\r\n\t\t\t\t\t\t\t\t\t\t\t\t\t\t\t<img fetchpriority=\"high\" decoding=\"async\" width=\"1280\" height=\"853\" src=\"https:\/\/transformarqroo.com\/wp-content\/uploads\/2025\/06\/Playa-03_Jun.jpg\" class=\"attachment-full size-full wp-image-40353\" alt=\"\" srcset=\"https:\/\/transformarqroo.com\/wp-content\/uploads\/2025\/06\/Playa-03_Jun.jpg 1280w, https:\/\/transformarqroo.com\/wp-content\/uploads\/2025\/06\/Playa-03_Jun-300x200.jpg 300w, https:\/\/transformarqroo.com\/wp-content\/uploads\/2025\/06\/Playa-03_Jun-1024x682.jpg 1024w, https:\/\/transformarqroo.com\/wp-content\/uploads\/2025\/06\/Playa-03_Jun-768x512.jpg 768w\" sizes=\"(max-width: 1280px) 100vw, 1280px\" \/>\t\t\t\t\t\t\t\t\t\t<div class=\"premium-banner-ib-desc\">\r\n\t\t\t\t\t\t\t\t\t<div class=\"premium-banner-desc-centered\">\r\n\t\t\t\t\t\t\t\t\t<h3 class=\"premium-banner-ib-title premium_banner_title\"><\/h3>\t\t\t\t\t\t\t\t\t\t\t\t\t<\/div>\r\n\t\t\t\t\t\t\t<\/div>\r\n\t\t\t\t\t<\/div>\r\n\t\t\t\t\t\t<\/div>\n\t\t\t\t<\/div>\n\t\t\t\t\t<\/div>\n\t\t<\/div>\n\t\t\t\t\t<\/div>\n\t\t<\/section>\n\t\t\t\t<section class=\"elementor-section elementor-top-section elementor-element elementor-element-27e54db3 elementor-section-boxed elementor-section-height-default elementor-section-height-default\" data-id=\"27e54db3\" data-element_type=\"section\" data-settings=\"{&quot;background_background&quot;:&quot;classic&quot;}\">\n\t\t\t\t\t\t<div class=\"elementor-container elementor-column-gap-default\">\n\t\t\t\t\t<div class=\"elementor-column elementor-col-100 elementor-top-column elementor-element elementor-element-99c04a6\" data-id=\"99c04a6\" data-element_type=\"column\">\n\t\t\t<div class=\"elementor-widget-wrap elementor-element-populated\">\n\t\t\t\t\t\t<div class=\"elementor-element elementor-element-bcce743 premium-title-icon-row premium-title-color elementor-widget elementor-widget-premium-addon-title\" data-id=\"bcce743\" data-element_type=\"widget\" data-widget_type=\"premium-addon-title.default\">\n\t\t\t\t<div class=\"elementor-widget-container\">\n\t\t\t\r\n\t\t<div class=\"premium-title-container style2\">\r\n\t\t\t<h5 class=\"premium-title-header premium-title-style2\">\r\n\t\t\t\t\r\n\t\t\t\t\t\t\t\t\t\t\t\t\t\t\t<div class=\"premium-title-icon premium-lottie-animation\" data-lottie-url=\"https:\/\/assets8.lottiefiles.com\/packages\/lf20_pcfclxy8.json\" data-lottie-loop=\"true\" data-lottie-reverse=\"\"><\/div>\r\n\t\t\t\t\t\t\t\t\t\r\n\t\t\t\t\t\t\t\t\t\t\t\t<span class=\"premium-title-text\" >\r\n\t\t\t\t\t\t\t\t\t<\/span>\r\n\t\t\t\t\t\r\n\t\t\t\t\t\t\t\t\t\t\t<\/h5>\r\n\t\t<\/div>\r\n\r\n\t\t\t\t<\/div>\n\t\t\t\t<\/div>\n\t\t\t\t\t<\/div>\n\t\t<\/div>\n\t\t\t\t\t<\/div>\n\t\t<\/section>\n\t\t\t\t<section class=\"elementor-section elementor-top-section elementor-element elementor-element-13b35dd5 elementor-section-boxed elementor-section-height-default elementor-section-height-default\" data-id=\"13b35dd5\" data-element_type=\"section\">\n\t\t\t\t\t\t<div class=\"elementor-container elementor-column-gap-default\">\n\t\t\t\t\t<div class=\"elementor-column elementor-col-100 elementor-top-column elementor-element elementor-element-1a82e654\" data-id=\"1a82e654\" data-element_type=\"column\">\n\t\t\t<div class=\"elementor-widget-wrap elementor-element-populated\">\n\t\t\t\t\t\t<div class=\"elementor-element elementor-element-29687692 elementor-widget elementor-widget-text-editor\" data-id=\"29687692\" data-element_type=\"widget\" data-widget_type=\"text-editor.default\">\n\t\t\t\t<div class=\"elementor-widget-container\">\n\t\t\t\t\t\t\t<p><span style=\"font-weight: 400;\">Chetumal, Quintana Roo, 3 de junio de 2025.- La presidenta municipal de Playa del Carmen, Estefan\u00eda Mercado, asisti\u00f3 hoy a la Primera Sesi\u00f3n Ordinaria del Consejo Estatal de Protecci\u00f3n Civil e instalaci\u00f3n del Comit\u00e9 Operativo de Protecci\u00f3n Civil para la Temporada de Lluvias y Ciclones Tropicales 2025, presidida por la gobernadora Mara Lezama.<\/span><\/p><p>\u00a0<\/p><p><span style=\"font-weight: 400;\">El objetivo es fortalecer la cultura de la prevenci\u00f3n y brindar informaci\u00f3n oportuna a la poblaci\u00f3n, turistas y visitantes, dijo la Gobernadora durante el evento en el que estuvo acompa\u00f1ada por representantes de las fuerzas armadas, la Guardia Nacional y autoridades de Protecci\u00f3n Civil, as\u00ed como presidentas y presidentes municipales.<\/span><\/p><p>\u00a0<\/p><p><span style=\"font-weight: 400;\">\u201cQuintana Roo, este gran Estado, est\u00e1 preparado con estrategia, con organizaci\u00f3n y con un enorme coraz\u00f3n\u201d, dijo durante la reuni\u00f3n, que tuvo lugar en el Sal\u00f3n Cuna del Mestizaje, en Palacio de Gobierno.<\/span><\/p><p>\u00a0<\/p><p><span style=\"font-weight: 400;\">En este marco se explic\u00f3 que el Comit\u00e9 Operativo se encargar\u00e1 de gestionar eficazmente los riesgos asociados con la temporada de lluvias y ciclones tropicales de este a\u00f1o, proporcionando orientaci\u00f3n sobre los pasos a seguir para enfrentarlos con \u00e9xito.<\/span><\/p><p>\u00a0<\/p><p><span style=\"font-weight: 400;\">Cristina Torres, secretaria de Gobierno subray\u00f3 la seriedad y la participaci\u00f3n con la que gobernadora Mara Lezama aborda la cultura de la prevenci\u00f3n y la mitigaci\u00f3n de riesgos por los fen\u00f3menos hidrometeorol\u00f3gicos.<\/span><\/p><p>\u00a0<\/p><p><span style=\"font-weight: 400;\">Indic\u00f3 que la ubicaci\u00f3n geogr\u00e1fica de Quintana Roo nos coloca en una situaci\u00f3n vulnerable, por lo que la labor de cada uno de los integrantes de este Comit\u00e9 para proteger y salvaguardar la vida de las y los quintanarroenses es fundamental.<\/span><\/p><p>\u00a0<\/p><p><span style=\"font-weight: 400;\">Por su parte, la presidenta municipal Estefan\u00eda Mercado reconoci\u00f3 el liderazgo de la gobernadora Mara Lezama y el apoyo invaluable de las fuerzas armadas y todas las dependencias involucradas para hacer frente a\u00f1o con a\u00f1o a las temporadas de Lluvias y Ciclones Tropicales.<\/span><\/p><p>\u00a0<\/p><p><span style=\"font-weight: 400;\">\u201cEn Playa del Carmen la prevenci\u00f3n es prioridad y la protecci\u00f3n de la vida es nuestra mayor responsabilidad, por eso nos preparamos desde ahora, en unidad con los gobiernos estatal y federal, para actuar con oportunidad y eficacia ante cualquier contingencia\u201d, destac\u00f3 la Alcaldesa, quien estuvo acompa\u00f1ada por el secretario de Protecci\u00f3n Civil, Prevenci\u00f3n de Riesgos y Bomberos, Darwin Covarrubias.<\/span><\/p><p>\u00a0<\/p><p><span style=\"font-weight: 400;\">Previamente, la presidenta Estefan\u00eda Mercado particip\u00f3 en una reuni\u00f3n encabezada por la gobernadora Mara Lezama, para coordinar la planeaci\u00f3n del Fondo de Aportaciones para la Infraestructura Social (FAIS), en la que reafirm\u00f3 su compromiso de reducir el rezago social y mejorar la infraestructura b\u00e1sica en beneficio de la ciudadan\u00eda.<\/span><\/p><p>\u00a0<\/p><p><span style=\"font-weight: 400;\">Durante la sesi\u00f3n con autoridades de los tres \u00f3rdenes de gobierno, destac\u00f3 que su administraci\u00f3n ha comprometido 900 millones de pesos para obras de infraestructura social, incluyendo el rescate de espacios deportivos y la construcci\u00f3n de parques seguros para ni\u00f1as, ni\u00f1os y j\u00f3venes.<\/span><\/p><p>\u00a0<\/p><p><span style=\"font-weight: 400;\">Asimismo, inform\u00f3 sobre los avances en programas de bacheo y pavimentaci\u00f3n, realizados con est\u00e1ndares internacionales, pavimentos de 5 a 7 cm de espesor, guarniciones, banquetas y se\u00f1alizaci\u00f3n adecuada, lo que mejorar\u00e1 la movilidad urbana y la seguridad vial.<\/span><\/p>\t\t\t\t\t\t<\/div>\n\t\t\t\t<\/div>\n\t\t\t\t\t<\/div>\n\t\t<\/div>\n\t\t\t\t\t<\/div>\n\t\t<\/section>\n\t\t\t\t<section class=\"elementor-section elementor-top-section elementor-element elementor-element-72f2037d elementor-section-boxed elementor-section-height-default elementor-section-height-default\" data-id=\"72f2037d\" data-element_type=\"section\">\n\t\t\t\t\t\t<div class=\"elementor-container elementor-column-gap-default\">\n\t\t\t\t\t<div class=\"elementor-column elementor-col-100 elementor-top-column elementor-element elementor-element-3c1f8f56\" data-id=\"3c1f8f56\" data-element_type=\"column\">\n\t\t\t<div class=\"elementor-widget-wrap elementor-element-populated\">\n\t\t\t\t\t\t<div class=\"elementor-element elementor-element-3bccd73d elementor-widget elementor-widget-gallery\" data-id=\"3bccd73d\" data-element_type=\"widget\" data-settings=\"{&quot;gallery_layout&quot;:&quot;justified&quot;,&quot;lazyload&quot;:&quot;yes&quot;,&quot;ideal_row_height&quot;:{&quot;unit&quot;:&quot;px&quot;,&quot;size&quot;:200,&quot;sizes&quot;:[]},&quot;ideal_row_height_tablet&quot;:{&quot;unit&quot;:&quot;px&quot;,&quot;size&quot;:150,&quot;sizes&quot;:[]},&quot;ideal_row_height_mobile&quot;:{&quot;unit&quot;:&quot;px&quot;,&quot;size&quot;:150,&quot;sizes&quot;:[]},&quot;gap&quot;:{&quot;unit&quot;:&quot;px&quot;,&quot;size&quot;:10,&quot;sizes&quot;:[]},&quot;gap_tablet&quot;:{&quot;unit&quot;:&quot;px&quot;,&quot;size&quot;:10,&quot;sizes&quot;:[]},&quot;gap_mobile&quot;:{&quot;unit&quot;:&quot;px&quot;,&quot;size&quot;:10,&quot;sizes&quot;:[]},&quot;link_to&quot;:&quot;file&quot;,&quot;overlay_background&quot;:&quot;yes&quot;,&quot;content_hover_animation&quot;:&quot;fade-in&quot;}\" data-widget_type=\"gallery.default\">\n\t\t\t\t<div class=\"elementor-widget-container\">\n\t\t\t\t\t<div class=\"elementor-gallery__container\">\n\t\t\t\t\t\t\t<a class=\"e-gallery-item elementor-gallery-item elementor-animated-content\" href=\"https:\/\/transformarqroo.com\/wp-content\/uploads\/2025\/06\/Playa-03_Jun1.jpg\" data-elementor-open-lightbox=\"yes\" data-elementor-lightbox-slideshow=\"3bccd73d\" data-elementor-lightbox-title=\"Playa 03_Jun(1)\" data-e-action-hash=\"#elementor-action%3Aaction%3Dlightbox%26settings%3DeyJpZCI6NDAzNTIsInVybCI6Imh0dHBzOlwvXC90cmFuc2Zvcm1hcnFyb28uY29tXC93cC1jb250ZW50XC91cGxvYWRzXC8yMDI1XC8wNlwvUGxheWEtMDNfSnVuMS5qcGciLCJzbGlkZXNob3ciOiIzYmNjZDczZCJ9\">\n\t\t\t\t\t<div class=\"e-gallery-image elementor-gallery-item__image\" data-thumbnail=\"https:\/\/transformarqroo.com\/wp-content\/uploads\/2025\/06\/Playa-03_Jun1.jpg\" data-width=\"1280\" data-height=\"664\" aria-label=\"\" role=\"img\" ><\/div>\n\t\t\t\t\t\t\t\t\t\t\t<div class=\"elementor-gallery-item__overlay\"><\/div>\n\t\t\t\t\t\t\t\t\t\t\t\t\t\t<\/a>\n\t\t\t\t\t\t\t<a class=\"e-gallery-item elementor-gallery-item elementor-animated-content\" href=\"https:\/\/transformarqroo.com\/wp-content\/uploads\/2025\/06\/Playa-03_Jun.jpg\" data-elementor-open-lightbox=\"yes\" data-elementor-lightbox-slideshow=\"3bccd73d\" data-elementor-lightbox-title=\"Playa 03_Jun\" data-e-action-hash=\"#elementor-action%3Aaction%3Dlightbox%26settings%3DeyJpZCI6NDAzNTMsInVybCI6Imh0dHBzOlwvXC90cmFuc2Zvcm1hcnFyb28uY29tXC93cC1jb250ZW50XC91cGxvYWRzXC8yMDI1XC8wNlwvUGxheWEtMDNfSnVuLmpwZyIsInNsaWRlc2hvdyI6IjNiY2NkNzNkIn0%3D\">\n\t\t\t\t\t<div class=\"e-gallery-image elementor-gallery-item__image\" data-thumbnail=\"https:\/\/transformarqroo.com\/wp-content\/uploads\/2025\/06\/Playa-03_Jun.jpg\" data-width=\"1280\" data-height=\"853\" aria-label=\"\" role=\"img\" ><\/div>\n\t\t\t\t\t\t\t\t\t\t\t<div class=\"elementor-gallery-item__overlay\"><\/div>\n\t\t\t\t\t\t\t\t\t\t\t\t\t\t<\/a>\n\t\t\t\t\t<\/div>\n\t\t\t<\/div>\n\t\t\t\t<\/div>\n\t\t\t\t\t<\/div>\n\t\t<\/div>\n\t\t\t\t\t<\/div>\n\t\t<\/section>\n\t\t\t\t<\/div>\n\t\t","protected":false},"excerpt":{"rendered":"<p>Chetumal, Quintana Roo, 3 de junio de 2025.- La presidenta municipal de Playa del Carmen, Estefan\u00eda Mercado, asisti\u00f3 hoy a la Primera Sesi\u00f3n Ordinaria del Consejo Estatal de Protecci\u00f3n Civil e instalaci\u00f3n del Comit\u00e9 Operativo de Protecci\u00f3n Civil para la Temporada de Lluvias y Ciclones Tropicales 2025, presidida por la gobernadora Mara Lezama. \u00a0 El [&hellip;]<\/p>\n","protected":false},"author":1,"featured_media":40353,"comment_status":"closed","ping_status":"closed","sticky":false,"template":"","format":"standard","meta":{"_FSMCFIC_featured_image_caption":"","_FSMCFIC_featured_image_nocaption":"","_FSMCFIC_featured_image_hide":"","footnotes":""},"categories":[32,30],"tags":[],"class_list":["post-40351","post","type-post","status-publish","format-standard","has-post-thumbnail","hentry","category-municipios","category-solidaridad"],"aioseo_notices":[],"_links":{"self":[{"href":"https:\/\/transformarqroo.com\/index.php\/wp-json\/wp\/v2\/posts\/40351","targetHints":{"allow":["GET"]}}],"collection":[{"href":"https:\/\/transformarqroo.com\/index.php\/wp-json\/wp\/v2\/posts"}],"about":[{"href":"https:\/\/transformarqroo.com\/index.php\/wp-json\/wp\/v2\/types\/post"}],"author":[{"embeddable":true,"href":"https:\/\/transformarqroo.com\/index.php\/wp-json\/wp\/v2\/users\/1"}],"replies":[{"embeddable":true,"href":"https:\/\/transformarqroo.com\/index.php\/wp-json\/wp\/v2\/comments?post=40351"}],"version-history":[{"count":4,"href":"https:\/\/transformarqroo.com\/index.php\/wp-json\/wp\/v2\/posts\/40351\/revisions"}],"predecessor-version":[{"id":40369,"href":"https:\/\/transformarqroo.com\/index.php\/wp-json\/wp\/v2\/posts\/40351\/revisions\/40369"}],"wp:featuredmedia":[{"embeddable":true,"href":"https:\/\/transformarqroo.com\/index.php\/wp-json\/wp\/v2\/media\/40353"}],"wp:attachment":[{"href":"https:\/\/transformarqroo.com\/index.php\/wp-json\/wp\/v2\/media?parent=40351"}],"wp:term":[{"taxonomy":"category","embeddable":true,"href":"https:\/\/transformarqroo.com\/index.php\/wp-json\/wp\/v2\/categories?post=40351"},{"taxonomy":"post_tag","embeddable":true,"href":"https:\/\/transformarqroo.com\/index.php\/wp-json\/wp\/v2\/tags?post=40351"}],"curies":[{"name":"wp","href":"https:\/\/api.w.org\/{rel}","templated":true}]}}