{"id":40383,"date":"2025-06-07T01:26:05","date_gmt":"2025-06-07T06:26:05","guid":{"rendered":"https:\/\/transformarqroo.com\/?p=40383"},"modified":"2025-06-08T01:33:50","modified_gmt":"2025-06-08T06:33:50","slug":"atenea-gomez-ricalde-conmemora-el-dia-de-la-libertad-de-expresion-con-periodistas-y-comunicadores","status":"publish","type":"post","link":"https:\/\/transformarqroo.com\/index.php\/2025\/06\/07\/atenea-gomez-ricalde-conmemora-el-dia-de-la-libertad-de-expresion-con-periodistas-y-comunicadores\/","title":{"rendered":"ATENEA G\u00d3MEZ RICALDE CONMEMORA EL D\u00cdA DE LA LIBERTAD DE EXPRESI\u00d3N CON PERIODISTAS Y COMUNICADORES"},"content":{"rendered":"\t\t<div data-elementor-type=\"wp-post\" data-elementor-id=\"40383\" class=\"elementor elementor-40383\" data-elementor-post-type=\"post\">\n\t\t\t\t\t\t<section class=\"elementor-section elementor-top-section elementor-element elementor-element-5a2a341c elementor-section-boxed elementor-section-height-default elementor-section-height-default\" data-id=\"5a2a341c\" data-element_type=\"section\">\n\t\t\t\t\t\t<div class=\"elementor-container elementor-column-gap-default\">\n\t\t\t\t\t<div class=\"elementor-column elementor-col-100 elementor-top-column elementor-element elementor-element-39352628\" data-id=\"39352628\" data-element_type=\"column\">\n\t\t\t<div class=\"elementor-widget-wrap elementor-element-populated\">\n\t\t\t\t\t\t<div class=\"elementor-element elementor-element-4704936d elementor-widget elementor-widget-premium-addon-banner\" data-id=\"4704936d\" data-element_type=\"widget\" data-widget_type=\"premium-addon-banner.default\">\n\t\t\t\t<div class=\"elementor-widget-container\">\n\t\t\t\t\t<div class=\"premium-banner-ib premium-banner-min-height premium-banner-animation7 none\">\r\n\t\t\t\t\t\t\t<div class=\"premium-banner-border\">\r\n\t\t\t\t\t<div class=\"premium-banner-br premium-banner-bleft premium-banner-brlr\"><\/div>\r\n\t\t\t\t\t<div class=\"premium-banner-br premium-banner-bright premium-banner-brlr\"><\/div>\r\n\t\t\t\t\t<div class=\"premium-banner-br premium-banner-btop premium-banner-brtb\"><\/div>\r\n\t\t\t\t\t<div class=\"premium-banner-br premium-banner-bottom premium-banner-brtb\"><\/div>\r\n\t\t\t\t<\/div>\r\n\t\t\t\t\t\t\t\t\t\t\t\t\t\t\t<img fetchpriority=\"high\" decoding=\"async\" width=\"1600\" height=\"1090\" src=\"https:\/\/transformarqroo.com\/wp-content\/uploads\/2025\/06\/Isla-07_Jun.jpg\" class=\"attachment-full size-full wp-image-40411\" alt=\"\" srcset=\"https:\/\/transformarqroo.com\/wp-content\/uploads\/2025\/06\/Isla-07_Jun.jpg 1600w, https:\/\/transformarqroo.com\/wp-content\/uploads\/2025\/06\/Isla-07_Jun-300x204.jpg 300w, https:\/\/transformarqroo.com\/wp-content\/uploads\/2025\/06\/Isla-07_Jun-1024x698.jpg 1024w, https:\/\/transformarqroo.com\/wp-content\/uploads\/2025\/06\/Isla-07_Jun-768x523.jpg 768w, https:\/\/transformarqroo.com\/wp-content\/uploads\/2025\/06\/Isla-07_Jun-1536x1046.jpg 1536w\" sizes=\"(max-width: 1600px) 100vw, 1600px\" \/>\t\t\t\t\t\t\t\t\t\t<div class=\"premium-banner-ib-desc\">\r\n\t\t\t\t\t\t\t\t\t<div class=\"premium-banner-desc-centered\">\r\n\t\t\t\t\t\t\t\t\t<h3 class=\"premium-banner-ib-title premium_banner_title\"><\/h3>\t\t\t\t\t\t\t\t\t\t\t\t\t<\/div>\r\n\t\t\t\t\t\t\t<\/div>\r\n\t\t\t\t\t<\/div>\r\n\t\t\t\t\t\t<\/div>\n\t\t\t\t<\/div>\n\t\t\t\t\t<\/div>\n\t\t<\/div>\n\t\t\t\t\t<\/div>\n\t\t<\/section>\n\t\t\t\t<section class=\"elementor-section elementor-top-section elementor-element elementor-element-1c66bddc elementor-section-boxed elementor-section-height-default elementor-section-height-default\" data-id=\"1c66bddc\" data-element_type=\"section\" data-settings=\"{&quot;background_background&quot;:&quot;classic&quot;}\">\n\t\t\t\t\t\t<div class=\"elementor-container elementor-column-gap-default\">\n\t\t\t\t\t<div class=\"elementor-column elementor-col-100 elementor-top-column elementor-element elementor-element-74b50d86\" data-id=\"74b50d86\" data-element_type=\"column\">\n\t\t\t<div class=\"elementor-widget-wrap elementor-element-populated\">\n\t\t\t\t\t\t<div class=\"elementor-element elementor-element-5579ff13 premium-title-icon-row premium-title-color elementor-widget elementor-widget-premium-addon-title\" data-id=\"5579ff13\" data-element_type=\"widget\" data-widget_type=\"premium-addon-title.default\">\n\t\t\t\t<div class=\"elementor-widget-container\">\n\t\t\t\r\n\t\t<div class=\"premium-title-container style2\">\r\n\t\t\t<h5 class=\"premium-title-header premium-title-style2\">\r\n\t\t\t\t\r\n\t\t\t\t\t\t\t\t\t\t\t\t\t\t\t<div class=\"premium-title-icon premium-lottie-animation\" data-lottie-url=\"https:\/\/assets8.lottiefiles.com\/packages\/lf20_pcfclxy8.json\" data-lottie-loop=\"true\" data-lottie-reverse=\"\"><\/div>\r\n\t\t\t\t\t\t\t\t\t\r\n\t\t\t\t\t\t\t\t\t\t\t\t<span class=\"premium-title-text\" >\r\n\t\t\t\t\t\t\t\t\t<\/span>\r\n\t\t\t\t\t\r\n\t\t\t\t\t\t\t\t\t\t\t<\/h5>\r\n\t\t<\/div>\r\n\r\n\t\t\t\t<\/div>\n\t\t\t\t<\/div>\n\t\t\t\t\t<\/div>\n\t\t<\/div>\n\t\t\t\t\t<\/div>\n\t\t<\/section>\n\t\t\t\t<section class=\"elementor-section elementor-top-section elementor-element elementor-element-39ea93d7 elementor-section-boxed elementor-section-height-default elementor-section-height-default\" data-id=\"39ea93d7\" data-element_type=\"section\">\n\t\t\t\t\t\t<div class=\"elementor-container elementor-column-gap-default\">\n\t\t\t\t\t<div class=\"elementor-column elementor-col-100 elementor-top-column elementor-element elementor-element-6ba15b48\" data-id=\"6ba15b48\" data-element_type=\"column\">\n\t\t\t<div class=\"elementor-widget-wrap elementor-element-populated\">\n\t\t\t\t\t\t<div class=\"elementor-element elementor-element-1c90599c elementor-widget elementor-widget-text-editor\" data-id=\"1c90599c\" data-element_type=\"widget\" data-widget_type=\"text-editor.default\">\n\t\t\t\t<div class=\"elementor-widget-container\">\n\t\t\t\t\t\t\t<p>Texto 1<\/p><p><span style=\"font-weight: 400;\">Isla Mujeres, Quintana Roo a 7 de junio. &#8211; El Gobierno de Isla Mujeres, encabezado por la Presidenta Municipal Atenea G\u00f3mez Ricalde, llev\u00f3 a cabo un desayuno conmemorativo por el D\u00eda de la Libertad de Expresi\u00f3n, en un ambiente de respeto, convivencia y reconocimiento a quienes ejercen el periodismo.<\/span><\/p><p>\u00a0<\/p><p><span style=\"font-weight: 400;\">Durante el evento, la Presidenta Municipal destac\u00f3 que en su gobierno se promueve la libertad de expresi\u00f3n como pilar de la vida p\u00fablica y como garant\u00eda para una sociedad m\u00e1s participativa e informada.\u00a0<\/span><\/p><p>\u00a0<\/p><p><span style=\"font-weight: 400;\">La alcaldesa isle\u00f1a, reconoci\u00f3 la labor de las y los comunicadores que, con compromiso y \u00e9tica, contribuyen a fortalecer la voz de la ciudadan\u00eda, a visibilizar causas justas y a promover la rendici\u00f3n de cuentas.<\/span><\/p><p>\u00a0<\/p><p><span style=\"font-weight: 400;\">En un ambiente cercano y ameno, se comparti\u00f3 el desayuno con representantes de medios de comunicaci\u00f3n locales, quienes disfrutaron de las presentaciones art\u00edsticas de Carlos Pat y el d\u00fao Cielo Chulim N\u00fa\u00f1ez y Carlos Leopoldo Garc\u00eda Garc\u00eda, de la Casa del Adulto Mayor de la Zona Continental, quienes fueron parte importante de esta jornada de convivencia.<\/span><\/p><p>\u00a0<\/p><p><span style=\"font-weight: 400;\">Como parte de esta conmemoraci\u00f3n, se llevaron a cabo rifas y din\u00e1micas de convivencia, fomentando un momento de di\u00e1logo y fraternidad entre autoridades y representantes de los medios.\u00a0<\/span><\/p><p>\u00a0<\/p><p><span style=\"font-weight: 400;\">Esta fecha, que se celebra cada 7 de junio desde 1951, fue instaurada por los editores de peri\u00f3dicos y el entonces presidente de la Rep\u00fablica, Miguel Alem\u00e1n Vald\u00e9s, con el prop\u00f3sito de resaltar la trascendencia de este derecho fundamental para la vida democr\u00e1tica del pa\u00eds.<\/span><\/p><p>\u00a0<\/p><p><span style=\"font-weight: 400;\">Tambi\u00e9n asistieron a la celebraci\u00f3n la Presidenta Honoraria del Sistema para el Desarrollo Integral de la Familia (DIF) Municipal, Alicia Ricalde Maga\u00f1a; el Director General de Comunicaci\u00f3n; Carlos Enrique Gasca Arceo; la Directora de Comunicaci\u00f3n, Gladys Yesenia Chim D\u00edaz; el S\u00edndico Municipal, Jos\u00e9 In\u00e9s Aguilar Rodr\u00edguez; los regidores Isla del Mar Maga\u00f1a L\u00f3pez y Jes\u00fas Orlando Silva Koh y el Comisario Ejidal, Manolo N\u00fa\u00f1ez.<\/span><\/p><p>\u00a0<\/p><p><span style=\"font-weight: 400;\">El Gobierno Municipal, reconoce y respalda el ejercicio del periodismo, convencido de que una sociedad bien informada es una sociedad m\u00e1s justa, m\u00e1s fuerte y m\u00e1s unida.<\/span><\/p>\t\t\t\t\t\t<\/div>\n\t\t\t\t<\/div>\n\t\t\t\t\t<\/div>\n\t\t<\/div>\n\t\t\t\t\t<\/div>\n\t\t<\/section>\n\t\t\t\t<section class=\"elementor-section elementor-top-section elementor-element elementor-element-4a31ad0c elementor-section-boxed elementor-section-height-default elementor-section-height-default\" data-id=\"4a31ad0c\" data-element_type=\"section\">\n\t\t\t\t\t\t<div class=\"elementor-container elementor-column-gap-default\">\n\t\t\t\t\t<div class=\"elementor-column elementor-col-100 elementor-top-column elementor-element elementor-element-e16b5bb\" data-id=\"e16b5bb\" data-element_type=\"column\">\n\t\t\t<div class=\"elementor-widget-wrap elementor-element-populated\">\n\t\t\t\t\t\t<div class=\"elementor-element elementor-element-557d6ecf elementor-widget elementor-widget-gallery\" data-id=\"557d6ecf\" data-element_type=\"widget\" data-settings=\"{&quot;gallery_layout&quot;:&quot;justified&quot;,&quot;lazyload&quot;:&quot;yes&quot;,&quot;ideal_row_height&quot;:{&quot;unit&quot;:&quot;px&quot;,&quot;size&quot;:200,&quot;sizes&quot;:[]},&quot;ideal_row_height_tablet&quot;:{&quot;unit&quot;:&quot;px&quot;,&quot;size&quot;:150,&quot;sizes&quot;:[]},&quot;ideal_row_height_mobile&quot;:{&quot;unit&quot;:&quot;px&quot;,&quot;size&quot;:150,&quot;sizes&quot;:[]},&quot;gap&quot;:{&quot;unit&quot;:&quot;px&quot;,&quot;size&quot;:10,&quot;sizes&quot;:[]},&quot;gap_tablet&quot;:{&quot;unit&quot;:&quot;px&quot;,&quot;size&quot;:10,&quot;sizes&quot;:[]},&quot;gap_mobile&quot;:{&quot;unit&quot;:&quot;px&quot;,&quot;size&quot;:10,&quot;sizes&quot;:[]},&quot;link_to&quot;:&quot;file&quot;,&quot;overlay_background&quot;:&quot;yes&quot;,&quot;content_hover_animation&quot;:&quot;fade-in&quot;}\" data-widget_type=\"gallery.default\">\n\t\t\t\t<div class=\"elementor-widget-container\">\n\t\t\t\t\t<div class=\"elementor-gallery__container\">\n\t\t\t\t\t\t\t<a class=\"e-gallery-item elementor-gallery-item elementor-animated-content\" href=\"https:\/\/transformarqroo.com\/wp-content\/uploads\/2025\/06\/Isla-07_Jun1.jpg\" data-elementor-open-lightbox=\"yes\" data-elementor-lightbox-slideshow=\"557d6ecf\" data-elementor-lightbox-title=\"Isla 07_Jun(1)\" data-e-action-hash=\"#elementor-action%3Aaction%3Dlightbox%26settings%3DeyJpZCI6NDA0MDcsInVybCI6Imh0dHBzOlwvXC90cmFuc2Zvcm1hcnFyb28uY29tXC93cC1jb250ZW50XC91cGxvYWRzXC8yMDI1XC8wNlwvSXNsYS0wN19KdW4xLmpwZyIsInNsaWRlc2hvdyI6IjU1N2Q2ZWNmIn0%3D\">\n\t\t\t\t\t<div class=\"e-gallery-image elementor-gallery-item__image\" data-thumbnail=\"https:\/\/transformarqroo.com\/wp-content\/uploads\/2025\/06\/Isla-07_Jun1.jpg\" data-width=\"1600\" data-height=\"823\" aria-label=\"\" role=\"img\" ><\/div>\n\t\t\t\t\t\t\t\t\t\t\t<div class=\"elementor-gallery-item__overlay\"><\/div>\n\t\t\t\t\t\t\t\t\t\t\t\t\t\t<\/a>\n\t\t\t\t\t\t\t<a class=\"e-gallery-item elementor-gallery-item elementor-animated-content\" href=\"https:\/\/transformarqroo.com\/wp-content\/uploads\/2025\/06\/Isla-07_Jun2.jpg\" data-elementor-open-lightbox=\"yes\" data-elementor-lightbox-slideshow=\"557d6ecf\" data-elementor-lightbox-title=\"Isla 07_Jun(2)\" data-e-action-hash=\"#elementor-action%3Aaction%3Dlightbox%26settings%3DeyJpZCI6NDA0MDgsInVybCI6Imh0dHBzOlwvXC90cmFuc2Zvcm1hcnFyb28uY29tXC93cC1jb250ZW50XC91cGxvYWRzXC8yMDI1XC8wNlwvSXNsYS0wN19KdW4yLmpwZyIsInNsaWRlc2hvdyI6IjU1N2Q2ZWNmIn0%3D\">\n\t\t\t\t\t<div class=\"e-gallery-image elementor-gallery-item__image\" data-thumbnail=\"https:\/\/transformarqroo.com\/wp-content\/uploads\/2025\/06\/Isla-07_Jun2.jpg\" data-width=\"1600\" data-height=\"1066\" aria-label=\"\" role=\"img\" ><\/div>\n\t\t\t\t\t\t\t\t\t\t\t<div class=\"elementor-gallery-item__overlay\"><\/div>\n\t\t\t\t\t\t\t\t\t\t\t\t\t\t<\/a>\n\t\t\t\t\t\t\t<a class=\"e-gallery-item elementor-gallery-item elementor-animated-content\" href=\"https:\/\/transformarqroo.com\/wp-content\/uploads\/2025\/06\/Isla-07_Jun3.jpg\" data-elementor-open-lightbox=\"yes\" data-elementor-lightbox-slideshow=\"557d6ecf\" data-elementor-lightbox-title=\"Isla 07_Jun(3)\" data-e-action-hash=\"#elementor-action%3Aaction%3Dlightbox%26settings%3DeyJpZCI6NDA0MTAsInVybCI6Imh0dHBzOlwvXC90cmFuc2Zvcm1hcnFyb28uY29tXC93cC1jb250ZW50XC91cGxvYWRzXC8yMDI1XC8wNlwvSXNsYS0wN19KdW4zLmpwZyIsInNsaWRlc2hvdyI6IjU1N2Q2ZWNmIn0%3D\">\n\t\t\t\t\t<div class=\"e-gallery-image elementor-gallery-item__image\" data-thumbnail=\"https:\/\/transformarqroo.com\/wp-content\/uploads\/2025\/06\/Isla-07_Jun3.jpg\" data-width=\"1600\" data-height=\"1163\" aria-label=\"\" role=\"img\" ><\/div>\n\t\t\t\t\t\t\t\t\t\t\t<div class=\"elementor-gallery-item__overlay\"><\/div>\n\t\t\t\t\t\t\t\t\t\t\t\t\t\t<\/a>\n\t\t\t\t\t\t\t<a class=\"e-gallery-item elementor-gallery-item elementor-animated-content\" href=\"https:\/\/transformarqroo.com\/wp-content\/uploads\/2025\/06\/Isla-07_Jun.jpg\" data-elementor-open-lightbox=\"yes\" data-elementor-lightbox-slideshow=\"557d6ecf\" data-elementor-lightbox-title=\"Isla 07_Jun\" data-e-action-hash=\"#elementor-action%3Aaction%3Dlightbox%26settings%3DeyJpZCI6NDA0MTEsInVybCI6Imh0dHBzOlwvXC90cmFuc2Zvcm1hcnFyb28uY29tXC93cC1jb250ZW50XC91cGxvYWRzXC8yMDI1XC8wNlwvSXNsYS0wN19KdW4uanBnIiwic2xpZGVzaG93IjoiNTU3ZDZlY2YifQ%3D%3D\">\n\t\t\t\t\t<div class=\"e-gallery-image elementor-gallery-item__image\" data-thumbnail=\"https:\/\/transformarqroo.com\/wp-content\/uploads\/2025\/06\/Isla-07_Jun.jpg\" data-width=\"1600\" data-height=\"1090\" aria-label=\"\" role=\"img\" ><\/div>\n\t\t\t\t\t\t\t\t\t\t\t<div class=\"elementor-gallery-item__overlay\"><\/div>\n\t\t\t\t\t\t\t\t\t\t\t\t\t\t<\/a>\n\t\t\t\t\t<\/div>\n\t\t\t<\/div>\n\t\t\t\t<\/div>\n\t\t\t\t\t<\/div>\n\t\t<\/div>\n\t\t\t\t\t<\/div>\n\t\t<\/section>\n\t\t\t\t<\/div>\n\t\t","protected":false},"excerpt":{"rendered":"<p>Texto 1 Isla Mujeres, Quintana Roo a 7 de junio. &#8211; El Gobierno de Isla Mujeres, encabezado por la Presidenta Municipal Atenea G\u00f3mez Ricalde, llev\u00f3 a cabo un desayuno conmemorativo por el D\u00eda de la Libertad de Expresi\u00f3n, en un ambiente de respeto, convivencia y reconocimiento a quienes ejercen el periodismo. \u00a0 Durante el evento, [&hellip;]<\/p>\n","protected":false},"author":1,"featured_media":40411,"comment_status":"closed","ping_status":"closed","sticky":false,"template":"","format":"standard","meta":{"_FSMCFIC_featured_image_caption":"","_FSMCFIC_featured_image_nocaption":"","_FSMCFIC_featured_image_hide":"","footnotes":""},"categories":[32,25],"tags":[],"class_list":["post-40383","post","type-post","status-publish","format-standard","has-post-thumbnail","hentry","category-municipios","category-isla-mujeres"],"aioseo_notices":[],"_links":{"self":[{"href":"https:\/\/transformarqroo.com\/index.php\/wp-json\/wp\/v2\/posts\/40383","targetHints":{"allow":["GET"]}}],"collection":[{"href":"https:\/\/transformarqroo.com\/index.php\/wp-json\/wp\/v2\/posts"}],"about":[{"href":"https:\/\/transformarqroo.com\/index.php\/wp-json\/wp\/v2\/types\/post"}],"author":[{"embeddable":true,"href":"https:\/\/transformarqroo.com\/index.php\/wp-json\/wp\/v2\/users\/1"}],"replies":[{"embeddable":true,"href":"https:\/\/transformarqroo.com\/index.php\/wp-json\/wp\/v2\/comments?post=40383"}],"version-history":[{"count":4,"href":"https:\/\/transformarqroo.com\/index.php\/wp-json\/wp\/v2\/posts\/40383\/revisions"}],"predecessor-version":[{"id":40418,"href":"https:\/\/transformarqroo.com\/index.php\/wp-json\/wp\/v2\/posts\/40383\/revisions\/40418"}],"wp:featuredmedia":[{"embeddable":true,"href":"https:\/\/transformarqroo.com\/index.php\/wp-json\/wp\/v2\/media\/40411"}],"wp:attachment":[{"href":"https:\/\/transformarqroo.com\/index.php\/wp-json\/wp\/v2\/media?parent=40383"}],"wp:term":[{"taxonomy":"category","embeddable":true,"href":"https:\/\/transformarqroo.com\/index.php\/wp-json\/wp\/v2\/categories?post=40383"},{"taxonomy":"post_tag","embeddable":true,"href":"https:\/\/transformarqroo.com\/index.php\/wp-json\/wp\/v2\/tags?post=40383"}],"curies":[{"name":"wp","href":"https:\/\/api.w.org\/{rel}","templated":true}]}}