{"id":40652,"date":"2025-06-18T19:24:49","date_gmt":"2025-06-19T00:24:49","guid":{"rendered":"https:\/\/transformarqroo.com\/?p=40652"},"modified":"2025-06-20T19:26:10","modified_gmt":"2025-06-21T00:26:10","slug":"presenta-ana-paty-peralta-plan-municipal-de-desarrollo-2024-2027","status":"publish","type":"post","link":"https:\/\/transformarqroo.com\/index.php\/2025\/06\/18\/presenta-ana-paty-peralta-plan-municipal-de-desarrollo-2024-2027\/","title":{"rendered":"PRESENTA ANA PATY PERALTA PLAN MUNICIPAL DE DESARROLLO 2024-2027"},"content":{"rendered":"\t\t<div data-elementor-type=\"wp-post\" data-elementor-id=\"40652\" class=\"elementor elementor-40652\" data-elementor-post-type=\"post\">\n\t\t\t\t\t\t<section class=\"elementor-section elementor-top-section elementor-element elementor-element-7105ea08 elementor-section-boxed elementor-section-height-default elementor-section-height-default\" data-id=\"7105ea08\" data-element_type=\"section\">\n\t\t\t\t\t\t<div class=\"elementor-container elementor-column-gap-default\">\n\t\t\t\t\t<div class=\"elementor-column elementor-col-100 elementor-top-column elementor-element elementor-element-259d70d4\" data-id=\"259d70d4\" data-element_type=\"column\">\n\t\t\t<div class=\"elementor-widget-wrap elementor-element-populated\">\n\t\t\t\t\t\t<div class=\"elementor-element elementor-element-614f7a65 elementor-widget elementor-widget-premium-addon-banner\" data-id=\"614f7a65\" data-element_type=\"widget\" data-widget_type=\"premium-addon-banner.default\">\n\t\t\t\t<div class=\"elementor-widget-container\">\n\t\t\t\t\t<div class=\"premium-banner-ib premium-banner-min-height premium-banner-animation7 none\">\r\n\t\t\t\t\t\t\t<div class=\"premium-banner-border\">\r\n\t\t\t\t\t<div class=\"premium-banner-br premium-banner-bleft premium-banner-brlr\"><\/div>\r\n\t\t\t\t\t<div class=\"premium-banner-br premium-banner-bright premium-banner-brlr\"><\/div>\r\n\t\t\t\t\t<div class=\"premium-banner-br premium-banner-btop premium-banner-brtb\"><\/div>\r\n\t\t\t\t\t<div class=\"premium-banner-br premium-banner-bottom premium-banner-brtb\"><\/div>\r\n\t\t\t\t<\/div>\r\n\t\t\t\t\t\t\t\t\t\t\t\t\t\t\t<img fetchpriority=\"high\" decoding=\"async\" width=\"1280\" height=\"720\" src=\"https:\/\/transformarqroo.com\/wp-content\/uploads\/2025\/06\/Bj-18_Jun.jpg\" class=\"attachment-full size-full wp-image-40657\" alt=\"\" srcset=\"https:\/\/transformarqroo.com\/wp-content\/uploads\/2025\/06\/Bj-18_Jun.jpg 1280w, https:\/\/transformarqroo.com\/wp-content\/uploads\/2025\/06\/Bj-18_Jun-300x169.jpg 300w, https:\/\/transformarqroo.com\/wp-content\/uploads\/2025\/06\/Bj-18_Jun-1024x576.jpg 1024w, https:\/\/transformarqroo.com\/wp-content\/uploads\/2025\/06\/Bj-18_Jun-768x432.jpg 768w, https:\/\/transformarqroo.com\/wp-content\/uploads\/2025\/06\/Bj-18_Jun-100x56.jpg 100w\" sizes=\"(max-width: 1280px) 100vw, 1280px\" \/>\t\t\t\t\t\t\t\t\t\t<div class=\"premium-banner-ib-desc\">\r\n\t\t\t\t\t\t\t\t\t<div class=\"premium-banner-desc-centered\">\r\n\t\t\t\t\t\t\t\t\t<h3 class=\"premium-banner-ib-title premium_banner_title\"><\/h3>\t\t\t\t\t\t\t\t\t\t\t\t\t<\/div>\r\n\t\t\t\t\t\t\t<\/div>\r\n\t\t\t\t\t<\/div>\r\n\t\t\t\t\t\t<\/div>\n\t\t\t\t<\/div>\n\t\t\t\t\t<\/div>\n\t\t<\/div>\n\t\t\t\t\t<\/div>\n\t\t<\/section>\n\t\t\t\t<section class=\"elementor-section elementor-top-section elementor-element elementor-element-4f677707 elementor-section-boxed elementor-section-height-default elementor-section-height-default\" data-id=\"4f677707\" data-element_type=\"section\" data-settings=\"{&quot;background_background&quot;:&quot;classic&quot;}\">\n\t\t\t\t\t\t<div class=\"elementor-container elementor-column-gap-default\">\n\t\t\t\t\t<div class=\"elementor-column elementor-col-100 elementor-top-column elementor-element elementor-element-61b899c9\" data-id=\"61b899c9\" data-element_type=\"column\">\n\t\t\t<div class=\"elementor-widget-wrap elementor-element-populated\">\n\t\t\t\t\t\t<div class=\"elementor-element elementor-element-6d2dc2cf premium-title-icon-row premium-title-color elementor-widget elementor-widget-premium-addon-title\" data-id=\"6d2dc2cf\" data-element_type=\"widget\" data-widget_type=\"premium-addon-title.default\">\n\t\t\t\t<div class=\"elementor-widget-container\">\n\t\t\t\r\n\t\t<div class=\"premium-title-container style2\">\r\n\t\t\t<h5 class=\"premium-title-header premium-title-style2\">\r\n\t\t\t\t\r\n\t\t\t\t\t\t\t\t\t\t\t\t\t\t\t<div class=\"premium-title-icon premium-lottie-animation\" data-lottie-url=\"https:\/\/assets8.lottiefiles.com\/packages\/lf20_pcfclxy8.json\" data-lottie-loop=\"true\" data-lottie-reverse=\"\"><\/div>\r\n\t\t\t\t\t\t\t\t\t\r\n\t\t\t\t\t\t\t\t\t\t\t\t<span class=\"premium-title-text\" >\r\n\t\t\t\t\t\t\t\t\t<\/span>\r\n\t\t\t\t\t\r\n\t\t\t\t\t\t\t\t\t\t\t<\/h5>\r\n\t\t<\/div>\r\n\r\n\t\t\t\t<\/div>\n\t\t\t\t<\/div>\n\t\t\t\t\t<\/div>\n\t\t<\/div>\n\t\t\t\t\t<\/div>\n\t\t<\/section>\n\t\t\t\t<section class=\"elementor-section elementor-top-section elementor-element elementor-element-4d271d9a elementor-section-boxed elementor-section-height-default elementor-section-height-default\" data-id=\"4d271d9a\" data-element_type=\"section\">\n\t\t\t\t\t\t<div class=\"elementor-container elementor-column-gap-default\">\n\t\t\t\t\t<div class=\"elementor-column elementor-col-100 elementor-top-column elementor-element elementor-element-2f93cc1f\" data-id=\"2f93cc1f\" data-element_type=\"column\">\n\t\t\t<div class=\"elementor-widget-wrap elementor-element-populated\">\n\t\t\t\t\t\t<div class=\"elementor-element elementor-element-492064fe elementor-widget elementor-widget-text-editor\" data-id=\"492064fe\" data-element_type=\"widget\" data-widget_type=\"text-editor.default\">\n\t\t\t\t<div class=\"elementor-widget-container\">\n\t\t\t\t\t\t\t<p><span style=\"font-weight: 400;\">Canc\u00fan, Q. R., a 18 de junio de 2025.- Para consolidar un Canc\u00fan m\u00e1s justo, humano y ordenado, donde se refleje el segundo piso de la Cuarta Transformaci\u00f3n, la Presidenta Municipal, Ana Paty Peralta, present\u00f3 de manera clara y estructurada a trav\u00e9s de un material audiovisual, el Plan Municipal de Desarrollo (PMD) 2024-2027, que contempla 4 objetivos estrat\u00e9gicos, 23 objetivos, 76 estrategias, 230 l\u00edneas de acci\u00f3n, 331 indicadores, 331 metas, 13 proyectos estrat\u00e9gicos y 25 programas, los cuales est\u00e1n alineados al Plan Estatal y al Plan Nacional de Desarrollo.<\/span><\/p><p>\u00a0<\/p><p><span style=\"font-weight: 400;\">\u201cEste Plan Municipal de Desarrollo es m\u00e1s que un documento: es una visi\u00f3n de futuro. Esta gu\u00eda no es m\u00eda, no es de un gobierno, es de todas y todos; de quienes exigen justicia, quienes creen en la transformaci\u00f3n, de las juventudes que asumen con entusiasmo su papel como protagonistas de la transformaci\u00f3n, de las ni\u00f1as y los ni\u00f1os que sue\u00f1an con un gran futuro, de las mujeres que exigen y merecen una sociedad m\u00e1s igualitaria, de los adultos mayores que merecen un trato digno, de las personas con discapacidad que reclaman una ciudad m\u00e1s incluyente, as\u00ed como de los empresarios y emprendedores que diversifican nuestra econom\u00eda y generan bienestar\u201d, destac\u00f3.\u00a0<\/span><\/p><p>\u00a0<\/p><p><span style=\"font-weight: 400;\">Frente a ciudadanos y servidores p\u00fablicos que se dieron cita en el Teatro de la Ciudad, la Alcaldesa comparti\u00f3 su proyecci\u00f3n para el desarrollo del Canc\u00fan de los pr\u00f3ximos dos a\u00f1os, as\u00ed c\u00f3mo de las bases que ayudar\u00e1n a dar camino a la mejor versi\u00f3n de la ciudad pode d\u00e9cadas, y posteriormente habl\u00f3 sobre este documento construido a partir de la voz del pueblo, el cual detall\u00f3 que est\u00e1 enfocado en cuatro ejes fundamentales: Prosperidad Compartida y Justicia Social, Gobierno Humanista y de Resultados, Todos por la Paz, y Medio Ambiente y Desarrollo Sostenible, para avanzar con eficiencia, con transparencia y sin corrupci\u00f3n.<\/span><\/p><p>\u00a0<\/p><p><span style=\"font-weight: 400;\">\u201cEn Canc\u00fan no hay marcha atr\u00e1s. La transformaci\u00f3n no se detiene, porque somos un pueblo que no se rinde, un pueblo que aprendi\u00f3 que la esperanza puede m\u00e1s que el abandono. Que cuando se gobierna diferente, con visi\u00f3n humanista, las cosas cambian\u201d, finaliz\u00f3.\u00a0<\/span><\/p><p><span style=\"font-weight: 400;\">Adem\u00e1s, reconoci\u00f3 que para lograr dicho documento se cont\u00f3 con la participaci\u00f3n de miles de ciudadanos que se sumaron a los foros de consulta, as\u00ed como al Consejo Ciudadano de Planeaci\u00f3n y a todos los cancunenses que han asistido a las Jornadas de Atenci\u00f3n Ciudadana \u201cCanc\u00fan nos une\u201d, a quienes han alzado la voz y se les ha tomado en cuenta para ser part\u00edcipes de la transformaci\u00f3n.\u00a0<\/span><\/p><p>\u00a0<\/p><p><span style=\"font-weight: 400;\">Al hablar de Prosperidad Compartida y Justicia Social, Ana Paty Peralta coment\u00f3 que se ha logrado una inversi\u00f3n hist\u00f3rica, con Obras de 0 a 100, les estamos cambiando la vida a miles de familias; mientras que en el eje Gobierno Humanista y de Resultados asegur\u00f3 que se centra en la transparencia, la honestidad del servicio p\u00fablico y en que cada peso del presupuesto se vea reflejado en mejor calidad de vida para las y los cancunenses.<\/span><\/p><p>\u00a0<\/p><p><span style=\"font-weight: 400;\">Tambi\u00e9n explic\u00f3 que en el marco de Todos por la Paz el compromiso es la seguridad y la reconstrucci\u00f3n de la paz, con m\u00e1s inversi\u00f3n en prevenci\u00f3n y atenci\u00f3n de adicciones, en cultura, en deporte, el arte y la educaci\u00f3n como ejes fundamentales para la paz. Finalmente, sobre Medio Ambiente y Desarrollo Sostenible dijo que se impulsar\u00e1 el desarrollo urbano, ordenamiento territorial y medio ambiente sustentable con infraestructura b\u00e1sica urbana, mejoramiento de imagen, servicios y obras p\u00fablicas dignas.<\/span><\/p><p>\u00a0<\/p><p><span style=\"font-weight: 400;\">Durante el acto, invit\u00f3 a los asistentes a realizar una pr\u00e1ctica y entrar a la p\u00e1gina a trav\u00e9s de un c\u00f3digo QR, para conocer a detalle el PMD, descubrir cada una de las l\u00edneas de acci\u00f3n, programas y proyectos, as\u00ed como compartir sus sugerencias para seguir moldeando el instrumento rector del Canc\u00fan del futuro.<\/span><\/p><p>\u00a0<\/p><p><span style=\"font-weight: 400;\">Esta acci\u00f3n cont\u00f3 con el respaldo del titular de la Subsecretar\u00eda Social e Interinstitucional en la Zona Norte, Francisco Alejandro Carrillo Flores, en representaci\u00f3n de la gobernadora Mara Lezama; el magistrado presidente de la Suprema Corte de Justicia de Quintana Roo, Heyden Cebada Rivas; el presidente de la Junta de Gobierno y Coordinaci\u00f3n Pol\u00edtica de la XVIII Legislatura del Congreso del Estado de Quintana Roo, Jorge Arturo Sanen Cervantes; entre otras autoridades<\/span><\/p>\t\t\t\t\t\t<\/div>\n\t\t\t\t<\/div>\n\t\t\t\t\t<\/div>\n\t\t<\/div>\n\t\t\t\t\t<\/div>\n\t\t<\/section>\n\t\t\t\t<section class=\"elementor-section elementor-top-section elementor-element elementor-element-3513ceb elementor-section-boxed elementor-section-height-default elementor-section-height-default\" data-id=\"3513ceb\" data-element_type=\"section\">\n\t\t\t\t\t\t<div class=\"elementor-container elementor-column-gap-default\">\n\t\t\t\t\t<div class=\"elementor-column elementor-col-100 elementor-top-column elementor-element elementor-element-1f53eb1\" data-id=\"1f53eb1\" data-element_type=\"column\">\n\t\t\t<div class=\"elementor-widget-wrap elementor-element-populated\">\n\t\t\t\t\t\t<div class=\"elementor-element elementor-element-e577cee elementor-widget elementor-widget-gallery\" data-id=\"e577cee\" data-element_type=\"widget\" data-settings=\"{&quot;gallery_layout&quot;:&quot;justified&quot;,&quot;lazyload&quot;:&quot;yes&quot;,&quot;ideal_row_height&quot;:{&quot;unit&quot;:&quot;px&quot;,&quot;size&quot;:200,&quot;sizes&quot;:[]},&quot;ideal_row_height_tablet&quot;:{&quot;unit&quot;:&quot;px&quot;,&quot;size&quot;:150,&quot;sizes&quot;:[]},&quot;ideal_row_height_mobile&quot;:{&quot;unit&quot;:&quot;px&quot;,&quot;size&quot;:150,&quot;sizes&quot;:[]},&quot;gap&quot;:{&quot;unit&quot;:&quot;px&quot;,&quot;size&quot;:10,&quot;sizes&quot;:[]},&quot;gap_tablet&quot;:{&quot;unit&quot;:&quot;px&quot;,&quot;size&quot;:10,&quot;sizes&quot;:[]},&quot;gap_mobile&quot;:{&quot;unit&quot;:&quot;px&quot;,&quot;size&quot;:10,&quot;sizes&quot;:[]},&quot;link_to&quot;:&quot;file&quot;,&quot;overlay_background&quot;:&quot;yes&quot;,&quot;content_hover_animation&quot;:&quot;fade-in&quot;}\" data-widget_type=\"gallery.default\">\n\t\t\t\t<div class=\"elementor-widget-container\">\n\t\t\t\t\t<div class=\"elementor-gallery__container\">\n\t\t\t\t\t\t\t<a class=\"e-gallery-item elementor-gallery-item elementor-animated-content\" href=\"https:\/\/transformarqroo.com\/wp-content\/uploads\/2025\/06\/Bj-18_Jun1.jpg\" data-elementor-open-lightbox=\"yes\" data-elementor-lightbox-slideshow=\"e577cee\" data-elementor-lightbox-title=\"Bj 18_Jun(1)\" data-e-action-hash=\"#elementor-action%3Aaction%3Dlightbox%26settings%3DeyJpZCI6NDA2NTMsInVybCI6Imh0dHBzOlwvXC90cmFuc2Zvcm1hcnFyb28uY29tXC93cC1jb250ZW50XC91cGxvYWRzXC8yMDI1XC8wNlwvQmotMThfSnVuMS5qcGciLCJzbGlkZXNob3ciOiJlNTc3Y2VlIn0%3D\">\n\t\t\t\t\t<div class=\"e-gallery-image elementor-gallery-item__image\" data-thumbnail=\"https:\/\/transformarqroo.com\/wp-content\/uploads\/2025\/06\/Bj-18_Jun1.jpg\" data-width=\"1280\" data-height=\"798\" aria-label=\"\" role=\"img\" ><\/div>\n\t\t\t\t\t\t\t\t\t\t\t<div class=\"elementor-gallery-item__overlay\"><\/div>\n\t\t\t\t\t\t\t\t\t\t\t\t\t\t<\/a>\n\t\t\t\t\t\t\t<a class=\"e-gallery-item elementor-gallery-item elementor-animated-content\" href=\"https:\/\/transformarqroo.com\/wp-content\/uploads\/2025\/06\/Bj-18_Jun2.jpg\" data-elementor-open-lightbox=\"yes\" data-elementor-lightbox-slideshow=\"e577cee\" data-elementor-lightbox-title=\"Bj 18_Jun(2)\" data-e-action-hash=\"#elementor-action%3Aaction%3Dlightbox%26settings%3DeyJpZCI6NDA2NTQsInVybCI6Imh0dHBzOlwvXC90cmFuc2Zvcm1hcnFyb28uY29tXC93cC1jb250ZW50XC91cGxvYWRzXC8yMDI1XC8wNlwvQmotMThfSnVuMi5qcGciLCJzbGlkZXNob3ciOiJlNTc3Y2VlIn0%3D\">\n\t\t\t\t\t<div class=\"e-gallery-image elementor-gallery-item__image\" data-thumbnail=\"https:\/\/transformarqroo.com\/wp-content\/uploads\/2025\/06\/Bj-18_Jun2.jpg\" data-width=\"1280\" data-height=\"1041\" aria-label=\"\" role=\"img\" ><\/div>\n\t\t\t\t\t\t\t\t\t\t\t<div class=\"elementor-gallery-item__overlay\"><\/div>\n\t\t\t\t\t\t\t\t\t\t\t\t\t\t<\/a>\n\t\t\t\t\t\t\t<a class=\"e-gallery-item elementor-gallery-item elementor-animated-content\" href=\"https:\/\/transformarqroo.com\/wp-content\/uploads\/2025\/06\/Bj-18_Jun3.jpg\" data-elementor-open-lightbox=\"yes\" data-elementor-lightbox-slideshow=\"e577cee\" data-elementor-lightbox-title=\"Bj 18_Jun(3)\" data-e-action-hash=\"#elementor-action%3Aaction%3Dlightbox%26settings%3DeyJpZCI6NDA2NTUsInVybCI6Imh0dHBzOlwvXC90cmFuc2Zvcm1hcnFyb28uY29tXC93cC1jb250ZW50XC91cGxvYWRzXC8yMDI1XC8wNlwvQmotMThfSnVuMy5qcGciLCJzbGlkZXNob3ciOiJlNTc3Y2VlIn0%3D\">\n\t\t\t\t\t<div class=\"e-gallery-image elementor-gallery-item__image\" data-thumbnail=\"https:\/\/transformarqroo.com\/wp-content\/uploads\/2025\/06\/Bj-18_Jun3.jpg\" data-width=\"1280\" data-height=\"1023\" aria-label=\"\" role=\"img\" ><\/div>\n\t\t\t\t\t\t\t\t\t\t\t<div class=\"elementor-gallery-item__overlay\"><\/div>\n\t\t\t\t\t\t\t\t\t\t\t\t\t\t<\/a>\n\t\t\t\t\t\t\t<a class=\"e-gallery-item elementor-gallery-item elementor-animated-content\" href=\"https:\/\/transformarqroo.com\/wp-content\/uploads\/2025\/06\/Bj-18_Jun4.jpg\" data-elementor-open-lightbox=\"yes\" data-elementor-lightbox-slideshow=\"e577cee\" data-elementor-lightbox-title=\"Bj 18_Jun(4)\" data-e-action-hash=\"#elementor-action%3Aaction%3Dlightbox%26settings%3DeyJpZCI6NDA2NTYsInVybCI6Imh0dHBzOlwvXC90cmFuc2Zvcm1hcnFyb28uY29tXC93cC1jb250ZW50XC91cGxvYWRzXC8yMDI1XC8wNlwvQmotMThfSnVuNC5qcGciLCJzbGlkZXNob3ciOiJlNTc3Y2VlIn0%3D\">\n\t\t\t\t\t<div class=\"e-gallery-image elementor-gallery-item__image\" data-thumbnail=\"https:\/\/transformarqroo.com\/wp-content\/uploads\/2025\/06\/Bj-18_Jun4.jpg\" data-width=\"1280\" data-height=\"557\" aria-label=\"\" role=\"img\" ><\/div>\n\t\t\t\t\t\t\t\t\t\t\t<div class=\"elementor-gallery-item__overlay\"><\/div>\n\t\t\t\t\t\t\t\t\t\t\t\t\t\t<\/a>\n\t\t\t\t\t\t\t<a class=\"e-gallery-item elementor-gallery-item elementor-animated-content\" href=\"https:\/\/transformarqroo.com\/wp-content\/uploads\/2025\/06\/Bj-18_Jun.jpg\" data-elementor-open-lightbox=\"yes\" data-elementor-lightbox-slideshow=\"e577cee\" data-elementor-lightbox-title=\"Bj 18_Jun\" data-e-action-hash=\"#elementor-action%3Aaction%3Dlightbox%26settings%3DeyJpZCI6NDA2NTcsInVybCI6Imh0dHBzOlwvXC90cmFuc2Zvcm1hcnFyb28uY29tXC93cC1jb250ZW50XC91cGxvYWRzXC8yMDI1XC8wNlwvQmotMThfSnVuLmpwZyIsInNsaWRlc2hvdyI6ImU1NzdjZWUifQ%3D%3D\">\n\t\t\t\t\t<div class=\"e-gallery-image elementor-gallery-item__image\" data-thumbnail=\"https:\/\/transformarqroo.com\/wp-content\/uploads\/2025\/06\/Bj-18_Jun.jpg\" data-width=\"1280\" data-height=\"720\" aria-label=\"\" role=\"img\" ><\/div>\n\t\t\t\t\t\t\t\t\t\t\t<div class=\"elementor-gallery-item__overlay\"><\/div>\n\t\t\t\t\t\t\t\t\t\t\t\t\t\t<\/a>\n\t\t\t\t\t<\/div>\n\t\t\t<\/div>\n\t\t\t\t<\/div>\n\t\t\t\t\t<\/div>\n\t\t<\/div>\n\t\t\t\t\t<\/div>\n\t\t<\/section>\n\t\t\t\t<\/div>\n\t\t","protected":false},"excerpt":{"rendered":"<p>Canc\u00fan, Q. R., a 18 de junio de 2025.- Para consolidar un Canc\u00fan m\u00e1s justo, humano y ordenado, donde se refleje el segundo piso de la Cuarta Transformaci\u00f3n, la Presidenta Municipal, Ana Paty Peralta, present\u00f3 de manera clara y estructurada a trav\u00e9s de un material audiovisual, el Plan Municipal de Desarrollo (PMD) 2024-2027, que contempla [&hellip;]<\/p>\n","protected":false},"author":1,"featured_media":40657,"comment_status":"closed","ping_status":"closed","sticky":false,"template":"","format":"standard","meta":{"_FSMCFIC_featured_image_caption":"","_FSMCFIC_featured_image_nocaption":"","_FSMCFIC_featured_image_hide":"","footnotes":""},"categories":[32,21],"tags":[],"class_list":["post-40652","post","type-post","status-publish","format-standard","has-post-thumbnail","hentry","category-municipios","category-benito-juarez"],"aioseo_notices":[],"_links":{"self":[{"href":"https:\/\/transformarqroo.com\/index.php\/wp-json\/wp\/v2\/posts\/40652","targetHints":{"allow":["GET"]}}],"collection":[{"href":"https:\/\/transformarqroo.com\/index.php\/wp-json\/wp\/v2\/posts"}],"about":[{"href":"https:\/\/transformarqroo.com\/index.php\/wp-json\/wp\/v2\/types\/post"}],"author":[{"embeddable":true,"href":"https:\/\/transformarqroo.com\/index.php\/wp-json\/wp\/v2\/users\/1"}],"replies":[{"embeddable":true,"href":"https:\/\/transformarqroo.com\/index.php\/wp-json\/wp\/v2\/comments?post=40652"}],"version-history":[{"count":4,"href":"https:\/\/transformarqroo.com\/index.php\/wp-json\/wp\/v2\/posts\/40652\/revisions"}],"predecessor-version":[{"id":40661,"href":"https:\/\/transformarqroo.com\/index.php\/wp-json\/wp\/v2\/posts\/40652\/revisions\/40661"}],"wp:featuredmedia":[{"embeddable":true,"href":"https:\/\/transformarqroo.com\/index.php\/wp-json\/wp\/v2\/media\/40657"}],"wp:attachment":[{"href":"https:\/\/transformarqroo.com\/index.php\/wp-json\/wp\/v2\/media?parent=40652"}],"wp:term":[{"taxonomy":"category","embeddable":true,"href":"https:\/\/transformarqroo.com\/index.php\/wp-json\/wp\/v2\/categories?post=40652"},{"taxonomy":"post_tag","embeddable":true,"href":"https:\/\/transformarqroo.com\/index.php\/wp-json\/wp\/v2\/tags?post=40652"}],"curies":[{"name":"wp","href":"https:\/\/api.w.org\/{rel}","templated":true}]}}