{"id":40755,"date":"2025-06-23T10:20:58","date_gmt":"2025-06-23T15:20:58","guid":{"rendered":"https:\/\/transformarqroo.com\/?p=40755"},"modified":"2025-06-26T10:24:48","modified_gmt":"2025-06-26T15:24:48","slug":"playa-del-carmen-esta-listo-para-la-temporada-de-huracanes-y-para-proteger-a-las-familias-playenses-estefania-mercado","status":"publish","type":"post","link":"https:\/\/transformarqroo.com\/index.php\/2025\/06\/23\/playa-del-carmen-esta-listo-para-la-temporada-de-huracanes-y-para-proteger-a-las-familias-playenses-estefania-mercado\/","title":{"rendered":"PLAYA DEL CARMEN EST\u00c1 LISTO PARA LA TEMPORADA DE HURACANES Y PARA PROTEGER A LAS FAMILIAS PLAYENSES: ESTEFAN\u00cdA MERCADO"},"content":{"rendered":"\t\t<div data-elementor-type=\"wp-post\" data-elementor-id=\"40755\" class=\"elementor elementor-40755\" data-elementor-post-type=\"post\">\n\t\t\t\t\t\t<section class=\"elementor-section elementor-top-section elementor-element elementor-element-4e8a8e8 elementor-section-boxed elementor-section-height-default elementor-section-height-default\" data-id=\"4e8a8e8\" data-element_type=\"section\">\n\t\t\t\t\t\t<div class=\"elementor-container elementor-column-gap-default\">\n\t\t\t\t\t<div class=\"elementor-column elementor-col-100 elementor-top-column elementor-element elementor-element-14bfaa1a\" data-id=\"14bfaa1a\" data-element_type=\"column\">\n\t\t\t<div class=\"elementor-widget-wrap elementor-element-populated\">\n\t\t\t\t\t\t<div class=\"elementor-element elementor-element-1434e657 elementor-widget elementor-widget-premium-addon-banner\" data-id=\"1434e657\" data-element_type=\"widget\" data-widget_type=\"premium-addon-banner.default\">\n\t\t\t\t<div class=\"elementor-widget-container\">\n\t\t\t\t\t<div class=\"premium-banner-ib premium-banner-min-height premium-banner-animation7 none\">\r\n\t\t\t\t\t\t\t<div class=\"premium-banner-border\">\r\n\t\t\t\t\t<div class=\"premium-banner-br premium-banner-bleft premium-banner-brlr\"><\/div>\r\n\t\t\t\t\t<div class=\"premium-banner-br premium-banner-bright premium-banner-brlr\"><\/div>\r\n\t\t\t\t\t<div class=\"premium-banner-br premium-banner-btop premium-banner-brtb\"><\/div>\r\n\t\t\t\t\t<div class=\"premium-banner-br premium-banner-bottom premium-banner-brtb\"><\/div>\r\n\t\t\t\t<\/div>\r\n\t\t\t\t\t\t\t\t\t\t\t\t\t\t\t<img fetchpriority=\"high\" decoding=\"async\" width=\"1280\" height=\"853\" src=\"https:\/\/transformarqroo.com\/wp-content\/uploads\/2025\/06\/Playa-23_Jun.jpg\" class=\"attachment-full size-full wp-image-40762\" alt=\"\" srcset=\"https:\/\/transformarqroo.com\/wp-content\/uploads\/2025\/06\/Playa-23_Jun.jpg 1280w, https:\/\/transformarqroo.com\/wp-content\/uploads\/2025\/06\/Playa-23_Jun-300x200.jpg 300w, https:\/\/transformarqroo.com\/wp-content\/uploads\/2025\/06\/Playa-23_Jun-1024x682.jpg 1024w, https:\/\/transformarqroo.com\/wp-content\/uploads\/2025\/06\/Playa-23_Jun-768x512.jpg 768w, https:\/\/transformarqroo.com\/wp-content\/uploads\/2025\/06\/Playa-23_Jun-100x67.jpg 100w\" sizes=\"(max-width: 1280px) 100vw, 1280px\" \/>\t\t\t\t\t\t\t\t\t\t<div class=\"premium-banner-ib-desc\">\r\n\t\t\t\t\t\t\t\t\t<div class=\"premium-banner-desc-centered\">\r\n\t\t\t\t\t\t\t\t\t<h3 class=\"premium-banner-ib-title premium_banner_title\"><\/h3>\t\t\t\t\t\t\t\t\t\t\t\t\t<\/div>\r\n\t\t\t\t\t\t\t<\/div>\r\n\t\t\t\t\t<\/div>\r\n\t\t\t\t\t\t<\/div>\n\t\t\t\t<\/div>\n\t\t\t\t\t<\/div>\n\t\t<\/div>\n\t\t\t\t\t<\/div>\n\t\t<\/section>\n\t\t\t\t<section class=\"elementor-section elementor-top-section elementor-element elementor-element-64e03e10 elementor-section-boxed elementor-section-height-default elementor-section-height-default\" data-id=\"64e03e10\" data-element_type=\"section\" data-settings=\"{&quot;background_background&quot;:&quot;classic&quot;}\">\n\t\t\t\t\t\t<div class=\"elementor-container elementor-column-gap-default\">\n\t\t\t\t\t<div class=\"elementor-column elementor-col-100 elementor-top-column elementor-element elementor-element-7be04045\" data-id=\"7be04045\" data-element_type=\"column\">\n\t\t\t<div class=\"elementor-widget-wrap elementor-element-populated\">\n\t\t\t\t\t\t<div class=\"elementor-element elementor-element-2c5a2ba2 premium-title-icon-row premium-title-color elementor-widget elementor-widget-premium-addon-title\" data-id=\"2c5a2ba2\" data-element_type=\"widget\" data-widget_type=\"premium-addon-title.default\">\n\t\t\t\t<div class=\"elementor-widget-container\">\n\t\t\t\r\n\t\t<div class=\"premium-title-container style2\">\r\n\t\t\t<h5 class=\"premium-title-header premium-title-style2\">\r\n\t\t\t\t\r\n\t\t\t\t\t\t\t\t\t\t\t\t\t\t\t<div class=\"premium-title-icon premium-lottie-animation\" data-lottie-url=\"https:\/\/assets8.lottiefiles.com\/packages\/lf20_pcfclxy8.json\" data-lottie-loop=\"true\" data-lottie-reverse=\"\"><\/div>\r\n\t\t\t\t\t\t\t\t\t\r\n\t\t\t\t\t\t\t\t\t\t\t\t<span class=\"premium-title-text\" >\r\n\t\t\t\t\t\t\t\t\t<\/span>\r\n\t\t\t\t\t\r\n\t\t\t\t\t\t\t\t\t\t\t<\/h5>\r\n\t\t<\/div>\r\n\r\n\t\t\t\t<\/div>\n\t\t\t\t<\/div>\n\t\t\t\t\t<\/div>\n\t\t<\/div>\n\t\t\t\t\t<\/div>\n\t\t<\/section>\n\t\t\t\t<section class=\"elementor-section elementor-top-section elementor-element elementor-element-32454afa elementor-section-boxed elementor-section-height-default elementor-section-height-default\" data-id=\"32454afa\" data-element_type=\"section\">\n\t\t\t\t\t\t<div class=\"elementor-container elementor-column-gap-default\">\n\t\t\t\t\t<div class=\"elementor-column elementor-col-100 elementor-top-column elementor-element elementor-element-d06179e\" data-id=\"d06179e\" data-element_type=\"column\">\n\t\t\t<div class=\"elementor-widget-wrap elementor-element-populated\">\n\t\t\t\t\t\t<div class=\"elementor-element elementor-element-69fdae98 elementor-widget elementor-widget-text-editor\" data-id=\"69fdae98\" data-element_type=\"widget\" data-widget_type=\"text-editor.default\">\n\t\t\t\t<div class=\"elementor-widget-container\">\n\t\t\t\t\t\t\t<p><span style=\"font-weight: 400;\">Playa del Carmen, Quintana Roo, 23 de junio de 2025. \u2014 La presidenta municipal Estefan\u00eda Mercado asegur\u00f3 que Playa del Carmen est\u00e1 preparado para hacer frente a la temporada de lluvias y ciclones tropicales 2025, gracias al fortalecimiento de la Secretar\u00eda de Protecci\u00f3n Civil, Prevenci\u00f3n de Riesgos y Bomberos y a una pol\u00edtica de prevenci\u00f3n que pone en el centro la seguridad de las familias.<\/span><\/p><p>\u00a0<\/p><p><span style=\"font-weight: 400;\">Durante un recorrido por las instalaciones de esta dependencia, acompa\u00f1ada por su titular Darwin Covarrubias, la Alcaldesa subray\u00f3 que su gobierno trabaja todos los d\u00edas con una prioridad clara: proteger la vida de las y los playenses.<\/span><\/p><p>\u00a0<\/p><p><span style=\"font-weight: 400;\">\u201cSomos un gobierno que arranc\u00f3 con fuerza, y el reto es mantener ese ritmo, con resultados concretos. Desde el primer d\u00eda entendimos que la prevenci\u00f3n es el camino m\u00e1s s\u00f3lido para construir una ciudad segura\u201d, afirm\u00f3 Estefan\u00eda Mercado.<\/span><\/p><p>\u00a0<\/p><p><span style=\"font-weight: 400;\">A\u00f1adi\u00f3 que su administraci\u00f3n no ve a la protecci\u00f3n civil como un gasto, sino como una inversi\u00f3n en seguridad ciudadana.<\/span><\/p><p>\u00a0<\/p><p><span style=\"font-weight: 400;\">\u201cEvaluamos prioridades todos los d\u00edas y protecci\u00f3n civil seguir\u00e1 siendo una de ellas, porque no se puede hablar de desarrollo sin seguridad\u201d, subray\u00f3.<\/span><\/p><p>\u00a0<\/p><p><span style=\"font-weight: 400;\">Durante su visita, Estefan\u00eda Mercado reconoci\u00f3 al equipo de Protecci\u00f3n Civil y al Heroico Cuerpo de Bomberos como \u201cl\u00edderes silenciosos que salvan vidas\u201d y anunci\u00f3 que se seguir\u00e1 avanzando con m\u00e1s capacitaci\u00f3n, mejor equipamiento y alianzas estrat\u00e9gicas.<\/span><\/p><p>\u00a0<\/p><p><span style=\"font-weight: 400;\">\u201cNuestro objetivo es que Playa del Carmen se convierta en un referente en protecci\u00f3n civil a nivel peninsular\u201d, indic\u00f3.<\/span><\/p><p>\u00a0<\/p><p><span style=\"font-weight: 400;\">Por su parte, el secretario Darwin Covarrubias inform\u00f3 que el municipio cuenta actualmente con 39 refugios temporales distribuidos entre Playa del Carmen y Puerto Aventuras, con capacidad para 33,874 personas, totalmente listos para activarse en caso de contingencia.<\/span><\/p><p>\u00a0<\/p><p><span style=\"font-weight: 400;\">Tambi\u00e9n dio a conocer que la dependencia cuenta con un estado de fuerza compuesto por 140 elementos, adem\u00e1s de 2 ambulancias, 3 camiones cisterna, 6 camionetas, 1 cami\u00f3n de rescate, 1 veh\u00edculo de ataque r\u00e1pido y un dron de reconocimiento a\u00e9reo.<\/span><\/p><p>\u00a0<\/p><p><span style=\"font-weight: 400;\">Como parte del impulso a la profesionalizaci\u00f3n, anunci\u00f3 que Playa del Carmen ser\u00e1 sede del Congreso Internacional de Bomberos y del Congreso Internacional de Protecci\u00f3n Civil, este \u00faltimo a celebrarse en febrero de 2026, con la participaci\u00f3n de expertos de Am\u00e9rica Latina y Estados Unidos.<\/span><\/p><p>\u00a0<\/p><p><span style=\"font-weight: 400;\">Con estas acciones, el gobierno de Estefan\u00eda Mercado consolida una estrategia integral de protecci\u00f3n civil centrada en la prevenci\u00f3n, la atenci\u00f3n oportuna y el trabajo coordinado, fortaleciendo la seguridad y la confianza de todas las familias playenses.<\/span><\/p>\t\t\t\t\t\t<\/div>\n\t\t\t\t<\/div>\n\t\t\t\t\t<\/div>\n\t\t<\/div>\n\t\t\t\t\t<\/div>\n\t\t<\/section>\n\t\t\t\t<section class=\"elementor-section elementor-top-section elementor-element elementor-element-22d639fb elementor-section-boxed elementor-section-height-default elementor-section-height-default\" data-id=\"22d639fb\" data-element_type=\"section\">\n\t\t\t\t\t\t<div class=\"elementor-container elementor-column-gap-default\">\n\t\t\t\t\t<div class=\"elementor-column elementor-col-100 elementor-top-column elementor-element elementor-element-524a4d65\" data-id=\"524a4d65\" data-element_type=\"column\">\n\t\t\t<div class=\"elementor-widget-wrap elementor-element-populated\">\n\t\t\t\t\t\t<div class=\"elementor-element elementor-element-3b451d03 elementor-widget elementor-widget-gallery\" data-id=\"3b451d03\" data-element_type=\"widget\" data-settings=\"{&quot;gallery_layout&quot;:&quot;justified&quot;,&quot;lazyload&quot;:&quot;yes&quot;,&quot;ideal_row_height&quot;:{&quot;unit&quot;:&quot;px&quot;,&quot;size&quot;:200,&quot;sizes&quot;:[]},&quot;ideal_row_height_tablet&quot;:{&quot;unit&quot;:&quot;px&quot;,&quot;size&quot;:150,&quot;sizes&quot;:[]},&quot;ideal_row_height_mobile&quot;:{&quot;unit&quot;:&quot;px&quot;,&quot;size&quot;:150,&quot;sizes&quot;:[]},&quot;gap&quot;:{&quot;unit&quot;:&quot;px&quot;,&quot;size&quot;:10,&quot;sizes&quot;:[]},&quot;gap_tablet&quot;:{&quot;unit&quot;:&quot;px&quot;,&quot;size&quot;:10,&quot;sizes&quot;:[]},&quot;gap_mobile&quot;:{&quot;unit&quot;:&quot;px&quot;,&quot;size&quot;:10,&quot;sizes&quot;:[]},&quot;link_to&quot;:&quot;file&quot;,&quot;overlay_background&quot;:&quot;yes&quot;,&quot;content_hover_animation&quot;:&quot;fade-in&quot;}\" data-widget_type=\"gallery.default\">\n\t\t\t\t<div class=\"elementor-widget-container\">\n\t\t\t\t\t<div class=\"elementor-gallery__container\">\n\t\t\t\t\t\t\t<a class=\"e-gallery-item elementor-gallery-item elementor-animated-content\" href=\"https:\/\/transformarqroo.com\/wp-content\/uploads\/2025\/06\/Playa-23_Jun1.jpg\" data-elementor-open-lightbox=\"yes\" data-elementor-lightbox-slideshow=\"3b451d03\" data-elementor-lightbox-title=\"Playa 23_Jun(1)\" data-e-action-hash=\"#elementor-action%3Aaction%3Dlightbox%26settings%3DeyJpZCI6NDA3NTgsInVybCI6Imh0dHBzOlwvXC90cmFuc2Zvcm1hcnFyb28uY29tXC93cC1jb250ZW50XC91cGxvYWRzXC8yMDI1XC8wNlwvUGxheWEtMjNfSnVuMS5qcGciLCJzbGlkZXNob3ciOiIzYjQ1MWQwMyJ9\">\n\t\t\t\t\t<div class=\"e-gallery-image elementor-gallery-item__image\" data-thumbnail=\"https:\/\/transformarqroo.com\/wp-content\/uploads\/2025\/06\/Playa-23_Jun1.jpg\" data-width=\"1280\" data-height=\"853\" aria-label=\"\" role=\"img\" ><\/div>\n\t\t\t\t\t\t\t\t\t\t\t<div class=\"elementor-gallery-item__overlay\"><\/div>\n\t\t\t\t\t\t\t\t\t\t\t\t\t\t<\/a>\n\t\t\t\t\t\t\t<a class=\"e-gallery-item elementor-gallery-item elementor-animated-content\" href=\"https:\/\/transformarqroo.com\/wp-content\/uploads\/2025\/06\/Playa-23_Jun2.jpg\" data-elementor-open-lightbox=\"yes\" data-elementor-lightbox-slideshow=\"3b451d03\" data-elementor-lightbox-title=\"Playa 23_Jun(2)\" data-e-action-hash=\"#elementor-action%3Aaction%3Dlightbox%26settings%3DeyJpZCI6NDA3NTksInVybCI6Imh0dHBzOlwvXC90cmFuc2Zvcm1hcnFyb28uY29tXC93cC1jb250ZW50XC91cGxvYWRzXC8yMDI1XC8wNlwvUGxheWEtMjNfSnVuMi5qcGciLCJzbGlkZXNob3ciOiIzYjQ1MWQwMyJ9\">\n\t\t\t\t\t<div class=\"e-gallery-image elementor-gallery-item__image\" data-thumbnail=\"https:\/\/transformarqroo.com\/wp-content\/uploads\/2025\/06\/Playa-23_Jun2.jpg\" data-width=\"1280\" data-height=\"853\" aria-label=\"\" role=\"img\" ><\/div>\n\t\t\t\t\t\t\t\t\t\t\t<div class=\"elementor-gallery-item__overlay\"><\/div>\n\t\t\t\t\t\t\t\t\t\t\t\t\t\t<\/a>\n\t\t\t\t\t\t\t<a class=\"e-gallery-item elementor-gallery-item elementor-animated-content\" href=\"https:\/\/transformarqroo.com\/wp-content\/uploads\/2025\/06\/Playa-23_Jun3.jpg\" data-elementor-open-lightbox=\"yes\" data-elementor-lightbox-slideshow=\"3b451d03\" data-elementor-lightbox-title=\"Playa 23_Jun(3)\" data-e-action-hash=\"#elementor-action%3Aaction%3Dlightbox%26settings%3DeyJpZCI6NDA3NjAsInVybCI6Imh0dHBzOlwvXC90cmFuc2Zvcm1hcnFyb28uY29tXC93cC1jb250ZW50XC91cGxvYWRzXC8yMDI1XC8wNlwvUGxheWEtMjNfSnVuMy5qcGciLCJzbGlkZXNob3ciOiIzYjQ1MWQwMyJ9\">\n\t\t\t\t\t<div class=\"e-gallery-image elementor-gallery-item__image\" data-thumbnail=\"https:\/\/transformarqroo.com\/wp-content\/uploads\/2025\/06\/Playa-23_Jun3.jpg\" data-width=\"1280\" data-height=\"853\" aria-label=\"\" role=\"img\" ><\/div>\n\t\t\t\t\t\t\t\t\t\t\t<div class=\"elementor-gallery-item__overlay\"><\/div>\n\t\t\t\t\t\t\t\t\t\t\t\t\t\t<\/a>\n\t\t\t\t\t\t\t<a class=\"e-gallery-item elementor-gallery-item elementor-animated-content\" href=\"https:\/\/transformarqroo.com\/wp-content\/uploads\/2025\/06\/Playa-23_Jun4.jpg\" data-elementor-open-lightbox=\"yes\" data-elementor-lightbox-slideshow=\"3b451d03\" data-elementor-lightbox-title=\"Playa 23_Jun(4)\" data-e-action-hash=\"#elementor-action%3Aaction%3Dlightbox%26settings%3DeyJpZCI6NDA3NjEsInVybCI6Imh0dHBzOlwvXC90cmFuc2Zvcm1hcnFyb28uY29tXC93cC1jb250ZW50XC91cGxvYWRzXC8yMDI1XC8wNlwvUGxheWEtMjNfSnVuNC5qcGciLCJzbGlkZXNob3ciOiIzYjQ1MWQwMyJ9\">\n\t\t\t\t\t<div class=\"e-gallery-image elementor-gallery-item__image\" data-thumbnail=\"https:\/\/transformarqroo.com\/wp-content\/uploads\/2025\/06\/Playa-23_Jun4.jpg\" data-width=\"1600\" data-height=\"1067\" aria-label=\"\" role=\"img\" ><\/div>\n\t\t\t\t\t\t\t\t\t\t\t<div class=\"elementor-gallery-item__overlay\"><\/div>\n\t\t\t\t\t\t\t\t\t\t\t\t\t\t<\/a>\n\t\t\t\t\t\t\t<a class=\"e-gallery-item elementor-gallery-item elementor-animated-content\" href=\"https:\/\/transformarqroo.com\/wp-content\/uploads\/2025\/06\/Playa-23_Jun.jpg\" data-elementor-open-lightbox=\"yes\" data-elementor-lightbox-slideshow=\"3b451d03\" data-elementor-lightbox-title=\"Playa 23_Jun\" data-e-action-hash=\"#elementor-action%3Aaction%3Dlightbox%26settings%3DeyJpZCI6NDA3NjIsInVybCI6Imh0dHBzOlwvXC90cmFuc2Zvcm1hcnFyb28uY29tXC93cC1jb250ZW50XC91cGxvYWRzXC8yMDI1XC8wNlwvUGxheWEtMjNfSnVuLmpwZyIsInNsaWRlc2hvdyI6IjNiNDUxZDAzIn0%3D\">\n\t\t\t\t\t<div class=\"e-gallery-image elementor-gallery-item__image\" data-thumbnail=\"https:\/\/transformarqroo.com\/wp-content\/uploads\/2025\/06\/Playa-23_Jun.jpg\" data-width=\"1280\" data-height=\"853\" aria-label=\"\" role=\"img\" ><\/div>\n\t\t\t\t\t\t\t\t\t\t\t<div class=\"elementor-gallery-item__overlay\"><\/div>\n\t\t\t\t\t\t\t\t\t\t\t\t\t\t<\/a>\n\t\t\t\t\t<\/div>\n\t\t\t<\/div>\n\t\t\t\t<\/div>\n\t\t\t\t\t<\/div>\n\t\t<\/div>\n\t\t\t\t\t<\/div>\n\t\t<\/section>\n\t\t\t\t<\/div>\n\t\t","protected":false},"excerpt":{"rendered":"<p>Playa del Carmen, Quintana Roo, 23 de junio de 2025. \u2014 La presidenta municipal Estefan\u00eda Mercado asegur\u00f3 que Playa del Carmen est\u00e1 preparado para hacer frente a la temporada de lluvias y ciclones tropicales 2025, gracias al fortalecimiento de la Secretar\u00eda de Protecci\u00f3n Civil, Prevenci\u00f3n de Riesgos y Bomberos y a una pol\u00edtica de prevenci\u00f3n [&hellip;]<\/p>\n","protected":false},"author":1,"featured_media":40762,"comment_status":"closed","ping_status":"closed","sticky":false,"template":"","format":"standard","meta":{"_FSMCFIC_featured_image_caption":"","_FSMCFIC_featured_image_nocaption":"","_FSMCFIC_featured_image_hide":"","footnotes":""},"categories":[32,30],"tags":[],"class_list":["post-40755","post","type-post","status-publish","format-standard","has-post-thumbnail","hentry","category-municipios","category-solidaridad"],"aioseo_notices":[],"_links":{"self":[{"href":"https:\/\/transformarqroo.com\/index.php\/wp-json\/wp\/v2\/posts\/40755","targetHints":{"allow":["GET"]}}],"collection":[{"href":"https:\/\/transformarqroo.com\/index.php\/wp-json\/wp\/v2\/posts"}],"about":[{"href":"https:\/\/transformarqroo.com\/index.php\/wp-json\/wp\/v2\/types\/post"}],"author":[{"embeddable":true,"href":"https:\/\/transformarqroo.com\/index.php\/wp-json\/wp\/v2\/users\/1"}],"replies":[{"embeddable":true,"href":"https:\/\/transformarqroo.com\/index.php\/wp-json\/wp\/v2\/comments?post=40755"}],"version-history":[{"count":4,"href":"https:\/\/transformarqroo.com\/index.php\/wp-json\/wp\/v2\/posts\/40755\/revisions"}],"predecessor-version":[{"id":40775,"href":"https:\/\/transformarqroo.com\/index.php\/wp-json\/wp\/v2\/posts\/40755\/revisions\/40775"}],"wp:featuredmedia":[{"embeddable":true,"href":"https:\/\/transformarqroo.com\/index.php\/wp-json\/wp\/v2\/media\/40762"}],"wp:attachment":[{"href":"https:\/\/transformarqroo.com\/index.php\/wp-json\/wp\/v2\/media?parent=40755"}],"wp:term":[{"taxonomy":"category","embeddable":true,"href":"https:\/\/transformarqroo.com\/index.php\/wp-json\/wp\/v2\/categories?post=40755"},{"taxonomy":"post_tag","embeddable":true,"href":"https:\/\/transformarqroo.com\/index.php\/wp-json\/wp\/v2\/tags?post=40755"}],"curies":[{"name":"wp","href":"https:\/\/api.w.org\/{rel}","templated":true}]}}