{"id":41143,"date":"2025-07-06T13:55:56","date_gmt":"2025-07-06T18:55:56","guid":{"rendered":"https:\/\/transformarqroo.com\/?p=41143"},"modified":"2025-07-10T13:58:53","modified_gmt":"2025-07-10T18:58:53","slug":"playa-del-carmen-celebra-con-orgullo-sus-tradiciones-inician-las-festividades-en-honor-a-la-virgen-del-carmen-simbolo-de-identidad-y-arraigo-de-nuestro-pueblo","status":"publish","type":"post","link":"https:\/\/transformarqroo.com\/index.php\/2025\/07\/06\/playa-del-carmen-celebra-con-orgullo-sus-tradiciones-inician-las-festividades-en-honor-a-la-virgen-del-carmen-simbolo-de-identidad-y-arraigo-de-nuestro-pueblo\/","title":{"rendered":"PLAYA DEL CARMEN CELEBRA CON ORGULLO SUS TRADICIONES; INICIAN LAS FESTIVIDADES EN HONOR A LA VIRGEN DEL CARMEN, S\u00cdMBOLO DE IDENTIDAD Y ARRAIGO DE NUESTRO PUEBLO"},"content":{"rendered":"\t\t<div data-elementor-type=\"wp-post\" data-elementor-id=\"41143\" class=\"elementor elementor-41143\" data-elementor-post-type=\"post\">\n\t\t\t\t\t\t<section class=\"elementor-section elementor-top-section elementor-element elementor-element-5541f957 elementor-section-boxed elementor-section-height-default elementor-section-height-default\" data-id=\"5541f957\" data-element_type=\"section\">\n\t\t\t\t\t\t<div class=\"elementor-container elementor-column-gap-default\">\n\t\t\t\t\t<div class=\"elementor-column elementor-col-100 elementor-top-column elementor-element elementor-element-29c28a09\" data-id=\"29c28a09\" data-element_type=\"column\">\n\t\t\t<div class=\"elementor-widget-wrap elementor-element-populated\">\n\t\t\t\t\t\t<div class=\"elementor-element elementor-element-3916e515 elementor-widget elementor-widget-premium-addon-banner\" data-id=\"3916e515\" data-element_type=\"widget\" data-widget_type=\"premium-addon-banner.default\">\n\t\t\t\t<div class=\"elementor-widget-container\">\n\t\t\t\t\t<div class=\"premium-banner-ib premium-banner-min-height premium-banner-animation7 none\">\r\n\t\t\t\t\t\t\t<div class=\"premium-banner-border\">\r\n\t\t\t\t\t<div class=\"premium-banner-br premium-banner-bleft premium-banner-brlr\"><\/div>\r\n\t\t\t\t\t<div class=\"premium-banner-br premium-banner-bright premium-banner-brlr\"><\/div>\r\n\t\t\t\t\t<div class=\"premium-banner-br premium-banner-btop premium-banner-brtb\"><\/div>\r\n\t\t\t\t\t<div class=\"premium-banner-br premium-banner-bottom premium-banner-brtb\"><\/div>\r\n\t\t\t\t<\/div>\r\n\t\t\t\t\t\t\t\t\t\t\t\t\t\t\t<img fetchpriority=\"high\" decoding=\"async\" width=\"1280\" height=\"853\" src=\"https:\/\/transformarqroo.com\/wp-content\/uploads\/2025\/07\/Playa-06_Jul.jpg\" class=\"attachment-full size-full wp-image-41149\" alt=\"\" srcset=\"https:\/\/transformarqroo.com\/wp-content\/uploads\/2025\/07\/Playa-06_Jul.jpg 1280w, https:\/\/transformarqroo.com\/wp-content\/uploads\/2025\/07\/Playa-06_Jul-300x200.jpg 300w, https:\/\/transformarqroo.com\/wp-content\/uploads\/2025\/07\/Playa-06_Jul-1024x682.jpg 1024w, https:\/\/transformarqroo.com\/wp-content\/uploads\/2025\/07\/Playa-06_Jul-768x512.jpg 768w, https:\/\/transformarqroo.com\/wp-content\/uploads\/2025\/07\/Playa-06_Jul-100x67.jpg 100w\" sizes=\"(max-width: 1280px) 100vw, 1280px\" \/>\t\t\t\t\t\t\t\t\t\t<div class=\"premium-banner-ib-desc\">\r\n\t\t\t\t\t\t\t\t\t<div class=\"premium-banner-desc-centered\">\r\n\t\t\t\t\t\t\t\t\t<h3 class=\"premium-banner-ib-title premium_banner_title\"><\/h3>\t\t\t\t\t\t\t\t\t\t\t\t\t<\/div>\r\n\t\t\t\t\t\t\t<\/div>\r\n\t\t\t\t\t<\/div>\r\n\t\t\t\t\t\t<\/div>\n\t\t\t\t<\/div>\n\t\t\t\t\t<\/div>\n\t\t<\/div>\n\t\t\t\t\t<\/div>\n\t\t<\/section>\n\t\t\t\t<section class=\"elementor-section elementor-top-section elementor-element elementor-element-e4a88d3 elementor-section-boxed elementor-section-height-default elementor-section-height-default\" data-id=\"e4a88d3\" data-element_type=\"section\" data-settings=\"{&quot;background_background&quot;:&quot;classic&quot;}\">\n\t\t\t\t\t\t<div class=\"elementor-container elementor-column-gap-default\">\n\t\t\t\t\t<div class=\"elementor-column elementor-col-100 elementor-top-column elementor-element elementor-element-4bca530f\" data-id=\"4bca530f\" data-element_type=\"column\">\n\t\t\t<div class=\"elementor-widget-wrap elementor-element-populated\">\n\t\t\t\t\t\t<div class=\"elementor-element elementor-element-3d558eb premium-title-icon-row premium-title-color elementor-widget elementor-widget-premium-addon-title\" data-id=\"3d558eb\" data-element_type=\"widget\" data-widget_type=\"premium-addon-title.default\">\n\t\t\t\t<div class=\"elementor-widget-container\">\n\t\t\t\r\n\t\t<div class=\"premium-title-container style2\">\r\n\t\t\t<h5 class=\"premium-title-header premium-title-style2\">\r\n\t\t\t\t\r\n\t\t\t\t\t\t\t\t\t\t\t\t\t\t\t<div class=\"premium-title-icon premium-lottie-animation\" data-lottie-url=\"https:\/\/assets8.lottiefiles.com\/packages\/lf20_pcfclxy8.json\" data-lottie-loop=\"true\" data-lottie-reverse=\"\"><\/div>\r\n\t\t\t\t\t\t\t\t\t\r\n\t\t\t\t\t\t\t\t\t\t\t\t<span class=\"premium-title-text\" >\r\n\t\t\t\t\t\t\t\t\t<\/span>\r\n\t\t\t\t\t\r\n\t\t\t\t\t\t\t\t\t\t\t<\/h5>\r\n\t\t<\/div>\r\n\r\n\t\t\t\t<\/div>\n\t\t\t\t<\/div>\n\t\t\t\t\t<\/div>\n\t\t<\/div>\n\t\t\t\t\t<\/div>\n\t\t<\/section>\n\t\t\t\t<section class=\"elementor-section elementor-top-section elementor-element elementor-element-2d434772 elementor-section-boxed elementor-section-height-default elementor-section-height-default\" data-id=\"2d434772\" data-element_type=\"section\">\n\t\t\t\t\t\t<div class=\"elementor-container elementor-column-gap-default\">\n\t\t\t\t\t<div class=\"elementor-column elementor-col-100 elementor-top-column elementor-element elementor-element-1e816385\" data-id=\"1e816385\" data-element_type=\"column\">\n\t\t\t<div class=\"elementor-widget-wrap elementor-element-populated\">\n\t\t\t\t\t\t<div class=\"elementor-element elementor-element-372f712c elementor-widget elementor-widget-text-editor\" data-id=\"372f712c\" data-element_type=\"widget\" data-widget_type=\"text-editor.default\">\n\t\t\t\t<div class=\"elementor-widget-container\">\n\t\t\t\t\t\t\t<p><span style=\"font-weight: 400;\">Playa del Carmen, Quintana Roo, 6 de julio de 2025. \u2013 Con el respaldo del gobierno municipal y el entusiasmo de la comunidad, comenzaron las festividades en honor a la Virgen del Carmen, una tradici\u00f3n que, m\u00e1s all\u00e1 de su car\u00e1cter religioso, representa el profundo sentido de identidad, historia y arraigo de las y los playenses.<\/span><\/p><p>\u00a0<\/p><p><span style=\"font-weight: 400;\">La presidenta municipal Estefan\u00eda Mercado, acompa\u00f1ada de su equipo de trabajo y vestida con el tradicional hipil, particip\u00f3 en la misa de bajada de la Virgen del Carmen, realizada en la iglesia de Nuestra Se\u00f1ora del Carmen. Esta ceremonia marc\u00f3 el inicio de una de las celebraciones m\u00e1s significativas de la ciudad, que une a generaciones y refuerza el tejido social de nuestro municipio.<\/span><\/p><p>\u00a0<\/p><p><span style=\"font-weight: 400;\">La misa fue oficiada por el padre Enrique Flores, con el acompa\u00f1amiento del padre Fernando, antiguo gu\u00eda espiritual de la comunidad. Durante la homil\u00eda, se reflexion\u00f3 sobre el crecimiento acelerado de Playa del Carmen y la necesidad de mantener vivas las tradiciones y los valores que dan sentido de pertenencia a quienes aqu\u00ed viven.<\/span><\/p><p>\u00a0<\/p><p><span style=\"font-weight: 400;\">\u201cLa fe nos permite cruzar el mar de la vida. Por eso, cada acto, pensamiento y decisi\u00f3n debe estar guiado por nuestra conciencia, esa voz interior que nunca se apaga\u201d, comparti\u00f3 el padre Enrique ante los feligreses.<\/span><\/p><p>\u00a0<\/p><p><span style=\"font-weight: 400;\">Por su parte, la presidenta Estefan\u00eda Mercado destac\u00f3 la relevancia de esta festividad como parte del legado hist\u00f3rico y cultural del municipio: \u201cPor eso hemos impulsado su declaratoria como Patrimonio Cultural Intangible del Estado de Quintana Roo. Estas celebraciones nos recuerdan qui\u00e9nes somos y fortalecen el orgullo por nuestras ra\u00edces.\u201d<\/span><\/p><p>\u00a0<\/p><p><span style=\"font-weight: 400;\">La alcaldesa subray\u00f3 que esta tradici\u00f3n, con m\u00e1s de 60 a\u00f1os de historia, es reflejo del arraigo de la comunidad pesquera y un punto de encuentro para las expresiones religiosas, art\u00edsticas y gastron\u00f3micas que distinguen a Playa del Carmen.<\/span><\/p><p>\u00a0<\/p><p><span style=\"font-weight: 400;\">Como parte de las actividades, el gobierno municipal, en conjunto con la comunidad, ha preparado una cartelera que incluye presentaciones musicales con artistas como El Malilla, Bobby Pulido y Molotov, as\u00ed como eventos culturales y religiosos que celebran la diversidad y la riqueza de nuestro pueblo.<\/span><\/p><p>\u00a0<\/p><p><span style=\"font-weight: 400;\">La devoci\u00f3n a la Virgen del Carmen est\u00e1 profundamente ligada a la historia de Playa del Carmen, desde sus or\u00edgenes como un pueblo pesquero hasta la ciudad vibrante y multicultural que es hoy. Su santuario en el coraz\u00f3n de la ciudad es un s\u00edmbolo de unidad, esperanza y encuentro para todas y todos.<\/span><\/p><p>\u00a0<\/p><p><span style=\"font-weight: 400;\">A la ceremonia asistieron tambi\u00e9n Eduardo N\u00e1jera, embajador deportivo de Playa del Carmen; Eduardo Asencio, presidente honorario del DIF Municipal; Ernesto Mart\u00ednez, director del Instituto Municipal de la Cultura y las Artes; autoridades eclesi\u00e1sticas y cientos de ciudadanas y ciudadanos.<\/span><\/p>\t\t\t\t\t\t<\/div>\n\t\t\t\t<\/div>\n\t\t\t\t\t<\/div>\n\t\t<\/div>\n\t\t\t\t\t<\/div>\n\t\t<\/section>\n\t\t\t\t<section class=\"elementor-section elementor-top-section elementor-element elementor-element-36120240 elementor-section-boxed elementor-section-height-default elementor-section-height-default\" data-id=\"36120240\" data-element_type=\"section\">\n\t\t\t\t\t\t<div class=\"elementor-container elementor-column-gap-default\">\n\t\t\t\t\t<div class=\"elementor-column elementor-col-100 elementor-top-column elementor-element elementor-element-34c493a0\" data-id=\"34c493a0\" data-element_type=\"column\">\n\t\t\t<div class=\"elementor-widget-wrap elementor-element-populated\">\n\t\t\t\t\t\t<div class=\"elementor-element elementor-element-35ecf136 elementor-widget elementor-widget-gallery\" data-id=\"35ecf136\" data-element_type=\"widget\" data-settings=\"{&quot;gallery_layout&quot;:&quot;justified&quot;,&quot;lazyload&quot;:&quot;yes&quot;,&quot;ideal_row_height&quot;:{&quot;unit&quot;:&quot;px&quot;,&quot;size&quot;:200,&quot;sizes&quot;:[]},&quot;ideal_row_height_tablet&quot;:{&quot;unit&quot;:&quot;px&quot;,&quot;size&quot;:150,&quot;sizes&quot;:[]},&quot;ideal_row_height_mobile&quot;:{&quot;unit&quot;:&quot;px&quot;,&quot;size&quot;:150,&quot;sizes&quot;:[]},&quot;gap&quot;:{&quot;unit&quot;:&quot;px&quot;,&quot;size&quot;:10,&quot;sizes&quot;:[]},&quot;gap_tablet&quot;:{&quot;unit&quot;:&quot;px&quot;,&quot;size&quot;:10,&quot;sizes&quot;:[]},&quot;gap_mobile&quot;:{&quot;unit&quot;:&quot;px&quot;,&quot;size&quot;:10,&quot;sizes&quot;:[]},&quot;link_to&quot;:&quot;file&quot;,&quot;overlay_background&quot;:&quot;yes&quot;,&quot;content_hover_animation&quot;:&quot;fade-in&quot;}\" data-widget_type=\"gallery.default\">\n\t\t\t\t<div class=\"elementor-widget-container\">\n\t\t\t\t\t<div class=\"elementor-gallery__container\">\n\t\t\t\t\t\t\t<a class=\"e-gallery-item elementor-gallery-item elementor-animated-content\" href=\"https:\/\/transformarqroo.com\/wp-content\/uploads\/2025\/07\/Playa-06_Jul1.jpg\" data-elementor-open-lightbox=\"yes\" data-elementor-lightbox-slideshow=\"35ecf136\" data-elementor-lightbox-title=\"Playa 06_Jul(1)\" data-e-action-hash=\"#elementor-action%3Aaction%3Dlightbox%26settings%3DeyJpZCI6NDExNDUsInVybCI6Imh0dHBzOlwvXC90cmFuc2Zvcm1hcnFyb28uY29tXC93cC1jb250ZW50XC91cGxvYWRzXC8yMDI1XC8wN1wvUGxheWEtMDZfSnVsMS5qcGciLCJzbGlkZXNob3ciOiIzNWVjZjEzNiJ9\">\n\t\t\t\t\t<div class=\"e-gallery-image elementor-gallery-item__image\" data-thumbnail=\"https:\/\/transformarqroo.com\/wp-content\/uploads\/2025\/07\/Playa-06_Jul1.jpg\" data-width=\"1280\" data-height=\"853\" aria-label=\"\" role=\"img\" ><\/div>\n\t\t\t\t\t\t\t\t\t\t\t<div class=\"elementor-gallery-item__overlay\"><\/div>\n\t\t\t\t\t\t\t\t\t\t\t\t\t\t<\/a>\n\t\t\t\t\t\t\t<a class=\"e-gallery-item elementor-gallery-item elementor-animated-content\" href=\"https:\/\/transformarqroo.com\/wp-content\/uploads\/2025\/07\/Playa-06_Jul2.jpg\" data-elementor-open-lightbox=\"yes\" data-elementor-lightbox-slideshow=\"35ecf136\" data-elementor-lightbox-title=\"Playa 06_Jul(2)\" data-e-action-hash=\"#elementor-action%3Aaction%3Dlightbox%26settings%3DeyJpZCI6NDExNDYsInVybCI6Imh0dHBzOlwvXC90cmFuc2Zvcm1hcnFyb28uY29tXC93cC1jb250ZW50XC91cGxvYWRzXC8yMDI1XC8wN1wvUGxheWEtMDZfSnVsMi5qcGciLCJzbGlkZXNob3ciOiIzNWVjZjEzNiJ9\">\n\t\t\t\t\t<div class=\"e-gallery-image elementor-gallery-item__image\" data-thumbnail=\"https:\/\/transformarqroo.com\/wp-content\/uploads\/2025\/07\/Playa-06_Jul2.jpg\" data-width=\"1280\" data-height=\"853\" aria-label=\"\" role=\"img\" ><\/div>\n\t\t\t\t\t\t\t\t\t\t\t<div class=\"elementor-gallery-item__overlay\"><\/div>\n\t\t\t\t\t\t\t\t\t\t\t\t\t\t<\/a>\n\t\t\t\t\t\t\t<a class=\"e-gallery-item elementor-gallery-item elementor-animated-content\" href=\"https:\/\/transformarqroo.com\/wp-content\/uploads\/2025\/07\/Playa-06_Jul3.jpg\" data-elementor-open-lightbox=\"yes\" data-elementor-lightbox-slideshow=\"35ecf136\" data-elementor-lightbox-title=\"Playa 06_Jul(3)\" data-e-action-hash=\"#elementor-action%3Aaction%3Dlightbox%26settings%3DeyJpZCI6NDExNDcsInVybCI6Imh0dHBzOlwvXC90cmFuc2Zvcm1hcnFyb28uY29tXC93cC1jb250ZW50XC91cGxvYWRzXC8yMDI1XC8wN1wvUGxheWEtMDZfSnVsMy5qcGciLCJzbGlkZXNob3ciOiIzNWVjZjEzNiJ9\">\n\t\t\t\t\t<div class=\"e-gallery-image elementor-gallery-item__image\" data-thumbnail=\"https:\/\/transformarqroo.com\/wp-content\/uploads\/2025\/07\/Playa-06_Jul3.jpg\" data-width=\"1280\" data-height=\"853\" aria-label=\"\" role=\"img\" ><\/div>\n\t\t\t\t\t\t\t\t\t\t\t<div class=\"elementor-gallery-item__overlay\"><\/div>\n\t\t\t\t\t\t\t\t\t\t\t\t\t\t<\/a>\n\t\t\t\t\t\t\t<a class=\"e-gallery-item elementor-gallery-item elementor-animated-content\" href=\"https:\/\/transformarqroo.com\/wp-content\/uploads\/2025\/07\/Playa-06_Jul4.jpg\" data-elementor-open-lightbox=\"yes\" data-elementor-lightbox-slideshow=\"35ecf136\" data-elementor-lightbox-title=\"Playa 06_Jul(4)\" data-e-action-hash=\"#elementor-action%3Aaction%3Dlightbox%26settings%3DeyJpZCI6NDExNDgsInVybCI6Imh0dHBzOlwvXC90cmFuc2Zvcm1hcnFyb28uY29tXC93cC1jb250ZW50XC91cGxvYWRzXC8yMDI1XC8wN1wvUGxheWEtMDZfSnVsNC5qcGciLCJzbGlkZXNob3ciOiIzNWVjZjEzNiJ9\">\n\t\t\t\t\t<div class=\"e-gallery-image elementor-gallery-item__image\" data-thumbnail=\"https:\/\/transformarqroo.com\/wp-content\/uploads\/2025\/07\/Playa-06_Jul4.jpg\" data-width=\"1280\" data-height=\"853\" aria-label=\"\" role=\"img\" ><\/div>\n\t\t\t\t\t\t\t\t\t\t\t<div class=\"elementor-gallery-item__overlay\"><\/div>\n\t\t\t\t\t\t\t\t\t\t\t\t\t\t<\/a>\n\t\t\t\t\t\t\t<a class=\"e-gallery-item elementor-gallery-item elementor-animated-content\" href=\"https:\/\/transformarqroo.com\/wp-content\/uploads\/2025\/07\/Playa-06_Jul.jpg\" data-elementor-open-lightbox=\"yes\" data-elementor-lightbox-slideshow=\"35ecf136\" data-elementor-lightbox-title=\"Playa 06_Jul\" data-e-action-hash=\"#elementor-action%3Aaction%3Dlightbox%26settings%3DeyJpZCI6NDExNDksInVybCI6Imh0dHBzOlwvXC90cmFuc2Zvcm1hcnFyb28uY29tXC93cC1jb250ZW50XC91cGxvYWRzXC8yMDI1XC8wN1wvUGxheWEtMDZfSnVsLmpwZyIsInNsaWRlc2hvdyI6IjM1ZWNmMTM2In0%3D\">\n\t\t\t\t\t<div class=\"e-gallery-image elementor-gallery-item__image\" data-thumbnail=\"https:\/\/transformarqroo.com\/wp-content\/uploads\/2025\/07\/Playa-06_Jul.jpg\" data-width=\"1280\" data-height=\"853\" aria-label=\"\" role=\"img\" ><\/div>\n\t\t\t\t\t\t\t\t\t\t\t<div class=\"elementor-gallery-item__overlay\"><\/div>\n\t\t\t\t\t\t\t\t\t\t\t\t\t\t<\/a>\n\t\t\t\t\t<\/div>\n\t\t\t<\/div>\n\t\t\t\t<\/div>\n\t\t\t\t\t<\/div>\n\t\t<\/div>\n\t\t\t\t\t<\/div>\n\t\t<\/section>\n\t\t\t\t<\/div>\n\t\t","protected":false},"excerpt":{"rendered":"<p>Playa del Carmen, Quintana Roo, 6 de julio de 2025. \u2013 Con el respaldo del gobierno municipal y el entusiasmo de la comunidad, comenzaron las festividades en honor a la Virgen del Carmen, una tradici\u00f3n que, m\u00e1s all\u00e1 de su car\u00e1cter religioso, representa el profundo sentido de identidad, historia y arraigo de las y los [&hellip;]<\/p>\n","protected":false},"author":1,"featured_media":41149,"comment_status":"closed","ping_status":"closed","sticky":false,"template":"","format":"standard","meta":{"_FSMCFIC_featured_image_caption":"","_FSMCFIC_featured_image_nocaption":"","_FSMCFIC_featured_image_hide":"","footnotes":""},"categories":[32,30],"tags":[],"class_list":["post-41143","post","type-post","status-publish","format-standard","has-post-thumbnail","hentry","category-municipios","category-solidaridad"],"aioseo_notices":[],"_links":{"self":[{"href":"https:\/\/transformarqroo.com\/index.php\/wp-json\/wp\/v2\/posts\/41143","targetHints":{"allow":["GET"]}}],"collection":[{"href":"https:\/\/transformarqroo.com\/index.php\/wp-json\/wp\/v2\/posts"}],"about":[{"href":"https:\/\/transformarqroo.com\/index.php\/wp-json\/wp\/v2\/types\/post"}],"author":[{"embeddable":true,"href":"https:\/\/transformarqroo.com\/index.php\/wp-json\/wp\/v2\/users\/1"}],"replies":[{"embeddable":true,"href":"https:\/\/transformarqroo.com\/index.php\/wp-json\/wp\/v2\/comments?post=41143"}],"version-history":[{"count":4,"href":"https:\/\/transformarqroo.com\/index.php\/wp-json\/wp\/v2\/posts\/41143\/revisions"}],"predecessor-version":[{"id":41165,"href":"https:\/\/transformarqroo.com\/index.php\/wp-json\/wp\/v2\/posts\/41143\/revisions\/41165"}],"wp:featuredmedia":[{"embeddable":true,"href":"https:\/\/transformarqroo.com\/index.php\/wp-json\/wp\/v2\/media\/41149"}],"wp:attachment":[{"href":"https:\/\/transformarqroo.com\/index.php\/wp-json\/wp\/v2\/media?parent=41143"}],"wp:term":[{"taxonomy":"category","embeddable":true,"href":"https:\/\/transformarqroo.com\/index.php\/wp-json\/wp\/v2\/categories?post=41143"},{"taxonomy":"post_tag","embeddable":true,"href":"https:\/\/transformarqroo.com\/index.php\/wp-json\/wp\/v2\/tags?post=41143"}],"curies":[{"name":"wp","href":"https:\/\/api.w.org\/{rel}","templated":true}]}}