{"id":41290,"date":"2025-07-13T00:11:08","date_gmt":"2025-07-13T05:11:08","guid":{"rendered":"https:\/\/transformarqroo.com\/?p=41290"},"modified":"2025-07-24T00:29:30","modified_gmt":"2025-07-24T05:29:30","slug":"historica-participacion-de-artistas-locales-en-la-feria-del-carmen-2025","status":"publish","type":"post","link":"https:\/\/transformarqroo.com\/index.php\/2025\/07\/13\/historica-participacion-de-artistas-locales-en-la-feria-del-carmen-2025\/","title":{"rendered":"HIST\u00d3RICA PARTICIPACI\u00d3N DE ARTISTAS LOCALES EN LA FERIA DEL CARMEN 2025"},"content":{"rendered":"\t\t<div data-elementor-type=\"wp-post\" data-elementor-id=\"41290\" class=\"elementor elementor-41290\" data-elementor-post-type=\"post\">\n\t\t\t\t\t\t<section class=\"elementor-section elementor-top-section elementor-element elementor-element-a6fca31 elementor-section-boxed elementor-section-height-default elementor-section-height-default\" data-id=\"a6fca31\" data-element_type=\"section\">\n\t\t\t\t\t\t<div class=\"elementor-container elementor-column-gap-default\">\n\t\t\t\t\t<div class=\"elementor-column elementor-col-100 elementor-top-column elementor-element elementor-element-5255106d\" data-id=\"5255106d\" data-element_type=\"column\">\n\t\t\t<div class=\"elementor-widget-wrap elementor-element-populated\">\n\t\t\t\t\t\t<div class=\"elementor-element elementor-element-6120602f elementor-widget elementor-widget-premium-addon-banner\" data-id=\"6120602f\" data-element_type=\"widget\" data-widget_type=\"premium-addon-banner.default\">\n\t\t\t\t<div class=\"elementor-widget-container\">\n\t\t\t\t\t<div class=\"premium-banner-ib premium-banner-min-height premium-banner-animation7 none\">\r\n\t\t\t\t\t\t\t<div class=\"premium-banner-border\">\r\n\t\t\t\t\t<div class=\"premium-banner-br premium-banner-bleft premium-banner-brlr\"><\/div>\r\n\t\t\t\t\t<div class=\"premium-banner-br premium-banner-bright premium-banner-brlr\"><\/div>\r\n\t\t\t\t\t<div class=\"premium-banner-br premium-banner-btop premium-banner-brtb\"><\/div>\r\n\t\t\t\t\t<div class=\"premium-banner-br premium-banner-bottom premium-banner-brtb\"><\/div>\r\n\t\t\t\t<\/div>\r\n\t\t\t\t\t\t\t\t\t\t\t\t\t\t\t<img fetchpriority=\"high\" decoding=\"async\" width=\"1280\" height=\"853\" src=\"https:\/\/transformarqroo.com\/wp-content\/uploads\/2025\/07\/Playa-13_Jul.jpg\" class=\"attachment-full size-full wp-image-41300\" alt=\"\" srcset=\"https:\/\/transformarqroo.com\/wp-content\/uploads\/2025\/07\/Playa-13_Jul.jpg 1280w, https:\/\/transformarqroo.com\/wp-content\/uploads\/2025\/07\/Playa-13_Jul-300x200.jpg 300w, https:\/\/transformarqroo.com\/wp-content\/uploads\/2025\/07\/Playa-13_Jul-1024x682.jpg 1024w, https:\/\/transformarqroo.com\/wp-content\/uploads\/2025\/07\/Playa-13_Jul-768x512.jpg 768w, https:\/\/transformarqroo.com\/wp-content\/uploads\/2025\/07\/Playa-13_Jul-100x67.jpg 100w\" sizes=\"(max-width: 1280px) 100vw, 1280px\" \/>\t\t\t\t\t\t\t\t\t\t<div class=\"premium-banner-ib-desc\">\r\n\t\t\t\t\t\t\t\t\t<div class=\"premium-banner-desc-centered\">\r\n\t\t\t\t\t\t\t\t\t<h3 class=\"premium-banner-ib-title premium_banner_title\"><\/h3>\t\t\t\t\t\t\t\t\t\t\t\t\t<\/div>\r\n\t\t\t\t\t\t\t<\/div>\r\n\t\t\t\t\t<\/div>\r\n\t\t\t\t\t\t<\/div>\n\t\t\t\t<\/div>\n\t\t\t\t\t<\/div>\n\t\t<\/div>\n\t\t\t\t\t<\/div>\n\t\t<\/section>\n\t\t\t\t<section class=\"elementor-section elementor-top-section elementor-element elementor-element-6c2a8d4e elementor-section-boxed elementor-section-height-default elementor-section-height-default\" data-id=\"6c2a8d4e\" data-element_type=\"section\" data-settings=\"{&quot;background_background&quot;:&quot;classic&quot;}\">\n\t\t\t\t\t\t<div class=\"elementor-container elementor-column-gap-default\">\n\t\t\t\t\t<div class=\"elementor-column elementor-col-100 elementor-top-column elementor-element elementor-element-9bbc427\" data-id=\"9bbc427\" data-element_type=\"column\">\n\t\t\t<div class=\"elementor-widget-wrap elementor-element-populated\">\n\t\t\t\t\t\t<div class=\"elementor-element elementor-element-249eec7a premium-title-icon-row premium-title-color elementor-widget elementor-widget-premium-addon-title\" data-id=\"249eec7a\" data-element_type=\"widget\" data-widget_type=\"premium-addon-title.default\">\n\t\t\t\t<div class=\"elementor-widget-container\">\n\t\t\t\r\n\t\t<div class=\"premium-title-container style2\">\r\n\t\t\t<h5 class=\"premium-title-header premium-title-style2\">\r\n\t\t\t\t\r\n\t\t\t\t\t\t\t\t\t\t\t\t\t\t\t<div class=\"premium-title-icon premium-lottie-animation\" data-lottie-url=\"https:\/\/assets8.lottiefiles.com\/packages\/lf20_pcfclxy8.json\" data-lottie-loop=\"true\" data-lottie-reverse=\"\"><\/div>\r\n\t\t\t\t\t\t\t\t\t\r\n\t\t\t\t\t\t\t\t\t\t\t\t<span class=\"premium-title-text\" >\r\n\t\t\t\t\t\t\t\t\t<\/span>\r\n\t\t\t\t\t\r\n\t\t\t\t\t\t\t\t\t\t\t<\/h5>\r\n\t\t<\/div>\r\n\r\n\t\t\t\t<\/div>\n\t\t\t\t<\/div>\n\t\t\t\t\t<\/div>\n\t\t<\/div>\n\t\t\t\t\t<\/div>\n\t\t<\/section>\n\t\t\t\t<section class=\"elementor-section elementor-top-section elementor-element elementor-element-62d4b26d elementor-section-boxed elementor-section-height-default elementor-section-height-default\" data-id=\"62d4b26d\" data-element_type=\"section\">\n\t\t\t\t\t\t<div class=\"elementor-container elementor-column-gap-default\">\n\t\t\t\t\t<div class=\"elementor-column elementor-col-100 elementor-top-column elementor-element elementor-element-3b370ed1\" data-id=\"3b370ed1\" data-element_type=\"column\">\n\t\t\t<div class=\"elementor-widget-wrap elementor-element-populated\">\n\t\t\t\t\t\t<div class=\"elementor-element elementor-element-b7f01 elementor-widget elementor-widget-text-editor\" data-id=\"b7f01\" data-element_type=\"widget\" data-widget_type=\"text-editor.default\">\n\t\t\t\t<div class=\"elementor-widget-container\">\n\t\t\t\t\t\t\t<p><span style=\"font-weight: 400;\">Playa del Carmen, Quintana Roo, 13 de julio de 2025.- M\u00e1s de 300 artistas quintanarroenses participan en la Feria del Carmen 2025, en una programaci\u00f3n hist\u00f3rica promovida por la presidenta Estefan\u00eda Mercado, mediante el Instituto Municipal de la Cultura y las Artes de Playa del Carmen.<\/span><\/p><p>\u00a0<\/p><p><span style=\"font-weight: 400;\">En otros a\u00f1os, eran pocas las oportunidades para el talento del estado. En esta ocasi\u00f3n, por instrucciones de la Alcaldesa, se les ha dado prioridad para tener actividad en el Teatro del Pueblo y para el Pueblo.<\/span><\/p><p>\u00a0<\/p><p><span style=\"font-weight: 400;\">Este domingo subieron al escenario del recinto ferial, ubicado en la avenida CTM,\u00a0 el Payasito Chacac\u00faa, el grupo Infantil Alebrijes, el ballet Pan Ch\u2019 Eel de Universidad de Quintana Roo, el grupo Or\u00edgenes del maestro Ernesto Ramos, dueto Karla Cruz y Bernardo Nieto, la Voz de Corralejo, la comediante Tila Mar\u00eda, la Academia de baile Caribe y el grupo musical Fresa y la Sentencia.<\/span><\/p><p>\u00a0<\/p><p><span style=\"font-weight: 400;\">Ernesto Santiago Martinez, director del Instituto Municipal de la Cultura y las Artes de Playa del Carmen, puntualiz\u00f3 que \u201cestamos haciendo realidad los sue\u00f1os de nuestros artistas, y de las familias y visitantes quienes pueden conocer sus interpretaciones y aplaudirlas\u201d.<\/span><\/p><p>\u00a0<\/p><p><span style=\"font-weight: 400;\">Este lunes 14 de julio, estar\u00e1n en el recinto ferial a partir de las siete de la noche, el Tr\u00edo Excelencia, el Show Art\u00edstico by La Sede, el tr\u00edo Ecos del Mayab, Nani Namu y el mariachi Imperial de la Riviera Maya. Al d\u00eda siguiente el espect\u00e1culo estar\u00e1 a cargo del Coro de la Ciudad Infantil y Juvenil, el Coro de Adultos by Maestra Adela, Gonna M\u00e9ndez, el mariachi Nativa Danza y Ra\u00edces Compa\u00f1\u00eda as\u00ed como las cantantes Anabel Mendoza y Larissa Cobos.<\/span><\/p><p>\u00a0<\/p><p><span style=\"font-weight: 400;\">Finalmente, el mi\u00e9rcoles 16 de julio estar\u00e1n en el mismo escenario los alumnos de la Escuela de M\u00fasica de la alcald\u00eda de Puerto Aventuras, Luis Garc\u00eda, Jessi Reyeka, Cris Nova, el grupo musical The Heart Makers, el estudio de baile Inspirae y el DJ Chris #ElNuevoL\u00edder.<\/span><\/p><p>\u00a0<\/p><p><span style=\"font-weight: 400;\">Con un buen recibimiento por parte de los asistentes, ya estuvieron presentes los alumnos de danza y m\u00fasica de los talleres que se imparten en el Centro Cultural, el grupo Marimb\u00edstica, el Ballet Folcl\u00f3rico Cuzamil de Cozumel, el Ballet Folcl\u00f3rico Ciudad Mujeres, la int\u00e9rprete Viridiana Mondrag\u00f3n, la Academia Amate de danza y arte esc\u00e9nico, y el grupo Los Elegantes del Carmen.<\/span><\/p>\t\t\t\t\t\t<\/div>\n\t\t\t\t<\/div>\n\t\t\t\t\t<\/div>\n\t\t<\/div>\n\t\t\t\t\t<\/div>\n\t\t<\/section>\n\t\t\t\t<section class=\"elementor-section elementor-top-section elementor-element elementor-element-74a131fa elementor-section-boxed elementor-section-height-default elementor-section-height-default\" data-id=\"74a131fa\" data-element_type=\"section\">\n\t\t\t\t\t\t<div class=\"elementor-container elementor-column-gap-default\">\n\t\t\t\t\t<div class=\"elementor-column elementor-col-100 elementor-top-column elementor-element elementor-element-797725e3\" data-id=\"797725e3\" data-element_type=\"column\">\n\t\t\t<div class=\"elementor-widget-wrap elementor-element-populated\">\n\t\t\t\t\t\t<div class=\"elementor-element elementor-element-56e1e75c elementor-widget elementor-widget-gallery\" data-id=\"56e1e75c\" data-element_type=\"widget\" data-settings=\"{&quot;gallery_layout&quot;:&quot;justified&quot;,&quot;lazyload&quot;:&quot;yes&quot;,&quot;ideal_row_height&quot;:{&quot;unit&quot;:&quot;px&quot;,&quot;size&quot;:200,&quot;sizes&quot;:[]},&quot;ideal_row_height_tablet&quot;:{&quot;unit&quot;:&quot;px&quot;,&quot;size&quot;:150,&quot;sizes&quot;:[]},&quot;ideal_row_height_mobile&quot;:{&quot;unit&quot;:&quot;px&quot;,&quot;size&quot;:150,&quot;sizes&quot;:[]},&quot;gap&quot;:{&quot;unit&quot;:&quot;px&quot;,&quot;size&quot;:10,&quot;sizes&quot;:[]},&quot;gap_tablet&quot;:{&quot;unit&quot;:&quot;px&quot;,&quot;size&quot;:10,&quot;sizes&quot;:[]},&quot;gap_mobile&quot;:{&quot;unit&quot;:&quot;px&quot;,&quot;size&quot;:10,&quot;sizes&quot;:[]},&quot;link_to&quot;:&quot;file&quot;,&quot;overlay_background&quot;:&quot;yes&quot;,&quot;content_hover_animation&quot;:&quot;fade-in&quot;}\" data-widget_type=\"gallery.default\">\n\t\t\t\t<div class=\"elementor-widget-container\">\n\t\t\t\t\t<div class=\"elementor-gallery__container\">\n\t\t\t\t\t\t\t<a class=\"e-gallery-item elementor-gallery-item elementor-animated-content\" href=\"https:\/\/transformarqroo.com\/wp-content\/uploads\/2025\/07\/Playa-13_Jul1.jpg\" data-elementor-open-lightbox=\"yes\" data-elementor-lightbox-slideshow=\"56e1e75c\" data-elementor-lightbox-title=\"Playa 13_Jul(1)\" data-e-action-hash=\"#elementor-action%3Aaction%3Dlightbox%26settings%3DeyJpZCI6NDEyOTcsInVybCI6Imh0dHBzOlwvXC90cmFuc2Zvcm1hcnFyb28uY29tXC93cC1jb250ZW50XC91cGxvYWRzXC8yMDI1XC8wN1wvUGxheWEtMTNfSnVsMS5qcGciLCJzbGlkZXNob3ciOiI1NmUxZTc1YyJ9\">\n\t\t\t\t\t<div class=\"e-gallery-image elementor-gallery-item__image\" data-thumbnail=\"https:\/\/transformarqroo.com\/wp-content\/uploads\/2025\/07\/Playa-13_Jul1.jpg\" data-width=\"1280\" data-height=\"853\" aria-label=\"\" role=\"img\" ><\/div>\n\t\t\t\t\t\t\t\t\t\t\t<div class=\"elementor-gallery-item__overlay\"><\/div>\n\t\t\t\t\t\t\t\t\t\t\t\t\t\t<\/a>\n\t\t\t\t\t\t\t<a class=\"e-gallery-item elementor-gallery-item elementor-animated-content\" href=\"https:\/\/transformarqroo.com\/wp-content\/uploads\/2025\/07\/Playa-13_Jul2.jpg\" data-elementor-open-lightbox=\"yes\" data-elementor-lightbox-slideshow=\"56e1e75c\" data-elementor-lightbox-title=\"Playa 13_Jul(2)\" data-e-action-hash=\"#elementor-action%3Aaction%3Dlightbox%26settings%3DeyJpZCI6NDEyOTgsInVybCI6Imh0dHBzOlwvXC90cmFuc2Zvcm1hcnFyb28uY29tXC93cC1jb250ZW50XC91cGxvYWRzXC8yMDI1XC8wN1wvUGxheWEtMTNfSnVsMi5qcGciLCJzbGlkZXNob3ciOiI1NmUxZTc1YyJ9\">\n\t\t\t\t\t<div class=\"e-gallery-image elementor-gallery-item__image\" data-thumbnail=\"https:\/\/transformarqroo.com\/wp-content\/uploads\/2025\/07\/Playa-13_Jul2.jpg\" data-width=\"1600\" data-height=\"1066\" aria-label=\"\" role=\"img\" ><\/div>\n\t\t\t\t\t\t\t\t\t\t\t<div class=\"elementor-gallery-item__overlay\"><\/div>\n\t\t\t\t\t\t\t\t\t\t\t\t\t\t<\/a>\n\t\t\t\t\t\t\t<a class=\"e-gallery-item elementor-gallery-item elementor-animated-content\" href=\"https:\/\/transformarqroo.com\/wp-content\/uploads\/2025\/07\/Playa-13_Jul3.jpg\" data-elementor-open-lightbox=\"yes\" data-elementor-lightbox-slideshow=\"56e1e75c\" data-elementor-lightbox-title=\"Playa 13_Jul(3)\" data-e-action-hash=\"#elementor-action%3Aaction%3Dlightbox%26settings%3DeyJpZCI6NDEyOTksInVybCI6Imh0dHBzOlwvXC90cmFuc2Zvcm1hcnFyb28uY29tXC93cC1jb250ZW50XC91cGxvYWRzXC8yMDI1XC8wN1wvUGxheWEtMTNfSnVsMy5qcGciLCJzbGlkZXNob3ciOiI1NmUxZTc1YyJ9\">\n\t\t\t\t\t<div class=\"e-gallery-image elementor-gallery-item__image\" data-thumbnail=\"https:\/\/transformarqroo.com\/wp-content\/uploads\/2025\/07\/Playa-13_Jul3.jpg\" data-width=\"1600\" data-height=\"1066\" aria-label=\"\" role=\"img\" ><\/div>\n\t\t\t\t\t\t\t\t\t\t\t<div class=\"elementor-gallery-item__overlay\"><\/div>\n\t\t\t\t\t\t\t\t\t\t\t\t\t\t<\/a>\n\t\t\t\t\t\t\t<a class=\"e-gallery-item elementor-gallery-item elementor-animated-content\" href=\"https:\/\/transformarqroo.com\/wp-content\/uploads\/2025\/07\/Playa-13_Jul.jpg\" data-elementor-open-lightbox=\"yes\" data-elementor-lightbox-slideshow=\"56e1e75c\" data-elementor-lightbox-title=\"Playa 13_Jul\" data-e-action-hash=\"#elementor-action%3Aaction%3Dlightbox%26settings%3DeyJpZCI6NDEzMDAsInVybCI6Imh0dHBzOlwvXC90cmFuc2Zvcm1hcnFyb28uY29tXC93cC1jb250ZW50XC91cGxvYWRzXC8yMDI1XC8wN1wvUGxheWEtMTNfSnVsLmpwZyIsInNsaWRlc2hvdyI6IjU2ZTFlNzVjIn0%3D\">\n\t\t\t\t\t<div class=\"e-gallery-image elementor-gallery-item__image\" data-thumbnail=\"https:\/\/transformarqroo.com\/wp-content\/uploads\/2025\/07\/Playa-13_Jul.jpg\" data-width=\"1280\" data-height=\"853\" aria-label=\"\" role=\"img\" ><\/div>\n\t\t\t\t\t\t\t\t\t\t\t<div class=\"elementor-gallery-item__overlay\"><\/div>\n\t\t\t\t\t\t\t\t\t\t\t\t\t\t<\/a>\n\t\t\t\t\t<\/div>\n\t\t\t<\/div>\n\t\t\t\t<\/div>\n\t\t\t\t\t<\/div>\n\t\t<\/div>\n\t\t\t\t\t<\/div>\n\t\t<\/section>\n\t\t\t\t<\/div>\n\t\t","protected":false},"excerpt":{"rendered":"<p>Playa del Carmen, Quintana Roo, 13 de julio de 2025.- M\u00e1s de 300 artistas quintanarroenses participan en la Feria del Carmen 2025, en una programaci\u00f3n hist\u00f3rica promovida por la presidenta Estefan\u00eda Mercado, mediante el Instituto Municipal de la Cultura y las Artes de Playa del Carmen. \u00a0 En otros a\u00f1os, eran pocas las oportunidades para [&hellip;]<\/p>\n","protected":false},"author":1,"featured_media":41300,"comment_status":"closed","ping_status":"closed","sticky":false,"template":"","format":"standard","meta":{"_FSMCFIC_featured_image_caption":"","_FSMCFIC_featured_image_nocaption":"","_FSMCFIC_featured_image_hide":"","footnotes":""},"categories":[32,30],"tags":[],"class_list":["post-41290","post","type-post","status-publish","format-standard","has-post-thumbnail","hentry","category-municipios","category-solidaridad"],"aioseo_notices":[],"_links":{"self":[{"href":"https:\/\/transformarqroo.com\/index.php\/wp-json\/wp\/v2\/posts\/41290","targetHints":{"allow":["GET"]}}],"collection":[{"href":"https:\/\/transformarqroo.com\/index.php\/wp-json\/wp\/v2\/posts"}],"about":[{"href":"https:\/\/transformarqroo.com\/index.php\/wp-json\/wp\/v2\/types\/post"}],"author":[{"embeddable":true,"href":"https:\/\/transformarqroo.com\/index.php\/wp-json\/wp\/v2\/users\/1"}],"replies":[{"embeddable":true,"href":"https:\/\/transformarqroo.com\/index.php\/wp-json\/wp\/v2\/comments?post=41290"}],"version-history":[{"count":4,"href":"https:\/\/transformarqroo.com\/index.php\/wp-json\/wp\/v2\/posts\/41290\/revisions"}],"predecessor-version":[{"id":41316,"href":"https:\/\/transformarqroo.com\/index.php\/wp-json\/wp\/v2\/posts\/41290\/revisions\/41316"}],"wp:featuredmedia":[{"embeddable":true,"href":"https:\/\/transformarqroo.com\/index.php\/wp-json\/wp\/v2\/media\/41300"}],"wp:attachment":[{"href":"https:\/\/transformarqroo.com\/index.php\/wp-json\/wp\/v2\/media?parent=41290"}],"wp:term":[{"taxonomy":"category","embeddable":true,"href":"https:\/\/transformarqroo.com\/index.php\/wp-json\/wp\/v2\/categories?post=41290"},{"taxonomy":"post_tag","embeddable":true,"href":"https:\/\/transformarqroo.com\/index.php\/wp-json\/wp\/v2\/tags?post=41290"}],"curies":[{"name":"wp","href":"https:\/\/api.w.org\/{rel}","templated":true}]}}