{"id":41291,"date":"2025-07-12T00:11:09","date_gmt":"2025-07-12T05:11:09","guid":{"rendered":"https:\/\/transformarqroo.com\/?p=41291"},"modified":"2025-07-24T00:29:07","modified_gmt":"2025-07-24T05:29:07","slug":"espectacular-cierre-de-cursos-de-la-orquesta-sinfonica-infantil-y-juvenil-de-playa-del-carmen","status":"publish","type":"post","link":"https:\/\/transformarqroo.com\/index.php\/2025\/07\/12\/espectacular-cierre-de-cursos-de-la-orquesta-sinfonica-infantil-y-juvenil-de-playa-del-carmen\/","title":{"rendered":"ESPECTACULAR CIERRE DE CURSOS DE LA ORQUESTA SINF\u00d3NICA INFANTIL Y JUVENIL DE PLAYA DEL CARMEN"},"content":{"rendered":"\t\t<div data-elementor-type=\"wp-post\" data-elementor-id=\"41291\" class=\"elementor elementor-41291\" data-elementor-post-type=\"post\">\n\t\t\t\t\t\t<section class=\"elementor-section elementor-top-section elementor-element elementor-element-61a3d96d elementor-section-boxed elementor-section-height-default elementor-section-height-default\" data-id=\"61a3d96d\" data-element_type=\"section\">\n\t\t\t\t\t\t<div class=\"elementor-container elementor-column-gap-default\">\n\t\t\t\t\t<div class=\"elementor-column elementor-col-100 elementor-top-column elementor-element elementor-element-16a77457\" data-id=\"16a77457\" data-element_type=\"column\">\n\t\t\t<div class=\"elementor-widget-wrap elementor-element-populated\">\n\t\t\t\t\t\t<div class=\"elementor-element elementor-element-4e8be77c elementor-widget elementor-widget-premium-addon-banner\" data-id=\"4e8be77c\" data-element_type=\"widget\" data-widget_type=\"premium-addon-banner.default\">\n\t\t\t\t<div class=\"elementor-widget-container\">\n\t\t\t\t\t<div class=\"premium-banner-ib premium-banner-min-height premium-banner-animation7 none\">\r\n\t\t\t\t\t\t\t<div class=\"premium-banner-border\">\r\n\t\t\t\t\t<div class=\"premium-banner-br premium-banner-bleft premium-banner-brlr\"><\/div>\r\n\t\t\t\t\t<div class=\"premium-banner-br premium-banner-bright premium-banner-brlr\"><\/div>\r\n\t\t\t\t\t<div class=\"premium-banner-br premium-banner-btop premium-banner-brtb\"><\/div>\r\n\t\t\t\t\t<div class=\"premium-banner-br premium-banner-bottom premium-banner-brtb\"><\/div>\r\n\t\t\t\t<\/div>\r\n\t\t\t\t\t\t\t\t\t\t\t\t\t\t\t<img fetchpriority=\"high\" decoding=\"async\" width=\"1600\" height=\"816\" src=\"https:\/\/transformarqroo.com\/wp-content\/uploads\/2025\/07\/Playa-12_Jul.jpg\" class=\"attachment-full size-full wp-image-41296\" alt=\"\" srcset=\"https:\/\/transformarqroo.com\/wp-content\/uploads\/2025\/07\/Playa-12_Jul.jpg 1600w, https:\/\/transformarqroo.com\/wp-content\/uploads\/2025\/07\/Playa-12_Jul-300x153.jpg 300w, https:\/\/transformarqroo.com\/wp-content\/uploads\/2025\/07\/Playa-12_Jul-1024x522.jpg 1024w, https:\/\/transformarqroo.com\/wp-content\/uploads\/2025\/07\/Playa-12_Jul-768x392.jpg 768w, https:\/\/transformarqroo.com\/wp-content\/uploads\/2025\/07\/Playa-12_Jul-100x51.jpg 100w, https:\/\/transformarqroo.com\/wp-content\/uploads\/2025\/07\/Playa-12_Jul-1536x783.jpg 1536w\" sizes=\"(max-width: 1600px) 100vw, 1600px\" \/>\t\t\t\t\t\t\t\t\t\t<div class=\"premium-banner-ib-desc\">\r\n\t\t\t\t\t\t\t\t\t<div class=\"premium-banner-desc-centered\">\r\n\t\t\t\t\t\t\t\t\t<h3 class=\"premium-banner-ib-title premium_banner_title\"><\/h3>\t\t\t\t\t\t\t\t\t\t\t\t\t<\/div>\r\n\t\t\t\t\t\t\t<\/div>\r\n\t\t\t\t\t<\/div>\r\n\t\t\t\t\t\t<\/div>\n\t\t\t\t<\/div>\n\t\t\t\t\t<\/div>\n\t\t<\/div>\n\t\t\t\t\t<\/div>\n\t\t<\/section>\n\t\t\t\t<section class=\"elementor-section elementor-top-section elementor-element elementor-element-11e61ab7 elementor-section-boxed elementor-section-height-default elementor-section-height-default\" data-id=\"11e61ab7\" data-element_type=\"section\" data-settings=\"{&quot;background_background&quot;:&quot;classic&quot;}\">\n\t\t\t\t\t\t<div class=\"elementor-container elementor-column-gap-default\">\n\t\t\t\t\t<div class=\"elementor-column elementor-col-100 elementor-top-column elementor-element elementor-element-13b4f9cb\" data-id=\"13b4f9cb\" data-element_type=\"column\">\n\t\t\t<div class=\"elementor-widget-wrap elementor-element-populated\">\n\t\t\t\t\t\t<div class=\"elementor-element elementor-element-1f7d1f68 premium-title-icon-row premium-title-color elementor-widget elementor-widget-premium-addon-title\" data-id=\"1f7d1f68\" data-element_type=\"widget\" data-widget_type=\"premium-addon-title.default\">\n\t\t\t\t<div class=\"elementor-widget-container\">\n\t\t\t\r\n\t\t<div class=\"premium-title-container style2\">\r\n\t\t\t<h5 class=\"premium-title-header premium-title-style2\">\r\n\t\t\t\t\r\n\t\t\t\t\t\t\t\t\t\t\t\t\t\t\t<div class=\"premium-title-icon premium-lottie-animation\" data-lottie-url=\"https:\/\/assets8.lottiefiles.com\/packages\/lf20_pcfclxy8.json\" data-lottie-loop=\"true\" data-lottie-reverse=\"\"><\/div>\r\n\t\t\t\t\t\t\t\t\t\r\n\t\t\t\t\t\t\t\t\t\t\t\t<span class=\"premium-title-text\" >\r\n\t\t\t\t\t\t\t\t\t<\/span>\r\n\t\t\t\t\t\r\n\t\t\t\t\t\t\t\t\t\t\t<\/h5>\r\n\t\t<\/div>\r\n\r\n\t\t\t\t<\/div>\n\t\t\t\t<\/div>\n\t\t\t\t\t<\/div>\n\t\t<\/div>\n\t\t\t\t\t<\/div>\n\t\t<\/section>\n\t\t\t\t<section class=\"elementor-section elementor-top-section elementor-element elementor-element-3bb4a84d elementor-section-boxed elementor-section-height-default elementor-section-height-default\" data-id=\"3bb4a84d\" data-element_type=\"section\">\n\t\t\t\t\t\t<div class=\"elementor-container elementor-column-gap-default\">\n\t\t\t\t\t<div class=\"elementor-column elementor-col-100 elementor-top-column elementor-element elementor-element-36093feb\" data-id=\"36093feb\" data-element_type=\"column\">\n\t\t\t<div class=\"elementor-widget-wrap elementor-element-populated\">\n\t\t\t\t\t\t<div class=\"elementor-element elementor-element-33a5d507 elementor-widget elementor-widget-text-editor\" data-id=\"33a5d507\" data-element_type=\"widget\" data-widget_type=\"text-editor.default\">\n\t\t\t\t<div class=\"elementor-widget-container\">\n\t\t\t\t\t\t\t<p><span style=\"font-weight: 400;\">Playa del Carmen, Quintana Roo, 12 de julio de 2025.- La Orquesta Sinf\u00f3nica Infantil y Juvenil de Playa del Carmen cerr\u00f3 los cursos del primer semestre del 2025, con un concierto magistralmente dirigido por Liliam Lima, en el Teatro de la Ciudad \u201cXaman Ha\u201d.<\/span><\/p><p>\u00a0<\/p><p><span style=\"font-weight: 400;\">El director general del Instituto Municipal de la Cultura y las Artes de Playa del Carmen, Ernesto Santiago Mart\u00ednez Cu\u00e9llar, subray\u00f3 la intensa actividad que ha tenido esta agrupaci\u00f3n en eventos organizados por el gobierno que encabeza la presidenta municipal Estefan\u00eda Mercado.<\/span><\/p><p>\u00a0<\/p><p><span style=\"font-weight: 400;\">\u201cTenemos 33 alumnas y alumnos nuevos de un total de 90, quienes ya son parte de la nueva generaci\u00f3n. Al contrario que en el pasado, hemos gestionado para nuestra Orquesta se haya presentado lo mismo en la colonia Cristo Rey, que en Chetumal o en Canc\u00fan, as\u00ed como en la Feria del Libro y las Artes en la Plaza 28 de Julio, entre otras\u201d, a\u00f1adi\u00f3.<\/span><\/p><p>\u00a0<\/p><p><span style=\"font-weight: 400;\">El repertorio de este concierto arranc\u00f3 los aplausos de los asistentes con el Danz\u00f3n 2 de Arturo M\u00e1rquez, M\u00e9xico en la piel, Obertura Mexicana y Lo que le pas\u00f3 a Neftolio, as\u00ed como un popurr\u00ed con La Cucaracha, Cielito Lindo y En el mar la vida es m\u00e1s sabrosa.<\/span><\/p><p>\u00a0<\/p><p><span style=\"font-weight: 400;\">La directora felicit\u00f3 a la violinista Priscila S\u00e1nchez por ganarse un lugar en la Orquesta Sinf\u00f3nica Infantil de M\u00e9xico, con la que estar\u00e1 tres semanas en conciertos por todo el pa\u00eds. En ese sentido, tambi\u00e9n reconoci\u00f3 a \u00c1ngel David (viol\u00edn) y Daniel (corno franc\u00e9s), quienes avanzar\u00e1n en sus estudios en otras entidades.<\/span><\/p><p>\u00a0<\/p><p><span style=\"font-weight: 400;\">La presentaci\u00f3n continu\u00f3 con Aire y La Marcha. Minutos m\u00e1s tarde, la violinista Dayane interpret\u00f3 M\u00e9xico en la piel acompa\u00f1ada de Jonathan. Las familias de estos m\u00fasicos despidieron este concierto con una sonora ovaci\u00f3n de varios minutos, luego del cierre con broche de oro con la pieza Tierra Querida.<\/span><\/p>\t\t\t\t\t\t<\/div>\n\t\t\t\t<\/div>\n\t\t\t\t\t<\/div>\n\t\t<\/div>\n\t\t\t\t\t<\/div>\n\t\t<\/section>\n\t\t\t\t<section class=\"elementor-section elementor-top-section elementor-element elementor-element-429ab2d1 elementor-section-boxed elementor-section-height-default elementor-section-height-default\" data-id=\"429ab2d1\" data-element_type=\"section\">\n\t\t\t\t\t\t<div class=\"elementor-container elementor-column-gap-default\">\n\t\t\t\t\t<div class=\"elementor-column elementor-col-100 elementor-top-column elementor-element elementor-element-52c1483d\" data-id=\"52c1483d\" data-element_type=\"column\">\n\t\t\t<div class=\"elementor-widget-wrap elementor-element-populated\">\n\t\t\t\t\t\t<div class=\"elementor-element elementor-element-66898d1a elementor-widget elementor-widget-gallery\" data-id=\"66898d1a\" data-element_type=\"widget\" data-settings=\"{&quot;gallery_layout&quot;:&quot;justified&quot;,&quot;lazyload&quot;:&quot;yes&quot;,&quot;ideal_row_height&quot;:{&quot;unit&quot;:&quot;px&quot;,&quot;size&quot;:200,&quot;sizes&quot;:[]},&quot;ideal_row_height_tablet&quot;:{&quot;unit&quot;:&quot;px&quot;,&quot;size&quot;:150,&quot;sizes&quot;:[]},&quot;ideal_row_height_mobile&quot;:{&quot;unit&quot;:&quot;px&quot;,&quot;size&quot;:150,&quot;sizes&quot;:[]},&quot;gap&quot;:{&quot;unit&quot;:&quot;px&quot;,&quot;size&quot;:10,&quot;sizes&quot;:[]},&quot;gap_tablet&quot;:{&quot;unit&quot;:&quot;px&quot;,&quot;size&quot;:10,&quot;sizes&quot;:[]},&quot;gap_mobile&quot;:{&quot;unit&quot;:&quot;px&quot;,&quot;size&quot;:10,&quot;sizes&quot;:[]},&quot;link_to&quot;:&quot;file&quot;,&quot;overlay_background&quot;:&quot;yes&quot;,&quot;content_hover_animation&quot;:&quot;fade-in&quot;}\" data-widget_type=\"gallery.default\">\n\t\t\t\t<div class=\"elementor-widget-container\">\n\t\t\t\t\t<div class=\"elementor-gallery__container\">\n\t\t\t\t\t\t\t<a class=\"e-gallery-item elementor-gallery-item elementor-animated-content\" href=\"https:\/\/transformarqroo.com\/wp-content\/uploads\/2025\/07\/Playa-12_Jul1.jpg\" data-elementor-open-lightbox=\"yes\" data-elementor-lightbox-slideshow=\"66898d1a\" data-elementor-lightbox-title=\"Playa 12_Jul(1)\" data-e-action-hash=\"#elementor-action%3Aaction%3Dlightbox%26settings%3DeyJpZCI6NDEyOTUsInVybCI6Imh0dHBzOlwvXC90cmFuc2Zvcm1hcnFyb28uY29tXC93cC1jb250ZW50XC91cGxvYWRzXC8yMDI1XC8wN1wvUGxheWEtMTJfSnVsMS5qcGciLCJzbGlkZXNob3ciOiI2Njg5OGQxYSJ9\">\n\t\t\t\t\t<div class=\"e-gallery-image elementor-gallery-item__image\" data-thumbnail=\"https:\/\/transformarqroo.com\/wp-content\/uploads\/2025\/07\/Playa-12_Jul1.jpg\" data-width=\"1600\" data-height=\"1200\" aria-label=\"\" role=\"img\" ><\/div>\n\t\t\t\t\t\t\t\t\t\t\t<div class=\"elementor-gallery-item__overlay\"><\/div>\n\t\t\t\t\t\t\t\t\t\t\t\t\t\t<\/a>\n\t\t\t\t\t\t\t<a class=\"e-gallery-item elementor-gallery-item elementor-animated-content\" href=\"https:\/\/transformarqroo.com\/wp-content\/uploads\/2025\/07\/Playa-12_Jul.jpg\" data-elementor-open-lightbox=\"yes\" data-elementor-lightbox-slideshow=\"66898d1a\" data-elementor-lightbox-title=\"Playa 12_Jul\" data-e-action-hash=\"#elementor-action%3Aaction%3Dlightbox%26settings%3DeyJpZCI6NDEyOTYsInVybCI6Imh0dHBzOlwvXC90cmFuc2Zvcm1hcnFyb28uY29tXC93cC1jb250ZW50XC91cGxvYWRzXC8yMDI1XC8wN1wvUGxheWEtMTJfSnVsLmpwZyIsInNsaWRlc2hvdyI6IjY2ODk4ZDFhIn0%3D\">\n\t\t\t\t\t<div class=\"e-gallery-image elementor-gallery-item__image\" data-thumbnail=\"https:\/\/transformarqroo.com\/wp-content\/uploads\/2025\/07\/Playa-12_Jul.jpg\" data-width=\"1600\" data-height=\"816\" aria-label=\"\" role=\"img\" ><\/div>\n\t\t\t\t\t\t\t\t\t\t\t<div class=\"elementor-gallery-item__overlay\"><\/div>\n\t\t\t\t\t\t\t\t\t\t\t\t\t\t<\/a>\n\t\t\t\t\t<\/div>\n\t\t\t<\/div>\n\t\t\t\t<\/div>\n\t\t\t\t\t<\/div>\n\t\t<\/div>\n\t\t\t\t\t<\/div>\n\t\t<\/section>\n\t\t\t\t<\/div>\n\t\t","protected":false},"excerpt":{"rendered":"<p>Playa del Carmen, Quintana Roo, 12 de julio de 2025.- La Orquesta Sinf\u00f3nica Infantil y Juvenil de Playa del Carmen cerr\u00f3 los cursos del primer semestre del 2025, con un concierto magistralmente dirigido por Liliam Lima, en el Teatro de la Ciudad \u201cXaman Ha\u201d. \u00a0 El director general del Instituto Municipal de la Cultura y [&hellip;]<\/p>\n","protected":false},"author":1,"featured_media":41296,"comment_status":"closed","ping_status":"closed","sticky":false,"template":"","format":"standard","meta":{"_FSMCFIC_featured_image_caption":"","_FSMCFIC_featured_image_nocaption":"","_FSMCFIC_featured_image_hide":"","footnotes":""},"categories":[32,30],"tags":[],"class_list":["post-41291","post","type-post","status-publish","format-standard","has-post-thumbnail","hentry","category-municipios","category-solidaridad"],"aioseo_notices":[],"_links":{"self":[{"href":"https:\/\/transformarqroo.com\/index.php\/wp-json\/wp\/v2\/posts\/41291","targetHints":{"allow":["GET"]}}],"collection":[{"href":"https:\/\/transformarqroo.com\/index.php\/wp-json\/wp\/v2\/posts"}],"about":[{"href":"https:\/\/transformarqroo.com\/index.php\/wp-json\/wp\/v2\/types\/post"}],"author":[{"embeddable":true,"href":"https:\/\/transformarqroo.com\/index.php\/wp-json\/wp\/v2\/users\/1"}],"replies":[{"embeddable":true,"href":"https:\/\/transformarqroo.com\/index.php\/wp-json\/wp\/v2\/comments?post=41291"}],"version-history":[{"count":4,"href":"https:\/\/transformarqroo.com\/index.php\/wp-json\/wp\/v2\/posts\/41291\/revisions"}],"predecessor-version":[{"id":41313,"href":"https:\/\/transformarqroo.com\/index.php\/wp-json\/wp\/v2\/posts\/41291\/revisions\/41313"}],"wp:featuredmedia":[{"embeddable":true,"href":"https:\/\/transformarqroo.com\/index.php\/wp-json\/wp\/v2\/media\/41296"}],"wp:attachment":[{"href":"https:\/\/transformarqroo.com\/index.php\/wp-json\/wp\/v2\/media?parent=41291"}],"wp:term":[{"taxonomy":"category","embeddable":true,"href":"https:\/\/transformarqroo.com\/index.php\/wp-json\/wp\/v2\/categories?post=41291"},{"taxonomy":"post_tag","embeddable":true,"href":"https:\/\/transformarqroo.com\/index.php\/wp-json\/wp\/v2\/tags?post=41291"}],"curies":[{"name":"wp","href":"https:\/\/api.w.org\/{rel}","templated":true}]}}